{"id":99,"date":"2008-03-01T00:33:00","date_gmt":"2008-02-29T22:33:00","guid":{"rendered":"https:\/\/www.ozono21.com\/blog\/99\/sin-categoria\/la-calidad-de-vida-depende-de-la-calidad-de-lo-que-comemos-y-de-como-lo-hacemos\/"},"modified":"2026-02-01T21:20:55","modified_gmt":"2026-02-01T19:20:55","slug":"calidad-de-vida-que-comemos-como-hacemos","status":"publish","type":"post","link":"https:\/\/www.ozono21.com\/blog\/salud\/calidad-de-vida-que-comemos-como-hacemos\/","title":{"rendered":"La calidad de vida depende de la calidad de lo que comemos y de c\u00f3mo lo hacemos"},"content":{"rendered":"<p style=\"text-align: justify;\">\n<h2 style=\"text-align: justify;\"><img loading=\"lazy\" decoding=\"async\" style=\"margin: 10px 0px 0px 10px; border: 0px;\"   class=\"alignright\"    src=\"https:\/\/2.bp.blogspot.com\/_IBPlVqONz58\/TKjA2XdiEmI\/AAAAAAAABa8\/FuijluV1HUw\/s320\/familia_comiendo.gif\" border=\"0\" alt=\"calidad de vida\" width=\"270\" height=\"292\" \/><a href=\"https:\/\/www.ozono21.com\/soluciones.php?d=dom\">La CALIDAD DE VIDA<BR \/><br \/><a title=\"Ozono21 ALIMENTOS\" href=\"https:\/\/www.ozono21.com\/sectores-pagina\/domesticos\/alimentos-cocina\/30\/\">La Asociaci\u00f3n para la Promoci\u00f3n y Defensa de la Calidad y Seguridad Alimentaria (Prodecasa) ha organizado el pasado martes 19 de febrero una jornada t\u00e9cnica de promoci\u00f3n de los productos agroalimentarios de calidad de vida titulada:<\/p>\n<p>\u201c\u00bfVale la pena pagar m\u00e1s por los productos de calidad de vida?\u201d<\/a><\/h2>\n<\/p>\n<p><big><strong>El objetivo es doble:<\/strong><\/big><\/p>\n<p style=\"text-align: justify;\">por un lado, <strong>reflexionar sobre el tipo de consumo alimentario que queremos<\/strong><\/P><\/p>\n<p>y,<\/p>\n<p style=\"text-align: justify;\">por otro, <strong>analizar y poner de manifiesto el esfuerzo del sector agroalimentario en su conjunto para ofrecer al consumidor alimentos de una calidad contrastada y certificada en la mayor\u00eda de los casos.<\/strong><\/P><\/p>\n<p style=\"text-align: justify;\"><strong>Prodecasa<\/strong> ha organizado esta jornada t\u00e9cnica de promoci\u00f3n de los productos agroalimentarios de calidad dentro del programa de acciones que est\u00e1 participado por la UE y por el MAPA.<\/P><\/p>\n<p><strong>El objetivo es doble: <\/strong><\/p>\n<p style=\"text-align: justify;\">por un lado, <strong>reflexionar sobre el tipo de consumo alimentario que se quiere <\/strong><\/P><\/p>\n<p>y, por otro,<\/p>\n<p style=\"text-align: justify;\"><strong>analizar y poner de manifiesto el esfuerzo que realiza el sector agroalimentario en su conjunto<\/strong> para ofrecer al consumidor alimentos de una calidad contrastada y certificada en la mayor\u00eda de los casos.<\/p>\n<p style=\"text-align: justify;\">La jornada fue inaugurada por la <strong>consejera de Desarrollo Rural y Medio Ambiente, Bego\u00f1a Sanzberro, quien afirm\u00f3 que:<\/strong> \u201cS\u00ed vale la pena pagar m\u00e1s por los productos de calidad y en Navarra se est\u00e1 haciendo una verdadera apuesta por ellos, lo que supone un gran esfuerzo y coste tanto para la Administraci\u00f3n como para el sector\u201d.<\/P><\/p>\n<p style=\"text-align: justify;\">Al respecto, la consejera indic\u00f3 que desde su departamento son ya 27 los programas de control a los que se est\u00e1 sometiendo a los productores navarros, a lo que se suma la aplicaci\u00f3n de la nueva ISO 17020 y la puesta en marcha, a partir de este a\u00f1o, de auditor\u00edas a la cadena alimentaria.<\/P><\/p>\n<p style=\"text-align: justify;\"><big><strong><a title=\"Ozono para\n\nFrutas Y Verduras\" href=\"https:\/\/www.ozono21.com\/sectores-pagina\/empresariales\/frutas-verduras\/11\/\"> La consejera Sanzberro indic\u00f3 que \u201cel consumidor debe de estar dispuesto a pagar el esfuerzo por esta calidad porque de otra forma no es sostenible este sistema\u201d y aludi\u00f3 a las dudas que se plantean en el sector a la hora de competir en un mercado globalizado en el que a los productos de fuera de Europa no se les exigen los mismos par\u00e1metros de calidad. <\/a><\/strong><\/big><\/P><\/p>\n<p style=\"text-align: justify;\">Desde Prodecasa a trav\u00e9s de esta jornada se invit\u00f3 a la sociedad a reflexionar sobre la calidad de los alimentos producidos en Navarra y lo que representa su consumo para el desarrollo rural y socioecon\u00f3mico.<\/P><\/p>\n<p style=\"text-align: justify;\">Tal y como resalt\u00f3 la consejera Bego\u00f1a Sanzberro, todo el sector agroalimentario navarro, empezando por el productor, ofrece las m\u00e1ximas garant\u00edas alimentarias que todo consumidor quiere y demanda.<\/P><\/p>\n<p style=\"text-align: justify;\">Mediante este panel de expertos de distintos \u00e1mbitos como la medicina, la econom\u00eda y el sector agroalimentario se han ofrecido desde diferentes puntos de vista el valor diferencial que tienen los productos alimentarios de calidad y que quiz\u00e1 pasan inadvertidos al consumidor y a la opini\u00f3n p\u00fablica.<\/P><\/p>\n<p><big><strong>Vivir m\u00e1s y mejor con productos de calidad<\/strong><\/big><\/p>\n<p style=\"text-align: justify;\"><big><strong><a title=\"Ozono21 ALIMENTOS\" href=\"https:\/\/www.ozono21.com\/sectores-pagina\/domesticos\/alimentos-cocina\/30\/\"> <img loading=\"lazy\" decoding=\"async\" id=\"BLOGGER_PHOTO_ID_5172539243648124786\" style=\"float: right; margin: 10px 10px 10px 10px; cursor: hand;\" src=\"https:\/\/2.bp.blogspot.com\/_IBPlVqONz58\/R8iNCWxqB3I\/AAAAAAAAAUk\/yc8qU9q6Wq8\/s320\/ensalada.gif\" border=\"0\" alt=\" calidad de vida \" width=\"145\" height=\"168\" \/>Un persona sana es aquella que sabe lo que come y busca la calidad de los productos porque, en definitiva, la calidad de nuestra vida depende de lo que comemos, expuso Bernab\u00e9 Tierno.<\/a><\/strong><\/big><\/P><\/p>\n<p style=\"text-align: justify;\">Este experto aport\u00f3 los \u00faltimos datos de los estudios que lo avalan donde ya se ha confirmado que combinar una buena alimentaci\u00f3n con no fumar y hacer algo de ejercicio no s\u00f3lo alarga 14 a\u00f1os la vida, sino que la alarga con calidad de vida. <strong>\u201cEs falso que los productos de calidad tengan que ser mucho m\u00e1s caros. Tenemos que tener claro que lo que damos a nuestro cuerpo repercute en nuestro estado f\u00edsico y ps\u00edquico\u201d.<\/strong><\/P><\/p>\n<p style=\"text-align: justify;\"><strong>Bernab\u00e9 se\u00f1al\u00f3<\/strong> que hay mucha desinformaci\u00f3n y que la actitud es clave para saber comer. <strong>\u201cUno de cada cuatro ni\u00f1os espa\u00f1oles es obeso. Hay que formar una actitud critica ante lo que comemos desde la infancia y empezar educando en las escuelas c\u00f3mo hay que comer\u201d,<\/strong> indic\u00f3 este experto, quien precis\u00f3 que las personas que se preocupan de comer bien tambi\u00e9n se preocupan m\u00e1s por sus h\u00e1bitos saludables.<\/P><\/p>\n<p style=\"text-align: justify;\"><strong>Diana Ansorena,<\/strong> profesora Titular de Nutrici\u00f3n y Bromatolog\u00eda de la Facultad de Farmacia de la Universidad de Navarra, realiz\u00f3 un an\u00e1lisis de lo que es una alimentaci\u00f3n \u00f3ptima y del desarrollo del marco legislativo de control de calidad de los alimentos. <strong>\u201cUna alimentaci\u00f3n \u00f3ptima es aquella que re\u00fane estos cuatro elementos: es equilibrada, saludable, agradable y segura\u201d<\/strong>, enumer\u00f3 esta experta, quien incidi\u00f3 en la progresiva importancia que ha adquirido el control de calidad a partir del a\u00f1o 2000.<\/P><\/p>\n<p style=\"text-align: justify;\"><strong>\u201cLas crisis alimentarias como las toxinas en los pollos, las vacas locas o aceites adulterados han impulsado las normativas y el control desde la CEE para la implantaci\u00f3n de sistemas de trazabilidad, lo que representa un aumento de la confianza de los consumidores en los productos\u201d, afirm\u00f3 Ansorena. <\/strong><\/P><\/p>\n<p style=\"text-align: justify;\">Por su parte, <strong>Susana Velasco, Responsable de Estudios y Proyectos de AECOC, destac\u00f3<\/strong> el papel de los nuevos h\u00e1bitos de consumo con el aumento de la inmigraci\u00f3n, la poblaci\u00f3n mayor y los hogares unipersonales. <strong>\u201cUn 47% de los hogares espa\u00f1oles ya est\u00e1n formados por una o dos personas y el nuevo consumidor busca m\u00e1s que el precio que los productos le aporten un valor diferencial como puede ser la calidad, la protecci\u00f3n del medio ambiente, no tener aditivos o ser productos ecol\u00f3gicos\u201d<\/strong>, apunt\u00f3 Velasco, quien recalc\u00f3 que un 50% de los hogares espa\u00f1oles compra por precio, pero el resto lo hace por otros factores donde la calidad ocupa un papel destacado.<\/P><\/p>\n<p style=\"text-align: justify;\">Jos\u00e9 Luis Illescas, Responsable de Precios y Mercados de MERCASA, abord\u00f3 el papel de la red de distribuci\u00f3n y los factores que influyen en la decisi\u00f3n de la compra. \u201cFrente a lo que inicialmente se pueda pensar el primer condicionante en un hogar a la hora de comprar es la proximidad y la atenci\u00f3n personalizada; en segundo lugar, la calidad y en tercer lugar, el precio\u201d, explic\u00f3 Illescas, quien resalt\u00f3 la firme apuesta en el sector por la diferenciaci\u00f3n en calidad, seguridad alimentaria, competencia y transparencia.<\/P><\/p>\n<p style=\"text-align: justify;\"><strong>\u201cLos precios hay que contemplarlos desde una perspectiva de valor por los complejos procesos de tratamiento, normalizaci\u00f3n, manipulaci\u00f3n, etc. a los que son sometidos hoy d\u00eda los productos y que en un buen n\u00famero de casos representan el coste principal del producto\u201d, indic\u00f3 Illescas,<\/strong> quien resalt\u00f3 la creciente concienciaci\u00f3n del consumidor en materia de seguridad alimentaria y trazabilidad.<\/p>\n<p style=\"text-align: justify;\">por \u00faltimo, <strong>Jos\u00e9 Ignacio Calleja, Secretario General de la Asociaci\u00f3n de Industrias Agroalimentarias, expuso el valor a\u00f1adido que representa para los productores la seguridad alimentaria y el reto del sector para adaptarse a las nuevas exigencias del consumidor y las normativas alimentarias.<\/strong><\/p>\n<table border=\"3\" cellspacing=\"0\" cellpadding=\"0\">\n<tbody>\n<tr>\n<td bgcolor=\"#3b7cff\" height=\"25\" width=\"600\" align=\"center\"><strong><a title=\"Actualidad de OZONO\" target=\"_blank\" href=\"https:\/\/www.ozono21.com\/actualidad\" rel=\"noopener noreferrer\"><img loading=\"lazy\" decoding=\"async\" src=\"https:\/\/www.ozono21.com\/blog\/wp-content\/uploads\/2014\/06\/Noticias-Relacionadas.png\" alt=\"Noticias Relacionadas\" width=\"600\" height=\"25\" border=\"0\" \/><\/a><\/strong>\n<\/td>\n<\/tr>\n<\/tbody>\n<\/table>\n<p><big><\/p>\n<ul>\n<li><strong><a title=\"El consumo de dioxinas en la dieta diaria\" href=\"https:\/\/www.ozono21.com\/blog\/toxinas\/el-consumo-de-dioxinas-en-la-dieta-diaria\/\" target=\"_blank\" rel=\"noopener noreferrer\">El consumo de dioxinas en la dieta diaria<\/a><\/strong><\/li>\n<li><strong><a title=\"La calidad de vida depende de la calidad de lo que comemos y de c\u00f3mo lo hacemos\" href=\"https:\/\/www.ozono21.com\/blog\/salud\/la-calidad-de-vida-depende-de-la-calidad-de-lo-que-comemos-y-de-como-lo-hacemos\/\" target=\"_blank\" rel=\"noopener noreferrer\">La calidad de vida depende de la calidad de lo que comemos y de c\u00f3mo lo hacemos<\/a><\/strong><\/li>\n<li><strong><a title=\"La revoluci\u00f3n de los nuevos alimentos\" href=\"https:\/\/www.ozono21.com\/blog\/salud\/la-revolucion-de-los-nuevos-alimentos\/\" target=\"_blank\" rel=\"noopener noreferrer\">La revoluci\u00f3n de los nuevos alimentos<\/a><\/strong><\/li>\n<li><strong><a title=\"Sabemos lo que comemos\" href=\"https:\/\/www.ozono21.com\/blog\/salud\/sabemos-lo-que-comemos\/\" target=\"_blank\" rel=\"noopener noreferrer\">Sabemos lo que comemos<\/a><\/strong><\/li>\n<\/ul>\n<p><\/big><\/p>\n<table border=\"3\" cellspacing=\"0\" cellpadding=\"0\">\n<tbody>\n<tr>\n<td bgcolor=\"#3b7cff\" height=\"25\" width=\"600\" align=\"center\"><strong><a title=\"Videos YouTube\" target=\"_blank\" href=\"https:\/\/www.youtube.com\/user\/ozono21\/videos?sort=p&amp;view=0&amp;flow=grid\" rel=\"noopener noreferrer\"><img loading=\"lazy\" decoding=\"async\" src=\"https:\/\/www.ozono21.com\/blog\/wp-content\/uploads\/2014\/06\/Videos-Youtube.png\" alt=\"Videos Youtube\" width=\"600\" height=\"25\" border=\"0\" \/><\/a><\/strong>\n<\/td>\n<\/tr>\n<\/tbody>\n<\/table>\n<p>&nbsp;<\/p>\n<p style=\"text-align: center;\"><iframe loading=\"lazy\" width=\"644\" height=\"480\" src=\"https:\/\/www.youtube.com\/embed\/8UfcGfKTD6o\" frameborder=\"0\" allow=\"accelerometer; autoplay; encrypted-media; gyroscope; picture-in-picture\" allowfullscreen><\/iframe><\/p>\n<div class=\"pvc_clear\"><\/div>\n<p id=\"pvc_stats_99\" class=\"pvc_stats total_only  \" data-element-id=\"99\" style=\"\"><i class=\"pvc-stats-icon small\" aria-hidden=\"true\"><svg aria-hidden=\"true\" focusable=\"false\" data-prefix=\"far\" data-icon=\"chart-bar\" role=\"img\" xmlns=\"http:\/\/www.w3.org\/2000\/svg\" viewBox=\"0 0 512 512\" class=\"svg-inline--fa fa-chart-bar fa-w-16 fa-2x\"><path fill=\"currentColor\" d=\"M396.8 352h22.4c6.4 0 12.8-6.4 12.8-12.8V108.8c0-6.4-6.4-12.8-12.8-12.8h-22.4c-6.4 0-12.8 6.4-12.8 12.8v230.4c0 6.4 6.4 12.8 12.8 12.8zm-192 0h22.4c6.4 0 12.8-6.4 12.8-12.8V140.8c0-6.4-6.4-12.8-12.8-12.8h-22.4c-6.4 0-12.8 6.4-12.8 12.8v198.4c0 6.4 6.4 12.8 12.8 12.8zm96 0h22.4c6.4 0 12.8-6.4 12.8-12.8V204.8c0-6.4-6.4-12.8-12.8-12.8h-22.4c-6.4 0-12.8 6.4-12.8 12.8v134.4c0 6.4 6.4 12.8 12.8 12.8zM496 400H48V80c0-8.84-7.16-16-16-16H16C7.16 64 0 71.16 0 80v336c0 17.67 14.33 32 32 32h464c8.84 0 16-7.16 16-16v-16c0-8.84-7.16-16-16-16zm-387.2-48h22.4c6.4 0 12.8-6.4 12.8-12.8v-70.4c0-6.4-6.4-12.8-12.8-12.8h-22.4c-6.4 0-12.8 6.4-12.8 12.8v70.4c0 6.4 6.4 12.8 12.8 12.8z\" class=\"\"><\/path><\/svg><\/i> <img loading=\"lazy\" decoding=\"async\" width=\"16\" height=\"16\" alt=\"Loading\" src=\"https:\/\/www.ozono21.com\/blog\/wp-content\/plugins\/page-views-count\/ajax-loader-2x.gif\" border=0 \/><\/p>\n<div class=\"pvc_clear\"><\/div>\n","protected":false},"excerpt":{"rendered":"<p>La CALIDAD DE VIDALa Asociaci\u00f3n para la Promoci\u00f3n y Defensa de la Calidad y Seguridad Alimentaria (Prodecasa) ha organizado el pasado martes 19 de febrero una jornada t\u00e9cnica de promoci\u00f3n de los productos agroalimentarios de calidad de vida titulada: \u201c\u00bfVale &hellip; <a href=\"https:\/\/www.ozono21.com\/blog\/salud\/calidad-de-vida-que-comemos-como-hacemos\/\">Sigue leyendo <span class=\"meta-nav\">&rarr;<\/span><\/a><\/p>\n<div class=\"pvc_clear\"><\/div>\n<p id=\"pvc_stats_99\" class=\"pvc_stats total_only  \" data-element-id=\"99\" style=\"\"><i class=\"pvc-stats-icon small\" aria-hidden=\"true\"><svg aria-hidden=\"true\" focusable=\"false\" data-prefix=\"far\" data-icon=\"chart-bar\" role=\"img\" xmlns=\"http:\/\/www.w3.org\/2000\/svg\" viewBox=\"0 0 512 512\" class=\"svg-inline--fa fa-chart-bar fa-w-16 fa-2x\"><path fill=\"currentColor\" d=\"M396.8 352h22.4c6.4 0 12.8-6.4 12.8-12.8V108.8c0-6.4-6.4-12.8-12.8-12.8h-22.4c-6.4 0-12.8 6.4-12.8 12.8v230.4c0 6.4 6.4 12.8 12.8 12.8zm-192 0h22.4c6.4 0 12.8-6.4 12.8-12.8V140.8c0-6.4-6.4-12.8-12.8-12.8h-22.4c-6.4 0-12.8 6.4-12.8 12.8v198.4c0 6.4 6.4 12.8 12.8 12.8zm96 0h22.4c6.4 0 12.8-6.4 12.8-12.8V204.8c0-6.4-6.4-12.8-12.8-12.8h-22.4c-6.4 0-12.8 6.4-12.8 12.8v134.4c0 6.4 6.4 12.8 12.8 12.8zM496 400H48V80c0-8.84-7.16-16-16-16H16C7.16 64 0 71.16 0 80v336c0 17.67 14.33 32 32 32h464c8.84 0 16-7.16 16-16v-16c0-8.84-7.16-16-16-16zm-387.2-48h22.4c6.4 0 12.8-6.4 12.8-12.8v-70.4c0-6.4-6.4-12.8-12.8-12.8h-22.4c-6.4 0-12.8 6.4-12.8 12.8v70.4c0 6.4 6.4 12.8 12.8 12.8z\" class=\"\"><\/path><\/svg><\/i> <img loading=\"lazy\" decoding=\"async\" width=\"16\" height=\"16\" alt=\"Loading\" src=\"https:\/\/www.ozono21.com\/blog\/wp-content\/plugins\/page-views-count\/ajax-loader-2x.gif\" border=0 \/><\/p>\n<div class=\"pvc_clear\"><\/div>\n","protected":false},"author":1,"featured_media":5194608,"comment_status":"open","ping_status":"open","sticky":false,"template":"","format":"standard","meta":{"_exactmetrics_skip_tracking":false,"_exactmetrics_sitenote_active":false,"_exactmetrics_sitenote_note":"","_exactmetrics_sitenote_category":0,"_jetpack_memberships_contains_paid_content":false,"footnotes":"","jetpack_publicize_message":"","jetpack_publicize_feature_enabled":true,"jetpack_social_post_already_shared":false,"jetpack_social_options":{"image_generator_settings":{"template":"highway","default_image_id":0,"font":"","enabled":false},"version":2}},"categories":[9,10,7],"tags":[24,35,21,22],"class_list":["post-99","post","type-post","status-publish","format-standard","has-post-thumbnail","hentry","category-alimentos","category-ozono21","category-salud","tag-alimentos-2","tag-cocina","tag-salud-2","tag-vital-aire-agua"],"a3_pvc":{"activated":true,"total_views":4016,"today_views":0},"yoast_head":"<!-- This site is optimized with the Yoast SEO plugin v27.5 - https:\/\/yoast.com\/product\/yoast-seo-wordpress\/ -->\n<title>Calidad de vida depende\u00a0de lo que comemos<\/title>\n<meta name=\"description\" content=\"La calidad de vida depende de la calidad de lo que comemos y de c\u00f3mo lo hacemos. \u201c \u00bf Vale la pena pagar m\u00e1s por los productos de calidad ? \u201d.\" \/>\n<meta name=\"robots\" content=\"index, follow, max-snippet:-1, max-image-preview:large, max-video-preview:-1\" \/>\n<link rel=\"canonical\" href=\"https:\/\/www.ozono21.com\/blog\/salud\/calidad-de-vida-que-comemos-como-hacemos\/\" \/>\n<meta property=\"og:locale\" content=\"es_ES\" \/>\n<meta property=\"og:type\" content=\"article\" \/>\n<meta property=\"og:title\" content=\"Calidad de vida depende\u00a0de lo que comemos\" \/>\n<meta property=\"og:description\" content=\"La calidad de vida depende de la calidad de lo que comemos y de c\u00f3mo lo hacemos. \u201c \u00bf Vale la pena pagar m\u00e1s por los productos de calidad ? \u201d.\" \/>\n<meta property=\"og:url\" content=\"https:\/\/www.ozono21.com\/blog\/salud\/calidad-de-vida-que-comemos-como-hacemos\/\" \/>\n<meta property=\"og:site_name\" content=\"- Blog Ozono21\" \/>\n<meta property=\"article:published_time\" content=\"2008-02-29T22:33:00+00:00\" \/>\n<meta property=\"article:modified_time\" content=\"2026-02-01T19:20:55+00:00\" \/>\n<meta property=\"og:image\" content=\"https:\/\/www.ozono21.com\/blog\/wp-content\/uploads\/2008\/03\/COMIENDO-HOMBRE-MUJER_4B-e1457267271161.jpg\" \/>\n\t<meta property=\"og:image:width\" content=\"450\" \/>\n\t<meta property=\"og:image:height\" content=\"275\" \/>\n\t<meta property=\"og:image:type\" content=\"image\/jpeg\" \/>\n<meta name=\"author\" content=\"INVESTIGACION Ozono21\" \/>\n<meta name=\"twitter:label1\" content=\"Escrito por\" \/>\n\t<meta name=\"twitter:data1\" content=\"INVESTIGACION Ozono21\" \/>\n\t<meta name=\"twitter:label2\" content=\"Tiempo de lectura\" \/>\n\t<meta name=\"twitter:data2\" content=\"6 minutos\" \/>\n<script type=\"application\/ld+json\" class=\"yoast-schema-graph\">{\"@context\":\"https:\\\/\\\/schema.org\",\"@graph\":[{\"@type\":\"Article\",\"@id\":\"https:\\\/\\\/www.ozono21.com\\\/blog\\\/salud\\\/calidad-de-vida-que-comemos-como-hacemos\\\/#article\",\"isPartOf\":{\"@id\":\"https:\\\/\\\/www.ozono21.com\\\/blog\\\/salud\\\/calidad-de-vida-que-comemos-como-hacemos\\\/\"},\"author\":{\"name\":\"INVESTIGACION Ozono21\",\"@id\":\"https:\\\/\\\/www.ozono21.com\\\/blog\\\/#\\\/schema\\\/person\\\/16639932c214a173193498aee8204d12\"},\"headline\":\"La calidad de vida depende de la calidad de lo que comemos y de c\u00f3mo lo hacemos\",\"datePublished\":\"2008-02-29T22:33:00+00:00\",\"dateModified\":\"2026-02-01T19:20:55+00:00\",\"mainEntityOfPage\":{\"@id\":\"https:\\\/\\\/www.ozono21.com\\\/blog\\\/salud\\\/calidad-de-vida-que-comemos-como-hacemos\\\/\"},\"wordCount\":1192,\"commentCount\":0,\"image\":{\"@id\":\"https:\\\/\\\/www.ozono21.com\\\/blog\\\/salud\\\/calidad-de-vida-que-comemos-como-hacemos\\\/#primaryimage\"},\"thumbnailUrl\":\"https:\\\/\\\/www.ozono21.com\\\/blog\\\/wp-content\\\/uploads\\\/2008\\\/03\\\/COMIENDO-HOMBRE-MUJER_4B-e1457267271161.jpg\",\"keywords\":[\"Alimentos\",\"Cocina\",\"Salud\",\"VITAL Aire &amp; Agua\"],\"articleSection\":[\"Alimentos\",\"Ozono21\",\"Salud\"],\"inLanguage\":\"es\",\"potentialAction\":[{\"@type\":\"CommentAction\",\"name\":\"Comment\",\"target\":[\"https:\\\/\\\/www.ozono21.com\\\/blog\\\/salud\\\/calidad-de-vida-que-comemos-como-hacemos\\\/#respond\"]}]},{\"@type\":\"WebPage\",\"@id\":\"https:\\\/\\\/www.ozono21.com\\\/blog\\\/salud\\\/calidad-de-vida-que-comemos-como-hacemos\\\/\",\"url\":\"https:\\\/\\\/www.ozono21.com\\\/blog\\\/salud\\\/calidad-de-vida-que-comemos-como-hacemos\\\/\",\"name\":\"Calidad de vida depende\u00a0de lo que comemos\",\"isPartOf\":{\"@id\":\"https:\\\/\\\/www.ozono21.com\\\/blog\\\/#website\"},\"primaryImageOfPage\":{\"@id\":\"https:\\\/\\\/www.ozono21.com\\\/blog\\\/salud\\\/calidad-de-vida-que-comemos-como-hacemos\\\/#primaryimage\"},\"image\":{\"@id\":\"https:\\\/\\\/www.ozono21.com\\\/blog\\\/salud\\\/calidad-de-vida-que-comemos-como-hacemos\\\/#primaryimage\"},\"thumbnailUrl\":\"https:\\\/\\\/www.ozono21.com\\\/blog\\\/wp-content\\\/uploads\\\/2008\\\/03\\\/COMIENDO-HOMBRE-MUJER_4B-e1457267271161.jpg\",\"datePublished\":\"2008-02-29T22:33:00+00:00\",\"dateModified\":\"2026-02-01T19:20:55+00:00\",\"author\":{\"@id\":\"https:\\\/\\\/www.ozono21.com\\\/blog\\\/#\\\/schema\\\/person\\\/16639932c214a173193498aee8204d12\"},\"description\":\"La calidad de vida depende de la calidad de lo que comemos y de c\u00f3mo lo hacemos. \u201c \u00bf Vale la pena pagar m\u00e1s por los productos de calidad ? \u201d.\",\"breadcrumb\":{\"@id\":\"https:\\\/\\\/www.ozono21.com\\\/blog\\\/salud\\\/calidad-de-vida-que-comemos-como-hacemos\\\/#breadcrumb\"},\"inLanguage\":\"es\",\"potentialAction\":[{\"@type\":\"ReadAction\",\"target\":[\"https:\\\/\\\/www.ozono21.com\\\/blog\\\/salud\\\/calidad-de-vida-que-comemos-como-hacemos\\\/\"]}]},{\"@type\":\"ImageObject\",\"inLanguage\":\"es\",\"@id\":\"https:\\\/\\\/www.ozono21.com\\\/blog\\\/salud\\\/calidad-de-vida-que-comemos-como-hacemos\\\/#primaryimage\",\"url\":\"https:\\\/\\\/www.ozono21.com\\\/blog\\\/wp-content\\\/uploads\\\/2008\\\/03\\\/COMIENDO-HOMBRE-MUJER_4B-e1457267271161.jpg\",\"contentUrl\":\"https:\\\/\\\/www.ozono21.com\\\/blog\\\/wp-content\\\/uploads\\\/2008\\\/03\\\/COMIENDO-HOMBRE-MUJER_4B-e1457267271161.jpg\",\"width\":450,\"height\":275},{\"@type\":\"BreadcrumbList\",\"@id\":\"https:\\\/\\\/www.ozono21.com\\\/blog\\\/salud\\\/calidad-de-vida-que-comemos-como-hacemos\\\/#breadcrumb\",\"itemListElement\":[{\"@type\":\"ListItem\",\"position\":1,\"name\":\"Portada\",\"item\":\"https:\\\/\\\/www.ozono21.com\\\/blog\\\/\"},{\"@type\":\"ListItem\",\"position\":2,\"name\":\"La calidad de vida depende de la calidad de lo que comemos y de c\u00f3mo lo hacemos\"}]},{\"@type\":\"WebSite\",\"@id\":\"https:\\\/\\\/www.ozono21.com\\\/blog\\\/#website\",\"url\":\"https:\\\/\\\/www.ozono21.com\\\/blog\\\/\",\"name\":\"Blog Ozono21\",\"description\":\" - Blog Ozono21\",\"potentialAction\":[{\"@type\":\"SearchAction\",\"target\":{\"@type\":\"EntryPoint\",\"urlTemplate\":\"https:\\\/\\\/www.ozono21.com\\\/blog\\\/?s={search_term_string}\"},\"query-input\":{\"@type\":\"PropertyValueSpecification\",\"valueRequired\":true,\"valueName\":\"search_term_string\"}}],\"inLanguage\":\"es\"},{\"@type\":\"Person\",\"@id\":\"https:\\\/\\\/www.ozono21.com\\\/blog\\\/#\\\/schema\\\/person\\\/16639932c214a173193498aee8204d12\",\"name\":\"INVESTIGACION Ozono21\",\"image\":{\"@type\":\"ImageObject\",\"inLanguage\":\"es\",\"@id\":\"https:\\\/\\\/secure.gravatar.com\\\/avatar\\\/f00ed9ac57a3eea6b9830d73dc9f9214775648c7763edcb20475eb83509b31fd?s=96&d=mm&r=g\",\"url\":\"https:\\\/\\\/secure.gravatar.com\\\/avatar\\\/f00ed9ac57a3eea6b9830d73dc9f9214775648c7763edcb20475eb83509b31fd?s=96&d=mm&r=g\",\"contentUrl\":\"https:\\\/\\\/secure.gravatar.com\\\/avatar\\\/f00ed9ac57a3eea6b9830d73dc9f9214775648c7763edcb20475eb83509b31fd?s=96&d=mm&r=g\",\"caption\":\"INVESTIGACION Ozono21\"}}]}<\/script>\n<!-- \/ Yoast SEO plugin. -->","yoast_head_json":{"title":"Calidad de vida depende\u00a0de lo que comemos","description":"La calidad de vida depende de la calidad de lo que comemos y de c\u00f3mo lo hacemos. \u201c \u00bf Vale la pena pagar m\u00e1s por los productos de calidad ? \u201d.","robots":{"index":"index","follow":"follow","max-snippet":"max-snippet:-1","max-image-preview":"max-image-preview:large","max-video-preview":"max-video-preview:-1"},"canonical":"https:\/\/www.ozono21.com\/blog\/salud\/calidad-de-vida-que-comemos-como-hacemos\/","og_locale":"es_ES","og_type":"article","og_title":"Calidad de vida depende\u00a0de lo que comemos","og_description":"La calidad de vida depende de la calidad de lo que comemos y de c\u00f3mo lo hacemos. \u201c \u00bf Vale la pena pagar m\u00e1s por los productos de calidad ? \u201d.","og_url":"https:\/\/www.ozono21.com\/blog\/salud\/calidad-de-vida-que-comemos-como-hacemos\/","og_site_name":"- Blog Ozono21","article_published_time":"2008-02-29T22:33:00+00:00","article_modified_time":"2026-02-01T19:20:55+00:00","og_image":[{"width":450,"height":275,"url":"https:\/\/www.ozono21.com\/blog\/wp-content\/uploads\/2008\/03\/COMIENDO-HOMBRE-MUJER_4B-e1457267271161.jpg","type":"image\/jpeg"}],"author":"INVESTIGACION Ozono21","twitter_misc":{"Escrito por":"INVESTIGACION Ozono21","Tiempo de lectura":"6 minutos"},"schema":{"@context":"https:\/\/schema.org","@graph":[{"@type":"Article","@id":"https:\/\/www.ozono21.com\/blog\/salud\/calidad-de-vida-que-comemos-como-hacemos\/#article","isPartOf":{"@id":"https:\/\/www.ozono21.com\/blog\/salud\/calidad-de-vida-que-comemos-como-hacemos\/"},"author":{"name":"INVESTIGACION Ozono21","@id":"https:\/\/www.ozono21.com\/blog\/#\/schema\/person\/16639932c214a173193498aee8204d12"},"headline":"La calidad de vida depende de la calidad de lo que comemos y de c\u00f3mo lo hacemos","datePublished":"2008-02-29T22:33:00+00:00","dateModified":"2026-02-01T19:20:55+00:00","mainEntityOfPage":{"@id":"https:\/\/www.ozono21.com\/blog\/salud\/calidad-de-vida-que-comemos-como-hacemos\/"},"wordCount":1192,"commentCount":0,"image":{"@id":"https:\/\/www.ozono21.com\/blog\/salud\/calidad-de-vida-que-comemos-como-hacemos\/#primaryimage"},"thumbnailUrl":"https:\/\/www.ozono21.com\/blog\/wp-content\/uploads\/2008\/03\/COMIENDO-HOMBRE-MUJER_4B-e1457267271161.jpg","keywords":["Alimentos","Cocina","Salud","VITAL Aire &amp; Agua"],"articleSection":["Alimentos","Ozono21","Salud"],"inLanguage":"es","potentialAction":[{"@type":"CommentAction","name":"Comment","target":["https:\/\/www.ozono21.com\/blog\/salud\/calidad-de-vida-que-comemos-como-hacemos\/#respond"]}]},{"@type":"WebPage","@id":"https:\/\/www.ozono21.com\/blog\/salud\/calidad-de-vida-que-comemos-como-hacemos\/","url":"https:\/\/www.ozono21.com\/blog\/salud\/calidad-de-vida-que-comemos-como-hacemos\/","name":"Calidad de vida depende\u00a0de lo que comemos","isPartOf":{"@id":"https:\/\/www.ozono21.com\/blog\/#website"},"primaryImageOfPage":{"@id":"https:\/\/www.ozono21.com\/blog\/salud\/calidad-de-vida-que-comemos-como-hacemos\/#primaryimage"},"image":{"@id":"https:\/\/www.ozono21.com\/blog\/salud\/calidad-de-vida-que-comemos-como-hacemos\/#primaryimage"},"thumbnailUrl":"https:\/\/www.ozono21.com\/blog\/wp-content\/uploads\/2008\/03\/COMIENDO-HOMBRE-MUJER_4B-e1457267271161.jpg","datePublished":"2008-02-29T22:33:00+00:00","dateModified":"2026-02-01T19:20:55+00:00","author":{"@id":"https:\/\/www.ozono21.com\/blog\/#\/schema\/person\/16639932c214a173193498aee8204d12"},"description":"La calidad de vida depende de la calidad de lo que comemos y de c\u00f3mo lo hacemos. \u201c \u00bf Vale la pena pagar m\u00e1s por los productos de calidad ? \u201d.","breadcrumb":{"@id":"https:\/\/www.ozono21.com\/blog\/salud\/calidad-de-vida-que-comemos-como-hacemos\/#breadcrumb"},"inLanguage":"es","potentialAction":[{"@type":"ReadAction","target":["https:\/\/www.ozono21.com\/blog\/salud\/calidad-de-vida-que-comemos-como-hacemos\/"]}]},{"@type":"ImageObject","inLanguage":"es","@id":"https:\/\/www.ozono21.com\/blog\/salud\/calidad-de-vida-que-comemos-como-hacemos\/#primaryimage","url":"https:\/\/www.ozono21.com\/blog\/wp-content\/uploads\/2008\/03\/COMIENDO-HOMBRE-MUJER_4B-e1457267271161.jpg","contentUrl":"https:\/\/www.ozono21.com\/blog\/wp-content\/uploads\/2008\/03\/COMIENDO-HOMBRE-MUJER_4B-e1457267271161.jpg","width":450,"height":275},{"@type":"BreadcrumbList","@id":"https:\/\/www.ozono21.com\/blog\/salud\/calidad-de-vida-que-comemos-como-hacemos\/#breadcrumb","itemListElement":[{"@type":"ListItem","position":1,"name":"Portada","item":"https:\/\/www.ozono21.com\/blog\/"},{"@type":"ListItem","position":2,"name":"La calidad de vida depende de la calidad de lo que comemos y de c\u00f3mo lo hacemos"}]},{"@type":"WebSite","@id":"https:\/\/www.ozono21.com\/blog\/#website","url":"https:\/\/www.ozono21.com\/blog\/","name":"Blog Ozono21","description":" - Blog Ozono21","potentialAction":[{"@type":"SearchAction","target":{"@type":"EntryPoint","urlTemplate":"https:\/\/www.ozono21.com\/blog\/?s={search_term_string}"},"query-input":{"@type":"PropertyValueSpecification","valueRequired":true,"valueName":"search_term_string"}}],"inLanguage":"es"},{"@type":"Person","@id":"https:\/\/www.ozono21.com\/blog\/#\/schema\/person\/16639932c214a173193498aee8204d12","name":"INVESTIGACION Ozono21","image":{"@type":"ImageObject","inLanguage":"es","@id":"https:\/\/secure.gravatar.com\/avatar\/f00ed9ac57a3eea6b9830d73dc9f9214775648c7763edcb20475eb83509b31fd?s=96&d=mm&r=g","url":"https:\/\/secure.gravatar.com\/avatar\/f00ed9ac57a3eea6b9830d73dc9f9214775648c7763edcb20475eb83509b31fd?s=96&d=mm&r=g","contentUrl":"https:\/\/secure.gravatar.com\/avatar\/f00ed9ac57a3eea6b9830d73dc9f9214775648c7763edcb20475eb83509b31fd?s=96&d=mm&r=g","caption":"INVESTIGACION Ozono21"}}]}},"jetpack_publicize_connections":[],"jetpack_featured_media_url":"https:\/\/www.ozono21.com\/blog\/wp-content\/uploads\/2008\/03\/COMIENDO-HOMBRE-MUJER_4B-e1457267271161.jpg","jetpack_sharing_enabled":true,"_links":{"self":[{"href":"https:\/\/www.ozono21.com\/blog\/wp-json\/wp\/v2\/posts\/99","targetHints":{"allow":["GET"]}}],"collection":[{"href":"https:\/\/www.ozono21.com\/blog\/wp-json\/wp\/v2\/posts"}],"about":[{"href":"https:\/\/www.ozono21.com\/blog\/wp-json\/wp\/v2\/types\/post"}],"author":[{"embeddable":true,"href":"https:\/\/www.ozono21.com\/blog\/wp-json\/wp\/v2\/users\/1"}],"replies":[{"embeddable":true,"href":"https:\/\/www.ozono21.com\/blog\/wp-json\/wp\/v2\/comments?post=99"}],"version-history":[{"count":0,"href":"https:\/\/www.ozono21.com\/blog\/wp-json\/wp\/v2\/posts\/99\/revisions"}],"wp:featuredmedia":[{"embeddable":true,"href":"https:\/\/www.ozono21.com\/blog\/wp-json\/wp\/v2\/media\/5194608"}],"wp:attachment":[{"href":"https:\/\/www.ozono21.com\/blog\/wp-json\/wp\/v2\/media?parent=99"}],"wp:term":[{"taxonomy":"category","embeddable":true,"href":"https:\/\/www.ozono21.com\/blog\/wp-json\/wp\/v2\/categories?post=99"},{"taxonomy":"post_tag","embeddable":true,"href":"https:\/\/www.ozono21.com\/blog\/wp-json\/wp\/v2\/tags?post=99"}],"curies":[{"name":"wp","href":"https:\/\/api.w.org\/{rel}","templated":true}]}}