{"id":90,"date":"2008-01-17T01:31:00","date_gmt":"2008-01-16T23:31:00","guid":{"rendered":"https:\/\/www.ozono21.com\/blog\/90\/sin-categoria\/el-clima-afecta-a-los-niveles-de-proteinas-de-alimentos\/"},"modified":"2026-02-20T17:15:46","modified_gmt":"2026-02-20T15:15:46","slug":"el-clima-afecta-a-los-niveles-de-proteinas-de-alimentos","status":"publish","type":"post","link":"https:\/\/www.ozono21.com\/blog\/salud\/el-clima-afecta-a-los-niveles-de-proteinas-de-alimentos\/","title":{"rendered":"El clima afecta a los niveles de prote\u00ednas de alimentos"},"content":{"rendered":"<p style=\"text-align: justify;\">\n<h2 style=\"text-align: justify;\"><img loading=\"lazy\" decoding=\"async\" id=\"BLOGGER_PHOTO_ID_5156223613147556450\" class=\"alignright\" style=\"margin: 10px 0px 0px 10px; width: 203px; height: 212px; cursor: hand; border-width: 0px;\"  title=\"CONTAMINACI\u00f3N\" src=\"https:\/\/3.bp.blogspot.com\/_IBPlVqONz58\/R46WDqwkKmI\/AAAAAAAAASk\/ZnsoO1N0nBs\/s320\/cambioclimatico.jpg\" border=\"0\" alt=\" clima \" title=\" El clima afecta a los niveles de prote\u00ednas de alimentos \"  width=\"203\" height=\"212\" \/>El clima afecta a los niveles de prote\u00ednas de alimentos<\/p>\n<p><a title=\"Ozono21 Frutas y Verduras\"  href=\"https:\/\/www.ozono21.com\/sectores-pagina\/empresariales\/frutas-verduras\/11\/\" target=\"_blank\" rel=\"noopener noreferrer\">Conforme el mundo se caliente, las plantas de las cuales billones de personas dependen para alimentarse pueden volverse menos nutritivas. Esa es la conclusi\u00f3n de un an\u00e1lisis de m\u00e1s de 40 estudios que a su vez exploran c\u00f3mo las cosechas reaccionar\u00e1n al aumento en los niveles de di\u00f3xido de carbono en la atm\u00f3sfera.<\/a><\/h2>\n<p><\/P><\/p>\n<p>Fuente: Georgina Arboleya para Agroinformaci\u00f3n (10.01.08)<\/p>\n<p style=\"text-align: justify;\">\n<h2 style=\"text-align: justify;\">El peri\u00f3dico Reforma public\u00f3 que los cambios del clima en la composici\u00f3n de la atm\u00f3sfera podr\u00edan afectar la producci\u00f3n de prote\u00ednas de las plantas.<\/h2>\n<p><\/P><\/p>\n<p style=\"text-align: justify;\">Seg\u00fan sus resultados, para el trigo, la cebada, el arroz y la papa los niveles de prote\u00edna decaen en 15% cuando el di\u00f3xido de carbono aumenta. Este cambio ocurre en parte porque a medida que las plantas incorporan m\u00e1s carbono producen carbohidratos a expensas de las prote\u00ednas.<\/P><\/p>\n<table border=\"3\" cellspacing=\"0\" cellpadding=\"0\">\n<tbody>\n<tr>\n<td bgcolor=\"#3b7cff\" height=\"25\" width=\"600\" align=\"center\"><strong><a title=\"ACCION del OZONO\" target=\"_blank\" href=\"https:\/\/www.ozono21.com\/actualidad-interna\/accion-del-ozono\/423\/\" rel=\"noopener noreferrer\"><img loading=\"lazy\" decoding=\"async\" border=\"0\" alt=\"Noticias Relacionadas\" width=\"600\" height=\"25\" src=\"\/blog\/wp-content\/uploads\/2014\/06\/Noticias-Relacionadas.png\" \/><\/a><\/strong><\/td>\n<\/tr>\n<\/tbody>\n<\/table>\n<p><big><\/p>\n<ul>\n<li><strong><a title=\"La cocci\u00f3n frente a la contaminaci\u00f3n de alimentos\" target=\"_blank\" href=\"https:\/\/www.ozono21.com\/blog\/toxinas\/la-coccion-frente-a-la-contaminacion-de-alimentos\/\" rel=\"noopener noreferrer\">La cocci\u00f3n frente a la contaminaci\u00f3n de alimentos<\/a><\/strong><\/li>\n<li><strong><a title=\"El consumo de dioxinas en la dieta diaria \" target=\"_blank\" href=\"https:\/\/www.ozono21.com\/blog\/toxinas\/el-consumo-de-dioxinas-en-la-dieta-diaria\/\" rel=\"noopener noreferrer\">El consumo de dioxinas en la dieta diaria <\/a><\/strong><\/li>\n<li><strong><a title=\"Las mascotas fuente de contaminaci\u00f3n en cocinas\" target=\"_blank\" href=\"https:\/\/www.ozono21.com\/blog\/toxinas\/las-mascotas-fuente-de-contaminacion-en-cocinas\/\" rel=\"noopener noreferrer\">Las mascotas fuente de contaminaci\u00f3n en cocinas<\/a><\/strong><\/li>\n<\/ul>\n<p><\/big><\/P><\/p>\n<table border=\"3\" cellspacing=\"0\" cellpadding=\"0\">\n<tbody>\n<tr>\n<td bgcolor=\"#3b7cff\" height=\"25\" width=\"600\" align=\"center\"><strong><a title=\"Videos YouTube\" target=\"_blank\" href=\"https:\/\/www.youtube.com\/user\/ozono21\/videos?sort=p&amp;view=0&amp;flow=grid\" rel=\"noopener noreferrer\"><img loading=\"lazy\" decoding=\"async\" src=\"https:\/\/www.ozono21.com\/blog\/wp-content\/uploads\/2014\/06\/Videos-Youtube.png\" alt=\"Videos Youtube\" width=\"600\" height=\"25\" border=\"0\" \/><\/a><\/strong>\n<\/td>\n<\/tr>\n<\/tbody>\n<\/table>\n<p>&nbsp;<\/p>\n<p style=\"text-align: center;\"><iframe loading=\"lazy\" width=\"640\" height=\"480\" src=\"https:\/\/www.youtube.com\/embed\/iDywZt3zd4k\" frameborder=\"0\" allow=\"accelerometer; autoplay; encrypted-media; gyroscope; picture-in-picture\" allowfullscreen><\/iframe><\/p>\n<div class=\"pvc_clear\"><\/div>\n<p id=\"pvc_stats_90\" class=\"pvc_stats total_only  \" data-element-id=\"90\" style=\"\"><i class=\"pvc-stats-icon small\" aria-hidden=\"true\"><svg aria-hidden=\"true\" focusable=\"false\" data-prefix=\"far\" data-icon=\"chart-bar\" role=\"img\" xmlns=\"http:\/\/www.w3.org\/2000\/svg\" viewBox=\"0 0 512 512\" class=\"svg-inline--fa fa-chart-bar fa-w-16 fa-2x\"><path fill=\"currentColor\" d=\"M396.8 352h22.4c6.4 0 12.8-6.4 12.8-12.8V108.8c0-6.4-6.4-12.8-12.8-12.8h-22.4c-6.4 0-12.8 6.4-12.8 12.8v230.4c0 6.4 6.4 12.8 12.8 12.8zm-192 0h22.4c6.4 0 12.8-6.4 12.8-12.8V140.8c0-6.4-6.4-12.8-12.8-12.8h-22.4c-6.4 0-12.8 6.4-12.8 12.8v198.4c0 6.4 6.4 12.8 12.8 12.8zm96 0h22.4c6.4 0 12.8-6.4 12.8-12.8V204.8c0-6.4-6.4-12.8-12.8-12.8h-22.4c-6.4 0-12.8 6.4-12.8 12.8v134.4c0 6.4 6.4 12.8 12.8 12.8zM496 400H48V80c0-8.84-7.16-16-16-16H16C7.16 64 0 71.16 0 80v336c0 17.67 14.33 32 32 32h464c8.84 0 16-7.16 16-16v-16c0-8.84-7.16-16-16-16zm-387.2-48h22.4c6.4 0 12.8-6.4 12.8-12.8v-70.4c0-6.4-6.4-12.8-12.8-12.8h-22.4c-6.4 0-12.8 6.4-12.8 12.8v70.4c0 6.4 6.4 12.8 12.8 12.8z\" class=\"\"><\/path><\/svg><\/i> <img loading=\"lazy\" decoding=\"async\" width=\"16\" height=\"16\" alt=\"Loading\" src=\"https:\/\/www.ozono21.com\/blog\/wp-content\/plugins\/page-views-count\/ajax-loader-2x.gif\" border=0 \/><\/p>\n<div class=\"pvc_clear\"><\/div>\n","protected":false},"excerpt":{"rendered":"<p>El clima afecta a los niveles de prote\u00ednas de alimentos Conforme el mundo se caliente, las plantas de las cuales billones de personas dependen para alimentarse pueden volverse menos nutritivas. Esa es la conclusi\u00f3n de un an\u00e1lisis de m\u00e1s de &hellip; <a href=\"https:\/\/www.ozono21.com\/blog\/salud\/el-clima-afecta-a-los-niveles-de-proteinas-de-alimentos\/\">Sigue leyendo <span class=\"meta-nav\">&rarr;<\/span><\/a><\/p>\n<div class=\"pvc_clear\"><\/div>\n<p id=\"pvc_stats_90\" class=\"pvc_stats total_only  \" data-element-id=\"90\" style=\"\"><i class=\"pvc-stats-icon small\" aria-hidden=\"true\"><svg aria-hidden=\"true\" focusable=\"false\" data-prefix=\"far\" data-icon=\"chart-bar\" role=\"img\" xmlns=\"http:\/\/www.w3.org\/2000\/svg\" viewBox=\"0 0 512 512\" class=\"svg-inline--fa fa-chart-bar fa-w-16 fa-2x\"><path fill=\"currentColor\" d=\"M396.8 352h22.4c6.4 0 12.8-6.4 12.8-12.8V108.8c0-6.4-6.4-12.8-12.8-12.8h-22.4c-6.4 0-12.8 6.4-12.8 12.8v230.4c0 6.4 6.4 12.8 12.8 12.8zm-192 0h22.4c6.4 0 12.8-6.4 12.8-12.8V140.8c0-6.4-6.4-12.8-12.8-12.8h-22.4c-6.4 0-12.8 6.4-12.8 12.8v198.4c0 6.4 6.4 12.8 12.8 12.8zm96 0h22.4c6.4 0 12.8-6.4 12.8-12.8V204.8c0-6.4-6.4-12.8-12.8-12.8h-22.4c-6.4 0-12.8 6.4-12.8 12.8v134.4c0 6.4 6.4 12.8 12.8 12.8zM496 400H48V80c0-8.84-7.16-16-16-16H16C7.16 64 0 71.16 0 80v336c0 17.67 14.33 32 32 32h464c8.84 0 16-7.16 16-16v-16c0-8.84-7.16-16-16-16zm-387.2-48h22.4c6.4 0 12.8-6.4 12.8-12.8v-70.4c0-6.4-6.4-12.8-12.8-12.8h-22.4c-6.4 0-12.8 6.4-12.8 12.8v70.4c0 6.4 6.4 12.8 12.8 12.8z\" class=\"\"><\/path><\/svg><\/i> <img loading=\"lazy\" decoding=\"async\" width=\"16\" height=\"16\" alt=\"Loading\" src=\"https:\/\/www.ozono21.com\/blog\/wp-content\/plugins\/page-views-count\/ajax-loader-2x.gif\" border=0 \/><\/p>\n<div class=\"pvc_clear\"><\/div>\n","protected":false},"author":1,"featured_media":5194891,"comment_status":"open","ping_status":"open","sticky":false,"template":"","format":"standard","meta":{"_exactmetrics_skip_tracking":false,"_exactmetrics_sitenote_active":false,"_exactmetrics_sitenote_note":"","_exactmetrics_sitenote_category":0,"_jetpack_memberships_contains_paid_content":false,"footnotes":"","jetpack_publicize_message":"","jetpack_publicize_feature_enabled":true,"jetpack_social_post_already_shared":false,"jetpack_social_options":{"image_generator_settings":{"template":"highway","default_image_id":0,"font":"","enabled":false},"version":2}},"categories":[9,28,13,10,12,7],"tags":[24,20,30,74,73],"class_list":["post-90","post","type-post","status-publish","format-standard","has-post-thumbnail","hentry","category-alimentos","category-frutas-y-verduras","category-medioambiente","category-ozono21","category-polucion","category-salud","tag-alimentos-2","tag-contaminacion-2","tag-frutas-verduras","tag-medioambiente","tag-polucion"],"a3_pvc":{"activated":true,"total_views":4615,"today_views":0},"yoast_head":"<!-- This site is optimized with the Yoast SEO plugin v27.5 - https:\/\/yoast.com\/product\/yoast-seo-wordpress\/ -->\n<title>Clima afecta a\u00a0niveles de prote\u00ednas de alimentos<\/title>\n<meta name=\"description\" content=\"Clima afecta a los niveles de prote\u00ednas de alimentos. Conforme el mundo se caliente, las plantas para alimentarse\u00a0ser\u00e1n menos nutritivas\" \/>\n<meta name=\"robots\" content=\"index, follow, max-snippet:-1, max-image-preview:large, max-video-preview:-1\" \/>\n<link rel=\"canonical\" href=\"https:\/\/www.ozono21.com\/blog\/salud\/el-clima-afecta-a-los-niveles-de-proteinas-de-alimentos\/\" \/>\n<meta property=\"og:locale\" content=\"es_ES\" \/>\n<meta property=\"og:type\" content=\"article\" \/>\n<meta property=\"og:title\" content=\"Clima afecta a\u00a0niveles de prote\u00ednas de alimentos\" \/>\n<meta property=\"og:description\" content=\"Clima afecta a los niveles de prote\u00ednas de alimentos. Conforme el mundo se caliente, las plantas para alimentarse\u00a0ser\u00e1n menos nutritivas\" \/>\n<meta property=\"og:url\" content=\"https:\/\/www.ozono21.com\/blog\/salud\/el-clima-afecta-a-los-niveles-de-proteinas-de-alimentos\/\" \/>\n<meta property=\"og:site_name\" content=\"- Blog Ozono21\" \/>\n<meta property=\"article:published_time\" content=\"2008-01-16T23:31:00+00:00\" \/>\n<meta property=\"article:modified_time\" content=\"2026-02-20T15:15:46+00:00\" \/>\n<meta property=\"og:image\" content=\"https:\/\/www.ozono21.com\/blog\/wp-content\/uploads\/2012\/04\/espa\u00f1a-en-futuro-si-no-se-pone-freno-al-cambio-climatico-e1455194151847.jpg\" \/>\n\t<meta property=\"og:image:width\" content=\"600\" \/>\n\t<meta property=\"og:image:height\" content=\"440\" \/>\n\t<meta property=\"og:image:type\" content=\"image\/jpeg\" \/>\n<meta name=\"author\" content=\"INVESTIGACION Ozono21\" \/>\n<meta name=\"twitter:label1\" content=\"Escrito por\" \/>\n\t<meta name=\"twitter:data1\" content=\"INVESTIGACION Ozono21\" \/>\n\t<meta name=\"twitter:label2\" content=\"Tiempo de lectura\" \/>\n\t<meta name=\"twitter:data2\" content=\"1 minuto\" \/>\n<script type=\"application\/ld+json\" class=\"yoast-schema-graph\">{\"@context\":\"https:\\\/\\\/schema.org\",\"@graph\":[{\"@type\":\"Article\",\"@id\":\"https:\\\/\\\/www.ozono21.com\\\/blog\\\/salud\\\/el-clima-afecta-a-los-niveles-de-proteinas-de-alimentos\\\/#article\",\"isPartOf\":{\"@id\":\"https:\\\/\\\/www.ozono21.com\\\/blog\\\/salud\\\/el-clima-afecta-a-los-niveles-de-proteinas-de-alimentos\\\/\"},\"author\":{\"name\":\"INVESTIGACION Ozono21\",\"@id\":\"https:\\\/\\\/www.ozono21.com\\\/blog\\\/#\\\/schema\\\/person\\\/16639932c214a173193498aee8204d12\"},\"headline\":\"El clima afecta a los niveles de prote\u00ednas de alimentos\",\"datePublished\":\"2008-01-16T23:31:00+00:00\",\"dateModified\":\"2026-02-20T15:15:46+00:00\",\"mainEntityOfPage\":{\"@id\":\"https:\\\/\\\/www.ozono21.com\\\/blog\\\/salud\\\/el-clima-afecta-a-los-niveles-de-proteinas-de-alimentos\\\/\"},\"wordCount\":195,\"commentCount\":0,\"image\":{\"@id\":\"https:\\\/\\\/www.ozono21.com\\\/blog\\\/salud\\\/el-clima-afecta-a-los-niveles-de-proteinas-de-alimentos\\\/#primaryimage\"},\"thumbnailUrl\":\"https:\\\/\\\/www.ozono21.com\\\/blog\\\/wp-content\\\/uploads\\\/2012\\\/04\\\/espa\u00f1a-en-futuro-si-no-se-pone-freno-al-cambio-climatico-e1455194151847.jpg\",\"keywords\":[\"Alimentos\",\"Contaminaci\u00f3n\",\"Frutas y Verduras\",\"MedioAmbiente\",\"Poluci\u00f3n\"],\"articleSection\":[\"Alimentos\",\"Frutas y Verduras\",\"MedioAmbiente\",\"Ozono21\",\"Poluci\u00f3n\",\"Salud\"],\"inLanguage\":\"es\",\"potentialAction\":[{\"@type\":\"CommentAction\",\"name\":\"Comment\",\"target\":[\"https:\\\/\\\/www.ozono21.com\\\/blog\\\/salud\\\/el-clima-afecta-a-los-niveles-de-proteinas-de-alimentos\\\/#respond\"]}]},{\"@type\":\"WebPage\",\"@id\":\"https:\\\/\\\/www.ozono21.com\\\/blog\\\/salud\\\/el-clima-afecta-a-los-niveles-de-proteinas-de-alimentos\\\/\",\"url\":\"https:\\\/\\\/www.ozono21.com\\\/blog\\\/salud\\\/el-clima-afecta-a-los-niveles-de-proteinas-de-alimentos\\\/\",\"name\":\"Clima afecta a\u00a0niveles de prote\u00ednas de alimentos\",\"isPartOf\":{\"@id\":\"https:\\\/\\\/www.ozono21.com\\\/blog\\\/#website\"},\"primaryImageOfPage\":{\"@id\":\"https:\\\/\\\/www.ozono21.com\\\/blog\\\/salud\\\/el-clima-afecta-a-los-niveles-de-proteinas-de-alimentos\\\/#primaryimage\"},\"image\":{\"@id\":\"https:\\\/\\\/www.ozono21.com\\\/blog\\\/salud\\\/el-clima-afecta-a-los-niveles-de-proteinas-de-alimentos\\\/#primaryimage\"},\"thumbnailUrl\":\"https:\\\/\\\/www.ozono21.com\\\/blog\\\/wp-content\\\/uploads\\\/2012\\\/04\\\/espa\u00f1a-en-futuro-si-no-se-pone-freno-al-cambio-climatico-e1455194151847.jpg\",\"datePublished\":\"2008-01-16T23:31:00+00:00\",\"dateModified\":\"2026-02-20T15:15:46+00:00\",\"author\":{\"@id\":\"https:\\\/\\\/www.ozono21.com\\\/blog\\\/#\\\/schema\\\/person\\\/16639932c214a173193498aee8204d12\"},\"description\":\"Clima afecta a los niveles de prote\u00ednas de alimentos. Conforme el mundo se caliente, las plantas para alimentarse\u00a0ser\u00e1n menos nutritivas\",\"breadcrumb\":{\"@id\":\"https:\\\/\\\/www.ozono21.com\\\/blog\\\/salud\\\/el-clima-afecta-a-los-niveles-de-proteinas-de-alimentos\\\/#breadcrumb\"},\"inLanguage\":\"es\",\"potentialAction\":[{\"@type\":\"ReadAction\",\"target\":[\"https:\\\/\\\/www.ozono21.com\\\/blog\\\/salud\\\/el-clima-afecta-a-los-niveles-de-proteinas-de-alimentos\\\/\"]}]},{\"@type\":\"ImageObject\",\"inLanguage\":\"es\",\"@id\":\"https:\\\/\\\/www.ozono21.com\\\/blog\\\/salud\\\/el-clima-afecta-a-los-niveles-de-proteinas-de-alimentos\\\/#primaryimage\",\"url\":\"https:\\\/\\\/www.ozono21.com\\\/blog\\\/wp-content\\\/uploads\\\/2012\\\/04\\\/espa\u00f1a-en-futuro-si-no-se-pone-freno-al-cambio-climatico-e1455194151847.jpg\",\"contentUrl\":\"https:\\\/\\\/www.ozono21.com\\\/blog\\\/wp-content\\\/uploads\\\/2012\\\/04\\\/espa\u00f1a-en-futuro-si-no-se-pone-freno-al-cambio-climatico-e1455194151847.jpg\",\"width\":600,\"height\":440},{\"@type\":\"BreadcrumbList\",\"@id\":\"https:\\\/\\\/www.ozono21.com\\\/blog\\\/salud\\\/el-clima-afecta-a-los-niveles-de-proteinas-de-alimentos\\\/#breadcrumb\",\"itemListElement\":[{\"@type\":\"ListItem\",\"position\":1,\"name\":\"Portada\",\"item\":\"https:\\\/\\\/www.ozono21.com\\\/blog\\\/\"},{\"@type\":\"ListItem\",\"position\":2,\"name\":\"El clima afecta a los niveles de prote\u00ednas de alimentos\"}]},{\"@type\":\"WebSite\",\"@id\":\"https:\\\/\\\/www.ozono21.com\\\/blog\\\/#website\",\"url\":\"https:\\\/\\\/www.ozono21.com\\\/blog\\\/\",\"name\":\"Blog Ozono21\",\"description\":\" - Blog Ozono21\",\"potentialAction\":[{\"@type\":\"SearchAction\",\"target\":{\"@type\":\"EntryPoint\",\"urlTemplate\":\"https:\\\/\\\/www.ozono21.com\\\/blog\\\/?s={search_term_string}\"},\"query-input\":{\"@type\":\"PropertyValueSpecification\",\"valueRequired\":true,\"valueName\":\"search_term_string\"}}],\"inLanguage\":\"es\"},{\"@type\":\"Person\",\"@id\":\"https:\\\/\\\/www.ozono21.com\\\/blog\\\/#\\\/schema\\\/person\\\/16639932c214a173193498aee8204d12\",\"name\":\"INVESTIGACION Ozono21\",\"image\":{\"@type\":\"ImageObject\",\"inLanguage\":\"es\",\"@id\":\"https:\\\/\\\/secure.gravatar.com\\\/avatar\\\/f00ed9ac57a3eea6b9830d73dc9f9214775648c7763edcb20475eb83509b31fd?s=96&d=mm&r=g\",\"url\":\"https:\\\/\\\/secure.gravatar.com\\\/avatar\\\/f00ed9ac57a3eea6b9830d73dc9f9214775648c7763edcb20475eb83509b31fd?s=96&d=mm&r=g\",\"contentUrl\":\"https:\\\/\\\/secure.gravatar.com\\\/avatar\\\/f00ed9ac57a3eea6b9830d73dc9f9214775648c7763edcb20475eb83509b31fd?s=96&d=mm&r=g\",\"caption\":\"INVESTIGACION Ozono21\"}}]}<\/script>\n<!-- \/ Yoast SEO plugin. -->","yoast_head_json":{"title":"Clima afecta a\u00a0niveles de prote\u00ednas de alimentos","description":"Clima afecta a los niveles de prote\u00ednas de alimentos. Conforme el mundo se caliente, las plantas para alimentarse\u00a0ser\u00e1n menos nutritivas","robots":{"index":"index","follow":"follow","max-snippet":"max-snippet:-1","max-image-preview":"max-image-preview:large","max-video-preview":"max-video-preview:-1"},"canonical":"https:\/\/www.ozono21.com\/blog\/salud\/el-clima-afecta-a-los-niveles-de-proteinas-de-alimentos\/","og_locale":"es_ES","og_type":"article","og_title":"Clima afecta a\u00a0niveles de prote\u00ednas de alimentos","og_description":"Clima afecta a los niveles de prote\u00ednas de alimentos. Conforme el mundo se caliente, las plantas para alimentarse\u00a0ser\u00e1n menos nutritivas","og_url":"https:\/\/www.ozono21.com\/blog\/salud\/el-clima-afecta-a-los-niveles-de-proteinas-de-alimentos\/","og_site_name":"- Blog Ozono21","article_published_time":"2008-01-16T23:31:00+00:00","article_modified_time":"2026-02-20T15:15:46+00:00","og_image":[{"width":600,"height":440,"url":"https:\/\/www.ozono21.com\/blog\/wp-content\/uploads\/2012\/04\/espa\u00f1a-en-futuro-si-no-se-pone-freno-al-cambio-climatico-e1455194151847.jpg","type":"image\/jpeg"}],"author":"INVESTIGACION Ozono21","twitter_misc":{"Escrito por":"INVESTIGACION Ozono21","Tiempo de lectura":"1 minuto"},"schema":{"@context":"https:\/\/schema.org","@graph":[{"@type":"Article","@id":"https:\/\/www.ozono21.com\/blog\/salud\/el-clima-afecta-a-los-niveles-de-proteinas-de-alimentos\/#article","isPartOf":{"@id":"https:\/\/www.ozono21.com\/blog\/salud\/el-clima-afecta-a-los-niveles-de-proteinas-de-alimentos\/"},"author":{"name":"INVESTIGACION Ozono21","@id":"https:\/\/www.ozono21.com\/blog\/#\/schema\/person\/16639932c214a173193498aee8204d12"},"headline":"El clima afecta a los niveles de prote\u00ednas de alimentos","datePublished":"2008-01-16T23:31:00+00:00","dateModified":"2026-02-20T15:15:46+00:00","mainEntityOfPage":{"@id":"https:\/\/www.ozono21.com\/blog\/salud\/el-clima-afecta-a-los-niveles-de-proteinas-de-alimentos\/"},"wordCount":195,"commentCount":0,"image":{"@id":"https:\/\/www.ozono21.com\/blog\/salud\/el-clima-afecta-a-los-niveles-de-proteinas-de-alimentos\/#primaryimage"},"thumbnailUrl":"https:\/\/www.ozono21.com\/blog\/wp-content\/uploads\/2012\/04\/espa\u00f1a-en-futuro-si-no-se-pone-freno-al-cambio-climatico-e1455194151847.jpg","keywords":["Alimentos","Contaminaci\u00f3n","Frutas y Verduras","MedioAmbiente","Poluci\u00f3n"],"articleSection":["Alimentos","Frutas y Verduras","MedioAmbiente","Ozono21","Poluci\u00f3n","Salud"],"inLanguage":"es","potentialAction":[{"@type":"CommentAction","name":"Comment","target":["https:\/\/www.ozono21.com\/blog\/salud\/el-clima-afecta-a-los-niveles-de-proteinas-de-alimentos\/#respond"]}]},{"@type":"WebPage","@id":"https:\/\/www.ozono21.com\/blog\/salud\/el-clima-afecta-a-los-niveles-de-proteinas-de-alimentos\/","url":"https:\/\/www.ozono21.com\/blog\/salud\/el-clima-afecta-a-los-niveles-de-proteinas-de-alimentos\/","name":"Clima afecta a\u00a0niveles de prote\u00ednas de alimentos","isPartOf":{"@id":"https:\/\/www.ozono21.com\/blog\/#website"},"primaryImageOfPage":{"@id":"https:\/\/www.ozono21.com\/blog\/salud\/el-clima-afecta-a-los-niveles-de-proteinas-de-alimentos\/#primaryimage"},"image":{"@id":"https:\/\/www.ozono21.com\/blog\/salud\/el-clima-afecta-a-los-niveles-de-proteinas-de-alimentos\/#primaryimage"},"thumbnailUrl":"https:\/\/www.ozono21.com\/blog\/wp-content\/uploads\/2012\/04\/espa\u00f1a-en-futuro-si-no-se-pone-freno-al-cambio-climatico-e1455194151847.jpg","datePublished":"2008-01-16T23:31:00+00:00","dateModified":"2026-02-20T15:15:46+00:00","author":{"@id":"https:\/\/www.ozono21.com\/blog\/#\/schema\/person\/16639932c214a173193498aee8204d12"},"description":"Clima afecta a los niveles de prote\u00ednas de alimentos. Conforme el mundo se caliente, las plantas para alimentarse\u00a0ser\u00e1n menos nutritivas","breadcrumb":{"@id":"https:\/\/www.ozono21.com\/blog\/salud\/el-clima-afecta-a-los-niveles-de-proteinas-de-alimentos\/#breadcrumb"},"inLanguage":"es","potentialAction":[{"@type":"ReadAction","target":["https:\/\/www.ozono21.com\/blog\/salud\/el-clima-afecta-a-los-niveles-de-proteinas-de-alimentos\/"]}]},{"@type":"ImageObject","inLanguage":"es","@id":"https:\/\/www.ozono21.com\/blog\/salud\/el-clima-afecta-a-los-niveles-de-proteinas-de-alimentos\/#primaryimage","url":"https:\/\/www.ozono21.com\/blog\/wp-content\/uploads\/2012\/04\/espa\u00f1a-en-futuro-si-no-se-pone-freno-al-cambio-climatico-e1455194151847.jpg","contentUrl":"https:\/\/www.ozono21.com\/blog\/wp-content\/uploads\/2012\/04\/espa\u00f1a-en-futuro-si-no-se-pone-freno-al-cambio-climatico-e1455194151847.jpg","width":600,"height":440},{"@type":"BreadcrumbList","@id":"https:\/\/www.ozono21.com\/blog\/salud\/el-clima-afecta-a-los-niveles-de-proteinas-de-alimentos\/#breadcrumb","itemListElement":[{"@type":"ListItem","position":1,"name":"Portada","item":"https:\/\/www.ozono21.com\/blog\/"},{"@type":"ListItem","position":2,"name":"El clima afecta a los niveles de prote\u00ednas de alimentos"}]},{"@type":"WebSite","@id":"https:\/\/www.ozono21.com\/blog\/#website","url":"https:\/\/www.ozono21.com\/blog\/","name":"Blog Ozono21","description":" - Blog Ozono21","potentialAction":[{"@type":"SearchAction","target":{"@type":"EntryPoint","urlTemplate":"https:\/\/www.ozono21.com\/blog\/?s={search_term_string}"},"query-input":{"@type":"PropertyValueSpecification","valueRequired":true,"valueName":"search_term_string"}}],"inLanguage":"es"},{"@type":"Person","@id":"https:\/\/www.ozono21.com\/blog\/#\/schema\/person\/16639932c214a173193498aee8204d12","name":"INVESTIGACION Ozono21","image":{"@type":"ImageObject","inLanguage":"es","@id":"https:\/\/secure.gravatar.com\/avatar\/f00ed9ac57a3eea6b9830d73dc9f9214775648c7763edcb20475eb83509b31fd?s=96&d=mm&r=g","url":"https:\/\/secure.gravatar.com\/avatar\/f00ed9ac57a3eea6b9830d73dc9f9214775648c7763edcb20475eb83509b31fd?s=96&d=mm&r=g","contentUrl":"https:\/\/secure.gravatar.com\/avatar\/f00ed9ac57a3eea6b9830d73dc9f9214775648c7763edcb20475eb83509b31fd?s=96&d=mm&r=g","caption":"INVESTIGACION Ozono21"}}]}},"jetpack_publicize_connections":[],"jetpack_featured_media_url":"https:\/\/www.ozono21.com\/blog\/wp-content\/uploads\/2012\/04\/espa\u00f1a-en-futuro-si-no-se-pone-freno-al-cambio-climatico-e1455194151847.jpg","jetpack_sharing_enabled":true,"_links":{"self":[{"href":"https:\/\/www.ozono21.com\/blog\/wp-json\/wp\/v2\/posts\/90","targetHints":{"allow":["GET"]}}],"collection":[{"href":"https:\/\/www.ozono21.com\/blog\/wp-json\/wp\/v2\/posts"}],"about":[{"href":"https:\/\/www.ozono21.com\/blog\/wp-json\/wp\/v2\/types\/post"}],"author":[{"embeddable":true,"href":"https:\/\/www.ozono21.com\/blog\/wp-json\/wp\/v2\/users\/1"}],"replies":[{"embeddable":true,"href":"https:\/\/www.ozono21.com\/blog\/wp-json\/wp\/v2\/comments?post=90"}],"version-history":[{"count":0,"href":"https:\/\/www.ozono21.com\/blog\/wp-json\/wp\/v2\/posts\/90\/revisions"}],"wp:featuredmedia":[{"embeddable":true,"href":"https:\/\/www.ozono21.com\/blog\/wp-json\/wp\/v2\/media\/5194891"}],"wp:attachment":[{"href":"https:\/\/www.ozono21.com\/blog\/wp-json\/wp\/v2\/media?parent=90"}],"wp:term":[{"taxonomy":"category","embeddable":true,"href":"https:\/\/www.ozono21.com\/blog\/wp-json\/wp\/v2\/categories?post=90"},{"taxonomy":"post_tag","embeddable":true,"href":"https:\/\/www.ozono21.com\/blog\/wp-json\/wp\/v2\/tags?post=90"}],"curies":[{"name":"wp","href":"https:\/\/api.w.org\/{rel}","templated":true}]}}