{"id":86,"date":"2008-01-05T20:29:00","date_gmt":"2008-01-05T18:29:00","guid":{"rendered":"https:\/\/www.ozono21.com\/blog\/86\/sin-categoria\/el-consumo-de-productos-ecologicos-muy-por-detras-de-alimentos-con-denominacion\/"},"modified":"2026-02-01T22:50:27","modified_gmt":"2026-02-01T20:50:27","slug":"alimentos-ecologicos-detras-tradicionales","status":"publish","type":"post","link":"https:\/\/www.ozono21.com\/blog\/alimentos\/alimentos-ecologicos-detras-tradicionales\/","title":{"rendered":"El consumo de alimentos ECOLOGICOS muy por detr\u00e1s de alimentos con denominaci\u00f3n"},"content":{"rendered":"<p style=\"text-align: justify;\"><big><strong><img loading=\"lazy\" decoding=\"async\" class=\"alignleft size-full wp-image-5194457\" style=\"margin: 30px 10px 30px 0px; border: 0px;\"    title=\" alimentos ECOLOGICOS \" src=\"https:\/\/www.ozono21.com\/blog\/wp-content\/uploads\/2008\/01\/alimentos-ecol\u00f3gicos.png\" alt=\" alimentos ECOLOGICOS \" width=\"202\" height=\"191\" \/><a  title=\"Ozono21 Alimentos y Cocina\" href=\"https:\/\/www.ozono21.com\/sectores-pagina\/domesticos\/alimentos-cocina\/30\/\">El 33,5% de los consumidores asturianos asegura haber consumido alg\u00fan alimento ecol\u00f3gico en los \u00faltimos doce meses, muy por detr\u00e1s del 81,5 que asegura haber optado por alimentos asturianos con la denominaci\u00f3n de origen como el Queso Cabrales, la sidra o la ternera.<\/a><\/strong><\/big><\/p>\n<p style=\"text-align: justify;\">Unos datos que analizan los <strong>h\u00e1bitos de consumo de los asturianos<\/strong> y que se han hecho p\u00fablicos hoy, como conclusiones de un bar\u00f3metro de consumo realizado en la regi\u00f3n por la Uni\u00f3n de Consumidores de Asturias (UCE).<\/p>\n<p>Fuente: agroalimentacion (3\/01\/2008)<\/p>\n<p style=\"text-align: justify;\">El precio se encuentra entre las principales razones dadas por los consumidores para justificar porque el bajo consumo de alimentos ECOLOGICOS, seguido por la gran dificultad de distinguir o la escasez de puntos de venta.<\/p>\n<p style=\"text-align: justify;\">En el lado opuesto, el 33,5% que asegura haber adquirido alguno de estos alimentos ECOLOGICOSen el a\u00f1o 2006, esgrime como raz\u00f3n principal que son \u00abm\u00e1s sanos\u00bb, seguido de lejos por las convicciones de que \u00abson m\u00e1s seguros\u00bb y \u00abayudan a proteger el medio ambiente\u00bb.<\/p>\n<p style=\"text-align: justify;\">Asimismo, <big><strong><a title=\"Ozono para Alimentos\" href=\"https:\/\/www.ozono21.com\/sectores\/domesticos\/alimentos-cocina\/30\/\" target=\"_blank\" rel=\"noopener noreferrer\">el estudio constata una importante carencia de informaci\u00f3n sobre este tipo de alimentos, ya que m\u00e1s del 70% de las personas encuestadas considera que recibe \u00abpoca o muy poca\u00bb informaci\u00f3n acerca de estos alimentos ECOLOGICOS.<\/a><\/strong><\/big><\/p>\n<p style=\"text-align: justify;\">Consciente de esta problem\u00e1tica, el Principado llevar\u00e1 a cabo un plan de difusi\u00f3n y una degustaci\u00f3n de estos alimentos ECOLOGICOS en los diferentes centros educativos de la regi\u00f3n, a lo largo del primer semestre de 2008.<\/p>\n<p style=\"text-align: justify;\">Asimismo, se est\u00e1 estudiando la implantaci\u00f3n, como proyecto piloto, de un men\u00fa ecol\u00f3gico, que estar\u00e1 disponible como complementario al tradicional, en centros educativos de la regi\u00f3n.<\/p>\n<p style=\"text-align: justify;\">Por otro lado, y seg\u00fan ha revelado el bar\u00f3metro, menos del 27% de los 480 consumidores entrevistados declara haber comprado alimentos ECOLOGICOS de \u00abComercio Justo\u00bb y dos de cada tres admite no saber lo que son.<\/p>\n<table border=\"3\" cellspacing=\"0\" cellpadding=\"0\">\n<tbody>\n<tr>\n<td bgcolor=\"#3b7cff\" height=\"25\" width=\"600\" align=\"center\"><strong><a title=\"Actualidad de OZONO\"     href=\"https:\/\/www.ozono21.com\/actualidad\" target=\"_blank\"  rel=\"noopener noreferrer\"><img loading=\"lazy\" decoding=\"async\" src=\"https:\/\/www.ozono21.com\/blog\/wp-content\/uploads\/2014\/06\/Noticias-Relacionadas.png\" alt=\"Noticias Relacionadas\" width=\"600\" height=\"25\" border=\"0\" \/><\/a><\/strong>\n<\/td>\n<\/tr>\n<\/tbody>\n<\/table>\n<table border=\"0\" cellspacing=\"0\" cellpadding=\"0\">\n<tbody \n\n<p><big><\/p>\n<td height=\"150\" width=\"150\" align=\"center\"><a title=\"Sabemos lo que comemos\" target=\"_blank\" href=\"https:\/\/www.ozono21.com\/blog\/bacterias\/sabemos-lo-que-comemos\/\" rel=\"noopener noreferrer\"><img loading=\"lazy\" decoding=\"async\" src=\"https:\/\/www.ozono21.com\/blog\/wp-content\/uploads\/2014\/03\/Sabemos-lo-que-comemos.gif\" alt=\"alimentos ecologicos\" width=\"128\" height=\"128\" class=\"alignright size-full wp-image-5205007\"  style=\"margin: 10px 10px 0px 30px; border: 0px;\" srcset=\"https:\/\/www.ozono21.com\/blog\/wp-content\/uploads\/2014\/03\/Sabemos-lo-que-comemos.gif 128w, https:\/\/www.ozono21.com\/blog\/wp-content\/uploads\/2014\/03\/Sabemos-lo-que-comemos-100x100.gif 100w\" sizes=\"auto, (max-width: 128px) 100vw, 128px\" \/><\/a><\/td>\n<td height=\"150\" width=\"300\" style=\"text-align: left; vertical-align: middle;\"><strong><a title=\"Sabemos lo que comemos\" target=\"_blank\" href=\"https:\/\/www.ozono21.com\/blog\/bacterias\/sabemos-lo-que-comemos\/\" rel=\"noopener noreferrer\">Sabemos lo que comemos<\/a><\/strong><\/td>\n<\/tr>\n<\/tbody>\n<\/table>\n<p><\/big><\/P><\/p>\n<table border=\"3\" cellspacing=\"0\" cellpadding=\"0\">\n<tbody>\n<tr>\n<td bgcolor=\"#3b7cff\" height=\"25\" width=\"600\" align=\"center\"><strong><a title=\"Videos YouTube\" target=\"_blank\"     href=\"https:\/\/www.youtube.com\/user\/ozono21\/videos?sort=p&amp;view=0&amp;flow=grid\" rel=\"noopener noreferrer\"><img loading=\"lazy\" decoding=\"async\" src=\"https:\/\/www.ozono21.com\/blog\/wp-content\/uploads\/2014\/06\/Videos-Youtube.png\" alt=\"Videos Youtube\" width=\"600\" height=\"25\" border=\"0\" \/><\/a><\/strong>\n<\/td>\n<\/tr>\n<\/tbody>\n<\/table>\n<p>&nbsp;<\/p>\n<p style=\"text-align: center;\"><iframe loading=\"lazy\" width=\"632\" height=\"480\" src=\"https:\/\/www.youtube.com\/embed\/QdkDOKOOJIg\" frameborder=\"0\" allow=\"accelerometer; autoplay; encrypted-media; gyroscope; picture-in-picture\" allowfullscreen><\/iframe><\/p>\n<div class=\"pvc_clear\"><\/div>\n<p id=\"pvc_stats_86\" class=\"pvc_stats total_only  \" data-element-id=\"86\" style=\"\"><i class=\"pvc-stats-icon small\" aria-hidden=\"true\"><svg aria-hidden=\"true\" focusable=\"false\" data-prefix=\"far\" data-icon=\"chart-bar\" role=\"img\" xmlns=\"http:\/\/www.w3.org\/2000\/svg\" viewBox=\"0 0 512 512\" class=\"svg-inline--fa fa-chart-bar fa-w-16 fa-2x\"><path fill=\"currentColor\" d=\"M396.8 352h22.4c6.4 0 12.8-6.4 12.8-12.8V108.8c0-6.4-6.4-12.8-12.8-12.8h-22.4c-6.4 0-12.8 6.4-12.8 12.8v230.4c0 6.4 6.4 12.8 12.8 12.8zm-192 0h22.4c6.4 0 12.8-6.4 12.8-12.8V140.8c0-6.4-6.4-12.8-12.8-12.8h-22.4c-6.4 0-12.8 6.4-12.8 12.8v198.4c0 6.4 6.4 12.8 12.8 12.8zm96 0h22.4c6.4 0 12.8-6.4 12.8-12.8V204.8c0-6.4-6.4-12.8-12.8-12.8h-22.4c-6.4 0-12.8 6.4-12.8 12.8v134.4c0 6.4 6.4 12.8 12.8 12.8zM496 400H48V80c0-8.84-7.16-16-16-16H16C7.16 64 0 71.16 0 80v336c0 17.67 14.33 32 32 32h464c8.84 0 16-7.16 16-16v-16c0-8.84-7.16-16-16-16zm-387.2-48h22.4c6.4 0 12.8-6.4 12.8-12.8v-70.4c0-6.4-6.4-12.8-12.8-12.8h-22.4c-6.4 0-12.8 6.4-12.8 12.8v70.4c0 6.4 6.4 12.8 12.8 12.8z\" class=\"\"><\/path><\/svg><\/i> <img loading=\"lazy\" decoding=\"async\" width=\"16\" height=\"16\" alt=\"Loading\" src=\"https:\/\/www.ozono21.com\/blog\/wp-content\/plugins\/page-views-count\/ajax-loader-2x.gif\" border=0 \/><\/p>\n<div class=\"pvc_clear\"><\/div>\n","protected":false},"excerpt":{"rendered":"<p>El 33,5% de los consumidores asturianos asegura haber consumido alg\u00fan alimento ecol\u00f3gico en los \u00faltimos doce meses, muy por detr\u00e1s del 81,5 que asegura haber optado por alimentos asturianos con la denominaci\u00f3n de origen como el Queso Cabrales, la sidra &hellip; <a href=\"https:\/\/www.ozono21.com\/blog\/alimentos\/alimentos-ecologicos-detras-tradicionales\/\">Sigue leyendo <span class=\"meta-nav\">&rarr;<\/span><\/a><\/p>\n<div class=\"pvc_clear\"><\/div>\n<p id=\"pvc_stats_86\" class=\"pvc_stats total_only  \" data-element-id=\"86\" style=\"\"><i class=\"pvc-stats-icon small\" aria-hidden=\"true\"><svg aria-hidden=\"true\" focusable=\"false\" data-prefix=\"far\" data-icon=\"chart-bar\" role=\"img\" xmlns=\"http:\/\/www.w3.org\/2000\/svg\" viewBox=\"0 0 512 512\" class=\"svg-inline--fa fa-chart-bar fa-w-16 fa-2x\"><path fill=\"currentColor\" d=\"M396.8 352h22.4c6.4 0 12.8-6.4 12.8-12.8V108.8c0-6.4-6.4-12.8-12.8-12.8h-22.4c-6.4 0-12.8 6.4-12.8 12.8v230.4c0 6.4 6.4 12.8 12.8 12.8zm-192 0h22.4c6.4 0 12.8-6.4 12.8-12.8V140.8c0-6.4-6.4-12.8-12.8-12.8h-22.4c-6.4 0-12.8 6.4-12.8 12.8v198.4c0 6.4 6.4 12.8 12.8 12.8zm96 0h22.4c6.4 0 12.8-6.4 12.8-12.8V204.8c0-6.4-6.4-12.8-12.8-12.8h-22.4c-6.4 0-12.8 6.4-12.8 12.8v134.4c0 6.4 6.4 12.8 12.8 12.8zM496 400H48V80c0-8.84-7.16-16-16-16H16C7.16 64 0 71.16 0 80v336c0 17.67 14.33 32 32 32h464c8.84 0 16-7.16 16-16v-16c0-8.84-7.16-16-16-16zm-387.2-48h22.4c6.4 0 12.8-6.4 12.8-12.8v-70.4c0-6.4-6.4-12.8-12.8-12.8h-22.4c-6.4 0-12.8 6.4-12.8 12.8v70.4c0 6.4 6.4 12.8 12.8 12.8z\" class=\"\"><\/path><\/svg><\/i> <img loading=\"lazy\" decoding=\"async\" width=\"16\" height=\"16\" alt=\"Loading\" src=\"https:\/\/www.ozono21.com\/blog\/wp-content\/plugins\/page-views-count\/ajax-loader-2x.gif\" border=0 \/><\/p>\n<div class=\"pvc_clear\"><\/div>\n","protected":false},"author":1,"featured_media":5215092,"comment_status":"open","ping_status":"open","sticky":false,"template":"","format":"standard","meta":{"_exactmetrics_skip_tracking":false,"_exactmetrics_sitenote_active":false,"_exactmetrics_sitenote_note":"","_exactmetrics_sitenote_category":0,"_jetpack_memberships_contains_paid_content":false,"footnotes":"","jetpack_publicize_message":"","jetpack_publicize_feature_enabled":true,"jetpack_social_post_already_shared":false,"jetpack_social_options":{"image_generator_settings":{"template":"highway","default_image_id":0,"font":"","enabled":false},"version":2}},"categories":[9,11,13,10],"tags":[24,37,21],"class_list":["post-86","post","type-post","status-publish","format-standard","has-post-thumbnail","hentry","category-alimentos","category-higiene","category-medioambiente","category-ozono21","tag-alimentos-2","tag-ecologico","tag-salud-2"],"a3_pvc":{"activated":true,"total_views":5782,"today_views":0},"yoast_head":"<!-- This site is optimized with the Yoast SEO plugin v27.4 - https:\/\/yoast.com\/product\/yoast-seo-wordpress\/ -->\n<title>Alimentos ecologicos detr\u00e1s de tradicionales<\/title>\n<meta name=\"description\" content=\"El consumo de alimentos ECOLOGICOS muy por detr\u00e1s de alimentos con denominaci\u00f3n. Consumidores asturianos alimentos ECOLOGICOS en el \u00faltimo a\u00f1o\" \/>\n<meta name=\"robots\" content=\"index, follow, max-snippet:-1, max-image-preview:large, max-video-preview:-1\" \/>\n<link rel=\"canonical\" href=\"https:\/\/www.ozono21.com\/blog\/alimentos\/alimentos-ecologicos-detras-tradicionales\/\" \/>\n<meta property=\"og:locale\" content=\"es_ES\" \/>\n<meta property=\"og:type\" content=\"article\" \/>\n<meta property=\"og:title\" content=\"Alimentos ecologicos detr\u00e1s de tradicionales\" \/>\n<meta property=\"og:description\" content=\"El consumo de alimentos ECOLOGICOS muy por detr\u00e1s de alimentos con denominaci\u00f3n. Consumidores asturianos alimentos ECOLOGICOS en el \u00faltimo a\u00f1o\" \/>\n<meta property=\"og:url\" content=\"https:\/\/www.ozono21.com\/blog\/alimentos\/alimentos-ecologicos-detras-tradicionales\/\" \/>\n<meta property=\"og:site_name\" content=\"- Blog Ozono21\" \/>\n<meta property=\"article:published_time\" content=\"2008-01-05T18:29:00+00:00\" \/>\n<meta property=\"article:modified_time\" content=\"2026-02-01T20:50:27+00:00\" \/>\n<meta property=\"og:image\" content=\"https:\/\/www.ozono21.com\/blog\/wp-content\/uploads\/2007\/11\/FRUTAS-y-HORATLIZAS-e1457910427388.png\" \/>\n\t<meta property=\"og:image:width\" content=\"505\" \/>\n\t<meta property=\"og:image:height\" content=\"470\" \/>\n\t<meta property=\"og:image:type\" content=\"image\/png\" \/>\n<meta name=\"author\" content=\"INVESTIGACION Ozono21\" \/>\n<meta name=\"twitter:label1\" content=\"Escrito por\" \/>\n\t<meta name=\"twitter:data1\" content=\"INVESTIGACION Ozono21\" \/>\n\t<meta name=\"twitter:label2\" content=\"Tiempo de lectura\" \/>\n\t<meta name=\"twitter:data2\" content=\"2 minutos\" \/>\n<script type=\"application\/ld+json\" class=\"yoast-schema-graph\">{\"@context\":\"https:\\\/\\\/schema.org\",\"@graph\":[{\"@type\":\"Article\",\"@id\":\"https:\\\/\\\/www.ozono21.com\\\/blog\\\/alimentos\\\/alimentos-ecologicos-detras-tradicionales\\\/#article\",\"isPartOf\":{\"@id\":\"https:\\\/\\\/www.ozono21.com\\\/blog\\\/alimentos\\\/alimentos-ecologicos-detras-tradicionales\\\/\"},\"author\":{\"name\":\"INVESTIGACION Ozono21\",\"@id\":\"https:\\\/\\\/www.ozono21.com\\\/blog\\\/#\\\/schema\\\/person\\\/16639932c214a173193498aee8204d12\"},\"headline\":\"El consumo de alimentos ECOLOGICOS muy por detr\u00e1s de alimentos con denominaci\u00f3n\",\"datePublished\":\"2008-01-05T18:29:00+00:00\",\"dateModified\":\"2026-02-01T20:50:27+00:00\",\"mainEntityOfPage\":{\"@id\":\"https:\\\/\\\/www.ozono21.com\\\/blog\\\/alimentos\\\/alimentos-ecologicos-detras-tradicionales\\\/\"},\"wordCount\":326,\"commentCount\":0,\"image\":{\"@id\":\"https:\\\/\\\/www.ozono21.com\\\/blog\\\/alimentos\\\/alimentos-ecologicos-detras-tradicionales\\\/#primaryimage\"},\"thumbnailUrl\":\"https:\\\/\\\/www.ozono21.com\\\/blog\\\/wp-content\\\/uploads\\\/2007\\\/11\\\/FRUTAS-y-HORATLIZAS-e1457910427388.png\",\"keywords\":[\"Alimentos\",\"Ecol\u00f3gico\",\"Salud\"],\"articleSection\":[\"Alimentos\",\"Higiene\",\"MedioAmbiente\",\"Ozono21\"],\"inLanguage\":\"es\",\"potentialAction\":[{\"@type\":\"CommentAction\",\"name\":\"Comment\",\"target\":[\"https:\\\/\\\/www.ozono21.com\\\/blog\\\/alimentos\\\/alimentos-ecologicos-detras-tradicionales\\\/#respond\"]}]},{\"@type\":\"WebPage\",\"@id\":\"https:\\\/\\\/www.ozono21.com\\\/blog\\\/alimentos\\\/alimentos-ecologicos-detras-tradicionales\\\/\",\"url\":\"https:\\\/\\\/www.ozono21.com\\\/blog\\\/alimentos\\\/alimentos-ecologicos-detras-tradicionales\\\/\",\"name\":\"Alimentos ecologicos detr\u00e1s de tradicionales\",\"isPartOf\":{\"@id\":\"https:\\\/\\\/www.ozono21.com\\\/blog\\\/#website\"},\"primaryImageOfPage\":{\"@id\":\"https:\\\/\\\/www.ozono21.com\\\/blog\\\/alimentos\\\/alimentos-ecologicos-detras-tradicionales\\\/#primaryimage\"},\"image\":{\"@id\":\"https:\\\/\\\/www.ozono21.com\\\/blog\\\/alimentos\\\/alimentos-ecologicos-detras-tradicionales\\\/#primaryimage\"},\"thumbnailUrl\":\"https:\\\/\\\/www.ozono21.com\\\/blog\\\/wp-content\\\/uploads\\\/2007\\\/11\\\/FRUTAS-y-HORATLIZAS-e1457910427388.png\",\"datePublished\":\"2008-01-05T18:29:00+00:00\",\"dateModified\":\"2026-02-01T20:50:27+00:00\",\"author\":{\"@id\":\"https:\\\/\\\/www.ozono21.com\\\/blog\\\/#\\\/schema\\\/person\\\/16639932c214a173193498aee8204d12\"},\"description\":\"El consumo de alimentos ECOLOGICOS muy por detr\u00e1s de alimentos con denominaci\u00f3n. Consumidores asturianos alimentos ECOLOGICOS en el \u00faltimo a\u00f1o\",\"breadcrumb\":{\"@id\":\"https:\\\/\\\/www.ozono21.com\\\/blog\\\/alimentos\\\/alimentos-ecologicos-detras-tradicionales\\\/#breadcrumb\"},\"inLanguage\":\"es\",\"potentialAction\":[{\"@type\":\"ReadAction\",\"target\":[\"https:\\\/\\\/www.ozono21.com\\\/blog\\\/alimentos\\\/alimentos-ecologicos-detras-tradicionales\\\/\"]}]},{\"@type\":\"ImageObject\",\"inLanguage\":\"es\",\"@id\":\"https:\\\/\\\/www.ozono21.com\\\/blog\\\/alimentos\\\/alimentos-ecologicos-detras-tradicionales\\\/#primaryimage\",\"url\":\"https:\\\/\\\/www.ozono21.com\\\/blog\\\/wp-content\\\/uploads\\\/2007\\\/11\\\/FRUTAS-y-HORATLIZAS-e1457910427388.png\",\"contentUrl\":\"https:\\\/\\\/www.ozono21.com\\\/blog\\\/wp-content\\\/uploads\\\/2007\\\/11\\\/FRUTAS-y-HORATLIZAS-e1457910427388.png\",\"width\":505,\"height\":470},{\"@type\":\"BreadcrumbList\",\"@id\":\"https:\\\/\\\/www.ozono21.com\\\/blog\\\/alimentos\\\/alimentos-ecologicos-detras-tradicionales\\\/#breadcrumb\",\"itemListElement\":[{\"@type\":\"ListItem\",\"position\":1,\"name\":\"Portada\",\"item\":\"https:\\\/\\\/www.ozono21.com\\\/blog\\\/\"},{\"@type\":\"ListItem\",\"position\":2,\"name\":\"El consumo de alimentos ECOLOGICOS muy por detr\u00e1s de alimentos con denominaci\u00f3n\"}]},{\"@type\":\"WebSite\",\"@id\":\"https:\\\/\\\/www.ozono21.com\\\/blog\\\/#website\",\"url\":\"https:\\\/\\\/www.ozono21.com\\\/blog\\\/\",\"name\":\"Blog Ozono21\",\"description\":\" - Blog Ozono21\",\"potentialAction\":[{\"@type\":\"SearchAction\",\"target\":{\"@type\":\"EntryPoint\",\"urlTemplate\":\"https:\\\/\\\/www.ozono21.com\\\/blog\\\/?s={search_term_string}\"},\"query-input\":{\"@type\":\"PropertyValueSpecification\",\"valueRequired\":true,\"valueName\":\"search_term_string\"}}],\"inLanguage\":\"es\"},{\"@type\":\"Person\",\"@id\":\"https:\\\/\\\/www.ozono21.com\\\/blog\\\/#\\\/schema\\\/person\\\/16639932c214a173193498aee8204d12\",\"name\":\"INVESTIGACION Ozono21\",\"image\":{\"@type\":\"ImageObject\",\"inLanguage\":\"es\",\"@id\":\"https:\\\/\\\/secure.gravatar.com\\\/avatar\\\/f00ed9ac57a3eea6b9830d73dc9f9214775648c7763edcb20475eb83509b31fd?s=96&d=mm&r=g\",\"url\":\"https:\\\/\\\/secure.gravatar.com\\\/avatar\\\/f00ed9ac57a3eea6b9830d73dc9f9214775648c7763edcb20475eb83509b31fd?s=96&d=mm&r=g\",\"contentUrl\":\"https:\\\/\\\/secure.gravatar.com\\\/avatar\\\/f00ed9ac57a3eea6b9830d73dc9f9214775648c7763edcb20475eb83509b31fd?s=96&d=mm&r=g\",\"caption\":\"INVESTIGACION Ozono21\"}}]}<\/script>\n<!-- \/ Yoast SEO plugin. -->","yoast_head_json":{"title":"Alimentos ecologicos detr\u00e1s de tradicionales","description":"El consumo de alimentos ECOLOGICOS muy por detr\u00e1s de alimentos con denominaci\u00f3n. Consumidores asturianos alimentos ECOLOGICOS en el \u00faltimo a\u00f1o","robots":{"index":"index","follow":"follow","max-snippet":"max-snippet:-1","max-image-preview":"max-image-preview:large","max-video-preview":"max-video-preview:-1"},"canonical":"https:\/\/www.ozono21.com\/blog\/alimentos\/alimentos-ecologicos-detras-tradicionales\/","og_locale":"es_ES","og_type":"article","og_title":"Alimentos ecologicos detr\u00e1s de tradicionales","og_description":"El consumo de alimentos ECOLOGICOS muy por detr\u00e1s de alimentos con denominaci\u00f3n. Consumidores asturianos alimentos ECOLOGICOS en el \u00faltimo a\u00f1o","og_url":"https:\/\/www.ozono21.com\/blog\/alimentos\/alimentos-ecologicos-detras-tradicionales\/","og_site_name":"- Blog Ozono21","article_published_time":"2008-01-05T18:29:00+00:00","article_modified_time":"2026-02-01T20:50:27+00:00","og_image":[{"width":505,"height":470,"url":"https:\/\/www.ozono21.com\/blog\/wp-content\/uploads\/2007\/11\/FRUTAS-y-HORATLIZAS-e1457910427388.png","type":"image\/png"}],"author":"INVESTIGACION Ozono21","twitter_misc":{"Escrito por":"INVESTIGACION Ozono21","Tiempo de lectura":"2 minutos"},"schema":{"@context":"https:\/\/schema.org","@graph":[{"@type":"Article","@id":"https:\/\/www.ozono21.com\/blog\/alimentos\/alimentos-ecologicos-detras-tradicionales\/#article","isPartOf":{"@id":"https:\/\/www.ozono21.com\/blog\/alimentos\/alimentos-ecologicos-detras-tradicionales\/"},"author":{"name":"INVESTIGACION Ozono21","@id":"https:\/\/www.ozono21.com\/blog\/#\/schema\/person\/16639932c214a173193498aee8204d12"},"headline":"El consumo de alimentos ECOLOGICOS muy por detr\u00e1s de alimentos con denominaci\u00f3n","datePublished":"2008-01-05T18:29:00+00:00","dateModified":"2026-02-01T20:50:27+00:00","mainEntityOfPage":{"@id":"https:\/\/www.ozono21.com\/blog\/alimentos\/alimentos-ecologicos-detras-tradicionales\/"},"wordCount":326,"commentCount":0,"image":{"@id":"https:\/\/www.ozono21.com\/blog\/alimentos\/alimentos-ecologicos-detras-tradicionales\/#primaryimage"},"thumbnailUrl":"https:\/\/www.ozono21.com\/blog\/wp-content\/uploads\/2007\/11\/FRUTAS-y-HORATLIZAS-e1457910427388.png","keywords":["Alimentos","Ecol\u00f3gico","Salud"],"articleSection":["Alimentos","Higiene","MedioAmbiente","Ozono21"],"inLanguage":"es","potentialAction":[{"@type":"CommentAction","name":"Comment","target":["https:\/\/www.ozono21.com\/blog\/alimentos\/alimentos-ecologicos-detras-tradicionales\/#respond"]}]},{"@type":"WebPage","@id":"https:\/\/www.ozono21.com\/blog\/alimentos\/alimentos-ecologicos-detras-tradicionales\/","url":"https:\/\/www.ozono21.com\/blog\/alimentos\/alimentos-ecologicos-detras-tradicionales\/","name":"Alimentos ecologicos detr\u00e1s de tradicionales","isPartOf":{"@id":"https:\/\/www.ozono21.com\/blog\/#website"},"primaryImageOfPage":{"@id":"https:\/\/www.ozono21.com\/blog\/alimentos\/alimentos-ecologicos-detras-tradicionales\/#primaryimage"},"image":{"@id":"https:\/\/www.ozono21.com\/blog\/alimentos\/alimentos-ecologicos-detras-tradicionales\/#primaryimage"},"thumbnailUrl":"https:\/\/www.ozono21.com\/blog\/wp-content\/uploads\/2007\/11\/FRUTAS-y-HORATLIZAS-e1457910427388.png","datePublished":"2008-01-05T18:29:00+00:00","dateModified":"2026-02-01T20:50:27+00:00","author":{"@id":"https:\/\/www.ozono21.com\/blog\/#\/schema\/person\/16639932c214a173193498aee8204d12"},"description":"El consumo de alimentos ECOLOGICOS muy por detr\u00e1s de alimentos con denominaci\u00f3n. Consumidores asturianos alimentos ECOLOGICOS en el \u00faltimo a\u00f1o","breadcrumb":{"@id":"https:\/\/www.ozono21.com\/blog\/alimentos\/alimentos-ecologicos-detras-tradicionales\/#breadcrumb"},"inLanguage":"es","potentialAction":[{"@type":"ReadAction","target":["https:\/\/www.ozono21.com\/blog\/alimentos\/alimentos-ecologicos-detras-tradicionales\/"]}]},{"@type":"ImageObject","inLanguage":"es","@id":"https:\/\/www.ozono21.com\/blog\/alimentos\/alimentos-ecologicos-detras-tradicionales\/#primaryimage","url":"https:\/\/www.ozono21.com\/blog\/wp-content\/uploads\/2007\/11\/FRUTAS-y-HORATLIZAS-e1457910427388.png","contentUrl":"https:\/\/www.ozono21.com\/blog\/wp-content\/uploads\/2007\/11\/FRUTAS-y-HORATLIZAS-e1457910427388.png","width":505,"height":470},{"@type":"BreadcrumbList","@id":"https:\/\/www.ozono21.com\/blog\/alimentos\/alimentos-ecologicos-detras-tradicionales\/#breadcrumb","itemListElement":[{"@type":"ListItem","position":1,"name":"Portada","item":"https:\/\/www.ozono21.com\/blog\/"},{"@type":"ListItem","position":2,"name":"El consumo de alimentos ECOLOGICOS muy por detr\u00e1s de alimentos con denominaci\u00f3n"}]},{"@type":"WebSite","@id":"https:\/\/www.ozono21.com\/blog\/#website","url":"https:\/\/www.ozono21.com\/blog\/","name":"Blog Ozono21","description":" - Blog Ozono21","potentialAction":[{"@type":"SearchAction","target":{"@type":"EntryPoint","urlTemplate":"https:\/\/www.ozono21.com\/blog\/?s={search_term_string}"},"query-input":{"@type":"PropertyValueSpecification","valueRequired":true,"valueName":"search_term_string"}}],"inLanguage":"es"},{"@type":"Person","@id":"https:\/\/www.ozono21.com\/blog\/#\/schema\/person\/16639932c214a173193498aee8204d12","name":"INVESTIGACION Ozono21","image":{"@type":"ImageObject","inLanguage":"es","@id":"https:\/\/secure.gravatar.com\/avatar\/f00ed9ac57a3eea6b9830d73dc9f9214775648c7763edcb20475eb83509b31fd?s=96&d=mm&r=g","url":"https:\/\/secure.gravatar.com\/avatar\/f00ed9ac57a3eea6b9830d73dc9f9214775648c7763edcb20475eb83509b31fd?s=96&d=mm&r=g","contentUrl":"https:\/\/secure.gravatar.com\/avatar\/f00ed9ac57a3eea6b9830d73dc9f9214775648c7763edcb20475eb83509b31fd?s=96&d=mm&r=g","caption":"INVESTIGACION Ozono21"}}]}},"jetpack_publicize_connections":[],"jetpack_featured_media_url":"https:\/\/www.ozono21.com\/blog\/wp-content\/uploads\/2007\/11\/FRUTAS-y-HORATLIZAS-e1457910427388.png","jetpack_sharing_enabled":true,"_links":{"self":[{"href":"https:\/\/www.ozono21.com\/blog\/wp-json\/wp\/v2\/posts\/86","targetHints":{"allow":["GET"]}}],"collection":[{"href":"https:\/\/www.ozono21.com\/blog\/wp-json\/wp\/v2\/posts"}],"about":[{"href":"https:\/\/www.ozono21.com\/blog\/wp-json\/wp\/v2\/types\/post"}],"author":[{"embeddable":true,"href":"https:\/\/www.ozono21.com\/blog\/wp-json\/wp\/v2\/users\/1"}],"replies":[{"embeddable":true,"href":"https:\/\/www.ozono21.com\/blog\/wp-json\/wp\/v2\/comments?post=86"}],"version-history":[{"count":0,"href":"https:\/\/www.ozono21.com\/blog\/wp-json\/wp\/v2\/posts\/86\/revisions"}],"wp:featuredmedia":[{"embeddable":true,"href":"https:\/\/www.ozono21.com\/blog\/wp-json\/wp\/v2\/media\/5215092"}],"wp:attachment":[{"href":"https:\/\/www.ozono21.com\/blog\/wp-json\/wp\/v2\/media?parent=86"}],"wp:term":[{"taxonomy":"category","embeddable":true,"href":"https:\/\/www.ozono21.com\/blog\/wp-json\/wp\/v2\/categories?post=86"},{"taxonomy":"post_tag","embeddable":true,"href":"https:\/\/www.ozono21.com\/blog\/wp-json\/wp\/v2\/tags?post=86"}],"curies":[{"name":"wp","href":"https:\/\/api.w.org\/{rel}","templated":true}]}}