{"id":70,"date":"2007-11-20T23:06:00","date_gmt":"2007-11-20T21:06:00","guid":{"rendered":"https:\/\/www.ozono21.com\/blog\/70\/sin-categoria\/los-neumologos-alertan-de-que-la-epoc-esta-infradiagnosticada-en-espana\/"},"modified":"2026-02-02T12:38:04","modified_gmt":"2026-02-02T10:38:04","slug":"epoc-infradiagnosticada-espana","status":"publish","type":"post","link":"https:\/\/www.ozono21.com\/blog\/salud\/epoc-infradiagnosticada-espana\/","title":{"rendered":"Los neum\u00f3logos alertan de que la EPOC est\u00e1 infradiagnosticada en Espa\u00f1a"},"content":{"rendered":"<p style=\"text-align: justify;\">\n<h2 style=\"text-align: justify;\"><STRONG><img decoding=\"async\" id=\"BLOGGER_PHOTO_ID_5135037630518045154\" style=\"float: left; margin: 0px 10px 10px 0px; cursor: hand;\" src=\"https:\/\/4.bp.blogspot.com\/_IBPlVqONz58\/R0NRhLNKqeI\/AAAAAAAAAOc\/Z8WMd2Y_Ih0\/s320\/fumar_1.gif\" border=\"0\" alt=\" epoc \" title=\"Los neum\u00f3logos alertan de que la EPOC est\u00e1 infradiagnosticada en Espa\u00f1a\"  \/><a title=\"Ozono AIRE\"  href=\"https:\/\/www.ozono21.com\/sectores-pagina\/domesticos\/dormitorios-salones\/32\/\" target=\"_blank\" rel=\"noopener noreferrer\"> El 80% de los afectados desconocen que padecen la enfermedad.<\/a><\/STRONG><\/h2>\n<\/p>\n<p style=\"text-align: justify;\"><STRONG><a title=\"Ozono AIRE\"  href=\"https:\/\/www.ozono21.com\/sectores-pagina\/domesticos\/dormitorios-salones\/32\/\" target=\"_blank\" rel=\"noopener noreferrer\">S\u00f3lo una peque\u00f1a parte de la poblaci\u00f3n adulta espa\u00f1ola que padece la <strong>enfermedad pulmonar obstructiva cr\u00f3nica (EPOC)<\/strong>, el 9%, est\u00e1 diagnosticada.<\/a><\/STRONG><\/p>\n<p>Fuente: consumer.es (13 de noviembre de 2007)<\/p>\n<p style=\"text-align: justify;\">El 80% de los pacientes con EPOC desconocen que tienen la enfermedad y, por lo tanto, no acceden al tratamiento o lo hacen en fases ya muy avanzadas, cuando surgen complicaciones como la insuficiencia respiratoria.<\/p>\n<p style=\"text-align: justify;\">Estos son los datos que maneja la <strong>Sociedad Espa\u00f1ola de Neumolog\u00eda y Cirug\u00eda Tor\u00e1cica (SEPAR),<\/strong> que cita como posibles causas de este infradiagn\u00f3stico la insuficiente utilizaci\u00f3n de la espirometr\u00eda -la t\u00e9cnica para detectar la EPOC- en la medicina primaria y la existencia de un largo periodo en fase de enfermedad leve y poco sintom\u00e1tica que los fumadores confunden con la disnea natural del envejecimiento o la tos del fumador.<\/p>\n<p style=\"text-align: justify;\"><strong>\u00abLas personas mayores de 40 a\u00f1os que sufren tos, expectoraci\u00f3n y dificultad para respirar, y son fumadores o han fumado, deber\u00edan acudir a su m\u00e9dico y realizar una espirometr\u00eda para descartar que sufren esta enfermedad pulmonar\u00bb, <\/strong><strong>aconseja el doctor Julio Ancochea, presidente de la SEPAR.<\/strong><\/p>\n<p style=\"text-align: justify;\">Este experto recuerda que la EPOC es prevenible y tratable, sobre todo si se diagnostica en la primera fase de su desarrollo. Y a\u00f1ade: <strong>\u00abdejar de fumar y cuidar el medio ambiente son claves para evitar esta enfermedad, que se perfila como la tercera causa de muerte en el a\u00f1o 2020\u00bb. <\/strong><\/p>\n<p><big><strong><a title=\"Generadores de Ozono21\" href=\"https:\/\/www.ozono21.com\/productos-ozono\" target=\"_blank\" rel=\"noopener noreferrer\">Muerte prevenible<\/a><\/strong><\/big><\/p>\n<p style=\"text-align: justify;\"><strong>La EPOC es una inflamaci\u00f3n de los pulmones que sucede como respuesta principalmente al humo del tabaco y a otros factores de riesgo ambientales como la contaminaci\u00f3n, que causa una obstrucci\u00f3n de las v\u00edas a\u00e9reas que no llega a ser completamente reversible.<\/strong><\/p>\n<p style=\"text-align: justify;\"><strong>En Espa\u00f1a mueren por esta patolog\u00eda unas 18.000 personas al a\u00f1o y hasta tres millones en todo el mundo. <\/strong>Su primer factor desencadenante, el tabaco, es totalmente evitable. \u00abDe ah\u00ed la importancia de las campa\u00f1as encaminadas a la sensibilizaci\u00f3n contra el tabaquismo\u00bb, se\u00f1ala Germ\u00e1n Peces-Barba, coordinador del \u00c1rea de EPOC de la SEPAR.<\/p>\n<p style=\"text-align: justify;\">Este neum\u00f3logo advierte de que <strong>\u00abm\u00e1s del 20% de los fumadores que hayan consumido un promedio de una cajetilla diaria durante 15 a\u00f1os o m\u00e1s puede desarrollar EPOC\u00bb<\/strong> y a\u00f1ade que la enfermedad \u00abse est\u00e1 presentando en edades cada vez m\u00e1s tempranas, pudiendo aparecer incluso por debajo de los 40 a\u00f1os de edad y se prev\u00e9 un aumento del n\u00famero de casos en mujeres\u00bb.<\/p>\n<p style=\"text-align: justify;\">Marc Miravitlles, neum\u00f3logo del Hospital Cl\u00ednic de Barcelona, tambi\u00e9n lanza la voz de alarma: <strong>\u00abparece que viviremos una verdadera epidemia de EPOC en los pr\u00f3ximos a\u00f1os, debido a los efectos relacionados con la exposici\u00f3n tab\u00e1quica y al envejecimiento paulatino de la poblaci\u00f3n\u00bb.<\/strong><\/p>\n<p><big><strong><a title=\"Generadores de Ozono21\" href=\"https:\/\/www.ozono21.com\/productos-ozono\" target=\"_blank\" rel=\"noopener noreferrer\">El coste de la EPOC<\/a><\/strong><\/big><\/p>\n<p style=\"text-align: justify;\"><strong><\/strong>La EPOC es una patolog\u00eda que, en sus fases finales, requiere una gran asistencia social y sanitaria por la incapacidad f\u00edsica que puede llegar a producir en los pacientes afectados y el incremento del n\u00famero de exacerbaciones graves que se produce en este periodo.<\/p>\n<p style=\"text-align: justify;\"><strong>Adem\u00e1s, supone un elevado coste econ\u00f3mico que incluye los gatos directos que provocan la medicaci\u00f3n, la hospitalizaci\u00f3n y otros cuidados sanitarios, as\u00ed como los costes indirectos motivados por las bajas laborales de los pacientes o de los familiares que est\u00e1n a su cuidado.<\/strong><\/p>\n<p style=\"text-align: justify;\"><strong>Del estudio \u00abThe Burden of COPD in Spain\u00bb se extrae<\/strong> que la EPOC supone un costo directo anual de 3.538 euros por paciente, un 84% imputable a ingresos hospitalarios. La enfermedad provoca entre el 10% y el 12% de las consultas en los centros de atenci\u00f3n primaria y unos 100.000 ingresos hospitalarios, que alcanzan entre el 7% y el 8% del total de los que se producen en Espa\u00f1a.<\/p>\n<p style=\"text-align: justify;\">El coste total de la enfermedad en nuestro pa\u00eds se eleva a 3.000 millones de euros al a\u00f1o, lo que representan el 2% del presupuesto del Ministerio de Sanidad y Consumo.<\/p>\n<table border=\"3\" cellspacing=\"0\" cellpadding=\"0\">\n<tbody>\n<tr>\n<td bgcolor=\"#3b7cff\" height=\"25\" width=\"600\" align=\"center\"><strong><a title=\"Actualidad ACCION del OZONO\" href=\"https:\/\/www.ozono21.com\/actualidad-interna\/accion-del-ozono\/423\/\" target=\"_blank\" rel=\"noopener noreferrer\"><img loading=\"lazy\" decoding=\"async\" src=\"https:\/\/www.ozono21.com\/blog\/wp-content\/uploads\/2014\/06\/Noticias-Relacionadas.png\" alt=\"Noticias Relacionadas\" width=\"600\" height=\"25\" style=\"margin: 0px 0px 0px 0px; cursor: hand; border: 0px;\"><\/a><\/strong>\n<\/td>\n<\/tr>\n<\/tbody>\n<\/table>\n<p><big><\/p>\n<table border=\"0\" cellspacing=\"0\" cellpadding=\"0\">\n<tbody>\n<tr>\n<td align=\"center\" width=\"150\" height=\"150\"> <a title=\" Post sobre EPOC \" href=\"https:\/\/www.ozono21.com\/blog\/?s=EPOC\" target=\"_blank\"   rel=\"noopener noreferrer\"><img loading=\"lazy\" decoding=\"async\" class=\"alignleft size-thumbnail wp-image-5212354\" style=\"margin: 10px 10px 0px 30px; border: 0px;\"  src=\"https:\/\/4.bp.blogspot.com\/_IBPlVqONz58\/R0NRhLNKqeI\/AAAAAAAAAOc\/Z8WMd2Y_Ih0\/s320\/fumar_1.gif\"  alt=\"Post sobre EPOC \" title=\"Post sobre EPOC  \"  width=\"150\" height=\"150\" \/><\/a><\/td>\n<td style=\"text-align: left; vertical-align: middle;\" width=\"300\" height=\"150\"><strong><a title=\"Post sobre EPOC \" href=\"https:\/\/www.ozono21.com\/blog\/?s=EPOC\" target=\"_blank\" rel=\"noopener noreferrer\">Post sobre EPOC<\/a><\/strong><\/td>\n<\/tr>\n<\/tbody>\n<\/table>\n<p><\/big><\/p>\n<table border=\"3\" cellspacing=\"0\" cellpadding=\"0\">\n<tbody>\n<tr>\n<td bgcolor=\"#3b7cff\" height=\"25\" width=\"600\" align=\"center\"><strong><a title=\"Videos YouTube\" target=\"_blank\" href=\"http:\/\/www.youtube.com\/user\/ozono21\/videos?sort=p&amp;view=0&amp;flow=grid\" rel=\"noopener noreferrer\"><img loading=\"lazy\" decoding=\"async\" src=\"https:\/\/www.ozono21.com\/blog\/wp-content\/uploads\/2014\/06\/Videos-Youtube.png\" alt=\"Videos Youtube\" width=\"600\" height=\"25\" style=\"margin: 0px 0px 0px 0px; cursor: hand; border: 0px;\"><\/a><\/strong>\n<\/td>\n<\/tr>\n<\/tbody>\n<\/table>\n<p>&nbsp;<\/P><\/p>\n<p style=\"text-align: center;\"><iframe loading=\"lazy\" width=\"640\" height=\"480\" src=\"https:\/\/www.youtube.com\/embed\/RzSTmkhadGE\" frameborder=\"0\" allow=\"accelerometer; autoplay; encrypted-media; gyroscope; picture-in-picture\" allowfullscreen><\/iframe><\/p>\n<div class=\"pvc_clear\"><\/div>\n<p id=\"pvc_stats_70\" class=\"pvc_stats total_only  \" data-element-id=\"70\" style=\"\"><i class=\"pvc-stats-icon small\" aria-hidden=\"true\"><svg aria-hidden=\"true\" focusable=\"false\" data-prefix=\"far\" data-icon=\"chart-bar\" role=\"img\" xmlns=\"http:\/\/www.w3.org\/2000\/svg\" viewBox=\"0 0 512 512\" class=\"svg-inline--fa fa-chart-bar fa-w-16 fa-2x\"><path fill=\"currentColor\" d=\"M396.8 352h22.4c6.4 0 12.8-6.4 12.8-12.8V108.8c0-6.4-6.4-12.8-12.8-12.8h-22.4c-6.4 0-12.8 6.4-12.8 12.8v230.4c0 6.4 6.4 12.8 12.8 12.8zm-192 0h22.4c6.4 0 12.8-6.4 12.8-12.8V140.8c0-6.4-6.4-12.8-12.8-12.8h-22.4c-6.4 0-12.8 6.4-12.8 12.8v198.4c0 6.4 6.4 12.8 12.8 12.8zm96 0h22.4c6.4 0 12.8-6.4 12.8-12.8V204.8c0-6.4-6.4-12.8-12.8-12.8h-22.4c-6.4 0-12.8 6.4-12.8 12.8v134.4c0 6.4 6.4 12.8 12.8 12.8zM496 400H48V80c0-8.84-7.16-16-16-16H16C7.16 64 0 71.16 0 80v336c0 17.67 14.33 32 32 32h464c8.84 0 16-7.16 16-16v-16c0-8.84-7.16-16-16-16zm-387.2-48h22.4c6.4 0 12.8-6.4 12.8-12.8v-70.4c0-6.4-6.4-12.8-12.8-12.8h-22.4c-6.4 0-12.8 6.4-12.8 12.8v70.4c0 6.4 6.4 12.8 12.8 12.8z\" class=\"\"><\/path><\/svg><\/i> <img loading=\"lazy\" decoding=\"async\" width=\"16\" height=\"16\" alt=\"Loading\" src=\"https:\/\/www.ozono21.com\/blog\/wp-content\/plugins\/page-views-count\/ajax-loader-2x.gif\" border=0 \/><\/p>\n<div class=\"pvc_clear\"><\/div>\n","protected":false},"excerpt":{"rendered":"<p>El 80% de los afectados desconocen que padecen la enfermedad. S\u00f3lo una peque\u00f1a parte de la poblaci\u00f3n adulta espa\u00f1ola que padece la enfermedad pulmonar obstructiva cr\u00f3nica (EPOC), el 9%, est\u00e1 diagnosticada. Fuente: consumer.es (13 de noviembre de 2007) El 80% &hellip; <a href=\"https:\/\/www.ozono21.com\/blog\/salud\/epoc-infradiagnosticada-espana\/\">Sigue leyendo <span class=\"meta-nav\">&rarr;<\/span><\/a><\/p>\n<div class=\"pvc_clear\"><\/div>\n<p id=\"pvc_stats_70\" class=\"pvc_stats total_only  \" data-element-id=\"70\" style=\"\"><i class=\"pvc-stats-icon small\" aria-hidden=\"true\"><svg aria-hidden=\"true\" focusable=\"false\" data-prefix=\"far\" data-icon=\"chart-bar\" role=\"img\" xmlns=\"http:\/\/www.w3.org\/2000\/svg\" viewBox=\"0 0 512 512\" class=\"svg-inline--fa fa-chart-bar fa-w-16 fa-2x\"><path fill=\"currentColor\" d=\"M396.8 352h22.4c6.4 0 12.8-6.4 12.8-12.8V108.8c0-6.4-6.4-12.8-12.8-12.8h-22.4c-6.4 0-12.8 6.4-12.8 12.8v230.4c0 6.4 6.4 12.8 12.8 12.8zm-192 0h22.4c6.4 0 12.8-6.4 12.8-12.8V140.8c0-6.4-6.4-12.8-12.8-12.8h-22.4c-6.4 0-12.8 6.4-12.8 12.8v198.4c0 6.4 6.4 12.8 12.8 12.8zm96 0h22.4c6.4 0 12.8-6.4 12.8-12.8V204.8c0-6.4-6.4-12.8-12.8-12.8h-22.4c-6.4 0-12.8 6.4-12.8 12.8v134.4c0 6.4 6.4 12.8 12.8 12.8zM496 400H48V80c0-8.84-7.16-16-16-16H16C7.16 64 0 71.16 0 80v336c0 17.67 14.33 32 32 32h464c8.84 0 16-7.16 16-16v-16c0-8.84-7.16-16-16-16zm-387.2-48h22.4c6.4 0 12.8-6.4 12.8-12.8v-70.4c0-6.4-6.4-12.8-12.8-12.8h-22.4c-6.4 0-12.8 6.4-12.8 12.8v70.4c0 6.4 6.4 12.8 12.8 12.8z\" class=\"\"><\/path><\/svg><\/i> <img loading=\"lazy\" decoding=\"async\" width=\"16\" height=\"16\" alt=\"Loading\" src=\"https:\/\/www.ozono21.com\/blog\/wp-content\/plugins\/page-views-count\/ajax-loader-2x.gif\" border=0 \/><\/p>\n<div class=\"pvc_clear\"><\/div>\n","protected":false},"author":1,"featured_media":5214996,"comment_status":"open","ping_status":"open","sticky":false,"template":"","format":"standard","meta":{"_exactmetrics_skip_tracking":false,"_exactmetrics_sitenote_active":false,"_exactmetrics_sitenote_note":"","_exactmetrics_sitenote_category":0,"_jetpack_memberships_contains_paid_content":false,"footnotes":"","jetpack_publicize_message":"","jetpack_publicize_feature_enabled":true,"jetpack_social_post_already_shared":false,"jetpack_social_options":{"image_generator_settings":{"template":"highway","default_image_id":0,"font":"","enabled":false},"version":2}},"categories":[8,10,7],"tags":[69,21],"class_list":["post-70","post","type-post","status-publish","format-standard","has-post-thumbnail","hentry","category-aire","category-ozono21","category-salud","tag-aire","tag-salud-2"],"a3_pvc":{"activated":true,"total_views":4544,"today_views":0},"yoast_head":"<!-- This site is optimized with the Yoast SEO plugin v27.5 - https:\/\/yoast.com\/product\/yoast-seo-wordpress\/ -->\n<title>EPOC est\u00e1 infradiagnosticada en Espa\u00f1a<\/title>\n<meta name=\"description\" content=\"Los neum\u00f3logos alertan de que la EPOC est\u00e1 infradiagnosticada en Espa\u00f1a. 80% de las personas afectados desconocen que padecen la enfermedad\" \/>\n<meta name=\"robots\" content=\"index, follow, max-snippet:-1, max-image-preview:large, max-video-preview:-1\" \/>\n<link rel=\"canonical\" href=\"https:\/\/www.ozono21.com\/blog\/salud\/epoc-infradiagnosticada-espana\/\" \/>\n<meta property=\"og:locale\" content=\"es_ES\" \/>\n<meta property=\"og:type\" content=\"article\" \/>\n<meta property=\"og:title\" content=\"EPOC est\u00e1 infradiagnosticada en Espa\u00f1a\" \/>\n<meta property=\"og:description\" content=\"Los neum\u00f3logos alertan de que la EPOC est\u00e1 infradiagnosticada en Espa\u00f1a. 80% de las personas afectados desconocen que padecen la enfermedad\" \/>\n<meta property=\"og:url\" content=\"https:\/\/www.ozono21.com\/blog\/salud\/epoc-infradiagnosticada-espana\/\" \/>\n<meta property=\"og:site_name\" content=\"- Blog Ozono21\" \/>\n<meta property=\"article:published_time\" content=\"2007-11-20T21:06:00+00:00\" \/>\n<meta property=\"article:modified_time\" content=\"2026-02-02T10:38:04+00:00\" \/>\n<meta property=\"og:image\" content=\"https:\/\/www.ozono21.com\/blog\/wp-content\/uploads\/2007\/11\/fumar_1.gif\" \/>\n\t<meta property=\"og:image:width\" content=\"144\" \/>\n\t<meta property=\"og:image:height\" content=\"144\" \/>\n\t<meta property=\"og:image:type\" content=\"image\/gif\" \/>\n<meta name=\"author\" content=\"INVESTIGACION Ozono21\" \/>\n<meta name=\"twitter:label1\" content=\"Escrito por\" \/>\n\t<meta name=\"twitter:data1\" content=\"INVESTIGACION Ozono21\" \/>\n\t<meta name=\"twitter:label2\" content=\"Tiempo de lectura\" \/>\n\t<meta name=\"twitter:data2\" content=\"3 minutos\" \/>\n<script type=\"application\/ld+json\" class=\"yoast-schema-graph\">{\"@context\":\"https:\\\/\\\/schema.org\",\"@graph\":[{\"@type\":\"Article\",\"@id\":\"https:\\\/\\\/www.ozono21.com\\\/blog\\\/salud\\\/epoc-infradiagnosticada-espana\\\/#article\",\"isPartOf\":{\"@id\":\"https:\\\/\\\/www.ozono21.com\\\/blog\\\/salud\\\/epoc-infradiagnosticada-espana\\\/\"},\"author\":{\"name\":\"INVESTIGACION Ozono21\",\"@id\":\"https:\\\/\\\/www.ozono21.com\\\/blog\\\/#\\\/schema\\\/person\\\/16639932c214a173193498aee8204d12\"},\"headline\":\"Los neum\u00f3logos alertan de que la EPOC est\u00e1 infradiagnosticada en Espa\u00f1a\",\"datePublished\":\"2007-11-20T21:06:00+00:00\",\"dateModified\":\"2026-02-02T10:38:04+00:00\",\"mainEntityOfPage\":{\"@id\":\"https:\\\/\\\/www.ozono21.com\\\/blog\\\/salud\\\/epoc-infradiagnosticada-espana\\\/\"},\"wordCount\":692,\"commentCount\":0,\"image\":{\"@id\":\"https:\\\/\\\/www.ozono21.com\\\/blog\\\/salud\\\/epoc-infradiagnosticada-espana\\\/#primaryimage\"},\"thumbnailUrl\":\"https:\\\/\\\/www.ozono21.com\\\/blog\\\/wp-content\\\/uploads\\\/2007\\\/11\\\/fumar_1.gif\",\"keywords\":[\"Aire\",\"Salud\"],\"articleSection\":[\"Aire\",\"Ozono21\",\"Salud\"],\"inLanguage\":\"es\",\"potentialAction\":[{\"@type\":\"CommentAction\",\"name\":\"Comment\",\"target\":[\"https:\\\/\\\/www.ozono21.com\\\/blog\\\/salud\\\/epoc-infradiagnosticada-espana\\\/#respond\"]}]},{\"@type\":\"WebPage\",\"@id\":\"https:\\\/\\\/www.ozono21.com\\\/blog\\\/salud\\\/epoc-infradiagnosticada-espana\\\/\",\"url\":\"https:\\\/\\\/www.ozono21.com\\\/blog\\\/salud\\\/epoc-infradiagnosticada-espana\\\/\",\"name\":\"EPOC est\u00e1 infradiagnosticada en Espa\u00f1a\",\"isPartOf\":{\"@id\":\"https:\\\/\\\/www.ozono21.com\\\/blog\\\/#website\"},\"primaryImageOfPage\":{\"@id\":\"https:\\\/\\\/www.ozono21.com\\\/blog\\\/salud\\\/epoc-infradiagnosticada-espana\\\/#primaryimage\"},\"image\":{\"@id\":\"https:\\\/\\\/www.ozono21.com\\\/blog\\\/salud\\\/epoc-infradiagnosticada-espana\\\/#primaryimage\"},\"thumbnailUrl\":\"https:\\\/\\\/www.ozono21.com\\\/blog\\\/wp-content\\\/uploads\\\/2007\\\/11\\\/fumar_1.gif\",\"datePublished\":\"2007-11-20T21:06:00+00:00\",\"dateModified\":\"2026-02-02T10:38:04+00:00\",\"author\":{\"@id\":\"https:\\\/\\\/www.ozono21.com\\\/blog\\\/#\\\/schema\\\/person\\\/16639932c214a173193498aee8204d12\"},\"description\":\"Los neum\u00f3logos alertan de que la EPOC est\u00e1 infradiagnosticada en Espa\u00f1a. 80% de las personas afectados desconocen que padecen la enfermedad\",\"breadcrumb\":{\"@id\":\"https:\\\/\\\/www.ozono21.com\\\/blog\\\/salud\\\/epoc-infradiagnosticada-espana\\\/#breadcrumb\"},\"inLanguage\":\"es\",\"potentialAction\":[{\"@type\":\"ReadAction\",\"target\":[\"https:\\\/\\\/www.ozono21.com\\\/blog\\\/salud\\\/epoc-infradiagnosticada-espana\\\/\"]}]},{\"@type\":\"ImageObject\",\"inLanguage\":\"es\",\"@id\":\"https:\\\/\\\/www.ozono21.com\\\/blog\\\/salud\\\/epoc-infradiagnosticada-espana\\\/#primaryimage\",\"url\":\"https:\\\/\\\/www.ozono21.com\\\/blog\\\/wp-content\\\/uploads\\\/2007\\\/11\\\/fumar_1.gif\",\"contentUrl\":\"https:\\\/\\\/www.ozono21.com\\\/blog\\\/wp-content\\\/uploads\\\/2007\\\/11\\\/fumar_1.gif\",\"width\":144,\"height\":144},{\"@type\":\"BreadcrumbList\",\"@id\":\"https:\\\/\\\/www.ozono21.com\\\/blog\\\/salud\\\/epoc-infradiagnosticada-espana\\\/#breadcrumb\",\"itemListElement\":[{\"@type\":\"ListItem\",\"position\":1,\"name\":\"Portada\",\"item\":\"https:\\\/\\\/www.ozono21.com\\\/blog\\\/\"},{\"@type\":\"ListItem\",\"position\":2,\"name\":\"Los neum\u00f3logos alertan de que la EPOC est\u00e1 infradiagnosticada en Espa\u00f1a\"}]},{\"@type\":\"WebSite\",\"@id\":\"https:\\\/\\\/www.ozono21.com\\\/blog\\\/#website\",\"url\":\"https:\\\/\\\/www.ozono21.com\\\/blog\\\/\",\"name\":\"Blog Ozono21\",\"description\":\" - Blog Ozono21\",\"potentialAction\":[{\"@type\":\"SearchAction\",\"target\":{\"@type\":\"EntryPoint\",\"urlTemplate\":\"https:\\\/\\\/www.ozono21.com\\\/blog\\\/?s={search_term_string}\"},\"query-input\":{\"@type\":\"PropertyValueSpecification\",\"valueRequired\":true,\"valueName\":\"search_term_string\"}}],\"inLanguage\":\"es\"},{\"@type\":\"Person\",\"@id\":\"https:\\\/\\\/www.ozono21.com\\\/blog\\\/#\\\/schema\\\/person\\\/16639932c214a173193498aee8204d12\",\"name\":\"INVESTIGACION Ozono21\",\"image\":{\"@type\":\"ImageObject\",\"inLanguage\":\"es\",\"@id\":\"https:\\\/\\\/secure.gravatar.com\\\/avatar\\\/f00ed9ac57a3eea6b9830d73dc9f9214775648c7763edcb20475eb83509b31fd?s=96&d=mm&r=g\",\"url\":\"https:\\\/\\\/secure.gravatar.com\\\/avatar\\\/f00ed9ac57a3eea6b9830d73dc9f9214775648c7763edcb20475eb83509b31fd?s=96&d=mm&r=g\",\"contentUrl\":\"https:\\\/\\\/secure.gravatar.com\\\/avatar\\\/f00ed9ac57a3eea6b9830d73dc9f9214775648c7763edcb20475eb83509b31fd?s=96&d=mm&r=g\",\"caption\":\"INVESTIGACION Ozono21\"}}]}<\/script>\n<!-- \/ Yoast SEO plugin. -->","yoast_head_json":{"title":"EPOC est\u00e1 infradiagnosticada en Espa\u00f1a","description":"Los neum\u00f3logos alertan de que la EPOC est\u00e1 infradiagnosticada en Espa\u00f1a. 80% de las personas afectados desconocen que padecen la enfermedad","robots":{"index":"index","follow":"follow","max-snippet":"max-snippet:-1","max-image-preview":"max-image-preview:large","max-video-preview":"max-video-preview:-1"},"canonical":"https:\/\/www.ozono21.com\/blog\/salud\/epoc-infradiagnosticada-espana\/","og_locale":"es_ES","og_type":"article","og_title":"EPOC est\u00e1 infradiagnosticada en Espa\u00f1a","og_description":"Los neum\u00f3logos alertan de que la EPOC est\u00e1 infradiagnosticada en Espa\u00f1a. 80% de las personas afectados desconocen que padecen la enfermedad","og_url":"https:\/\/www.ozono21.com\/blog\/salud\/epoc-infradiagnosticada-espana\/","og_site_name":"- Blog Ozono21","article_published_time":"2007-11-20T21:06:00+00:00","article_modified_time":"2026-02-02T10:38:04+00:00","og_image":[{"width":144,"height":144,"url":"https:\/\/www.ozono21.com\/blog\/wp-content\/uploads\/2007\/11\/fumar_1.gif","type":"image\/gif"}],"author":"INVESTIGACION Ozono21","twitter_misc":{"Escrito por":"INVESTIGACION Ozono21","Tiempo de lectura":"3 minutos"},"schema":{"@context":"https:\/\/schema.org","@graph":[{"@type":"Article","@id":"https:\/\/www.ozono21.com\/blog\/salud\/epoc-infradiagnosticada-espana\/#article","isPartOf":{"@id":"https:\/\/www.ozono21.com\/blog\/salud\/epoc-infradiagnosticada-espana\/"},"author":{"name":"INVESTIGACION Ozono21","@id":"https:\/\/www.ozono21.com\/blog\/#\/schema\/person\/16639932c214a173193498aee8204d12"},"headline":"Los neum\u00f3logos alertan de que la EPOC est\u00e1 infradiagnosticada en Espa\u00f1a","datePublished":"2007-11-20T21:06:00+00:00","dateModified":"2026-02-02T10:38:04+00:00","mainEntityOfPage":{"@id":"https:\/\/www.ozono21.com\/blog\/salud\/epoc-infradiagnosticada-espana\/"},"wordCount":692,"commentCount":0,"image":{"@id":"https:\/\/www.ozono21.com\/blog\/salud\/epoc-infradiagnosticada-espana\/#primaryimage"},"thumbnailUrl":"https:\/\/www.ozono21.com\/blog\/wp-content\/uploads\/2007\/11\/fumar_1.gif","keywords":["Aire","Salud"],"articleSection":["Aire","Ozono21","Salud"],"inLanguage":"es","potentialAction":[{"@type":"CommentAction","name":"Comment","target":["https:\/\/www.ozono21.com\/blog\/salud\/epoc-infradiagnosticada-espana\/#respond"]}]},{"@type":"WebPage","@id":"https:\/\/www.ozono21.com\/blog\/salud\/epoc-infradiagnosticada-espana\/","url":"https:\/\/www.ozono21.com\/blog\/salud\/epoc-infradiagnosticada-espana\/","name":"EPOC est\u00e1 infradiagnosticada en Espa\u00f1a","isPartOf":{"@id":"https:\/\/www.ozono21.com\/blog\/#website"},"primaryImageOfPage":{"@id":"https:\/\/www.ozono21.com\/blog\/salud\/epoc-infradiagnosticada-espana\/#primaryimage"},"image":{"@id":"https:\/\/www.ozono21.com\/blog\/salud\/epoc-infradiagnosticada-espana\/#primaryimage"},"thumbnailUrl":"https:\/\/www.ozono21.com\/blog\/wp-content\/uploads\/2007\/11\/fumar_1.gif","datePublished":"2007-11-20T21:06:00+00:00","dateModified":"2026-02-02T10:38:04+00:00","author":{"@id":"https:\/\/www.ozono21.com\/blog\/#\/schema\/person\/16639932c214a173193498aee8204d12"},"description":"Los neum\u00f3logos alertan de que la EPOC est\u00e1 infradiagnosticada en Espa\u00f1a. 80% de las personas afectados desconocen que padecen la enfermedad","breadcrumb":{"@id":"https:\/\/www.ozono21.com\/blog\/salud\/epoc-infradiagnosticada-espana\/#breadcrumb"},"inLanguage":"es","potentialAction":[{"@type":"ReadAction","target":["https:\/\/www.ozono21.com\/blog\/salud\/epoc-infradiagnosticada-espana\/"]}]},{"@type":"ImageObject","inLanguage":"es","@id":"https:\/\/www.ozono21.com\/blog\/salud\/epoc-infradiagnosticada-espana\/#primaryimage","url":"https:\/\/www.ozono21.com\/blog\/wp-content\/uploads\/2007\/11\/fumar_1.gif","contentUrl":"https:\/\/www.ozono21.com\/blog\/wp-content\/uploads\/2007\/11\/fumar_1.gif","width":144,"height":144},{"@type":"BreadcrumbList","@id":"https:\/\/www.ozono21.com\/blog\/salud\/epoc-infradiagnosticada-espana\/#breadcrumb","itemListElement":[{"@type":"ListItem","position":1,"name":"Portada","item":"https:\/\/www.ozono21.com\/blog\/"},{"@type":"ListItem","position":2,"name":"Los neum\u00f3logos alertan de que la EPOC est\u00e1 infradiagnosticada en Espa\u00f1a"}]},{"@type":"WebSite","@id":"https:\/\/www.ozono21.com\/blog\/#website","url":"https:\/\/www.ozono21.com\/blog\/","name":"Blog Ozono21","description":" - Blog Ozono21","potentialAction":[{"@type":"SearchAction","target":{"@type":"EntryPoint","urlTemplate":"https:\/\/www.ozono21.com\/blog\/?s={search_term_string}"},"query-input":{"@type":"PropertyValueSpecification","valueRequired":true,"valueName":"search_term_string"}}],"inLanguage":"es"},{"@type":"Person","@id":"https:\/\/www.ozono21.com\/blog\/#\/schema\/person\/16639932c214a173193498aee8204d12","name":"INVESTIGACION Ozono21","image":{"@type":"ImageObject","inLanguage":"es","@id":"https:\/\/secure.gravatar.com\/avatar\/f00ed9ac57a3eea6b9830d73dc9f9214775648c7763edcb20475eb83509b31fd?s=96&d=mm&r=g","url":"https:\/\/secure.gravatar.com\/avatar\/f00ed9ac57a3eea6b9830d73dc9f9214775648c7763edcb20475eb83509b31fd?s=96&d=mm&r=g","contentUrl":"https:\/\/secure.gravatar.com\/avatar\/f00ed9ac57a3eea6b9830d73dc9f9214775648c7763edcb20475eb83509b31fd?s=96&d=mm&r=g","caption":"INVESTIGACION Ozono21"}}]}},"jetpack_publicize_connections":[],"jetpack_featured_media_url":"https:\/\/www.ozono21.com\/blog\/wp-content\/uploads\/2007\/11\/fumar_1.gif","jetpack_sharing_enabled":true,"_links":{"self":[{"href":"https:\/\/www.ozono21.com\/blog\/wp-json\/wp\/v2\/posts\/70","targetHints":{"allow":["GET"]}}],"collection":[{"href":"https:\/\/www.ozono21.com\/blog\/wp-json\/wp\/v2\/posts"}],"about":[{"href":"https:\/\/www.ozono21.com\/blog\/wp-json\/wp\/v2\/types\/post"}],"author":[{"embeddable":true,"href":"https:\/\/www.ozono21.com\/blog\/wp-json\/wp\/v2\/users\/1"}],"replies":[{"embeddable":true,"href":"https:\/\/www.ozono21.com\/blog\/wp-json\/wp\/v2\/comments?post=70"}],"version-history":[{"count":0,"href":"https:\/\/www.ozono21.com\/blog\/wp-json\/wp\/v2\/posts\/70\/revisions"}],"wp:featuredmedia":[{"embeddable":true,"href":"https:\/\/www.ozono21.com\/blog\/wp-json\/wp\/v2\/media\/5214996"}],"wp:attachment":[{"href":"https:\/\/www.ozono21.com\/blog\/wp-json\/wp\/v2\/media?parent=70"}],"wp:term":[{"taxonomy":"category","embeddable":true,"href":"https:\/\/www.ozono21.com\/blog\/wp-json\/wp\/v2\/categories?post=70"},{"taxonomy":"post_tag","embeddable":true,"href":"https:\/\/www.ozono21.com\/blog\/wp-json\/wp\/v2\/tags?post=70"}],"curies":[{"name":"wp","href":"https:\/\/api.w.org\/{rel}","templated":true}]}}