{"id":5236765,"date":"2026-03-12T14:12:24","date_gmt":"2026-03-12T12:12:24","guid":{"rendered":"https:\/\/www.ozono21.com\/blog\/?p=5236765"},"modified":"2026-03-12T14:12:24","modified_gmt":"2026-03-12T12:12:24","slug":"co2-esta-enfermando-los-oceanos","status":"publish","type":"post","link":"https:\/\/www.ozono21.com\/blog\/medioambiente\/co2-esta-enfermando-los-oceanos\/","title":{"rendered":"CO2 est\u00e1 enfermando los OCEANOS"},"content":{"rendered":"<p style=\"text-align: justify;\">\n<h2 style=\"text-align: justify;\"><img loading=\"lazy\" decoding=\"async\" src=\"https:\/\/www.ozono21.com\/blog\/wp-content\/uploads\/2018\/01\/CO2-300x217.jpg\" alt=\"CO2\" width=\"300\" height=\"217\"  title=\" CO2 est\u00e1 enfermando los OCEANOS\"   class=\"alignleft size-full wp-image-5220386\"  style=\"margin: 10px 10px 10px 0px; cursor: hand; border: 0px;\" srcset=\"https:\/\/www.ozono21.com\/blog\/wp-content\/uploads\/2018\/01\/CO2-300x217.jpg 300w, https:\/\/www.ozono21.com\/blog\/wp-content\/uploads\/2018\/01\/CO2.jpg 372w\" sizes=\"auto, (max-width: 300px) 100vw, 300px\" \/>CO2 est\u00e1 enfermando los OCEANOS<\/H2><\/P><\/p>\n<p style=\"text-align: justify;\"><strong><a title=\"AGUA PURIFICADA, CRISTALINA y RICA en OXIGENO\" href=\"https:\/\/www.ozono21.com\/actualidad-interna\/agua-purificada-ozono\/430\/\" target=\"_blank\" rel=\"noopener\">Los oc\u00e9anos cubren los 70% de la superficie del planeta. Son fuente de ox\u00edgeno (O2), que necesitamos para respirar, de comida y albergan una gran biodiversidad<\/a><\/strong><\/P><\/p>\n<p style=\"text-align: justify;\">Fuente: Ecoportal.net (22\/3\/17) <br \/> F\u00e1tima Ouedraogo<\/p>\n<p style=\"text-align: justify;\">El hombre es consciente del calentamiento global como resultado de las emisiones de gases de efecto invernadero como el di\u00f3xido de carbono (CO2), el metano (CH4), pero le ha llevado tiempo para darse cuenta que los oc\u00e9anos est\u00e1n sufriendo tambi\u00e9n del exceso de di\u00f3xido de carbono.<\/P><\/p>\n<p style=\"text-align: justify;\"><strong>En su libro The 6th Extinction: An Unnatural History, Elizabeth Kolbert<\/strong> report\u00f3 que sobre la totalidad del gas carb\u00f3nico que el hombre ha liberado en el aire hasta ahora, una tercera parte fue absorbido por los oc\u00e9anos. A\u00f1adi\u00f3 que esto corresponde a 150 mil millones de toneladas.<\/p>\n<p style=\"text-align: justify;\">Lamentablemente, esta absorci\u00f3n tiene <strong>consecuencias<\/strong>; en efecto se <strong>observa una acidificaci\u00f3n de los oc\u00e9anos<\/strong> que se caracteriza por una reducci\u00f3n del pH de las aguas a causa del aumento de la cantidad de CO2 disuelto que proviene de la atm\u00f3sfera.<\/P><\/p>\n<p style=\"text-align: justify;\"><strong>El CO2 disuelto interact\u00faa con las mol\u00e9culas de agua y se forma \u00e1cido carb\u00f3nico que va a tener consecuencias sobre la fauna y la flora marina:<\/strong> las especies como las estrellas de mar, los erizos, las ostras, los arrecifes, etc.  est\u00e1n en peligro.<\/p>\n<p style=\"text-align: justify;\">En efecto, no van a ser capaz de fabricar sus conchas y esqueletos a causa de la disminuci\u00f3n de los iones de carbonato o del aragonito.<\/p>\n<p style=\"text-align: justify;\">Adem\u00e1s, su protecci\u00f3n va a ser menos s\u00f3lida a causa del efecto corrosivo del agua que va a disolverla.<\/p>\n<p style=\"text-align: justify;\">Aparte de las conchas, el comportamiento puede ser da\u00f1ado. Un estudio mostr\u00f3 el efecto de la acidificaci\u00f3n sobre el desarrollo de los calamares.<\/p>\n<p style=\"text-align: justify;\">En efecto, los calamares que estaban en un lugar m\u00e1s \u00e1cido tuvieron un desarrollo m\u00e1s lento y eran m\u00e1s peque\u00f1os que la media. Adem\u00e1s, los \u00f3rganos que les permiten orientarse fueron afectados tambi\u00e9n.<\/p>\n<p style=\"text-align: justify;\"><strong>Greenpeace informa que el 25% de las especies de los oc\u00e9anos viven en arrecifes coralinos. La acidificaci\u00f3n de los oc\u00e9anos podr\u00eda provocar reacciones en cadena<\/strong>.<\/P><\/p>\n<p style=\"text-align: justify;\">Algunos animales no van a tener comida porque los pter\u00f3podos o caracoles marinos, elementos importantes de la cadena alimentaria marina, tienen sus conchas disolvi\u00e9ndose; o algunos no van a tener un cobijo a causa de la destrucci\u00f3n de los arrecifes.<\/p>\n<p style=\"text-align: justify;\">Todo eso nos toca; aparte de la falta de de un tipo de comida, podr\u00eda tener consecuencias econ\u00f3micas.<\/p>\n<table>\n<tbody>\n<tr>\n<td style=\"border-radius: 10px; padding-left: 10px; text-align: center; vertical-align: middle; color: #FFFFFF; font-size: 17px; background-color: #006699; font-weight: bold;\">\u00bf Qu\u00e9 va a pasar con la industria de la pesca, la gastronom\u00eda ?<\/td>\n<\/tr>\n<\/tbody>\n<\/table>\n<p style=\"text-align: justify;\">Los ostricultores est\u00e1n ya sufriendo; en 2006 muchas ostras murieron en la costa oeste de EE.UU. y la acidificaci\u00f3n de los oc\u00e9anos fue considerada la causa.<\/p>\n<p style=\"text-align: justify;\">Los expertos revelan que la acidez de los oc\u00e9anos aument\u00f3 un 30% en 250 a\u00f1os: desde el principio de la revoluci\u00f3n industrial, el pH ha bajado de 8,2 a 8,1.<\/p>\n<p style=\"text-align: justify;\"><strong>Eso es preocupante porque el fen\u00f3meno es m\u00e1s r\u00e1pido ahora en comparaci\u00f3n con el  mismo que ocurri\u00f3 en el pasado hace 252 millones a\u00f1os y que result\u00f3 en la extinci\u00f3n masiva m\u00e1s grande de la Tierra (conocida como la gran extinci\u00f3n del p\u00e9rmico)<\/strong>.<\/p>\n<table>\n<tbody>\n<tr>\n<td style=\"border-radius: 10px; padding-left: 10px; text-align: center; vertical-align: middle; color: #FFFFFF; font-size: 17px; background-color: #006699; font-weight: bold;\">\u00bf C\u00f3mo LUCHAR contra la acidificaci\u00f3n de los OCEANOS ?<\/td>\n<\/tr>\n<\/tbody>\n<\/table>\n<p style=\"text-align: justify;\">La <strong>reducci\u00f3n de emisiones de los gases de invernadero es la llave de nuestros problemas<\/strong>; contribuir\u00e1 a la atenuaci\u00f3n del calentamiento global, as\u00ed como la acidificaci\u00f3n de los oc\u00e9anos.<\/p>\n<table border=\"3\" cellspacing=\"0\" cellpadding=\"0\">\n<tbody>\n<tr>\n<td bgcolor=\"#3b7cff\" height=\"25\" width=\"600\" align=\"center\"><strong><a title=\"Actualidad ACCION del OZONO\" href=\"https:\/\/www.ozono21.com\/actualidad-interna\/accion-del-ozono\/423\/\" target=\"_blank\" rel=\"noopener\"><img loading=\"lazy\" decoding=\"async\" src=\"https:\/\/www.ozono21.com\/blog\/wp-content\/uploads\/2014\/06\/Noticias-Relacionadas.png\" alt=\"Noticias Relacionadas\" width=\"600\" height=\"25\" border=\"0\" \/><\/a><\/strong>\n<\/td>\n<\/tr>\n<\/tbody>\n<\/table>\n<p><big><strong><\/p>\n<table border=\"0\" cellspacing=\"0\" cellpadding=\"0\">\n<tbody>\n<tr>\n<td height=\"150\" width=\"150\" align=\"center\"><a title=\"Post sobre el CO2\" target=\"_blank\" href=\"https:\/\/www.ozono21.com\/blog\/?s=co2\" rel=\"noopener\"><img loading=\"lazy\" decoding=\"async\" src=\"https:\/\/www.ozono21.com\/blog\/wp-content\/uploads\/2018\/01\/CO2-300x217.jpg\" alt=\"CO2\" width=\"150\" height=\"150\" style=\"margin: 10px 10px 0px 10px; border: 0px;\" class=\"size-full wp-image-5220386\" srcset=\"https:\/\/www.ozono21.com\/blog\/wp-content\/uploads\/2018\/01\/CO2-150x150.jpg 150w, https:\/\/www.ozono21.com\/blog\/wp-content\/uploads\/2018\/01\/CO2-100x100.jpg 100w, https:\/\/www.ozono21.com\/blog\/wp-content\/uploads\/2018\/01\/CO2-50x50.jpg 50w\" sizes=\"auto, (max-width: 150px) 100vw, 150px\" \/><\/a><\/td>\n<td height=\"150\" width=\"350\" style=\"text-align: left; vertical-align: middle;\"><strong><a title=\"Post sobre el CO2\" target=\"_blank\" href=\"https:\/\/www.ozono21.com\/blog\/?s=co2\" rel=\"noopener\">Post sobre el CO2<\/a><\/strong><\/td>\n<\/tr>\n<\/tbody>\n<\/table>\n<p><\/strong><\/big><\/p>\n<table border=\"3\" cellspacing=\"0\" cellpadding=\"0\">\n<tbody>\n<tr>\n<td bgcolor=\"#3b7cff\" height=\"25\" width=\"600\" align=\"center\"><strong><a title=\"Videos YouTube\" target=\"_blank\" href=\"http:\/\/www.youtube.com\/user\/ozono21\/videos?sort=p&amp;view=0&amp;flow=grid\" rel=\"noopener\"><img loading=\"lazy\" decoding=\"async\" src=\"https:\/\/www.ozono21.com\/blog\/wp-content\/uploads\/2014\/06\/Videos-Youtube.png\" alt=\"Videos Youtube\" width=\"600\" height=\"25\" border=\"0\" \/><\/a><\/strong>\n<\/td>\n<\/tr>\n<\/tbody>\n<\/table>\n<p>&nbsp;<\/p>\n<p style=\"TEXT-ALIGN: center\"><iframe loading=\"lazy\" width=\"651\" height=\"488\" src=\"https:\/\/www.youtube.com\/embed\/5-tGRNiFbF0\" title=\"CO2 una tonelada\" frameborder=\"0\" allow=\"accelerometer; autoplay; clipboard-write; encrypted-media; gyroscope; picture-in-picture; web-share\" referrerpolicy=\"strict-origin-when-cross-origin\" allowfullscreen><\/iframe><\/p>\n<div class=\"pvc_clear\"><\/div>\n<p id=\"pvc_stats_5236765\" class=\"pvc_stats total_only  \" data-element-id=\"5236765\" style=\"\"><i class=\"pvc-stats-icon small\" aria-hidden=\"true\"><svg aria-hidden=\"true\" focusable=\"false\" data-prefix=\"far\" data-icon=\"chart-bar\" role=\"img\" xmlns=\"http:\/\/www.w3.org\/2000\/svg\" viewBox=\"0 0 512 512\" class=\"svg-inline--fa fa-chart-bar fa-w-16 fa-2x\"><path fill=\"currentColor\" d=\"M396.8 352h22.4c6.4 0 12.8-6.4 12.8-12.8V108.8c0-6.4-6.4-12.8-12.8-12.8h-22.4c-6.4 0-12.8 6.4-12.8 12.8v230.4c0 6.4 6.4 12.8 12.8 12.8zm-192 0h22.4c6.4 0 12.8-6.4 12.8-12.8V140.8c0-6.4-6.4-12.8-12.8-12.8h-22.4c-6.4 0-12.8 6.4-12.8 12.8v198.4c0 6.4 6.4 12.8 12.8 12.8zm96 0h22.4c6.4 0 12.8-6.4 12.8-12.8V204.8c0-6.4-6.4-12.8-12.8-12.8h-22.4c-6.4 0-12.8 6.4-12.8 12.8v134.4c0 6.4 6.4 12.8 12.8 12.8zM496 400H48V80c0-8.84-7.16-16-16-16H16C7.16 64 0 71.16 0 80v336c0 17.67 14.33 32 32 32h464c8.84 0 16-7.16 16-16v-16c0-8.84-7.16-16-16-16zm-387.2-48h22.4c6.4 0 12.8-6.4 12.8-12.8v-70.4c0-6.4-6.4-12.8-12.8-12.8h-22.4c-6.4 0-12.8 6.4-12.8 12.8v70.4c0 6.4 6.4 12.8 12.8 12.8z\" class=\"\"><\/path><\/svg><\/i> <img loading=\"lazy\" decoding=\"async\" width=\"16\" height=\"16\" alt=\"Loading\" src=\"https:\/\/www.ozono21.com\/blog\/wp-content\/plugins\/page-views-count\/ajax-loader-2x.gif\" border=0 \/><\/p>\n<div class=\"pvc_clear\"><\/div>\n","protected":false},"excerpt":{"rendered":"<p>CO2 est\u00e1 enfermando los OCEANOS Los oc\u00e9anos cubren los 70% de la superficie del planeta. Son fuente de ox\u00edgeno (O2), que necesitamos para respirar, de comida y albergan una gran biodiversidad Fuente: Ecoportal.net (22\/3\/17) F\u00e1tima Ouedraogo El hombre es consciente &hellip; <a href=\"https:\/\/www.ozono21.com\/blog\/medioambiente\/co2-esta-enfermando-los-oceanos\/\">Sigue leyendo <span class=\"meta-nav\">&rarr;<\/span><\/a><\/p>\n<div class=\"pvc_clear\"><\/div>\n<p id=\"pvc_stats_5236765\" class=\"pvc_stats total_only  \" data-element-id=\"5236765\" style=\"\"><i class=\"pvc-stats-icon small\" aria-hidden=\"true\"><svg aria-hidden=\"true\" focusable=\"false\" data-prefix=\"far\" data-icon=\"chart-bar\" role=\"img\" xmlns=\"http:\/\/www.w3.org\/2000\/svg\" viewBox=\"0 0 512 512\" class=\"svg-inline--fa fa-chart-bar fa-w-16 fa-2x\"><path fill=\"currentColor\" d=\"M396.8 352h22.4c6.4 0 12.8-6.4 12.8-12.8V108.8c0-6.4-6.4-12.8-12.8-12.8h-22.4c-6.4 0-12.8 6.4-12.8 12.8v230.4c0 6.4 6.4 12.8 12.8 12.8zm-192 0h22.4c6.4 0 12.8-6.4 12.8-12.8V140.8c0-6.4-6.4-12.8-12.8-12.8h-22.4c-6.4 0-12.8 6.4-12.8 12.8v198.4c0 6.4 6.4 12.8 12.8 12.8zm96 0h22.4c6.4 0 12.8-6.4 12.8-12.8V204.8c0-6.4-6.4-12.8-12.8-12.8h-22.4c-6.4 0-12.8 6.4-12.8 12.8v134.4c0 6.4 6.4 12.8 12.8 12.8zM496 400H48V80c0-8.84-7.16-16-16-16H16C7.16 64 0 71.16 0 80v336c0 17.67 14.33 32 32 32h464c8.84 0 16-7.16 16-16v-16c0-8.84-7.16-16-16-16zm-387.2-48h22.4c6.4 0 12.8-6.4 12.8-12.8v-70.4c0-6.4-6.4-12.8-12.8-12.8h-22.4c-6.4 0-12.8 6.4-12.8 12.8v70.4c0 6.4 6.4 12.8 12.8 12.8z\" class=\"\"><\/path><\/svg><\/i> <img loading=\"lazy\" decoding=\"async\" width=\"16\" height=\"16\" alt=\"Loading\" src=\"https:\/\/www.ozono21.com\/blog\/wp-content\/plugins\/page-views-count\/ajax-loader-2x.gif\" border=0 \/><\/p>\n<div class=\"pvc_clear\"><\/div>\n","protected":false},"author":46969,"featured_media":5220386,"comment_status":"open","ping_status":"closed","sticky":false,"template":"","format":"standard","meta":{"_exactmetrics_skip_tracking":false,"_exactmetrics_sitenote_active":false,"_exactmetrics_sitenote_note":"","_exactmetrics_sitenote_category":0,"_jetpack_memberships_contains_paid_content":false,"footnotes":"","jetpack_publicize_message":"","jetpack_publicize_feature_enabled":true,"jetpack_social_post_already_shared":true,"jetpack_social_options":{"image_generator_settings":{"template":"highway","default_image_id":0,"font":"","enabled":false},"version":2}},"categories":[13,7,48,4],"tags":[74,21,81,36],"class_list":["post-5236765","post","type-post","status-publish","format-standard","has-post-thumbnail","hentry","category-medioambiente","category-salud","category-sociedad","category-toxinas","tag-medioambiente","tag-salud-2","tag-sociedad","tag-toxinas-2"],"a3_pvc":{"activated":true,"total_views":27,"today_views":0},"yoast_head":"<!-- This site is optimized with the Yoast SEO plugin v27.4 - https:\/\/yoast.com\/product\/yoast-seo-wordpress\/ -->\n<title>CO2 est\u00e1 enfermando los OCEANOS<\/title>\n<meta name=\"description\" content=\"CO2 est\u00e1 enfermando los OCEANOS Necesitamos los OCEANOS para respirar, comida y adem\u00e1s albergan una gran biodiversidad\" \/>\n<meta name=\"robots\" content=\"index, follow, max-snippet:-1, max-image-preview:large, max-video-preview:-1\" \/>\n<link rel=\"canonical\" href=\"https:\/\/www.ozono21.com\/blog\/medioambiente\/co2-esta-enfermando-los-oceanos\/\" \/>\n<meta property=\"og:locale\" content=\"es_ES\" \/>\n<meta property=\"og:type\" content=\"article\" \/>\n<meta property=\"og:title\" content=\"CO2 est\u00e1 enfermando los OCEANOS\" \/>\n<meta property=\"og:description\" content=\"CO2 est\u00e1 enfermando los OCEANOS Necesitamos los OCEANOS para respirar, comida y adem\u00e1s albergan una gran biodiversidad\" \/>\n<meta property=\"og:url\" content=\"https:\/\/www.ozono21.com\/blog\/medioambiente\/co2-esta-enfermando-los-oceanos\/\" \/>\n<meta property=\"og:site_name\" content=\"- Blog Ozono21\" \/>\n<meta property=\"article:published_time\" content=\"2026-03-12T12:12:24+00:00\" \/>\n<meta property=\"og:image\" content=\"https:\/\/www.ozono21.com\/blog\/wp-content\/uploads\/2018\/01\/CO2.jpg\" \/>\n\t<meta property=\"og:image:width\" content=\"372\" \/>\n\t<meta property=\"og:image:height\" content=\"269\" \/>\n\t<meta property=\"og:image:type\" content=\"image\/jpeg\" \/>\n<meta name=\"author\" content=\"INVESTIGACION Ozono21\" \/>\n<meta name=\"twitter:label1\" content=\"Escrito por\" \/>\n\t<meta name=\"twitter:data1\" content=\"INVESTIGACION Ozono21\" \/>\n\t<meta name=\"twitter:label2\" content=\"Tiempo de lectura\" \/>\n\t<meta name=\"twitter:data2\" content=\"3 minutos\" \/>\n<script type=\"application\/ld+json\" class=\"yoast-schema-graph\">{\"@context\":\"https:\\\/\\\/schema.org\",\"@graph\":[{\"@type\":\"Article\",\"@id\":\"https:\\\/\\\/www.ozono21.com\\\/blog\\\/medioambiente\\\/co2-esta-enfermando-los-oceanos\\\/#article\",\"isPartOf\":{\"@id\":\"https:\\\/\\\/www.ozono21.com\\\/blog\\\/medioambiente\\\/co2-esta-enfermando-los-oceanos\\\/\"},\"author\":{\"name\":\"INVESTIGACION Ozono21\",\"@id\":\"https:\\\/\\\/www.ozono21.com\\\/blog\\\/#\\\/schema\\\/person\\\/09b7d3e74b7c4469cd705f2b20bca17c\"},\"headline\":\"CO2 est\u00e1 enfermando los OCEANOS\",\"datePublished\":\"2026-03-12T12:12:24+00:00\",\"mainEntityOfPage\":{\"@id\":\"https:\\\/\\\/www.ozono21.com\\\/blog\\\/medioambiente\\\/co2-esta-enfermando-los-oceanos\\\/\"},\"wordCount\":609,\"commentCount\":0,\"image\":{\"@id\":\"https:\\\/\\\/www.ozono21.com\\\/blog\\\/medioambiente\\\/co2-esta-enfermando-los-oceanos\\\/#primaryimage\"},\"thumbnailUrl\":\"https:\\\/\\\/www.ozono21.com\\\/blog\\\/wp-content\\\/uploads\\\/2018\\\/01\\\/CO2.jpg\",\"keywords\":[\"MedioAmbiente\",\"Salud\",\"Sociedad\",\"Toxinas\"],\"articleSection\":[\"MedioAmbiente\",\"Salud\",\"Sociedad\",\"Toxinas\"],\"inLanguage\":\"es\",\"potentialAction\":[{\"@type\":\"CommentAction\",\"name\":\"Comment\",\"target\":[\"https:\\\/\\\/www.ozono21.com\\\/blog\\\/medioambiente\\\/co2-esta-enfermando-los-oceanos\\\/#respond\"]}]},{\"@type\":\"WebPage\",\"@id\":\"https:\\\/\\\/www.ozono21.com\\\/blog\\\/medioambiente\\\/co2-esta-enfermando-los-oceanos\\\/\",\"url\":\"https:\\\/\\\/www.ozono21.com\\\/blog\\\/medioambiente\\\/co2-esta-enfermando-los-oceanos\\\/\",\"name\":\"CO2 est\u00e1 enfermando los OCEANOS\",\"isPartOf\":{\"@id\":\"https:\\\/\\\/www.ozono21.com\\\/blog\\\/#website\"},\"primaryImageOfPage\":{\"@id\":\"https:\\\/\\\/www.ozono21.com\\\/blog\\\/medioambiente\\\/co2-esta-enfermando-los-oceanos\\\/#primaryimage\"},\"image\":{\"@id\":\"https:\\\/\\\/www.ozono21.com\\\/blog\\\/medioambiente\\\/co2-esta-enfermando-los-oceanos\\\/#primaryimage\"},\"thumbnailUrl\":\"https:\\\/\\\/www.ozono21.com\\\/blog\\\/wp-content\\\/uploads\\\/2018\\\/01\\\/CO2.jpg\",\"datePublished\":\"2026-03-12T12:12:24+00:00\",\"author\":{\"@id\":\"https:\\\/\\\/www.ozono21.com\\\/blog\\\/#\\\/schema\\\/person\\\/09b7d3e74b7c4469cd705f2b20bca17c\"},\"description\":\"CO2 est\u00e1 enfermando los OCEANOS Necesitamos los OCEANOS para respirar, comida y adem\u00e1s albergan una gran biodiversidad\",\"breadcrumb\":{\"@id\":\"https:\\\/\\\/www.ozono21.com\\\/blog\\\/medioambiente\\\/co2-esta-enfermando-los-oceanos\\\/#breadcrumb\"},\"inLanguage\":\"es\",\"potentialAction\":[{\"@type\":\"ReadAction\",\"target\":[\"https:\\\/\\\/www.ozono21.com\\\/blog\\\/medioambiente\\\/co2-esta-enfermando-los-oceanos\\\/\"]}]},{\"@type\":\"ImageObject\",\"inLanguage\":\"es\",\"@id\":\"https:\\\/\\\/www.ozono21.com\\\/blog\\\/medioambiente\\\/co2-esta-enfermando-los-oceanos\\\/#primaryimage\",\"url\":\"https:\\\/\\\/www.ozono21.com\\\/blog\\\/wp-content\\\/uploads\\\/2018\\\/01\\\/CO2.jpg\",\"contentUrl\":\"https:\\\/\\\/www.ozono21.com\\\/blog\\\/wp-content\\\/uploads\\\/2018\\\/01\\\/CO2.jpg\",\"width\":372,\"height\":269},{\"@type\":\"BreadcrumbList\",\"@id\":\"https:\\\/\\\/www.ozono21.com\\\/blog\\\/medioambiente\\\/co2-esta-enfermando-los-oceanos\\\/#breadcrumb\",\"itemListElement\":[{\"@type\":\"ListItem\",\"position\":1,\"name\":\"Portada\",\"item\":\"https:\\\/\\\/www.ozono21.com\\\/blog\\\/\"},{\"@type\":\"ListItem\",\"position\":2,\"name\":\"CO2 est\u00e1 enfermando los OCEANOS\"}]},{\"@type\":\"WebSite\",\"@id\":\"https:\\\/\\\/www.ozono21.com\\\/blog\\\/#website\",\"url\":\"https:\\\/\\\/www.ozono21.com\\\/blog\\\/\",\"name\":\"Blog Ozono21\",\"description\":\" - Blog Ozono21\",\"potentialAction\":[{\"@type\":\"SearchAction\",\"target\":{\"@type\":\"EntryPoint\",\"urlTemplate\":\"https:\\\/\\\/www.ozono21.com\\\/blog\\\/?s={search_term_string}\"},\"query-input\":{\"@type\":\"PropertyValueSpecification\",\"valueRequired\":true,\"valueName\":\"search_term_string\"}}],\"inLanguage\":\"es\"},{\"@type\":\"Person\",\"@id\":\"https:\\\/\\\/www.ozono21.com\\\/blog\\\/#\\\/schema\\\/person\\\/09b7d3e74b7c4469cd705f2b20bca17c\",\"name\":\"INVESTIGACION Ozono21\",\"image\":{\"@type\":\"ImageObject\",\"inLanguage\":\"es\",\"@id\":\"https:\\\/\\\/secure.gravatar.com\\\/avatar\\\/eea303d14545d78db33215a13da7c9b8ca3429e072b4b1c115d30546d8d679d6?s=96&d=mm&r=g\",\"url\":\"https:\\\/\\\/secure.gravatar.com\\\/avatar\\\/eea303d14545d78db33215a13da7c9b8ca3429e072b4b1c115d30546d8d679d6?s=96&d=mm&r=g\",\"contentUrl\":\"https:\\\/\\\/secure.gravatar.com\\\/avatar\\\/eea303d14545d78db33215a13da7c9b8ca3429e072b4b1c115d30546d8d679d6?s=96&d=mm&r=g\",\"caption\":\"INVESTIGACION Ozono21\"}}]}<\/script>\n<!-- \/ Yoast SEO plugin. -->","yoast_head_json":{"title":"CO2 est\u00e1 enfermando los OCEANOS","description":"CO2 est\u00e1 enfermando los OCEANOS Necesitamos los OCEANOS para respirar, comida y adem\u00e1s albergan una gran biodiversidad","robots":{"index":"index","follow":"follow","max-snippet":"max-snippet:-1","max-image-preview":"max-image-preview:large","max-video-preview":"max-video-preview:-1"},"canonical":"https:\/\/www.ozono21.com\/blog\/medioambiente\/co2-esta-enfermando-los-oceanos\/","og_locale":"es_ES","og_type":"article","og_title":"CO2 est\u00e1 enfermando los OCEANOS","og_description":"CO2 est\u00e1 enfermando los OCEANOS Necesitamos los OCEANOS para respirar, comida y adem\u00e1s albergan una gran biodiversidad","og_url":"https:\/\/www.ozono21.com\/blog\/medioambiente\/co2-esta-enfermando-los-oceanos\/","og_site_name":"- Blog Ozono21","article_published_time":"2026-03-12T12:12:24+00:00","og_image":[{"width":372,"height":269,"url":"https:\/\/www.ozono21.com\/blog\/wp-content\/uploads\/2018\/01\/CO2.jpg","type":"image\/jpeg"}],"author":"INVESTIGACION Ozono21","twitter_misc":{"Escrito por":"INVESTIGACION Ozono21","Tiempo de lectura":"3 minutos"},"schema":{"@context":"https:\/\/schema.org","@graph":[{"@type":"Article","@id":"https:\/\/www.ozono21.com\/blog\/medioambiente\/co2-esta-enfermando-los-oceanos\/#article","isPartOf":{"@id":"https:\/\/www.ozono21.com\/blog\/medioambiente\/co2-esta-enfermando-los-oceanos\/"},"author":{"name":"INVESTIGACION Ozono21","@id":"https:\/\/www.ozono21.com\/blog\/#\/schema\/person\/09b7d3e74b7c4469cd705f2b20bca17c"},"headline":"CO2 est\u00e1 enfermando los OCEANOS","datePublished":"2026-03-12T12:12:24+00:00","mainEntityOfPage":{"@id":"https:\/\/www.ozono21.com\/blog\/medioambiente\/co2-esta-enfermando-los-oceanos\/"},"wordCount":609,"commentCount":0,"image":{"@id":"https:\/\/www.ozono21.com\/blog\/medioambiente\/co2-esta-enfermando-los-oceanos\/#primaryimage"},"thumbnailUrl":"https:\/\/www.ozono21.com\/blog\/wp-content\/uploads\/2018\/01\/CO2.jpg","keywords":["MedioAmbiente","Salud","Sociedad","Toxinas"],"articleSection":["MedioAmbiente","Salud","Sociedad","Toxinas"],"inLanguage":"es","potentialAction":[{"@type":"CommentAction","name":"Comment","target":["https:\/\/www.ozono21.com\/blog\/medioambiente\/co2-esta-enfermando-los-oceanos\/#respond"]}]},{"@type":"WebPage","@id":"https:\/\/www.ozono21.com\/blog\/medioambiente\/co2-esta-enfermando-los-oceanos\/","url":"https:\/\/www.ozono21.com\/blog\/medioambiente\/co2-esta-enfermando-los-oceanos\/","name":"CO2 est\u00e1 enfermando los OCEANOS","isPartOf":{"@id":"https:\/\/www.ozono21.com\/blog\/#website"},"primaryImageOfPage":{"@id":"https:\/\/www.ozono21.com\/blog\/medioambiente\/co2-esta-enfermando-los-oceanos\/#primaryimage"},"image":{"@id":"https:\/\/www.ozono21.com\/blog\/medioambiente\/co2-esta-enfermando-los-oceanos\/#primaryimage"},"thumbnailUrl":"https:\/\/www.ozono21.com\/blog\/wp-content\/uploads\/2018\/01\/CO2.jpg","datePublished":"2026-03-12T12:12:24+00:00","author":{"@id":"https:\/\/www.ozono21.com\/blog\/#\/schema\/person\/09b7d3e74b7c4469cd705f2b20bca17c"},"description":"CO2 est\u00e1 enfermando los OCEANOS Necesitamos los OCEANOS para respirar, comida y adem\u00e1s albergan una gran biodiversidad","breadcrumb":{"@id":"https:\/\/www.ozono21.com\/blog\/medioambiente\/co2-esta-enfermando-los-oceanos\/#breadcrumb"},"inLanguage":"es","potentialAction":[{"@type":"ReadAction","target":["https:\/\/www.ozono21.com\/blog\/medioambiente\/co2-esta-enfermando-los-oceanos\/"]}]},{"@type":"ImageObject","inLanguage":"es","@id":"https:\/\/www.ozono21.com\/blog\/medioambiente\/co2-esta-enfermando-los-oceanos\/#primaryimage","url":"https:\/\/www.ozono21.com\/blog\/wp-content\/uploads\/2018\/01\/CO2.jpg","contentUrl":"https:\/\/www.ozono21.com\/blog\/wp-content\/uploads\/2018\/01\/CO2.jpg","width":372,"height":269},{"@type":"BreadcrumbList","@id":"https:\/\/www.ozono21.com\/blog\/medioambiente\/co2-esta-enfermando-los-oceanos\/#breadcrumb","itemListElement":[{"@type":"ListItem","position":1,"name":"Portada","item":"https:\/\/www.ozono21.com\/blog\/"},{"@type":"ListItem","position":2,"name":"CO2 est\u00e1 enfermando los OCEANOS"}]},{"@type":"WebSite","@id":"https:\/\/www.ozono21.com\/blog\/#website","url":"https:\/\/www.ozono21.com\/blog\/","name":"Blog Ozono21","description":" - Blog Ozono21","potentialAction":[{"@type":"SearchAction","target":{"@type":"EntryPoint","urlTemplate":"https:\/\/www.ozono21.com\/blog\/?s={search_term_string}"},"query-input":{"@type":"PropertyValueSpecification","valueRequired":true,"valueName":"search_term_string"}}],"inLanguage":"es"},{"@type":"Person","@id":"https:\/\/www.ozono21.com\/blog\/#\/schema\/person\/09b7d3e74b7c4469cd705f2b20bca17c","name":"INVESTIGACION Ozono21","image":{"@type":"ImageObject","inLanguage":"es","@id":"https:\/\/secure.gravatar.com\/avatar\/eea303d14545d78db33215a13da7c9b8ca3429e072b4b1c115d30546d8d679d6?s=96&d=mm&r=g","url":"https:\/\/secure.gravatar.com\/avatar\/eea303d14545d78db33215a13da7c9b8ca3429e072b4b1c115d30546d8d679d6?s=96&d=mm&r=g","contentUrl":"https:\/\/secure.gravatar.com\/avatar\/eea303d14545d78db33215a13da7c9b8ca3429e072b4b1c115d30546d8d679d6?s=96&d=mm&r=g","caption":"INVESTIGACION Ozono21"}}]}},"jetpack_publicize_connections":[],"jetpack_featured_media_url":"https:\/\/www.ozono21.com\/blog\/wp-content\/uploads\/2018\/01\/CO2.jpg","jetpack_sharing_enabled":true,"_links":{"self":[{"href":"https:\/\/www.ozono21.com\/blog\/wp-json\/wp\/v2\/posts\/5236765","targetHints":{"allow":["GET"]}}],"collection":[{"href":"https:\/\/www.ozono21.com\/blog\/wp-json\/wp\/v2\/posts"}],"about":[{"href":"https:\/\/www.ozono21.com\/blog\/wp-json\/wp\/v2\/types\/post"}],"author":[{"embeddable":true,"href":"https:\/\/www.ozono21.com\/blog\/wp-json\/wp\/v2\/users\/46969"}],"replies":[{"embeddable":true,"href":"https:\/\/www.ozono21.com\/blog\/wp-json\/wp\/v2\/comments?post=5236765"}],"version-history":[{"count":0,"href":"https:\/\/www.ozono21.com\/blog\/wp-json\/wp\/v2\/posts\/5236765\/revisions"}],"wp:featuredmedia":[{"embeddable":true,"href":"https:\/\/www.ozono21.com\/blog\/wp-json\/wp\/v2\/media\/5220386"}],"wp:attachment":[{"href":"https:\/\/www.ozono21.com\/blog\/wp-json\/wp\/v2\/media?parent=5236765"}],"wp:term":[{"taxonomy":"category","embeddable":true,"href":"https:\/\/www.ozono21.com\/blog\/wp-json\/wp\/v2\/categories?post=5236765"},{"taxonomy":"post_tag","embeddable":true,"href":"https:\/\/www.ozono21.com\/blog\/wp-json\/wp\/v2\/tags?post=5236765"}],"curies":[{"name":"wp","href":"https:\/\/api.w.org\/{rel}","templated":true}]}}