{"id":5236688,"date":"2026-03-08T16:43:56","date_gmt":"2026-03-08T14:43:56","guid":{"rendered":"https:\/\/www.ozono21.com\/blog\/?p=5236688"},"modified":"2026-03-09T21:05:08","modified_gmt":"2026-03-09T19:05:08","slug":"la-capa-de-ozono-esta-sanando","status":"publish","type":"post","link":"https:\/\/www.ozono21.com\/blog\/ozono\/la-capa-de-ozono-esta-sanando\/","title":{"rendered":"La CAPA de OZONO est\u00e1 sanando"},"content":{"rendered":"<p style=\"text-align: justify;\"><H2 style=\"text-align: justify;\"><img loading=\"lazy\" decoding=\"async\" src=\"https:\/\/www.ozono21.com\/blog\/wp-content\/uploads\/2015\/02\/El-cambio-clim\u00e1tico-destruye-la-capa-de-ozono-pero-tambi\u00e9n-la-econom\u00eda-y-la-salud-300x300.jpg\" alt=\"la CAPA de OZONO\" width=\"300\" height=\"300\" class=\"alignright size-medium wp-image-5212429\"  title=\"La CAPA de OZONO est\u00e1 sanando\"    style=\"margin: 0px 0px 10px 20px; cursor: hand; border: 0px;\" srcset=\"https:\/\/www.ozono21.com\/blog\/wp-content\/uploads\/2015\/02\/El-cambio-clim\u00e1tico-destruye-la-capa-de-ozono-pero-tambi\u00e9n-la-econom\u00eda-y-la-salud.jpg 300w, https:\/\/www.ozono21.com\/blog\/wp-content\/uploads\/2015\/02\/El-cambio-clim\u00e1tico-destruye-la-capa-de-ozono-pero-tambi\u00e9n-la-econom\u00eda-y-la-salud-150x150.jpg 150w, https:\/\/www.ozono21.com\/blog\/wp-content\/uploads\/2015\/02\/El-cambio-clim\u00e1tico-destruye-la-capa-de-ozono-pero-tambi\u00e9n-la-econom\u00eda-y-la-salud-100x100.jpg 100w, https:\/\/www.ozono21.com\/blog\/wp-content\/uploads\/2015\/02\/El-cambio-clim\u00e1tico-destruye-la-capa-de-ozono-pero-tambi\u00e9n-la-econom\u00eda-y-la-salud-50x50.jpg 50w\" sizes=\"auto, (max-width: 300px) 100vw, 300px\" \/>CAPA de OZONO est\u00e1 sanando<\/H2><\/P><\/p>\n<p style=\"text-align: justify;\"><strong><a href=\"https:\/\/www.ozono21.com\/ozono-21\" title=\"EL OZONO\" target=\"_blank\" rel=\"noopener\">\u00bfAdi\u00f3s a la radiaci\u00f3n UV? La capa de ozono est\u00e1 sanando, conocer el a\u00f1o en que se recuperar\u00e1, seg\u00fan UNEP<\/a><\/strong><\/P><\/p>\n<p style=\"text-align: justify;\"><strong><a href=\"https:\/\/www.ozono21.com\/actualidad-interna\/el-ozono-eterno-vigilante-salud-nuestro-planeta\/149\/\" title=\"EL OZONO: Eterno vigilante de la salud de nuestro planeta\" target=\"_blank\" rel=\"noopener\">Recientes informes de la UNEP destacan que la eliminaci\u00f3n del 99% de los CFC desde 1987 ha permitido una recuperaci\u00f3n gradual<\/a><\/strong><\/P><\/p>\n<p style=\"text-align: justify;\">Fuente: elpopular.pe (20 Sep 2025) por Alannis Casta\u00f1eda<\/p>\n<p style=\"text-align: justify;\">Durante el <strong>a\u00f1o 1985, los geof\u00edsicos Joe Farman, Brian Gardiner y John Shanklin realizaron un art\u00edculo en la revista Nature<\/strong>, donde se evidenciaba el da\u00f1o que sufr\u00eda la capa de ozono ubicada en la superficie de la Ant\u00e1rtida.<\/p>\n<p style=\"text-align: justify;\">Dicho fen\u00f3meno <strong>trae una serie de consecuencias directas hacia el planeta y la salud de los seres vivos<\/strong>. Asimismo, la filtraci\u00f3n directa de los rayos ultravioleta del sol generaba entre un 97% y 99% de radiaci\u00f3n solar.<\/p>\n<p style=\"text-align: justify;\">Dicho descubrimiento alert\u00f3 a la <strong>comunidad cient\u00edfica<\/strong>, quienes, a trav\u00e9s de una serie de an\u00e1lisis, <strong>identificaron al culpable de este fen\u00f3meno: los clorofluorocarbonos (CFC), que se descomponen tras alcanzar la estratosfera, liberando una serie de \u00e1tomos de cloro que eliminan r\u00e1pidamente la capa de ozono<\/strong>.<\/p>\n<p style=\"text-align: justify;\">Estos gases son generados por la actividad industrial, al igual que la producci\u00f3n de art\u00edculos cosm\u00e9ticos, aerosoles e insecticidas.<\/p>\n<p style=\"text-align: justify;\"><strong>\u00bf <u>Cu\u00e1ndo se restablecer\u00e1 la CAPA de OZONO<\/u> ? <u>La UNEP responde<\/u><\/strong><\/p>\n<p style=\"text-align: justify;\">Actualmente, un informe publicado por el Programa de Naciones Unidas para el Medio Ambiente (UNEP) revel\u00f3 que, tras cuatro a\u00f1os de seguimiento del protocolo medioambiental establecido por la ONU, la eliminaci\u00f3n del 99% de sustancias y actividades prohibidas desde 1987 ha ayudado a que la capa de ozono se recupere de manera progresiva en la estratosfera superior, lo que termina por reducir la exposici\u00f3n directa a los rayos ultravioletas del sol.<\/p>\n<p style=\"text-align: justify;\"><strong>\u00bf <u>Cu\u00e1ndo se restablecer\u00e1 la CAPA de OZONO<\/u> ?<\/strong><\/p>\n<p style=\"text-align: justify;\">Por ello, el equipo de cient\u00edficos resalt\u00f3 que, <strong>si las medidas contin\u00faan, para el a\u00f1o 2066 la capa de ozono<\/strong> de la Ant\u00e1rtida tendr\u00e1 una recuperaci\u00f3n a niveles similares a los de 1980. Asimismo, las estimaciones se\u00f1alan que el \u00c1rtico tendr\u00e1 una recuperaci\u00f3n exitosa durante 2045.<\/P><\/p>\n<table>\n<tbody>\n<tr>\n<td style=\"border-radius: 10px; padding-left: 20px; text-align: center; vertical-align: middle; color: #FFFFFF; font-size: 21px; background-color: #006699; font-weight: bold;\">\u00a1 Buenas noticias para el planeta Tierra !<\/td>\n<\/tr>\n<\/tbody>\n<\/table>\n<p style=\"text-align: justify;\"><strong><u>El protocolo de Montreal: un modelo exitoso para la acci\u00f3n clim\u00e1tica<\/u><\/strong><\/p>\n<p style=\"text-align: justify;\">El establecimiento del <strong>Protocolo de MONTREAL<\/strong> ha alcanzado la recuperaci\u00f3n de CAPA de OZONO; tambi\u00e9n ha propuesto medidas para mitigar el calentamiento global. Los resultados de este protocolo han logrado regular la temperatura del planeta en 0,5 \u00b0C, y se espera que baje un poco m\u00e1s a finales de este siglo.<\/p>\n<p style=\"text-align: justify;\">Los expertos indican que este acuerdo <strong>es un ejemplo directo de lo que se tiene que hacer con urgencia para eliminar el uso de combustibles f\u00f3siles, creando un espacio ideal para los habitantes del planeta Tierra<\/strong>.<\/p>\n<p style=\"text-align: justify;\">Asimismo, se recalca que <strong>la lucha contra el cambio clim\u00e1tico depende de la voluntad y acciones del ser humano<\/strong>.<\/P><\/p>\n<p style=\"text-align: justify;\">Mientras tanto, el <strong>Modelo de MONTREAL sigue demostrado que es posible realizar un cambio significativo<\/strong>.<\/p>\n<table border=\"3\" cellspacing=\"0\" cellpadding=\"0\">\n<tbody>\n<tr>\n<td bgcolor=\"#3b7cff\" height=\"25\" width=\"600\" align=\"center\"><strong><a title=\"Actualidad ACCION del OZONO\" href=\"https:\/\/www.ozono21.com\/actualidad-interna\/accion-del-ozono\/423\/\" target=\"_blank\" rel=\"noopener\"><img loading=\"lazy\" decoding=\"async\" src=\"https:\/\/www.ozono21.com\/blog\/wp-content\/uploads\/2014\/06\/Noticias-Relacionadas.png\" alt=\"Noticias Relacionadas\" width=\"600\" height=\"25\" border=\"0\" \/><\/a><\/strong>\n<\/td>\n<\/tr>\n<\/tbody>\n<\/table>\n<p><big><strong><\/p>\n<table border=\"0\" cellspacing=\"0\" cellpadding=\"0\">\n<tbody>\n<tr>\n<td height=\"150\" width=\"250\" align=\"center\"><a title=\"Post sobre CAPA de OZONO\" target=\"_blank\" href=\"https:\/\/www.ozono21.com\/blog\/?s=Capa+de+ozono\" rel=\"noopener\"><img loading=\"lazy\" decoding=\"async\" src=\"https:\/\/www.ozono21.com\/blog\/wp-content\/uploads\/2015\/02\/El-cambio-clim\u00e1tico-destruye-la-capa-de-ozono-pero-tambi\u00e9n-la-econom\u00eda-y-la-salud-300x300.jpg\" alt=\"AGUJERO en la CAPA de OZONO\" width=\"150\" height=\"150\" style=\"margin: 10px 10px 0px 50px; cursor: hand; border: 0px;\" \/><\/a><\/td>\n<td height=\"150\" width=\"350\" style=\"text-align: left; vertical-align: middle;\"><strong><a title=\"Post sobre CAPA de OZONO\" target=\"_blank\" href=\"https:\/\/www.ozono21.com\/blog\/?s=Capa+de+ozono\" rel=\"noopener\">Post sobre CAPA de OZONO<\/a><\/strong><\/td>\n<\/tr>\n<\/tbody>\n<\/table>\n<p><\/strong><\/big><\/p>\n<table border=\"3\" cellspacing=\"0\" cellpadding=\"0\">\n<tbody>\n<tr>\n<td bgcolor=\"#3b7cff\" height=\"25\" width=\"600\" align=\"center\"><strong><a title=\"Videos YouTube\" target=\"_blank\" href=\"http:\/\/www.youtube.com\/user\/ozono21\/videos?sort=p&amp;view=0&amp;flow=grid\" rel=\"noopener\"><img loading=\"lazy\" decoding=\"async\" src=\"https:\/\/www.ozono21.com\/blog\/wp-content\/uploads\/2014\/06\/Videos-Youtube.png\" alt=\"Videos Youtube\" width=\"600\" height=\"25\" border=\"0\" \/><\/a><\/strong>\n<\/td>\n<\/tr>\n<\/tbody>\n<\/table>\n<p>&nbsp;<\/p>\n<p style=\"TEXT-ALIGN: center\"><iframe loading=\"lazy\" width=\"651\" height=\"488\" src=\"https:\/\/www.youtube.com\/embed\/ZQEKvPHc7AM\" title=\"OZONO medioambiente\" frameborder=\"0\" allow=\"accelerometer; autoplay; clipboard-write; encrypted-media; gyroscope; picture-in-picture; web-share\" referrerpolicy=\"strict-origin-when-cross-origin\" allowfullscreen><\/iframe><\/p>\n<div class=\"pvc_clear\"><\/div>\n<p id=\"pvc_stats_5236688\" class=\"pvc_stats total_only  \" data-element-id=\"5236688\" style=\"\"><i class=\"pvc-stats-icon small\" aria-hidden=\"true\"><svg aria-hidden=\"true\" focusable=\"false\" data-prefix=\"far\" data-icon=\"chart-bar\" role=\"img\" xmlns=\"http:\/\/www.w3.org\/2000\/svg\" viewBox=\"0 0 512 512\" class=\"svg-inline--fa fa-chart-bar fa-w-16 fa-2x\"><path fill=\"currentColor\" d=\"M396.8 352h22.4c6.4 0 12.8-6.4 12.8-12.8V108.8c0-6.4-6.4-12.8-12.8-12.8h-22.4c-6.4 0-12.8 6.4-12.8 12.8v230.4c0 6.4 6.4 12.8 12.8 12.8zm-192 0h22.4c6.4 0 12.8-6.4 12.8-12.8V140.8c0-6.4-6.4-12.8-12.8-12.8h-22.4c-6.4 0-12.8 6.4-12.8 12.8v198.4c0 6.4 6.4 12.8 12.8 12.8zm96 0h22.4c6.4 0 12.8-6.4 12.8-12.8V204.8c0-6.4-6.4-12.8-12.8-12.8h-22.4c-6.4 0-12.8 6.4-12.8 12.8v134.4c0 6.4 6.4 12.8 12.8 12.8zM496 400H48V80c0-8.84-7.16-16-16-16H16C7.16 64 0 71.16 0 80v336c0 17.67 14.33 32 32 32h464c8.84 0 16-7.16 16-16v-16c0-8.84-7.16-16-16-16zm-387.2-48h22.4c6.4 0 12.8-6.4 12.8-12.8v-70.4c0-6.4-6.4-12.8-12.8-12.8h-22.4c-6.4 0-12.8 6.4-12.8 12.8v70.4c0 6.4 6.4 12.8 12.8 12.8z\" class=\"\"><\/path><\/svg><\/i> <img loading=\"lazy\" decoding=\"async\" width=\"16\" height=\"16\" alt=\"Loading\" src=\"https:\/\/www.ozono21.com\/blog\/wp-content\/plugins\/page-views-count\/ajax-loader-2x.gif\" border=0 \/><\/p>\n<div class=\"pvc_clear\"><\/div>\n","protected":false},"excerpt":{"rendered":"<p>CAPA de OZONO est\u00e1 sanando \u00bfAdi\u00f3s a la radiaci\u00f3n UV? La capa de ozono est\u00e1 sanando, conocer el a\u00f1o en que se recuperar\u00e1, seg\u00fan UNEP Recientes informes de la UNEP destacan que la eliminaci\u00f3n del 99% de los CFC desde &hellip; <a href=\"https:\/\/www.ozono21.com\/blog\/ozono\/la-capa-de-ozono-esta-sanando\/\">Sigue leyendo <span class=\"meta-nav\">&rarr;<\/span><\/a><\/p>\n<div class=\"pvc_clear\"><\/div>\n<p id=\"pvc_stats_5236688\" class=\"pvc_stats total_only  \" data-element-id=\"5236688\" style=\"\"><i class=\"pvc-stats-icon small\" aria-hidden=\"true\"><svg aria-hidden=\"true\" focusable=\"false\" data-prefix=\"far\" data-icon=\"chart-bar\" role=\"img\" xmlns=\"http:\/\/www.w3.org\/2000\/svg\" viewBox=\"0 0 512 512\" class=\"svg-inline--fa fa-chart-bar fa-w-16 fa-2x\"><path fill=\"currentColor\" d=\"M396.8 352h22.4c6.4 0 12.8-6.4 12.8-12.8V108.8c0-6.4-6.4-12.8-12.8-12.8h-22.4c-6.4 0-12.8 6.4-12.8 12.8v230.4c0 6.4 6.4 12.8 12.8 12.8zm-192 0h22.4c6.4 0 12.8-6.4 12.8-12.8V140.8c0-6.4-6.4-12.8-12.8-12.8h-22.4c-6.4 0-12.8 6.4-12.8 12.8v198.4c0 6.4 6.4 12.8 12.8 12.8zm96 0h22.4c6.4 0 12.8-6.4 12.8-12.8V204.8c0-6.4-6.4-12.8-12.8-12.8h-22.4c-6.4 0-12.8 6.4-12.8 12.8v134.4c0 6.4 6.4 12.8 12.8 12.8zM496 400H48V80c0-8.84-7.16-16-16-16H16C7.16 64 0 71.16 0 80v336c0 17.67 14.33 32 32 32h464c8.84 0 16-7.16 16-16v-16c0-8.84-7.16-16-16-16zm-387.2-48h22.4c6.4 0 12.8-6.4 12.8-12.8v-70.4c0-6.4-6.4-12.8-12.8-12.8h-22.4c-6.4 0-12.8 6.4-12.8 12.8v70.4c0 6.4 6.4 12.8 12.8 12.8z\" class=\"\"><\/path><\/svg><\/i> <img loading=\"lazy\" decoding=\"async\" width=\"16\" height=\"16\" alt=\"Loading\" src=\"https:\/\/www.ozono21.com\/blog\/wp-content\/plugins\/page-views-count\/ajax-loader-2x.gif\" border=0 \/><\/p>\n<div class=\"pvc_clear\"><\/div>\n","protected":false},"author":46969,"featured_media":5212429,"comment_status":"open","ping_status":"closed","sticky":false,"template":"","format":"standard","meta":{"_exactmetrics_skip_tracking":false,"_exactmetrics_sitenote_active":false,"_exactmetrics_sitenote_note":"","_exactmetrics_sitenote_category":0,"_jetpack_memberships_contains_paid_content":false,"footnotes":"","jetpack_publicize_message":"","jetpack_publicize_feature_enabled":true,"jetpack_social_post_already_shared":true,"jetpack_social_options":{"image_generator_settings":{"template":"highway","default_image_id":0,"font":"","enabled":false},"version":2}},"categories":[13,14,10,7,48],"tags":[74,77,72,21,81],"class_list":["post-5236688","post","type-post","status-publish","format-standard","has-post-thumbnail","hentry","category-medioambiente","category-ozono","category-ozono21","category-salud","category-sociedad","tag-medioambiente","tag-ozono","tag-ozono21","tag-salud-2","tag-sociedad"],"a3_pvc":{"activated":true,"total_views":19,"today_views":0},"yoast_head":"<!-- This site is optimized with the Yoast SEO plugin v27.4 - https:\/\/yoast.com\/product\/yoast-seo-wordpress\/ -->\n<title>La CAPA de OZONO est\u00e1 sanando<\/title>\n<meta name=\"description\" content=\"La CAPA de OZONO est\u00e1 sanando \u00bfAdi\u00f3s a la radiaci\u00f3n UV? La capa de ozono est\u00e1 sanando, conocer el a\u00f1o en que se recuperar\u00e1, seg\u00fan UNEP\" \/>\n<meta name=\"robots\" content=\"index, follow, max-snippet:-1, max-image-preview:large, max-video-preview:-1\" \/>\n<link rel=\"canonical\" href=\"https:\/\/www.ozono21.com\/blog\/ozono\/la-capa-de-ozono-esta-sanando\/\" \/>\n<meta property=\"og:locale\" content=\"es_ES\" \/>\n<meta property=\"og:type\" content=\"article\" \/>\n<meta property=\"og:title\" content=\"La CAPA de OZONO est\u00e1 sanando\" \/>\n<meta property=\"og:description\" content=\"La CAPA de OZONO est\u00e1 sanando \u00bfAdi\u00f3s a la radiaci\u00f3n UV? La capa de ozono est\u00e1 sanando, conocer el a\u00f1o en que se recuperar\u00e1, seg\u00fan UNEP\" \/>\n<meta property=\"og:url\" content=\"https:\/\/www.ozono21.com\/blog\/ozono\/la-capa-de-ozono-esta-sanando\/\" \/>\n<meta property=\"og:site_name\" content=\"- Blog Ozono21\" \/>\n<meta property=\"article:published_time\" content=\"2026-03-08T14:43:56+00:00\" \/>\n<meta property=\"article:modified_time\" content=\"2026-03-09T19:05:08+00:00\" \/>\n<meta property=\"og:image\" content=\"https:\/\/www.ozono21.com\/blog\/wp-content\/uploads\/2015\/02\/El-cambio-clim\u00e1tico-destruye-la-capa-de-ozono-pero-tambi\u00e9n-la-econom\u00eda-y-la-salud.jpg\" \/>\n\t<meta property=\"og:image:width\" content=\"300\" \/>\n\t<meta property=\"og:image:height\" content=\"300\" \/>\n\t<meta property=\"og:image:type\" content=\"image\/jpeg\" \/>\n<meta name=\"author\" content=\"INVESTIGACION Ozono21\" \/>\n<meta name=\"twitter:label1\" content=\"Escrito por\" \/>\n\t<meta name=\"twitter:data1\" content=\"INVESTIGACION Ozono21\" \/>\n\t<meta name=\"twitter:label2\" content=\"Tiempo de lectura\" \/>\n\t<meta name=\"twitter:data2\" content=\"3 minutos\" \/>\n<script type=\"application\/ld+json\" class=\"yoast-schema-graph\">{\"@context\":\"https:\\\/\\\/schema.org\",\"@graph\":[{\"@type\":\"Article\",\"@id\":\"https:\\\/\\\/www.ozono21.com\\\/blog\\\/ozono\\\/la-capa-de-ozono-esta-sanando\\\/#article\",\"isPartOf\":{\"@id\":\"https:\\\/\\\/www.ozono21.com\\\/blog\\\/ozono\\\/la-capa-de-ozono-esta-sanando\\\/\"},\"author\":{\"name\":\"INVESTIGACION Ozono21\",\"@id\":\"https:\\\/\\\/www.ozono21.com\\\/blog\\\/#\\\/schema\\\/person\\\/09b7d3e74b7c4469cd705f2b20bca17c\"},\"headline\":\"La CAPA de OZONO est\u00e1 sanando\",\"datePublished\":\"2026-03-08T14:43:56+00:00\",\"dateModified\":\"2026-03-09T19:05:08+00:00\",\"mainEntityOfPage\":{\"@id\":\"https:\\\/\\\/www.ozono21.com\\\/blog\\\/ozono\\\/la-capa-de-ozono-esta-sanando\\\/\"},\"wordCount\":508,\"commentCount\":0,\"image\":{\"@id\":\"https:\\\/\\\/www.ozono21.com\\\/blog\\\/ozono\\\/la-capa-de-ozono-esta-sanando\\\/#primaryimage\"},\"thumbnailUrl\":\"https:\\\/\\\/www.ozono21.com\\\/blog\\\/wp-content\\\/uploads\\\/2015\\\/02\\\/El-cambio-clim\u00e1tico-destruye-la-capa-de-ozono-pero-tambi\u00e9n-la-econom\u00eda-y-la-salud.jpg\",\"keywords\":[\"MedioAmbiente\",\"OZONO\",\"Ozono21\",\"Salud\",\"Sociedad\"],\"articleSection\":[\"MedioAmbiente\",\"OZONO\",\"Ozono21\",\"Salud\",\"Sociedad\"],\"inLanguage\":\"es\",\"potentialAction\":[{\"@type\":\"CommentAction\",\"name\":\"Comment\",\"target\":[\"https:\\\/\\\/www.ozono21.com\\\/blog\\\/ozono\\\/la-capa-de-ozono-esta-sanando\\\/#respond\"]}]},{\"@type\":\"WebPage\",\"@id\":\"https:\\\/\\\/www.ozono21.com\\\/blog\\\/ozono\\\/la-capa-de-ozono-esta-sanando\\\/\",\"url\":\"https:\\\/\\\/www.ozono21.com\\\/blog\\\/ozono\\\/la-capa-de-ozono-esta-sanando\\\/\",\"name\":\"La CAPA de OZONO est\u00e1 sanando\",\"isPartOf\":{\"@id\":\"https:\\\/\\\/www.ozono21.com\\\/blog\\\/#website\"},\"primaryImageOfPage\":{\"@id\":\"https:\\\/\\\/www.ozono21.com\\\/blog\\\/ozono\\\/la-capa-de-ozono-esta-sanando\\\/#primaryimage\"},\"image\":{\"@id\":\"https:\\\/\\\/www.ozono21.com\\\/blog\\\/ozono\\\/la-capa-de-ozono-esta-sanando\\\/#primaryimage\"},\"thumbnailUrl\":\"https:\\\/\\\/www.ozono21.com\\\/blog\\\/wp-content\\\/uploads\\\/2015\\\/02\\\/El-cambio-clim\u00e1tico-destruye-la-capa-de-ozono-pero-tambi\u00e9n-la-econom\u00eda-y-la-salud.jpg\",\"datePublished\":\"2026-03-08T14:43:56+00:00\",\"dateModified\":\"2026-03-09T19:05:08+00:00\",\"author\":{\"@id\":\"https:\\\/\\\/www.ozono21.com\\\/blog\\\/#\\\/schema\\\/person\\\/09b7d3e74b7c4469cd705f2b20bca17c\"},\"description\":\"La CAPA de OZONO est\u00e1 sanando \u00bfAdi\u00f3s a la radiaci\u00f3n UV? La capa de ozono est\u00e1 sanando, conocer el a\u00f1o en que se recuperar\u00e1, seg\u00fan UNEP\",\"breadcrumb\":{\"@id\":\"https:\\\/\\\/www.ozono21.com\\\/blog\\\/ozono\\\/la-capa-de-ozono-esta-sanando\\\/#breadcrumb\"},\"inLanguage\":\"es\",\"potentialAction\":[{\"@type\":\"ReadAction\",\"target\":[\"https:\\\/\\\/www.ozono21.com\\\/blog\\\/ozono\\\/la-capa-de-ozono-esta-sanando\\\/\"]}]},{\"@type\":\"ImageObject\",\"inLanguage\":\"es\",\"@id\":\"https:\\\/\\\/www.ozono21.com\\\/blog\\\/ozono\\\/la-capa-de-ozono-esta-sanando\\\/#primaryimage\",\"url\":\"https:\\\/\\\/www.ozono21.com\\\/blog\\\/wp-content\\\/uploads\\\/2015\\\/02\\\/El-cambio-clim\u00e1tico-destruye-la-capa-de-ozono-pero-tambi\u00e9n-la-econom\u00eda-y-la-salud.jpg\",\"contentUrl\":\"https:\\\/\\\/www.ozono21.com\\\/blog\\\/wp-content\\\/uploads\\\/2015\\\/02\\\/El-cambio-clim\u00e1tico-destruye-la-capa-de-ozono-pero-tambi\u00e9n-la-econom\u00eda-y-la-salud.jpg\",\"width\":300,\"height\":300},{\"@type\":\"BreadcrumbList\",\"@id\":\"https:\\\/\\\/www.ozono21.com\\\/blog\\\/ozono\\\/la-capa-de-ozono-esta-sanando\\\/#breadcrumb\",\"itemListElement\":[{\"@type\":\"ListItem\",\"position\":1,\"name\":\"Portada\",\"item\":\"https:\\\/\\\/www.ozono21.com\\\/blog\\\/\"},{\"@type\":\"ListItem\",\"position\":2,\"name\":\"La CAPA de OZONO est\u00e1 sanando\"}]},{\"@type\":\"WebSite\",\"@id\":\"https:\\\/\\\/www.ozono21.com\\\/blog\\\/#website\",\"url\":\"https:\\\/\\\/www.ozono21.com\\\/blog\\\/\",\"name\":\"Blog Ozono21\",\"description\":\" - Blog Ozono21\",\"potentialAction\":[{\"@type\":\"SearchAction\",\"target\":{\"@type\":\"EntryPoint\",\"urlTemplate\":\"https:\\\/\\\/www.ozono21.com\\\/blog\\\/?s={search_term_string}\"},\"query-input\":{\"@type\":\"PropertyValueSpecification\",\"valueRequired\":true,\"valueName\":\"search_term_string\"}}],\"inLanguage\":\"es\"},{\"@type\":\"Person\",\"@id\":\"https:\\\/\\\/www.ozono21.com\\\/blog\\\/#\\\/schema\\\/person\\\/09b7d3e74b7c4469cd705f2b20bca17c\",\"name\":\"INVESTIGACION Ozono21\",\"image\":{\"@type\":\"ImageObject\",\"inLanguage\":\"es\",\"@id\":\"https:\\\/\\\/secure.gravatar.com\\\/avatar\\\/eea303d14545d78db33215a13da7c9b8ca3429e072b4b1c115d30546d8d679d6?s=96&d=mm&r=g\",\"url\":\"https:\\\/\\\/secure.gravatar.com\\\/avatar\\\/eea303d14545d78db33215a13da7c9b8ca3429e072b4b1c115d30546d8d679d6?s=96&d=mm&r=g\",\"contentUrl\":\"https:\\\/\\\/secure.gravatar.com\\\/avatar\\\/eea303d14545d78db33215a13da7c9b8ca3429e072b4b1c115d30546d8d679d6?s=96&d=mm&r=g\",\"caption\":\"INVESTIGACION Ozono21\"}}]}<\/script>\n<!-- \/ Yoast SEO plugin. -->","yoast_head_json":{"title":"La CAPA de OZONO est\u00e1 sanando","description":"La CAPA de OZONO est\u00e1 sanando \u00bfAdi\u00f3s a la radiaci\u00f3n UV? La capa de ozono est\u00e1 sanando, conocer el a\u00f1o en que se recuperar\u00e1, seg\u00fan UNEP","robots":{"index":"index","follow":"follow","max-snippet":"max-snippet:-1","max-image-preview":"max-image-preview:large","max-video-preview":"max-video-preview:-1"},"canonical":"https:\/\/www.ozono21.com\/blog\/ozono\/la-capa-de-ozono-esta-sanando\/","og_locale":"es_ES","og_type":"article","og_title":"La CAPA de OZONO est\u00e1 sanando","og_description":"La CAPA de OZONO est\u00e1 sanando \u00bfAdi\u00f3s a la radiaci\u00f3n UV? La capa de ozono est\u00e1 sanando, conocer el a\u00f1o en que se recuperar\u00e1, seg\u00fan UNEP","og_url":"https:\/\/www.ozono21.com\/blog\/ozono\/la-capa-de-ozono-esta-sanando\/","og_site_name":"- Blog Ozono21","article_published_time":"2026-03-08T14:43:56+00:00","article_modified_time":"2026-03-09T19:05:08+00:00","og_image":[{"width":300,"height":300,"url":"https:\/\/www.ozono21.com\/blog\/wp-content\/uploads\/2015\/02\/El-cambio-clim\u00e1tico-destruye-la-capa-de-ozono-pero-tambi\u00e9n-la-econom\u00eda-y-la-salud.jpg","type":"image\/jpeg"}],"author":"INVESTIGACION Ozono21","twitter_misc":{"Escrito por":"INVESTIGACION Ozono21","Tiempo de lectura":"3 minutos"},"schema":{"@context":"https:\/\/schema.org","@graph":[{"@type":"Article","@id":"https:\/\/www.ozono21.com\/blog\/ozono\/la-capa-de-ozono-esta-sanando\/#article","isPartOf":{"@id":"https:\/\/www.ozono21.com\/blog\/ozono\/la-capa-de-ozono-esta-sanando\/"},"author":{"name":"INVESTIGACION Ozono21","@id":"https:\/\/www.ozono21.com\/blog\/#\/schema\/person\/09b7d3e74b7c4469cd705f2b20bca17c"},"headline":"La CAPA de OZONO est\u00e1 sanando","datePublished":"2026-03-08T14:43:56+00:00","dateModified":"2026-03-09T19:05:08+00:00","mainEntityOfPage":{"@id":"https:\/\/www.ozono21.com\/blog\/ozono\/la-capa-de-ozono-esta-sanando\/"},"wordCount":508,"commentCount":0,"image":{"@id":"https:\/\/www.ozono21.com\/blog\/ozono\/la-capa-de-ozono-esta-sanando\/#primaryimage"},"thumbnailUrl":"https:\/\/www.ozono21.com\/blog\/wp-content\/uploads\/2015\/02\/El-cambio-clim\u00e1tico-destruye-la-capa-de-ozono-pero-tambi\u00e9n-la-econom\u00eda-y-la-salud.jpg","keywords":["MedioAmbiente","OZONO","Ozono21","Salud","Sociedad"],"articleSection":["MedioAmbiente","OZONO","Ozono21","Salud","Sociedad"],"inLanguage":"es","potentialAction":[{"@type":"CommentAction","name":"Comment","target":["https:\/\/www.ozono21.com\/blog\/ozono\/la-capa-de-ozono-esta-sanando\/#respond"]}]},{"@type":"WebPage","@id":"https:\/\/www.ozono21.com\/blog\/ozono\/la-capa-de-ozono-esta-sanando\/","url":"https:\/\/www.ozono21.com\/blog\/ozono\/la-capa-de-ozono-esta-sanando\/","name":"La CAPA de OZONO est\u00e1 sanando","isPartOf":{"@id":"https:\/\/www.ozono21.com\/blog\/#website"},"primaryImageOfPage":{"@id":"https:\/\/www.ozono21.com\/blog\/ozono\/la-capa-de-ozono-esta-sanando\/#primaryimage"},"image":{"@id":"https:\/\/www.ozono21.com\/blog\/ozono\/la-capa-de-ozono-esta-sanando\/#primaryimage"},"thumbnailUrl":"https:\/\/www.ozono21.com\/blog\/wp-content\/uploads\/2015\/02\/El-cambio-clim\u00e1tico-destruye-la-capa-de-ozono-pero-tambi\u00e9n-la-econom\u00eda-y-la-salud.jpg","datePublished":"2026-03-08T14:43:56+00:00","dateModified":"2026-03-09T19:05:08+00:00","author":{"@id":"https:\/\/www.ozono21.com\/blog\/#\/schema\/person\/09b7d3e74b7c4469cd705f2b20bca17c"},"description":"La CAPA de OZONO est\u00e1 sanando \u00bfAdi\u00f3s a la radiaci\u00f3n UV? La capa de ozono est\u00e1 sanando, conocer el a\u00f1o en que se recuperar\u00e1, seg\u00fan UNEP","breadcrumb":{"@id":"https:\/\/www.ozono21.com\/blog\/ozono\/la-capa-de-ozono-esta-sanando\/#breadcrumb"},"inLanguage":"es","potentialAction":[{"@type":"ReadAction","target":["https:\/\/www.ozono21.com\/blog\/ozono\/la-capa-de-ozono-esta-sanando\/"]}]},{"@type":"ImageObject","inLanguage":"es","@id":"https:\/\/www.ozono21.com\/blog\/ozono\/la-capa-de-ozono-esta-sanando\/#primaryimage","url":"https:\/\/www.ozono21.com\/blog\/wp-content\/uploads\/2015\/02\/El-cambio-clim\u00e1tico-destruye-la-capa-de-ozono-pero-tambi\u00e9n-la-econom\u00eda-y-la-salud.jpg","contentUrl":"https:\/\/www.ozono21.com\/blog\/wp-content\/uploads\/2015\/02\/El-cambio-clim\u00e1tico-destruye-la-capa-de-ozono-pero-tambi\u00e9n-la-econom\u00eda-y-la-salud.jpg","width":300,"height":300},{"@type":"BreadcrumbList","@id":"https:\/\/www.ozono21.com\/blog\/ozono\/la-capa-de-ozono-esta-sanando\/#breadcrumb","itemListElement":[{"@type":"ListItem","position":1,"name":"Portada","item":"https:\/\/www.ozono21.com\/blog\/"},{"@type":"ListItem","position":2,"name":"La CAPA de OZONO est\u00e1 sanando"}]},{"@type":"WebSite","@id":"https:\/\/www.ozono21.com\/blog\/#website","url":"https:\/\/www.ozono21.com\/blog\/","name":"Blog Ozono21","description":" - Blog Ozono21","potentialAction":[{"@type":"SearchAction","target":{"@type":"EntryPoint","urlTemplate":"https:\/\/www.ozono21.com\/blog\/?s={search_term_string}"},"query-input":{"@type":"PropertyValueSpecification","valueRequired":true,"valueName":"search_term_string"}}],"inLanguage":"es"},{"@type":"Person","@id":"https:\/\/www.ozono21.com\/blog\/#\/schema\/person\/09b7d3e74b7c4469cd705f2b20bca17c","name":"INVESTIGACION Ozono21","image":{"@type":"ImageObject","inLanguage":"es","@id":"https:\/\/secure.gravatar.com\/avatar\/eea303d14545d78db33215a13da7c9b8ca3429e072b4b1c115d30546d8d679d6?s=96&d=mm&r=g","url":"https:\/\/secure.gravatar.com\/avatar\/eea303d14545d78db33215a13da7c9b8ca3429e072b4b1c115d30546d8d679d6?s=96&d=mm&r=g","contentUrl":"https:\/\/secure.gravatar.com\/avatar\/eea303d14545d78db33215a13da7c9b8ca3429e072b4b1c115d30546d8d679d6?s=96&d=mm&r=g","caption":"INVESTIGACION Ozono21"}}]}},"jetpack_publicize_connections":[],"jetpack_featured_media_url":"https:\/\/www.ozono21.com\/blog\/wp-content\/uploads\/2015\/02\/El-cambio-clim\u00e1tico-destruye-la-capa-de-ozono-pero-tambi\u00e9n-la-econom\u00eda-y-la-salud.jpg","jetpack_sharing_enabled":true,"_links":{"self":[{"href":"https:\/\/www.ozono21.com\/blog\/wp-json\/wp\/v2\/posts\/5236688","targetHints":{"allow":["GET"]}}],"collection":[{"href":"https:\/\/www.ozono21.com\/blog\/wp-json\/wp\/v2\/posts"}],"about":[{"href":"https:\/\/www.ozono21.com\/blog\/wp-json\/wp\/v2\/types\/post"}],"author":[{"embeddable":true,"href":"https:\/\/www.ozono21.com\/blog\/wp-json\/wp\/v2\/users\/46969"}],"replies":[{"embeddable":true,"href":"https:\/\/www.ozono21.com\/blog\/wp-json\/wp\/v2\/comments?post=5236688"}],"version-history":[{"count":0,"href":"https:\/\/www.ozono21.com\/blog\/wp-json\/wp\/v2\/posts\/5236688\/revisions"}],"wp:featuredmedia":[{"embeddable":true,"href":"https:\/\/www.ozono21.com\/blog\/wp-json\/wp\/v2\/media\/5212429"}],"wp:attachment":[{"href":"https:\/\/www.ozono21.com\/blog\/wp-json\/wp\/v2\/media?parent=5236688"}],"wp:term":[{"taxonomy":"category","embeddable":true,"href":"https:\/\/www.ozono21.com\/blog\/wp-json\/wp\/v2\/categories?post=5236688"},{"taxonomy":"post_tag","embeddable":true,"href":"https:\/\/www.ozono21.com\/blog\/wp-json\/wp\/v2\/tags?post=5236688"}],"curies":[{"name":"wp","href":"https:\/\/api.w.org\/{rel}","templated":true}]}}