{"id":5236677,"date":"2026-03-07T17:09:19","date_gmt":"2026-03-07T15:09:19","guid":{"rendered":"https:\/\/www.ozono21.com\/blog\/?p=5236677"},"modified":"2026-03-09T21:06:51","modified_gmt":"2026-03-09T19:06:51","slug":"cuando-sera-la-extincion-del-ser-humano","status":"publish","type":"post","link":"https:\/\/www.ozono21.com\/blog\/medioambiente\/cuando-sera-la-extincion-del-ser-humano\/","title":{"rendered":"\u00bf Cu\u00e1ndo ser\u00e1 la EXTINCION del ser humano ?"},"content":{"rendered":"<p style=\"text-align: justify;\">\n<h2 style=\"text-align: justify;\"><img loading=\"lazy\" decoding=\"async\" class=\"alignleft size-full wp-image-5194727\" style=\"MARGIN: 30px 10px 20px 0px; border: 0px;\"  title=\"\u00bf Cu\u00e1ndo ser\u00e1 la EXTINCION del ser humano ?\" src=\"https:\/\/www.ozono21.com\/blog\/wp-content\/uploads\/2012\/02\/personas-muchas_5.jpg\" alt=\" EXTINCION  \" width=\"210\" height=\"210\" \/>\u00bf Cu\u00e1ndo ser\u00e1 la EXTINCION del ser humano ?<\/p>\n<p>Las cifras comparativas lo dejan bien claro: el hombre apenas ocupa espacio y tiempo en el cosmos, y lo m\u00e1s probable es que no tarde en extinguirse<\/h2>\n<\/p>\n<p style=\"text-align: justify;\"><strong><a title=\"Ozono\" href=\"https:\/\/www.ozono21.com\/ozono-21\" target=\"_blank\" rel=\"noopener noreferrer\">Para llegar a asimilar cu\u00e1n insignificantes somos los seres humanos en la Tierra &#8211; y no digamos ya a nivel c\u00f3smico -, debemos recurrir a una serie de datos estad\u00edsticos diversos y analog\u00edas que resultan apabullantes.<\/A><\/strong><\/P><\/p>\n<p style=\"text-align: justify;\">Fuente: muyinteresante.es (12\/2\/2018) por Sergio Parra<\/p>\n<p style=\"text-align: justify;\"><strong>Entonces empezaremos a asumir, solo en parte, lo irrelevante que es la especie humana en comparaci\u00f3n con toda la enormidad de lo que la rodea<\/strong>.<\/p>\n<p style=\"text-align: justify;\"><strong>En estos cinco puntos definimos el perfil del ser humano y el lugar que ocupa en el mundo<\/strong>.<\/P><\/p>\n<p style=\"text-align: justify;\"><strong>1. <u>TIEMPO<\/u><\/strong><\/p>\n<p style=\"text-align: justify;\"><strong>Si calculamos la huella del hombre en t\u00e9rminos cronol\u00f3gicos, entonces tambi\u00e9n descubriremos que su paso por la Tierra supone apenas un suspiro de esta<\/strong>.<\/p>\n<p style=\"text-align: justify;\">Imaginemos que toda la historia del universo, desde el mismo momento del big bang hasta la actualidad, se comprimiera proporcionalmente en un a\u00f1o.<\/P><\/p>\n<p style=\"text-align: justify;\">La vida en el planeta azul no aparecer\u00eda hasta el 30 de septiembre; y los primeros primates, no antes del 30 de diciembre. El Homo sapiens no nacer\u00eda hasta que solo faltaran veinti\u00fan segundos para las 00:00 h del 31 de diciembre, como lo describ\u00eda Carl Sagan en Los dragones del Ed\u00e9n.<\/p>\n<p style=\"text-align: justify;\"><strong>2. <u>ESPACIO<\/u><\/strong><\/p>\n<p style=\"text-align: justify;\"><strong>Hay mucho espacio libre, y los humanos apenas lo ocupamos<\/strong>. Ni siquiera es necesario calcular todo el espacio exterior sin humanos, porque si nos ce\u00f1imos al espacio disponible en la Tierra, advertiremos que esta casi se nos antoja deshabitada.<\/p>\n<p style=\"text-align: justify;\">Si actualmente sumamos 7.500 millones de personas en todo el planeta, podemos afirmar que todos nosotros cabr\u00edamos holgadamente en la pen\u00ednsula ib\u00e9rica.<\/p>\n<p style=\"text-align: justify;\">\n<h2 style=\"text-align: justify;\">Bastar\u00eda con crear una ciudad con la densidad demogr\u00e1fica de Madrid y el tama\u00f1o de la pen\u00ednsula para albergar a todas y cada una de las personas del planeta.<\/h2>\n<\/p>\n<p style=\"text-align: justify;\"><strong>3. <u>MASA<\/u><\/strong><\/p>\n<p style=\"text-align: justify;\">Toda la masa de la humanidad puede reducirse a unos pocos cientos de millones de toneladas, aunque irregularmente repartidos en funci\u00f3n de los recursos que posee cada pa\u00eds.<\/p>\n<p style=\"text-align: justify;\"><strong>Estamos hablando de cifras min\u00fasculas si las comparamos con la masa de otros animales diminutos que nos rodean: por ejemplo los insectos<\/strong>.<\/p>\n<p style=\"text-align: justify;\">La <strong>Royal Entomological Society de Londres<\/strong> ha estimado que en la Tierra habitan unos 10.000 millones de insectos por kil\u00f3metro cuadrado. De hecho, tan solo con centrarnos en las hormigas, ya descubrimos que ellas, en conjunto, tienen una masa superior a la de la humanidad.<\/p>\n<p style=\"text-align: justify;\"><strong>4. <u>BACTERIAS<\/u><\/strong><\/P><\/p>\n<p style=\"text-align: justify;\">Si nos fijamos en criaturas a\u00fan m\u00e1s insignificantes, como las bacterias, las cifras son todav\u00eda m\u00e1s sonrojantes, porque se calcula que nuestro planeta alberga cien billones de toneladas de bacterias, cantidad suficiente para cubrir toda su superficie de una capa de 15 metros de espesor. <strong>Y es que se estima que el n\u00famero de bacterias total es de cinco nonillones (lo que equivale a un cinco seguido de 54 ceros)<\/strong>.<\/p>\n<p style=\"text-align: justify;\"><strong>5. <u>EXTINCION<\/u><\/strong><\/P><\/p>\n<p style=\"text-align: justify;\"><strong>Hemos vivido poqu\u00edsimo tiempo en la Tierra, y solo somos una especie de los millones que hay<\/strong>. Por si fuera poco, <strong>las criaturas de este planeta han sido v\u00edctimas, y nosotros podr\u00edamos serlo pr\u00f3ximamente, de una EXTINCION masiva que nos borrar\u00eda de un plumazo de la historia biol\u00f3gica terrestre<\/strong>.<\/P><\/p>\n<p style=\"text-align: justify;\">Es la llamada <strong>sexta EXTINCION<\/strong>, que muchos bi\u00f3logos creen que tendr\u00e1 su origen en el cambio clim\u00e1tico y que suceder\u00e1 dentro de treinta a\u00f1os. Habr\u00e1 que cruzar los dedos.<\/p>\n<table border=\"3\" cellspacing=\"0\" cellpadding=\"0\">\n<tbody>\n<tr>\n<td align=\"center\" bgcolor=\"#3b7cff\" width=\"600\" height=\"25\"><strong><a title=\"Acci\u00f3n del OZONO\" href=\"\/actualidad-interna\/accion-del-ozono\/423\/\" target=\"_blank\" rel=\"noopener noreferrer\"><img loading=\"lazy\" decoding=\"async\" src=\"\/blog\/wp-content\/uploads\/2014\/06\/Noticias-Relacionadas.png\" alt=\"Noticias Relacionadas\" width=\"600\" height=\"25\" border=\"0\" \/><\/a><\/strong><\/td>\n<\/tr>\n<\/tbody>\n<\/table>\n<p><big><strong><\/p>\n<table border=\"0\" cellspacing=\"0\" cellpadding=\"0\">\n<tbody>\n<tr>\n<td height=\"150\" width=\"150\" align=\"center\"><a title=\"Post sobre la EXTINCION\" target=\"_blank\" href=\"https:\/\/www.ozono21.com\/blog\/?s=extincion\" rel=\"noopener noreferrer\"><img loading=\"lazy\" decoding=\"async\" src=\"https:\/\/www.ozono21.com\/blog\/wp-content\/uploads\/2012\/06\/Descubierto-un-superplaneta-habitable.jpg\" alt=\"tierra\" width=\"150\" height=\"150\" style=\"margin: 10px 10px 0px 20px; border: 0px;\"  \/><\/a><\/td>\n<td height=\"150\" width=\"350\" style=\"text-align: left; vertical-align: middle;\"><strong><a title=\"Post sobre la TIERRA\" target=\"_blank\" href=\"https:\/\/www.ozono21.com\/blog\/?s=extincion\" rel=\"noopener noreferrer\">Post sobre la EXTINCION<\/a><\/strong><\/td>\n<\/tr>\n<\/tbody>\n<\/table>\n<p><\/strong><\/big><\/p>\n<table border=\"3\" cellspacing=\"0\" cellpadding=\"0\">\n<tbody>\n<tr>\n<td align=\"center\" bgcolor=\"#3b7cff\" width=\"600\" height=\"25\"><strong><a title=\"Videos YouTube\" href=\"https:\/\/www.youtube.com\/user\/ozono21\/videos?sort=p&amp;view=0&amp;flow=grid\" target=\"_blank\" rel=\"noopener noreferrer\"><img loading=\"lazy\" decoding=\"async\" src=\"\/blog\/wp-content\/uploads\/2014\/06\/Videos-Youtube.png\" alt=\"Videos Youtube\" width=\"600\" height=\"25\" border=\"0\" \/><\/a><\/strong><\/td>\n<\/tr>\n<\/tbody>\n<\/table>\n<p>&nbsp;<\/P><\/p>\n<p style=\"text-align: center;\"><iframe loading=\"lazy\" width=\"651\" height=\"488\" src=\"https:\/\/www.youtube.com\/embed\/tz6f5FJmX5E\" title=\"Ozono21 Medioambiente Vital Aire y Agua\" frameborder=\"0\" allow=\"accelerometer; autoplay; clipboard-write; encrypted-media; gyroscope; picture-in-picture; web-share\" referrerpolicy=\"strict-origin-when-cross-origin\" allowfullscreen><\/iframe><\/p>\n<div class=\"pvc_clear\"><\/div>\n<p id=\"pvc_stats_5236677\" class=\"pvc_stats total_only  \" data-element-id=\"5236677\" style=\"\"><i class=\"pvc-stats-icon small\" aria-hidden=\"true\"><svg aria-hidden=\"true\" focusable=\"false\" data-prefix=\"far\" data-icon=\"chart-bar\" role=\"img\" xmlns=\"http:\/\/www.w3.org\/2000\/svg\" viewBox=\"0 0 512 512\" class=\"svg-inline--fa fa-chart-bar fa-w-16 fa-2x\"><path fill=\"currentColor\" d=\"M396.8 352h22.4c6.4 0 12.8-6.4 12.8-12.8V108.8c0-6.4-6.4-12.8-12.8-12.8h-22.4c-6.4 0-12.8 6.4-12.8 12.8v230.4c0 6.4 6.4 12.8 12.8 12.8zm-192 0h22.4c6.4 0 12.8-6.4 12.8-12.8V140.8c0-6.4-6.4-12.8-12.8-12.8h-22.4c-6.4 0-12.8 6.4-12.8 12.8v198.4c0 6.4 6.4 12.8 12.8 12.8zm96 0h22.4c6.4 0 12.8-6.4 12.8-12.8V204.8c0-6.4-6.4-12.8-12.8-12.8h-22.4c-6.4 0-12.8 6.4-12.8 12.8v134.4c0 6.4 6.4 12.8 12.8 12.8zM496 400H48V80c0-8.84-7.16-16-16-16H16C7.16 64 0 71.16 0 80v336c0 17.67 14.33 32 32 32h464c8.84 0 16-7.16 16-16v-16c0-8.84-7.16-16-16-16zm-387.2-48h22.4c6.4 0 12.8-6.4 12.8-12.8v-70.4c0-6.4-6.4-12.8-12.8-12.8h-22.4c-6.4 0-12.8 6.4-12.8 12.8v70.4c0 6.4 6.4 12.8 12.8 12.8z\" class=\"\"><\/path><\/svg><\/i> <img loading=\"lazy\" decoding=\"async\" width=\"16\" height=\"16\" alt=\"Loading\" src=\"https:\/\/www.ozono21.com\/blog\/wp-content\/plugins\/page-views-count\/ajax-loader-2x.gif\" border=0 \/><\/p>\n<div class=\"pvc_clear\"><\/div>\n","protected":false},"excerpt":{"rendered":"<p>\u00bf Cu\u00e1ndo ser\u00e1 la EXTINCION del ser humano ? Las cifras comparativas lo dejan bien claro: el hombre apenas ocupa espacio y tiempo en el cosmos, y lo m\u00e1s probable es que no tarde en extinguirse Para llegar a asimilar &hellip; <a href=\"https:\/\/www.ozono21.com\/blog\/medioambiente\/cuando-sera-la-extincion-del-ser-humano\/\">Sigue leyendo <span class=\"meta-nav\">&rarr;<\/span><\/a><\/p>\n<div class=\"pvc_clear\"><\/div>\n<p id=\"pvc_stats_5236677\" class=\"pvc_stats total_only  \" data-element-id=\"5236677\" style=\"\"><i class=\"pvc-stats-icon small\" aria-hidden=\"true\"><svg aria-hidden=\"true\" focusable=\"false\" data-prefix=\"far\" data-icon=\"chart-bar\" role=\"img\" xmlns=\"http:\/\/www.w3.org\/2000\/svg\" viewBox=\"0 0 512 512\" class=\"svg-inline--fa fa-chart-bar fa-w-16 fa-2x\"><path fill=\"currentColor\" d=\"M396.8 352h22.4c6.4 0 12.8-6.4 12.8-12.8V108.8c0-6.4-6.4-12.8-12.8-12.8h-22.4c-6.4 0-12.8 6.4-12.8 12.8v230.4c0 6.4 6.4 12.8 12.8 12.8zm-192 0h22.4c6.4 0 12.8-6.4 12.8-12.8V140.8c0-6.4-6.4-12.8-12.8-12.8h-22.4c-6.4 0-12.8 6.4-12.8 12.8v198.4c0 6.4 6.4 12.8 12.8 12.8zm96 0h22.4c6.4 0 12.8-6.4 12.8-12.8V204.8c0-6.4-6.4-12.8-12.8-12.8h-22.4c-6.4 0-12.8 6.4-12.8 12.8v134.4c0 6.4 6.4 12.8 12.8 12.8zM496 400H48V80c0-8.84-7.16-16-16-16H16C7.16 64 0 71.16 0 80v336c0 17.67 14.33 32 32 32h464c8.84 0 16-7.16 16-16v-16c0-8.84-7.16-16-16-16zm-387.2-48h22.4c6.4 0 12.8-6.4 12.8-12.8v-70.4c0-6.4-6.4-12.8-12.8-12.8h-22.4c-6.4 0-12.8 6.4-12.8 12.8v70.4c0 6.4 6.4 12.8 12.8 12.8z\" class=\"\"><\/path><\/svg><\/i> <img loading=\"lazy\" decoding=\"async\" width=\"16\" height=\"16\" alt=\"Loading\" src=\"https:\/\/www.ozono21.com\/blog\/wp-content\/plugins\/page-views-count\/ajax-loader-2x.gif\" border=0 \/><\/p>\n<div class=\"pvc_clear\"><\/div>\n","protected":false},"author":46969,"featured_media":0,"comment_status":"open","ping_status":"closed","sticky":false,"template":"","format":"standard","meta":{"_exactmetrics_skip_tracking":false,"_exactmetrics_sitenote_active":false,"_exactmetrics_sitenote_note":"","_exactmetrics_sitenote_category":0,"_jetpack_memberships_contains_paid_content":false,"footnotes":"","jetpack_publicize_message":"","jetpack_publicize_feature_enabled":true,"jetpack_social_post_already_shared":true,"jetpack_social_options":{"image_generator_settings":{"template":"highway","default_image_id":0,"font":"","enabled":false},"version":2}},"categories":[13,48],"tags":[74,81],"class_list":["post-5236677","post","type-post","status-publish","format-standard","hentry","category-medioambiente","category-sociedad","tag-medioambiente","tag-sociedad"],"a3_pvc":{"activated":true,"total_views":17,"today_views":0},"yoast_head":"<!-- This site is optimized with the Yoast SEO plugin v27.4 - https:\/\/yoast.com\/product\/yoast-seo-wordpress\/ -->\n<title>\u00bf Cu\u00e1ndo ser\u00e1 la EXTINCION del ser humano ?<\/title>\n<meta name=\"description\" content=\"\u00bfCu\u00e1ndo ser\u00e1 la EXTINCION del ser humano? El hombre apenas ocupa espacio y tiempo en el cosmos, lo m\u00e1s probable es que no tarde en extinguirse\" \/>\n<meta name=\"robots\" content=\"index, follow, max-snippet:-1, max-image-preview:large, max-video-preview:-1\" \/>\n<link rel=\"canonical\" href=\"https:\/\/www.ozono21.com\/blog\/medioambiente\/cuando-sera-la-extincion-del-ser-humano\/\" \/>\n<meta property=\"og:locale\" content=\"es_ES\" \/>\n<meta property=\"og:type\" content=\"article\" \/>\n<meta property=\"og:title\" content=\"\u00bf Cu\u00e1ndo ser\u00e1 la EXTINCION del ser humano ?\" \/>\n<meta property=\"og:description\" content=\"\u00bfCu\u00e1ndo ser\u00e1 la EXTINCION del ser humano? El hombre apenas ocupa espacio y tiempo en el cosmos, lo m\u00e1s probable es que no tarde en extinguirse\" \/>\n<meta property=\"og:url\" content=\"https:\/\/www.ozono21.com\/blog\/medioambiente\/cuando-sera-la-extincion-del-ser-humano\/\" \/>\n<meta property=\"og:site_name\" content=\"- Blog Ozono21\" \/>\n<meta property=\"article:published_time\" content=\"2026-03-07T15:09:19+00:00\" \/>\n<meta property=\"article:modified_time\" content=\"2026-03-09T19:06:51+00:00\" \/>\n<meta property=\"og:image\" content=\"https:\/\/www.ozono21.com\/blog\/wp-content\/uploads\/2012\/02\/personas-muchas_5-e1452033652678.jpg\" \/>\n\t<meta property=\"og:image:width\" content=\"225\" \/>\n\t<meta property=\"og:image:height\" content=\"225\" \/>\n\t<meta property=\"og:image:type\" content=\"image\/jpeg\" \/>\n<meta name=\"author\" content=\"INVESTIGACION Ozono21\" \/>\n<meta name=\"twitter:label1\" content=\"Escrito por\" \/>\n\t<meta name=\"twitter:data1\" content=\"INVESTIGACION Ozono21\" \/>\n\t<meta name=\"twitter:label2\" content=\"Tiempo de lectura\" \/>\n\t<meta name=\"twitter:data2\" content=\"3 minutos\" \/>\n<script type=\"application\/ld+json\" class=\"yoast-schema-graph\">{\"@context\":\"https:\\\/\\\/schema.org\",\"@graph\":[{\"@type\":\"Article\",\"@id\":\"https:\\\/\\\/www.ozono21.com\\\/blog\\\/medioambiente\\\/cuando-sera-la-extincion-del-ser-humano\\\/#article\",\"isPartOf\":{\"@id\":\"https:\\\/\\\/www.ozono21.com\\\/blog\\\/medioambiente\\\/cuando-sera-la-extincion-del-ser-humano\\\/\"},\"author\":{\"name\":\"INVESTIGACION Ozono21\",\"@id\":\"https:\\\/\\\/www.ozono21.com\\\/blog\\\/#\\\/schema\\\/person\\\/09b7d3e74b7c4469cd705f2b20bca17c\"},\"headline\":\"\u00bf Cu\u00e1ndo ser\u00e1 la EXTINCION del ser humano ?\",\"datePublished\":\"2026-03-07T15:09:19+00:00\",\"dateModified\":\"2026-03-09T19:06:51+00:00\",\"mainEntityOfPage\":{\"@id\":\"https:\\\/\\\/www.ozono21.com\\\/blog\\\/medioambiente\\\/cuando-sera-la-extincion-del-ser-humano\\\/\"},\"wordCount\":603,\"commentCount\":0,\"image\":{\"@id\":\"https:\\\/\\\/www.ozono21.com\\\/blog\\\/medioambiente\\\/cuando-sera-la-extincion-del-ser-humano\\\/#primaryimage\"},\"thumbnailUrl\":\"https:\\\/\\\/www.ozono21.com\\\/blog\\\/wp-content\\\/uploads\\\/2012\\\/02\\\/personas-muchas_5.jpg\",\"keywords\":[\"MedioAmbiente\",\"Sociedad\"],\"articleSection\":[\"MedioAmbiente\",\"Sociedad\"],\"inLanguage\":\"es\",\"potentialAction\":[{\"@type\":\"CommentAction\",\"name\":\"Comment\",\"target\":[\"https:\\\/\\\/www.ozono21.com\\\/blog\\\/medioambiente\\\/cuando-sera-la-extincion-del-ser-humano\\\/#respond\"]}]},{\"@type\":\"WebPage\",\"@id\":\"https:\\\/\\\/www.ozono21.com\\\/blog\\\/medioambiente\\\/cuando-sera-la-extincion-del-ser-humano\\\/\",\"url\":\"https:\\\/\\\/www.ozono21.com\\\/blog\\\/medioambiente\\\/cuando-sera-la-extincion-del-ser-humano\\\/\",\"name\":\"\u00bf Cu\u00e1ndo ser\u00e1 la EXTINCION del ser humano ?\",\"isPartOf\":{\"@id\":\"https:\\\/\\\/www.ozono21.com\\\/blog\\\/#website\"},\"primaryImageOfPage\":{\"@id\":\"https:\\\/\\\/www.ozono21.com\\\/blog\\\/medioambiente\\\/cuando-sera-la-extincion-del-ser-humano\\\/#primaryimage\"},\"image\":{\"@id\":\"https:\\\/\\\/www.ozono21.com\\\/blog\\\/medioambiente\\\/cuando-sera-la-extincion-del-ser-humano\\\/#primaryimage\"},\"thumbnailUrl\":\"https:\\\/\\\/www.ozono21.com\\\/blog\\\/wp-content\\\/uploads\\\/2012\\\/02\\\/personas-muchas_5.jpg\",\"datePublished\":\"2026-03-07T15:09:19+00:00\",\"dateModified\":\"2026-03-09T19:06:51+00:00\",\"author\":{\"@id\":\"https:\\\/\\\/www.ozono21.com\\\/blog\\\/#\\\/schema\\\/person\\\/09b7d3e74b7c4469cd705f2b20bca17c\"},\"description\":\"\u00bfCu\u00e1ndo ser\u00e1 la EXTINCION del ser humano? El hombre apenas ocupa espacio y tiempo en el cosmos, lo m\u00e1s probable es que no tarde en extinguirse\",\"breadcrumb\":{\"@id\":\"https:\\\/\\\/www.ozono21.com\\\/blog\\\/medioambiente\\\/cuando-sera-la-extincion-del-ser-humano\\\/#breadcrumb\"},\"inLanguage\":\"es\",\"potentialAction\":[{\"@type\":\"ReadAction\",\"target\":[\"https:\\\/\\\/www.ozono21.com\\\/blog\\\/medioambiente\\\/cuando-sera-la-extincion-del-ser-humano\\\/\"]}]},{\"@type\":\"ImageObject\",\"inLanguage\":\"es\",\"@id\":\"https:\\\/\\\/www.ozono21.com\\\/blog\\\/medioambiente\\\/cuando-sera-la-extincion-del-ser-humano\\\/#primaryimage\",\"url\":\"https:\\\/\\\/www.ozono21.com\\\/blog\\\/wp-content\\\/uploads\\\/2012\\\/02\\\/personas-muchas_5.jpg\",\"contentUrl\":\"https:\\\/\\\/www.ozono21.com\\\/blog\\\/wp-content\\\/uploads\\\/2012\\\/02\\\/personas-muchas_5.jpg\"},{\"@type\":\"BreadcrumbList\",\"@id\":\"https:\\\/\\\/www.ozono21.com\\\/blog\\\/medioambiente\\\/cuando-sera-la-extincion-del-ser-humano\\\/#breadcrumb\",\"itemListElement\":[{\"@type\":\"ListItem\",\"position\":1,\"name\":\"Portada\",\"item\":\"https:\\\/\\\/www.ozono21.com\\\/blog\\\/\"},{\"@type\":\"ListItem\",\"position\":2,\"name\":\"\u00bf Cu\u00e1ndo ser\u00e1 la EXTINCION del ser humano ?\"}]},{\"@type\":\"WebSite\",\"@id\":\"https:\\\/\\\/www.ozono21.com\\\/blog\\\/#website\",\"url\":\"https:\\\/\\\/www.ozono21.com\\\/blog\\\/\",\"name\":\"Blog Ozono21\",\"description\":\" - Blog Ozono21\",\"potentialAction\":[{\"@type\":\"SearchAction\",\"target\":{\"@type\":\"EntryPoint\",\"urlTemplate\":\"https:\\\/\\\/www.ozono21.com\\\/blog\\\/?s={search_term_string}\"},\"query-input\":{\"@type\":\"PropertyValueSpecification\",\"valueRequired\":true,\"valueName\":\"search_term_string\"}}],\"inLanguage\":\"es\"},{\"@type\":\"Person\",\"@id\":\"https:\\\/\\\/www.ozono21.com\\\/blog\\\/#\\\/schema\\\/person\\\/09b7d3e74b7c4469cd705f2b20bca17c\",\"name\":\"INVESTIGACION Ozono21\",\"image\":{\"@type\":\"ImageObject\",\"inLanguage\":\"es\",\"@id\":\"https:\\\/\\\/secure.gravatar.com\\\/avatar\\\/eea303d14545d78db33215a13da7c9b8ca3429e072b4b1c115d30546d8d679d6?s=96&d=mm&r=g\",\"url\":\"https:\\\/\\\/secure.gravatar.com\\\/avatar\\\/eea303d14545d78db33215a13da7c9b8ca3429e072b4b1c115d30546d8d679d6?s=96&d=mm&r=g\",\"contentUrl\":\"https:\\\/\\\/secure.gravatar.com\\\/avatar\\\/eea303d14545d78db33215a13da7c9b8ca3429e072b4b1c115d30546d8d679d6?s=96&d=mm&r=g\",\"caption\":\"INVESTIGACION Ozono21\"}}]}<\/script>\n<!-- \/ Yoast SEO plugin. -->","yoast_head_json":{"title":"\u00bf Cu\u00e1ndo ser\u00e1 la EXTINCION del ser humano ?","description":"\u00bfCu\u00e1ndo ser\u00e1 la EXTINCION del ser humano? El hombre apenas ocupa espacio y tiempo en el cosmos, lo m\u00e1s probable es que no tarde en extinguirse","robots":{"index":"index","follow":"follow","max-snippet":"max-snippet:-1","max-image-preview":"max-image-preview:large","max-video-preview":"max-video-preview:-1"},"canonical":"https:\/\/www.ozono21.com\/blog\/medioambiente\/cuando-sera-la-extincion-del-ser-humano\/","og_locale":"es_ES","og_type":"article","og_title":"\u00bf Cu\u00e1ndo ser\u00e1 la EXTINCION del ser humano ?","og_description":"\u00bfCu\u00e1ndo ser\u00e1 la EXTINCION del ser humano? El hombre apenas ocupa espacio y tiempo en el cosmos, lo m\u00e1s probable es que no tarde en extinguirse","og_url":"https:\/\/www.ozono21.com\/blog\/medioambiente\/cuando-sera-la-extincion-del-ser-humano\/","og_site_name":"- Blog Ozono21","article_published_time":"2026-03-07T15:09:19+00:00","article_modified_time":"2026-03-09T19:06:51+00:00","og_image":[{"width":225,"height":225,"url":"https:\/\/www.ozono21.com\/blog\/wp-content\/uploads\/2012\/02\/personas-muchas_5-e1452033652678.jpg","type":"image\/jpeg"}],"author":"INVESTIGACION Ozono21","twitter_misc":{"Escrito por":"INVESTIGACION Ozono21","Tiempo de lectura":"3 minutos"},"schema":{"@context":"https:\/\/schema.org","@graph":[{"@type":"Article","@id":"https:\/\/www.ozono21.com\/blog\/medioambiente\/cuando-sera-la-extincion-del-ser-humano\/#article","isPartOf":{"@id":"https:\/\/www.ozono21.com\/blog\/medioambiente\/cuando-sera-la-extincion-del-ser-humano\/"},"author":{"name":"INVESTIGACION Ozono21","@id":"https:\/\/www.ozono21.com\/blog\/#\/schema\/person\/09b7d3e74b7c4469cd705f2b20bca17c"},"headline":"\u00bf Cu\u00e1ndo ser\u00e1 la EXTINCION del ser humano ?","datePublished":"2026-03-07T15:09:19+00:00","dateModified":"2026-03-09T19:06:51+00:00","mainEntityOfPage":{"@id":"https:\/\/www.ozono21.com\/blog\/medioambiente\/cuando-sera-la-extincion-del-ser-humano\/"},"wordCount":603,"commentCount":0,"image":{"@id":"https:\/\/www.ozono21.com\/blog\/medioambiente\/cuando-sera-la-extincion-del-ser-humano\/#primaryimage"},"thumbnailUrl":"https:\/\/www.ozono21.com\/blog\/wp-content\/uploads\/2012\/02\/personas-muchas_5.jpg","keywords":["MedioAmbiente","Sociedad"],"articleSection":["MedioAmbiente","Sociedad"],"inLanguage":"es","potentialAction":[{"@type":"CommentAction","name":"Comment","target":["https:\/\/www.ozono21.com\/blog\/medioambiente\/cuando-sera-la-extincion-del-ser-humano\/#respond"]}]},{"@type":"WebPage","@id":"https:\/\/www.ozono21.com\/blog\/medioambiente\/cuando-sera-la-extincion-del-ser-humano\/","url":"https:\/\/www.ozono21.com\/blog\/medioambiente\/cuando-sera-la-extincion-del-ser-humano\/","name":"\u00bf Cu\u00e1ndo ser\u00e1 la EXTINCION del ser humano ?","isPartOf":{"@id":"https:\/\/www.ozono21.com\/blog\/#website"},"primaryImageOfPage":{"@id":"https:\/\/www.ozono21.com\/blog\/medioambiente\/cuando-sera-la-extincion-del-ser-humano\/#primaryimage"},"image":{"@id":"https:\/\/www.ozono21.com\/blog\/medioambiente\/cuando-sera-la-extincion-del-ser-humano\/#primaryimage"},"thumbnailUrl":"https:\/\/www.ozono21.com\/blog\/wp-content\/uploads\/2012\/02\/personas-muchas_5.jpg","datePublished":"2026-03-07T15:09:19+00:00","dateModified":"2026-03-09T19:06:51+00:00","author":{"@id":"https:\/\/www.ozono21.com\/blog\/#\/schema\/person\/09b7d3e74b7c4469cd705f2b20bca17c"},"description":"\u00bfCu\u00e1ndo ser\u00e1 la EXTINCION del ser humano? El hombre apenas ocupa espacio y tiempo en el cosmos, lo m\u00e1s probable es que no tarde en extinguirse","breadcrumb":{"@id":"https:\/\/www.ozono21.com\/blog\/medioambiente\/cuando-sera-la-extincion-del-ser-humano\/#breadcrumb"},"inLanguage":"es","potentialAction":[{"@type":"ReadAction","target":["https:\/\/www.ozono21.com\/blog\/medioambiente\/cuando-sera-la-extincion-del-ser-humano\/"]}]},{"@type":"ImageObject","inLanguage":"es","@id":"https:\/\/www.ozono21.com\/blog\/medioambiente\/cuando-sera-la-extincion-del-ser-humano\/#primaryimage","url":"https:\/\/www.ozono21.com\/blog\/wp-content\/uploads\/2012\/02\/personas-muchas_5.jpg","contentUrl":"https:\/\/www.ozono21.com\/blog\/wp-content\/uploads\/2012\/02\/personas-muchas_5.jpg"},{"@type":"BreadcrumbList","@id":"https:\/\/www.ozono21.com\/blog\/medioambiente\/cuando-sera-la-extincion-del-ser-humano\/#breadcrumb","itemListElement":[{"@type":"ListItem","position":1,"name":"Portada","item":"https:\/\/www.ozono21.com\/blog\/"},{"@type":"ListItem","position":2,"name":"\u00bf Cu\u00e1ndo ser\u00e1 la EXTINCION del ser humano ?"}]},{"@type":"WebSite","@id":"https:\/\/www.ozono21.com\/blog\/#website","url":"https:\/\/www.ozono21.com\/blog\/","name":"Blog Ozono21","description":" - Blog Ozono21","potentialAction":[{"@type":"SearchAction","target":{"@type":"EntryPoint","urlTemplate":"https:\/\/www.ozono21.com\/blog\/?s={search_term_string}"},"query-input":{"@type":"PropertyValueSpecification","valueRequired":true,"valueName":"search_term_string"}}],"inLanguage":"es"},{"@type":"Person","@id":"https:\/\/www.ozono21.com\/blog\/#\/schema\/person\/09b7d3e74b7c4469cd705f2b20bca17c","name":"INVESTIGACION Ozono21","image":{"@type":"ImageObject","inLanguage":"es","@id":"https:\/\/secure.gravatar.com\/avatar\/eea303d14545d78db33215a13da7c9b8ca3429e072b4b1c115d30546d8d679d6?s=96&d=mm&r=g","url":"https:\/\/secure.gravatar.com\/avatar\/eea303d14545d78db33215a13da7c9b8ca3429e072b4b1c115d30546d8d679d6?s=96&d=mm&r=g","contentUrl":"https:\/\/secure.gravatar.com\/avatar\/eea303d14545d78db33215a13da7c9b8ca3429e072b4b1c115d30546d8d679d6?s=96&d=mm&r=g","caption":"INVESTIGACION Ozono21"}}]}},"jetpack_publicize_connections":[],"jetpack_featured_media_url":"","jetpack_sharing_enabled":true,"_links":{"self":[{"href":"https:\/\/www.ozono21.com\/blog\/wp-json\/wp\/v2\/posts\/5236677","targetHints":{"allow":["GET"]}}],"collection":[{"href":"https:\/\/www.ozono21.com\/blog\/wp-json\/wp\/v2\/posts"}],"about":[{"href":"https:\/\/www.ozono21.com\/blog\/wp-json\/wp\/v2\/types\/post"}],"author":[{"embeddable":true,"href":"https:\/\/www.ozono21.com\/blog\/wp-json\/wp\/v2\/users\/46969"}],"replies":[{"embeddable":true,"href":"https:\/\/www.ozono21.com\/blog\/wp-json\/wp\/v2\/comments?post=5236677"}],"version-history":[{"count":0,"href":"https:\/\/www.ozono21.com\/blog\/wp-json\/wp\/v2\/posts\/5236677\/revisions"}],"wp:attachment":[{"href":"https:\/\/www.ozono21.com\/blog\/wp-json\/wp\/v2\/media?parent=5236677"}],"wp:term":[{"taxonomy":"category","embeddable":true,"href":"https:\/\/www.ozono21.com\/blog\/wp-json\/wp\/v2\/categories?post=5236677"},{"taxonomy":"post_tag","embeddable":true,"href":"https:\/\/www.ozono21.com\/blog\/wp-json\/wp\/v2\/tags?post=5236677"}],"curies":[{"name":"wp","href":"https:\/\/api.w.org\/{rel}","templated":true}]}}