{"id":5236642,"date":"2026-03-06T14:31:17","date_gmt":"2026-03-06T12:31:17","guid":{"rendered":"https:\/\/www.ozono21.com\/blog\/?p=5236642"},"modified":"2026-03-06T14:36:04","modified_gmt":"2026-03-06T12:36:04","slug":"la-luna-se-creo-dentro-de-la-tierra","status":"publish","type":"post","link":"https:\/\/www.ozono21.com\/blog\/medioambiente\/la-luna-se-creo-dentro-de-la-tierra\/","title":{"rendered":"\u00bfLa LUNA se cre\u00f3 dentro de la TIERRA?"},"content":{"rendered":"<p><img loading=\"lazy\" decoding=\"async\" src=\"https:\/\/www.ozono21.com\/blog\/wp-content\/uploads\/2026\/03\/LUNA.png\" alt=\"LUNA\" border=\"0\" title=\"La LUNA se cre\u00f3 dentro de la TIERRA\" width=\"580\" height=\"386\" class=\"aligncenter\" style=\"margin: 0px 0px 10px 0px; cursor: hand; border: 0px;\" \/><\/p>\n<p style=\"text-align: center;\"><strong>\u00bf La LUNA se cre\u00f3 dentro de la TIERRA ?<\/strong><\/p>\n<p style=\"text-align: justify;\"><H2 style=\"text-align: justify;\"><a title=\"MEDIOAMBIENTE\" href=\"https:\/\/www.ozono21.com\/actualidad-interna\/medioambiente-ozono\/436\/\" target=\"_blank\" rel=\"noopener noreferrer\">La Luna pudo haber surgido de una enorme nube de roca vaporizada en forma de \u201crosquilla\u201d en lugar de haberse formado despu\u00e9s de una colisi\u00f3n, seg\u00fan un estudio publicado en el Journal of Geophysical Research: Planets, cuyo autor principal es Simon Lock, un estudiante graduado en el Departamento de Ciencias Planetarias y de la Tierra de la Universidad de Harvard<\/a><\/H2><\/p>\n<p style=\"text-align: justify;\">Fuente: 20 MINUTOS (25 julio, 2018)<\/p>\n<p style=\"text-align: justify;\"><strong>Lock explica<\/strong> cu\u00e1l ha sido el modelo can\u00f3nico que se ha mantenido durante 20 a\u00f1os sobre la formaci\u00f3n de la Luna. <em><strong>\u201cLa teor\u00eda com\u00fanmente aceptada sobre c\u00f3mo se form\u00f3 la Luna es que un cuerpo del tama\u00f1o de Marte colision\u00f3 con la proto-Tierra y material hilado en \u00f3rbita. Esa masa se instal\u00f3 en un disco y luego se acumul\u00f3 para formar la luna. El cuerpo que qued\u00f3 despu\u00e9s del impacto fue la Tierra\u201d<\/strong><\/em>.<\/p>\n<p style=\"text-align: justify;\"><strong><u>Modelo \u201cconvincente\u201d<\/u><\/strong><\/p>\n<p style=\"text-align: justify;\">Aunque este modelo sea \u201cconvincente\u201d, <strong>Lock afirma que probablemente no sea correcto<\/strong>. <em><strong>\u201cPoner suficiente masa en \u00f3rbita en el escenario can\u00f3nico es en realidad muy dif\u00edcil, y hay una gama muy limitada de colisiones que podr\u00edan ser capaces de hacerlo\u201d<\/strong><\/em>, dice, ya que s\u00f3lo hay un par de grados de \u00e1ngulo de impacto y un rango muy estrecho de tama\u00f1os y, aun as\u00ed, algunos impactos no funcionan.<\/p>\n<p style=\"text-align: justify;\"><em><strong>\u201cLa Luna se form\u00f3 dentro de la Tierra vaporizada a temperaturas de 2.200\u00baC a 3.300\u00baC y presiones de decenas de atm\u00f3sferas\u201d<\/strong><\/em>, <strong>defiende Lock<\/strong> en su estudio, que ha sido <strong>coescrito por<\/strong> Sarah Stewart (UC Davis), Michail Petaev (Harvard), Zo\u00eb Leinhardt (Bristol), Mia Mace (Bristol), Stein Jacobsen (Harvard) y Matija Uk (SETI).<\/p>\n<p style=\"text-align: justify;\">Por su parte, la <strong>profesora Sarah Stewart<\/strong> apunta que las pruebas han demostrado que la \u201chuella dactilar\u201d isot\u00f3pica tanto para la Tierra como para la Luna son casi id\u00e9nticas, lo que sugiere que ambas provienen de la misma fuente. <strong>Pero en la historia can\u00f3nica, la Luna se form\u00f3 principalmente a partir de los restos de uno de los dos cuerpos que colisionaron<\/strong>.<\/p>\n<p style=\"text-align: justify;\"><strong><u>La \u201csynestia\u201d<\/u><\/strong><\/p>\n<p style=\"text-align: justify;\">El escenario descrito por Lock y sus colegas comienza, no obstante, con una colisi\u00f3n masiva. Pero en lugar de crearse un disco de material rocoso, el impacto crea una \u201csynestia\u201d, t\u00e9rmino acu\u00f1ado por Stewart y Lock para hacer referencia a un nuevo tipo de objeto planetario.<\/p>\n<p style=\"text-align: justify;\"><strong>Una \u201csynestia\u201d se forma cuando una colisi\u00f3n entre objetos del tama\u00f1o de un planeta da como resultado una masa de roca fundida y vaporizada, que gira r\u00e1pidamente, con parte del cuerpo en \u00f3rbita alrededor de s\u00ed misma<\/strong>. Todo el objeto se hincha, adoptando la forma de una rosquilla gigante de roca vaporizada.<\/p>\n<p style=\"text-align: justify;\">Seg\u00fan indica Lock, este objeto puede ser diez veces el tama\u00f1o de la Tierra y, debido a que hay tanta energ\u00eda en la colisi\u00f3n, un 10% de la roca de la Tierra se vaporiza. Estos objetos duran uno cientos de a\u00f1os, ya que se encogen r\u00e1pidamente a medida que irradian calor, lo que hace que el vapor de roca se condense en l\u00edquido y finalmente se colapse en un planeta fundido.<\/p>\n<table border=\"3\" cellspacing=\"0\" cellpadding=\"0\">\n<tbody>\n<tr>\n<td bgcolor=\"#3b7cff\" height=\"25\" width=\"600\" align=\"center\"><strong><a title=\"Actualidad ACCION del OZONO\" href=\"https:\/\/www.ozono21.com\/actualidad-interna\/accion-del-ozono\/423\/\" target=\"_blank\" rel=\"noopener noreferrer\"><img loading=\"lazy\" decoding=\"async\" src=\"https:\/\/www.ozono21.com\/blog\/wp-content\/uploads\/2014\/06\/Noticias-Relacionadas.png\" alt=\"Noticias Relacionadas\" width=\"600\" height=\"25\" border=\"0\" \/><\/a><\/strong>\n<\/td>\n<\/tr>\n<\/tbody>\n<\/table>\n<p><big><\/p>\n<ul>\n<li><strong><a title=\"Neil Armstrong trajo agua de la Luna\" href=\"https:\/\/www.ozono21.com\/blog\/agua\/neil-armstrong-trajo-agua-de-la-luna\/\" target=\"_blank\" rel=\"noopener noreferrer\">Neil Armstrong trajo agua de la Luna<\/a><\/strong><\/li>\n<li><strong><a title=\"Im\u00e1genes in\u00e9ditas de la llegada del hombre a la Luna\"  href=\"https:\/\/www.ozono21.com\/blog\/medioambiente\/imagenes-llegada-hombre-a-la-luna\/\" target=\"_blank\" rel=\"noopener noreferrer\">Im\u00e1genes in\u00e9ditas de la llegada del hombre a la Luna<\/a><\/strong><\/li>\n<\/ul>\n<p><\/big><\/p>\n<table border=\"3\" cellspacing=\"0\" cellpadding=\"0\">\n<tbody>\n<tr>\n<td bgcolor=\"#3b7cff\" height=\"25\" width=\"600\" align=\"center\"><strong><a title=\"Videos YouTube\" target=\"_blank\" href=\"https:\/\/www.youtube.com\/user\/ozono21\/videos?sort=p&amp;view=0&amp;flow=grid\" rel=\"noopener noreferrer\"><img loading=\"lazy\" decoding=\"async\" src=\"https:\/\/www.ozono21.com\/blog\/wp-content\/uploads\/2014\/06\/Videos-Youtube.png\" alt=\"Videos Youtube\" width=\"600\" height=\"25\" border=\"0\" \/><\/a><\/strong>\n<\/td>\n<\/tr>\n<\/tbody>\n<\/table>\n<p>&nbsp;<\/p>\n<p style=\"TEXT-ALIGN: center\"><iframe loading=\"lazy\" width=\"853\" height=\"480\" src=\"https:\/\/www.youtube.com\/embed\/ASheQPZIYBw\" frameborder=\"0\" allow=\"accelerometer; autoplay; encrypted-media; gyroscope; picture-in-picture\" allowfullscreen><\/iframe><\/p>\n<div class=\"pvc_clear\"><\/div>\n<p id=\"pvc_stats_5236642\" class=\"pvc_stats total_only  \" data-element-id=\"5236642\" style=\"\"><i class=\"pvc-stats-icon small\" aria-hidden=\"true\"><svg aria-hidden=\"true\" focusable=\"false\" data-prefix=\"far\" data-icon=\"chart-bar\" role=\"img\" xmlns=\"http:\/\/www.w3.org\/2000\/svg\" viewBox=\"0 0 512 512\" class=\"svg-inline--fa fa-chart-bar fa-w-16 fa-2x\"><path fill=\"currentColor\" d=\"M396.8 352h22.4c6.4 0 12.8-6.4 12.8-12.8V108.8c0-6.4-6.4-12.8-12.8-12.8h-22.4c-6.4 0-12.8 6.4-12.8 12.8v230.4c0 6.4 6.4 12.8 12.8 12.8zm-192 0h22.4c6.4 0 12.8-6.4 12.8-12.8V140.8c0-6.4-6.4-12.8-12.8-12.8h-22.4c-6.4 0-12.8 6.4-12.8 12.8v198.4c0 6.4 6.4 12.8 12.8 12.8zm96 0h22.4c6.4 0 12.8-6.4 12.8-12.8V204.8c0-6.4-6.4-12.8-12.8-12.8h-22.4c-6.4 0-12.8 6.4-12.8 12.8v134.4c0 6.4 6.4 12.8 12.8 12.8zM496 400H48V80c0-8.84-7.16-16-16-16H16C7.16 64 0 71.16 0 80v336c0 17.67 14.33 32 32 32h464c8.84 0 16-7.16 16-16v-16c0-8.84-7.16-16-16-16zm-387.2-48h22.4c6.4 0 12.8-6.4 12.8-12.8v-70.4c0-6.4-6.4-12.8-12.8-12.8h-22.4c-6.4 0-12.8 6.4-12.8 12.8v70.4c0 6.4 6.4 12.8 12.8 12.8z\" class=\"\"><\/path><\/svg><\/i> <img loading=\"lazy\" decoding=\"async\" width=\"16\" height=\"16\" alt=\"Loading\" src=\"https:\/\/www.ozono21.com\/blog\/wp-content\/plugins\/page-views-count\/ajax-loader-2x.gif\" border=0 \/><\/p>\n<div class=\"pvc_clear\"><\/div>\n","protected":false},"excerpt":{"rendered":"<p>\u00bf La LUNA se cre\u00f3 dentro de la TIERRA ? La Luna pudo haber surgido de una enorme nube de roca vaporizada en forma de \u201crosquilla\u201d en lugar de haberse formado despu\u00e9s de una colisi\u00f3n, seg\u00fan un estudio publicado en &hellip; <a href=\"https:\/\/www.ozono21.com\/blog\/medioambiente\/la-luna-se-creo-dentro-de-la-tierra\/\">Sigue leyendo <span class=\"meta-nav\">&rarr;<\/span><\/a><\/p>\n<div class=\"pvc_clear\"><\/div>\n<p id=\"pvc_stats_5236642\" class=\"pvc_stats total_only  \" data-element-id=\"5236642\" style=\"\"><i class=\"pvc-stats-icon small\" aria-hidden=\"true\"><svg aria-hidden=\"true\" focusable=\"false\" data-prefix=\"far\" data-icon=\"chart-bar\" role=\"img\" xmlns=\"http:\/\/www.w3.org\/2000\/svg\" viewBox=\"0 0 512 512\" class=\"svg-inline--fa fa-chart-bar fa-w-16 fa-2x\"><path fill=\"currentColor\" d=\"M396.8 352h22.4c6.4 0 12.8-6.4 12.8-12.8V108.8c0-6.4-6.4-12.8-12.8-12.8h-22.4c-6.4 0-12.8 6.4-12.8 12.8v230.4c0 6.4 6.4 12.8 12.8 12.8zm-192 0h22.4c6.4 0 12.8-6.4 12.8-12.8V140.8c0-6.4-6.4-12.8-12.8-12.8h-22.4c-6.4 0-12.8 6.4-12.8 12.8v198.4c0 6.4 6.4 12.8 12.8 12.8zm96 0h22.4c6.4 0 12.8-6.4 12.8-12.8V204.8c0-6.4-6.4-12.8-12.8-12.8h-22.4c-6.4 0-12.8 6.4-12.8 12.8v134.4c0 6.4 6.4 12.8 12.8 12.8zM496 400H48V80c0-8.84-7.16-16-16-16H16C7.16 64 0 71.16 0 80v336c0 17.67 14.33 32 32 32h464c8.84 0 16-7.16 16-16v-16c0-8.84-7.16-16-16-16zm-387.2-48h22.4c6.4 0 12.8-6.4 12.8-12.8v-70.4c0-6.4-6.4-12.8-12.8-12.8h-22.4c-6.4 0-12.8 6.4-12.8 12.8v70.4c0 6.4 6.4 12.8 12.8 12.8z\" class=\"\"><\/path><\/svg><\/i> <img loading=\"lazy\" decoding=\"async\" width=\"16\" height=\"16\" alt=\"Loading\" src=\"https:\/\/www.ozono21.com\/blog\/wp-content\/plugins\/page-views-count\/ajax-loader-2x.gif\" border=0 \/><\/p>\n<div class=\"pvc_clear\"><\/div>\n","protected":false},"author":46969,"featured_media":5236643,"comment_status":"open","ping_status":"closed","sticky":false,"template":"","format":"standard","meta":{"_exactmetrics_skip_tracking":false,"_exactmetrics_sitenote_active":false,"_exactmetrics_sitenote_note":"","_exactmetrics_sitenote_category":0,"_jetpack_memberships_contains_paid_content":false,"footnotes":"","jetpack_publicize_message":"","jetpack_publicize_feature_enabled":true,"jetpack_social_post_already_shared":true,"jetpack_social_options":{"image_generator_settings":{"template":"highway","default_image_id":0,"font":"","enabled":false},"version":2}},"categories":[13],"tags":[74],"class_list":["post-5236642","post","type-post","status-publish","format-standard","has-post-thumbnail","hentry","category-medioambiente","tag-medioambiente"],"a3_pvc":{"activated":true,"total_views":12,"today_views":0},"yoast_head":"<!-- This site is optimized with the Yoast SEO plugin v27.4 - https:\/\/yoast.com\/product\/yoast-seo-wordpress\/ -->\n<title>\u00bf La LUNA se cre\u00f3 dentro de la TIERRA ?<\/title>\n<meta name=\"description\" content=\"\u00bf La LUNA se cre\u00f3 dentro de la TIERRA ? La Luna pudo haber surgido de una enorme nube de roca vaporizada en forma de \u201crosquilla\u201d\" \/>\n<meta name=\"robots\" content=\"index, follow, max-snippet:-1, max-image-preview:large, max-video-preview:-1\" \/>\n<link rel=\"canonical\" href=\"https:\/\/www.ozono21.com\/blog\/medioambiente\/la-luna-se-creo-dentro-de-la-tierra\/\" \/>\n<meta property=\"og:locale\" content=\"es_ES\" \/>\n<meta property=\"og:type\" content=\"article\" \/>\n<meta property=\"og:title\" content=\"\u00bf La LUNA se cre\u00f3 dentro de la TIERRA ?\" \/>\n<meta property=\"og:description\" content=\"\u00bf La LUNA se cre\u00f3 dentro de la TIERRA ? La Luna pudo haber surgido de una enorme nube de roca vaporizada en forma de \u201crosquilla\u201d\" \/>\n<meta property=\"og:url\" content=\"https:\/\/www.ozono21.com\/blog\/medioambiente\/la-luna-se-creo-dentro-de-la-tierra\/\" \/>\n<meta property=\"og:site_name\" content=\"- Blog Ozono21\" \/>\n<meta property=\"article:published_time\" content=\"2026-03-06T12:31:17+00:00\" \/>\n<meta property=\"article:modified_time\" content=\"2026-03-06T12:36:04+00:00\" \/>\n<meta property=\"og:image\" content=\"https:\/\/www.ozono21.com\/blog\/wp-content\/uploads\/2026\/03\/LUNA.png\" \/>\n\t<meta property=\"og:image:width\" content=\"580\" \/>\n\t<meta property=\"og:image:height\" content=\"386\" \/>\n\t<meta property=\"og:image:type\" content=\"image\/png\" \/>\n<meta name=\"author\" content=\"INVESTIGACION Ozono21\" \/>\n<meta name=\"twitter:label1\" content=\"Escrito por\" \/>\n\t<meta name=\"twitter:data1\" content=\"INVESTIGACION Ozono21\" \/>\n\t<meta name=\"twitter:label2\" content=\"Tiempo de lectura\" \/>\n\t<meta name=\"twitter:data2\" content=\"3 minutos\" \/>\n<script type=\"application\/ld+json\" class=\"yoast-schema-graph\">{\"@context\":\"https:\\\/\\\/schema.org\",\"@graph\":[{\"@type\":\"Article\",\"@id\":\"https:\\\/\\\/www.ozono21.com\\\/blog\\\/medioambiente\\\/la-luna-se-creo-dentro-de-la-tierra\\\/#article\",\"isPartOf\":{\"@id\":\"https:\\\/\\\/www.ozono21.com\\\/blog\\\/medioambiente\\\/la-luna-se-creo-dentro-de-la-tierra\\\/\"},\"author\":{\"name\":\"INVESTIGACION Ozono21\",\"@id\":\"https:\\\/\\\/www.ozono21.com\\\/blog\\\/#\\\/schema\\\/person\\\/09b7d3e74b7c4469cd705f2b20bca17c\"},\"headline\":\"\u00bfLa LUNA se cre\u00f3 dentro de la TIERRA?\",\"datePublished\":\"2026-03-06T12:31:17+00:00\",\"dateModified\":\"2026-03-06T12:36:04+00:00\",\"mainEntityOfPage\":{\"@id\":\"https:\\\/\\\/www.ozono21.com\\\/blog\\\/medioambiente\\\/la-luna-se-creo-dentro-de-la-tierra\\\/\"},\"wordCount\":557,\"commentCount\":0,\"image\":{\"@id\":\"https:\\\/\\\/www.ozono21.com\\\/blog\\\/medioambiente\\\/la-luna-se-creo-dentro-de-la-tierra\\\/#primaryimage\"},\"thumbnailUrl\":\"https:\\\/\\\/www.ozono21.com\\\/blog\\\/wp-content\\\/uploads\\\/2026\\\/03\\\/LUNA.png\",\"keywords\":[\"MedioAmbiente\"],\"articleSection\":[\"MedioAmbiente\"],\"inLanguage\":\"es\",\"potentialAction\":[{\"@type\":\"CommentAction\",\"name\":\"Comment\",\"target\":[\"https:\\\/\\\/www.ozono21.com\\\/blog\\\/medioambiente\\\/la-luna-se-creo-dentro-de-la-tierra\\\/#respond\"]}]},{\"@type\":\"WebPage\",\"@id\":\"https:\\\/\\\/www.ozono21.com\\\/blog\\\/medioambiente\\\/la-luna-se-creo-dentro-de-la-tierra\\\/\",\"url\":\"https:\\\/\\\/www.ozono21.com\\\/blog\\\/medioambiente\\\/la-luna-se-creo-dentro-de-la-tierra\\\/\",\"name\":\"\u00bf La LUNA se cre\u00f3 dentro de la TIERRA ?\",\"isPartOf\":{\"@id\":\"https:\\\/\\\/www.ozono21.com\\\/blog\\\/#website\"},\"primaryImageOfPage\":{\"@id\":\"https:\\\/\\\/www.ozono21.com\\\/blog\\\/medioambiente\\\/la-luna-se-creo-dentro-de-la-tierra\\\/#primaryimage\"},\"image\":{\"@id\":\"https:\\\/\\\/www.ozono21.com\\\/blog\\\/medioambiente\\\/la-luna-se-creo-dentro-de-la-tierra\\\/#primaryimage\"},\"thumbnailUrl\":\"https:\\\/\\\/www.ozono21.com\\\/blog\\\/wp-content\\\/uploads\\\/2026\\\/03\\\/LUNA.png\",\"datePublished\":\"2026-03-06T12:31:17+00:00\",\"dateModified\":\"2026-03-06T12:36:04+00:00\",\"author\":{\"@id\":\"https:\\\/\\\/www.ozono21.com\\\/blog\\\/#\\\/schema\\\/person\\\/09b7d3e74b7c4469cd705f2b20bca17c\"},\"description\":\"\u00bf La LUNA se cre\u00f3 dentro de la TIERRA ? La Luna pudo haber surgido de una enorme nube de roca vaporizada en forma de \u201crosquilla\u201d\",\"breadcrumb\":{\"@id\":\"https:\\\/\\\/www.ozono21.com\\\/blog\\\/medioambiente\\\/la-luna-se-creo-dentro-de-la-tierra\\\/#breadcrumb\"},\"inLanguage\":\"es\",\"potentialAction\":[{\"@type\":\"ReadAction\",\"target\":[\"https:\\\/\\\/www.ozono21.com\\\/blog\\\/medioambiente\\\/la-luna-se-creo-dentro-de-la-tierra\\\/\"]}]},{\"@type\":\"ImageObject\",\"inLanguage\":\"es\",\"@id\":\"https:\\\/\\\/www.ozono21.com\\\/blog\\\/medioambiente\\\/la-luna-se-creo-dentro-de-la-tierra\\\/#primaryimage\",\"url\":\"https:\\\/\\\/www.ozono21.com\\\/blog\\\/wp-content\\\/uploads\\\/2026\\\/03\\\/LUNA.png\",\"contentUrl\":\"https:\\\/\\\/www.ozono21.com\\\/blog\\\/wp-content\\\/uploads\\\/2026\\\/03\\\/LUNA.png\",\"width\":580,\"height\":386},{\"@type\":\"BreadcrumbList\",\"@id\":\"https:\\\/\\\/www.ozono21.com\\\/blog\\\/medioambiente\\\/la-luna-se-creo-dentro-de-la-tierra\\\/#breadcrumb\",\"itemListElement\":[{\"@type\":\"ListItem\",\"position\":1,\"name\":\"Portada\",\"item\":\"https:\\\/\\\/www.ozono21.com\\\/blog\\\/\"},{\"@type\":\"ListItem\",\"position\":2,\"name\":\"\u00bfLa LUNA se cre\u00f3 dentro de la TIERRA?\"}]},{\"@type\":\"WebSite\",\"@id\":\"https:\\\/\\\/www.ozono21.com\\\/blog\\\/#website\",\"url\":\"https:\\\/\\\/www.ozono21.com\\\/blog\\\/\",\"name\":\"Blog Ozono21\",\"description\":\" - Blog Ozono21\",\"potentialAction\":[{\"@type\":\"SearchAction\",\"target\":{\"@type\":\"EntryPoint\",\"urlTemplate\":\"https:\\\/\\\/www.ozono21.com\\\/blog\\\/?s={search_term_string}\"},\"query-input\":{\"@type\":\"PropertyValueSpecification\",\"valueRequired\":true,\"valueName\":\"search_term_string\"}}],\"inLanguage\":\"es\"},{\"@type\":\"Person\",\"@id\":\"https:\\\/\\\/www.ozono21.com\\\/blog\\\/#\\\/schema\\\/person\\\/09b7d3e74b7c4469cd705f2b20bca17c\",\"name\":\"INVESTIGACION Ozono21\",\"image\":{\"@type\":\"ImageObject\",\"inLanguage\":\"es\",\"@id\":\"https:\\\/\\\/secure.gravatar.com\\\/avatar\\\/eea303d14545d78db33215a13da7c9b8ca3429e072b4b1c115d30546d8d679d6?s=96&d=mm&r=g\",\"url\":\"https:\\\/\\\/secure.gravatar.com\\\/avatar\\\/eea303d14545d78db33215a13da7c9b8ca3429e072b4b1c115d30546d8d679d6?s=96&d=mm&r=g\",\"contentUrl\":\"https:\\\/\\\/secure.gravatar.com\\\/avatar\\\/eea303d14545d78db33215a13da7c9b8ca3429e072b4b1c115d30546d8d679d6?s=96&d=mm&r=g\",\"caption\":\"INVESTIGACION Ozono21\"}}]}<\/script>\n<!-- \/ Yoast SEO plugin. -->","yoast_head_json":{"title":"\u00bf La LUNA se cre\u00f3 dentro de la TIERRA ?","description":"\u00bf La LUNA se cre\u00f3 dentro de la TIERRA ? La Luna pudo haber surgido de una enorme nube de roca vaporizada en forma de \u201crosquilla\u201d","robots":{"index":"index","follow":"follow","max-snippet":"max-snippet:-1","max-image-preview":"max-image-preview:large","max-video-preview":"max-video-preview:-1"},"canonical":"https:\/\/www.ozono21.com\/blog\/medioambiente\/la-luna-se-creo-dentro-de-la-tierra\/","og_locale":"es_ES","og_type":"article","og_title":"\u00bf La LUNA se cre\u00f3 dentro de la TIERRA ?","og_description":"\u00bf La LUNA se cre\u00f3 dentro de la TIERRA ? La Luna pudo haber surgido de una enorme nube de roca vaporizada en forma de \u201crosquilla\u201d","og_url":"https:\/\/www.ozono21.com\/blog\/medioambiente\/la-luna-se-creo-dentro-de-la-tierra\/","og_site_name":"- Blog Ozono21","article_published_time":"2026-03-06T12:31:17+00:00","article_modified_time":"2026-03-06T12:36:04+00:00","og_image":[{"width":580,"height":386,"url":"https:\/\/www.ozono21.com\/blog\/wp-content\/uploads\/2026\/03\/LUNA.png","type":"image\/png"}],"author":"INVESTIGACION Ozono21","twitter_misc":{"Escrito por":"INVESTIGACION Ozono21","Tiempo de lectura":"3 minutos"},"schema":{"@context":"https:\/\/schema.org","@graph":[{"@type":"Article","@id":"https:\/\/www.ozono21.com\/blog\/medioambiente\/la-luna-se-creo-dentro-de-la-tierra\/#article","isPartOf":{"@id":"https:\/\/www.ozono21.com\/blog\/medioambiente\/la-luna-se-creo-dentro-de-la-tierra\/"},"author":{"name":"INVESTIGACION Ozono21","@id":"https:\/\/www.ozono21.com\/blog\/#\/schema\/person\/09b7d3e74b7c4469cd705f2b20bca17c"},"headline":"\u00bfLa LUNA se cre\u00f3 dentro de la TIERRA?","datePublished":"2026-03-06T12:31:17+00:00","dateModified":"2026-03-06T12:36:04+00:00","mainEntityOfPage":{"@id":"https:\/\/www.ozono21.com\/blog\/medioambiente\/la-luna-se-creo-dentro-de-la-tierra\/"},"wordCount":557,"commentCount":0,"image":{"@id":"https:\/\/www.ozono21.com\/blog\/medioambiente\/la-luna-se-creo-dentro-de-la-tierra\/#primaryimage"},"thumbnailUrl":"https:\/\/www.ozono21.com\/blog\/wp-content\/uploads\/2026\/03\/LUNA.png","keywords":["MedioAmbiente"],"articleSection":["MedioAmbiente"],"inLanguage":"es","potentialAction":[{"@type":"CommentAction","name":"Comment","target":["https:\/\/www.ozono21.com\/blog\/medioambiente\/la-luna-se-creo-dentro-de-la-tierra\/#respond"]}]},{"@type":"WebPage","@id":"https:\/\/www.ozono21.com\/blog\/medioambiente\/la-luna-se-creo-dentro-de-la-tierra\/","url":"https:\/\/www.ozono21.com\/blog\/medioambiente\/la-luna-se-creo-dentro-de-la-tierra\/","name":"\u00bf La LUNA se cre\u00f3 dentro de la TIERRA ?","isPartOf":{"@id":"https:\/\/www.ozono21.com\/blog\/#website"},"primaryImageOfPage":{"@id":"https:\/\/www.ozono21.com\/blog\/medioambiente\/la-luna-se-creo-dentro-de-la-tierra\/#primaryimage"},"image":{"@id":"https:\/\/www.ozono21.com\/blog\/medioambiente\/la-luna-se-creo-dentro-de-la-tierra\/#primaryimage"},"thumbnailUrl":"https:\/\/www.ozono21.com\/blog\/wp-content\/uploads\/2026\/03\/LUNA.png","datePublished":"2026-03-06T12:31:17+00:00","dateModified":"2026-03-06T12:36:04+00:00","author":{"@id":"https:\/\/www.ozono21.com\/blog\/#\/schema\/person\/09b7d3e74b7c4469cd705f2b20bca17c"},"description":"\u00bf La LUNA se cre\u00f3 dentro de la TIERRA ? La Luna pudo haber surgido de una enorme nube de roca vaporizada en forma de \u201crosquilla\u201d","breadcrumb":{"@id":"https:\/\/www.ozono21.com\/blog\/medioambiente\/la-luna-se-creo-dentro-de-la-tierra\/#breadcrumb"},"inLanguage":"es","potentialAction":[{"@type":"ReadAction","target":["https:\/\/www.ozono21.com\/blog\/medioambiente\/la-luna-se-creo-dentro-de-la-tierra\/"]}]},{"@type":"ImageObject","inLanguage":"es","@id":"https:\/\/www.ozono21.com\/blog\/medioambiente\/la-luna-se-creo-dentro-de-la-tierra\/#primaryimage","url":"https:\/\/www.ozono21.com\/blog\/wp-content\/uploads\/2026\/03\/LUNA.png","contentUrl":"https:\/\/www.ozono21.com\/blog\/wp-content\/uploads\/2026\/03\/LUNA.png","width":580,"height":386},{"@type":"BreadcrumbList","@id":"https:\/\/www.ozono21.com\/blog\/medioambiente\/la-luna-se-creo-dentro-de-la-tierra\/#breadcrumb","itemListElement":[{"@type":"ListItem","position":1,"name":"Portada","item":"https:\/\/www.ozono21.com\/blog\/"},{"@type":"ListItem","position":2,"name":"\u00bfLa LUNA se cre\u00f3 dentro de la TIERRA?"}]},{"@type":"WebSite","@id":"https:\/\/www.ozono21.com\/blog\/#website","url":"https:\/\/www.ozono21.com\/blog\/","name":"Blog Ozono21","description":" - Blog Ozono21","potentialAction":[{"@type":"SearchAction","target":{"@type":"EntryPoint","urlTemplate":"https:\/\/www.ozono21.com\/blog\/?s={search_term_string}"},"query-input":{"@type":"PropertyValueSpecification","valueRequired":true,"valueName":"search_term_string"}}],"inLanguage":"es"},{"@type":"Person","@id":"https:\/\/www.ozono21.com\/blog\/#\/schema\/person\/09b7d3e74b7c4469cd705f2b20bca17c","name":"INVESTIGACION Ozono21","image":{"@type":"ImageObject","inLanguage":"es","@id":"https:\/\/secure.gravatar.com\/avatar\/eea303d14545d78db33215a13da7c9b8ca3429e072b4b1c115d30546d8d679d6?s=96&d=mm&r=g","url":"https:\/\/secure.gravatar.com\/avatar\/eea303d14545d78db33215a13da7c9b8ca3429e072b4b1c115d30546d8d679d6?s=96&d=mm&r=g","contentUrl":"https:\/\/secure.gravatar.com\/avatar\/eea303d14545d78db33215a13da7c9b8ca3429e072b4b1c115d30546d8d679d6?s=96&d=mm&r=g","caption":"INVESTIGACION Ozono21"}}]}},"jetpack_publicize_connections":[],"jetpack_featured_media_url":"https:\/\/www.ozono21.com\/blog\/wp-content\/uploads\/2026\/03\/LUNA.png","jetpack_sharing_enabled":true,"_links":{"self":[{"href":"https:\/\/www.ozono21.com\/blog\/wp-json\/wp\/v2\/posts\/5236642","targetHints":{"allow":["GET"]}}],"collection":[{"href":"https:\/\/www.ozono21.com\/blog\/wp-json\/wp\/v2\/posts"}],"about":[{"href":"https:\/\/www.ozono21.com\/blog\/wp-json\/wp\/v2\/types\/post"}],"author":[{"embeddable":true,"href":"https:\/\/www.ozono21.com\/blog\/wp-json\/wp\/v2\/users\/46969"}],"replies":[{"embeddable":true,"href":"https:\/\/www.ozono21.com\/blog\/wp-json\/wp\/v2\/comments?post=5236642"}],"version-history":[{"count":0,"href":"https:\/\/www.ozono21.com\/blog\/wp-json\/wp\/v2\/posts\/5236642\/revisions"}],"wp:featuredmedia":[{"embeddable":true,"href":"https:\/\/www.ozono21.com\/blog\/wp-json\/wp\/v2\/media\/5236643"}],"wp:attachment":[{"href":"https:\/\/www.ozono21.com\/blog\/wp-json\/wp\/v2\/media?parent=5236642"}],"wp:term":[{"taxonomy":"category","embeddable":true,"href":"https:\/\/www.ozono21.com\/blog\/wp-json\/wp\/v2\/categories?post=5236642"},{"taxonomy":"post_tag","embeddable":true,"href":"https:\/\/www.ozono21.com\/blog\/wp-json\/wp\/v2\/tags?post=5236642"}],"curies":[{"name":"wp","href":"https:\/\/api.w.org\/{rel}","templated":true}]}}