{"id":5228603,"date":"2022-03-01T11:09:20","date_gmt":"2022-03-01T09:09:20","guid":{"rendered":"https:\/\/www.ozono21.com\/blog\/?p=5228603"},"modified":"2026-02-14T20:09:59","modified_gmt":"2026-02-14T18:09:59","slug":"capa-de-ozono-se-rompe-por-sus-extremos","status":"publish","type":"post","link":"https:\/\/www.ozono21.com\/blog\/ozono\/capa-de-ozono-se-rompe-por-sus-extremos\/","title":{"rendered":"CAPA de OZONO se rompe por sus extremos"},"content":{"rendered":"<p style=\"text-align: justify;\">\n<h2 style=\"text-align: justify;\"><img loading=\"lazy\" decoding=\"async\" src=\"https:\/\/www.ozono21.com\/blog\/wp-content\/uploads\/2015\/02\/El-cambio-clim\u00e1tico-destruye-la-capa-de-ozono-pero-tambi\u00e9n-la-econom\u00eda-y-la-salud-300x300.jpg\" alt=\"CAPA de OZONO\" width=\"300\" height=\"300\" class=\"alignright size-medium wp-image-5212429\"  title=\"CAPA de OZONO se rompe por sus extremos\"    style=\"margin: 10px 0px 10px 10px; cursor: hand; border: 0px;\" srcset=\"https:\/\/www.ozono21.com\/blog\/wp-content\/uploads\/2015\/02\/El-cambio-clim\u00e1tico-destruye-la-capa-de-ozono-pero-tambi\u00e9n-la-econom\u00eda-y-la-salud.jpg 300w, https:\/\/www.ozono21.com\/blog\/wp-content\/uploads\/2015\/02\/El-cambio-clim\u00e1tico-destruye-la-capa-de-ozono-pero-tambi\u00e9n-la-econom\u00eda-y-la-salud-150x150.jpg 150w, https:\/\/www.ozono21.com\/blog\/wp-content\/uploads\/2015\/02\/El-cambio-clim\u00e1tico-destruye-la-capa-de-ozono-pero-tambi\u00e9n-la-econom\u00eda-y-la-salud-100x100.jpg 100w, https:\/\/www.ozono21.com\/blog\/wp-content\/uploads\/2015\/02\/El-cambio-clim\u00e1tico-destruye-la-capa-de-ozono-pero-tambi\u00e9n-la-econom\u00eda-y-la-salud-50x50.jpg 50w\" sizes=\"auto, (max-width: 300px) 100vw, 300px\" \/>La capa de ozono se rompe por sus extremos: detectan un agujero \u00abquiz\u00e1 inminente\u00bb sobre el hemisferio norte<\/p>\n<p><a href=\"https:\/\/www.ozono21.com\/actualidad-interna\/medioambiente-ozono\/436\/\" title=\"EL OZONO es el vigilante de la salud de nuestro PLANETA\" target=\"_blank\" rel=\"noopener\">El escudo de gas que protege al mundo se quiebra por sus extremos<\/a><\/p>\n<p><a href=\"https:\/\/www.ozono21.com\/actualidad-interna\/medioambiente-ozono\/436\/\" title=\"EL OZONO es el vigilante de la salud de nuestro PLANETA\" target=\"_blank\" rel=\"noopener\">Mientras, la comunidad internacional trata de contener el tama\u00f1o de un agujero detectado desde 1990 sobre la zona del Polo sur de la capa de ozono, las \u00faltimas mediciones de los expertos de Meteored advierten de un hoyo \u00abquiz\u00e1 inminente\u00bb en el eje de rotaci\u00f3n opuesto: sobre el hemisferio norte.<\/a><\/h2>\n<\/p>\n<p>Fuente: redaccion@20minutos.es (20minutos)<\/p>\n<p style=\"text-align: justify;\"><strong>V\u00edctor Gonz\u00e1lez<\/strong>, el meteor\u00f3logo que ha reportado este fen\u00f3meno \u00abins\u00f3lito\u00bb, <strong>responde<\/strong> a algunas de las dudas que ha despertado su descubrimiento.<\/p>\n<p style=\"text-align: justify;\"><big><strong>Primero, \u00bf <u>qu\u00e9 es la capa de ozono y qu\u00e9 funci\u00f3n desempe\u00f1a<\/u> ?<\/strong><\/big><\/p>\n<p style=\"text-align: justify;\">La CAPA de OZONO es una franja que se encuentra en la estratosfera y se caracteriza por albergar una mayor concentraci\u00f3n de mol\u00e9culas de OZONO (03) que al resto de la atm\u00f3sfera.<\/p>\n<p style=\"text-align: justify;\"><strong>\u00abLa m\u00e1xima densidad aparece en la estratosfera media y baja, entre los 20 y 30 kil\u00f3metros de altitud, donde absorbe con facilidad la radiaci\u00f3n da\u00f1ina del Sol\u00bb, apunta Gonz\u00e1lez.<\/strong><\/p>\n<p style=\"text-align: justify;\"><big><strong>\u00bf <u>C\u00f3mo se producen los agujeros negros<\/u> ?<\/strong><\/big><\/p>\n<p style=\"text-align: justify;\">Seg\u00fan el experto, <strong>la concentraci\u00f3n de la CAPA de OZONO no se distribuye de manera equitativa en la atm\u00f3sfera<\/strong> y \u00abes en los polos donde presenta sus m\u00ednimos\u00bb.<\/p>\n<p style=\"text-align: justify;\">En realidad, las variaciones de concentraci\u00f3n son peri\u00f3dicas, siendo m\u00e1s acuciadas \u00aben invierno\u00bb. Aunque, trascurrida la primavera, \u00abtienden a reconstruirse\u00bb.<\/p>\n<p style=\"text-align: justify;\"><strong>\u00abComo consecuencia de la actividad humana o por causas naturales, los gases como el cloro o el fl\u00faor pueden elevar su concentraci\u00f3n\u00bb<\/strong>, apunta Gonz\u00e1lez.<\/p>\n<p style=\"text-align: justify;\">Si bien, esta gran \u00e1rea de baja presi\u00f3n est\u00e1 resultando \u00abespecialmente estable\u00bb, tanto en la troposfera como en la estratosfera interior, <strong>en las \u00faltimas mediciones del 11 de febrero sobre el hemisferio norte \u00abya se vieron los primeros signos de agotamiento del ozono\u00bb, que podr\u00edan resultar \u00abel inicio del gran agujero en esa capa\u00bb<\/strong>.<\/p>\n<p style=\"text-align: justify;\"><big><strong>\u00bf <u>D\u00f3nde aparecen<\/u> ?<\/strong><\/big><\/p>\n<p style=\"text-align: justify;\">Para responder a este pregunta el experto advierte la importancia de los cristales de hielo al actuar \u00abcomo un catalizador y facilitar que los compuestos con CLORO reaccionen con el OZONO\u00bb.<\/p>\n<p style=\"text-align: justify;\">Estos se crean en los puntos m\u00e1s fr\u00edos de la estratosfera, donde la falta de vapor de agua facilita la cristalizaci\u00f3n creando las nubes estratosf\u00e9ricas polares.<\/p>\n<p style=\"text-align: justify;\">As\u00ed, \u00abtales circunstancias aparecen sobre los polos y en los momentos en que la estratosfera inferior est\u00e1 m\u00e1s fr\u00eda\u00bb, comenta.<\/p>\n<p style=\"text-align: justify;\"><big><strong>\u00ab<u>El v\u00f3rtice polar<\/u>\u00bb : <u>un factor clave<\/u><\/strong><\/big><\/p>\n<p style=\"text-align: justify;\"><strong>Adem\u00e1s de la contaminaci\u00f3n del aire y los factores meteorol\u00f3gicos, las condiciones clim\u00e1ticas tambi\u00e9n act\u00faan como un factor clave en el surgimiento de los agujeros en la CAPA de OZONO.<\/strong><\/p>\n<p style=\"text-align: justify;\">En este aspecto, el v\u00f3rtice polar v\u00f3rtice -un gran \u00e1rea de baja presi\u00f3n y aire fr\u00edo que rodea los polos de la Tierra- advierte una importancia capital.<\/p>\n<p style=\"text-align: justify;\">Este invierno, \u00abel v\u00f3rtice polar se ha mantenido fuerte y estable durante este tanto en la troposfera como en la estratosfera inferior, sin oscilaciones ni roturas graves, y con velocidades de viento muy elevadas\u00bb, dice el meteor\u00f3logo.<\/p>\n<p style=\"text-align: justify;\"><strong>Y contario a lo que podr\u00eda pensarse, estas no son buenas noticias para la resistencia de la CAPA de OZONO.<\/strong><\/p>\n<p style=\"text-align: justify;\">Tal y como explica Gonz\u00e1lez, \u00abal encontrarse en un v\u00f3rtice estable, el aire fr\u00edo no se trasladar\u00e1 y mantendr\u00e1 la creaci\u00f3n de cristales de hielo y la manifestaci\u00f3n de nubes estratosf\u00e9ricas polares en las pr\u00f3ximas semanas\u00bb, lo que avivar\u00e1, bajo su criterio, \u00ab<strong>la devastaci\u00f3n del OZONO estratosf\u00e9rico<\/strong> disminuyendo su concentraci\u00f3n\u00bb.<\/p>\n<p style=\"text-align: justify;\"><big><strong><u>D\u00e9j\u00e0 vu de 2020<\/u><\/strong><\/big><\/p>\n<p style=\"text-align: justify;\">Finalmente, Gonz\u00e1lez reconoce que \u00aben marzo de 2020 se dio una situaci\u00f3n muy parecida en el que la velocidad de destrucci\u00f3n del ozono estratosf\u00e9rico super\u00f3 al de su regeneraci\u00f3n\u00bb.<\/p>\n<p style=\"text-align: justify;\">Aquel caso \u00abfue excepcionalmente intenso\u00bb y dio lugar a un agujero\u00bb con una magnitud nunca medida sobre el \u00c1rtico\u00bb.<\/p>\n<table border=\"3\" cellspacing=\"0\" cellpadding=\"0\">\n<tbody>\n<tr>\n<td bgcolor=\"#3b7cff\" height=\"25\" width=\"600\" align=\"center\"><strong><a title=\"Actualidad ACCION del OZONO\" href=\"https:\/\/www.ozono21.com\/actualidad-interna\/accion-del-ozono\/423\/\" target=\"_blank\" rel=\"noopener\"><img loading=\"lazy\" decoding=\"async\" src=\"https:\/\/www.ozono21.com\/blog\/wp-content\/uploads\/2014\/06\/Noticias-Relacionadas.png\" alt=\"Noticias Relacionadas\" width=\"600\" height=\"25\" border=\"0\" \/><\/a><\/strong>\n<\/td>\n<\/tr>\n<\/tbody>\n<\/table>\n<p><big><strong><\/p>\n<table border=\"0\" cellspacing=\"0\" cellpadding=\"0\">\n<tbody>\n<tr>\n<td height=\"150\" width=\"250\" align=\"center\"><a title=\"Post sobre la CAPA de OZONO\" target=\"_blank\" href=\"https:\/\/www.ozono21.com\/blog\/?s=Capa+de+ozono\" rel=\"noopener\"><img loading=\"lazy\" decoding=\"async\" src=\"https:\/\/www.ozono21.com\/blog\/wp-content\/uploads\/2015\/02\/El-cambio-clim\u00e1tico-destruye-la-capa-de-ozono-pero-tambi\u00e9n-la-econom\u00eda-y-la-salud-300x300.jpg\" alt=\"CAPA de OZONO\" width=\"150\" height=\"150\" style=\"margin: 10px 10px 0px 50px; cursor: hand; border: 0px;\" \/><\/a><\/td>\n<td height=\"150\" width=\"350\" style=\"text-align: left; vertical-align: middle;\"><a title=\"Post sobre la CAPA de OZONO\" target=\"_blank\" href=\"https:\/\/www.ozono21.com\/blog\/?s=Capa+de+ozono\" rel=\"noopener\">Post sobre la CAPA de OZONO<\/a><\/td>\n<\/tr>\n<\/tbody>\n<\/table>\n<p><\/strong><\/big><\/p>\n<table border=\"3\" cellspacing=\"0\" cellpadding=\"0\">\n<tbody>\n<tr>\n<td bgcolor=\"#3b7cff\" height=\"25\" width=\"600\" align=\"center\"><strong><a title=\"Videos YouTube\" target=\"_blank\" href=\"http:\/\/www.youtube.com\/user\/ozono21\/videos?sort=p&amp;view=0&amp;flow=grid\" rel=\"noopener\"><img loading=\"lazy\" decoding=\"async\" src=\"https:\/\/www.ozono21.com\/blog\/wp-content\/uploads\/2014\/06\/Videos-Youtube.png\" alt=\"Videos Youtube\" width=\"600\" height=\"25\" border=\"0\" \/><\/a><\/strong>\n<\/td>\n<\/tr>\n<\/tbody>\n<\/table>\n<p>&nbsp;<\/p>\n<p style=\"TEXT-ALIGN: center\"><iframe loading=\"lazy\" width=\"640\" height=\"480\" src=\"https:\/\/www.youtube.com\/embed\/sWfBaIZgkM0\" title=\"YouTube video player\" frameborder=\"0\" allow=\"accelerometer; autoplay; clipboard-write; encrypted-media; gyroscope; picture-in-picture\" allowfullscreen><\/iframe><\/p>\n<div class=\"pvc_clear\"><\/div>\n<p id=\"pvc_stats_5228603\" class=\"pvc_stats total_only  \" data-element-id=\"5228603\" style=\"\"><i class=\"pvc-stats-icon small\" aria-hidden=\"true\"><svg aria-hidden=\"true\" focusable=\"false\" data-prefix=\"far\" data-icon=\"chart-bar\" role=\"img\" xmlns=\"http:\/\/www.w3.org\/2000\/svg\" viewBox=\"0 0 512 512\" class=\"svg-inline--fa fa-chart-bar fa-w-16 fa-2x\"><path fill=\"currentColor\" d=\"M396.8 352h22.4c6.4 0 12.8-6.4 12.8-12.8V108.8c0-6.4-6.4-12.8-12.8-12.8h-22.4c-6.4 0-12.8 6.4-12.8 12.8v230.4c0 6.4 6.4 12.8 12.8 12.8zm-192 0h22.4c6.4 0 12.8-6.4 12.8-12.8V140.8c0-6.4-6.4-12.8-12.8-12.8h-22.4c-6.4 0-12.8 6.4-12.8 12.8v198.4c0 6.4 6.4 12.8 12.8 12.8zm96 0h22.4c6.4 0 12.8-6.4 12.8-12.8V204.8c0-6.4-6.4-12.8-12.8-12.8h-22.4c-6.4 0-12.8 6.4-12.8 12.8v134.4c0 6.4 6.4 12.8 12.8 12.8zM496 400H48V80c0-8.84-7.16-16-16-16H16C7.16 64 0 71.16 0 80v336c0 17.67 14.33 32 32 32h464c8.84 0 16-7.16 16-16v-16c0-8.84-7.16-16-16-16zm-387.2-48h22.4c6.4 0 12.8-6.4 12.8-12.8v-70.4c0-6.4-6.4-12.8-12.8-12.8h-22.4c-6.4 0-12.8 6.4-12.8 12.8v70.4c0 6.4 6.4 12.8 12.8 12.8z\" class=\"\"><\/path><\/svg><\/i> <img loading=\"lazy\" decoding=\"async\" width=\"16\" height=\"16\" alt=\"Loading\" src=\"https:\/\/www.ozono21.com\/blog\/wp-content\/plugins\/page-views-count\/ajax-loader-2x.gif\" border=0 \/><\/p>\n<div class=\"pvc_clear\"><\/div>\n","protected":false},"excerpt":{"rendered":"<p>La capa de ozono se rompe por sus extremos: detectan un agujero \u00abquiz\u00e1 inminente\u00bb sobre el hemisferio norte El escudo de gas que protege al mundo se quiebra por sus extremos Mientras, la comunidad internacional trata de contener el tama\u00f1o &hellip; <a href=\"https:\/\/www.ozono21.com\/blog\/ozono\/capa-de-ozono-se-rompe-por-sus-extremos\/\">Sigue leyendo <span class=\"meta-nav\">&rarr;<\/span><\/a><\/p>\n<div class=\"pvc_clear\"><\/div>\n<p id=\"pvc_stats_5228603\" class=\"pvc_stats total_only  \" data-element-id=\"5228603\" style=\"\"><i class=\"pvc-stats-icon small\" aria-hidden=\"true\"><svg aria-hidden=\"true\" focusable=\"false\" data-prefix=\"far\" data-icon=\"chart-bar\" role=\"img\" xmlns=\"http:\/\/www.w3.org\/2000\/svg\" viewBox=\"0 0 512 512\" class=\"svg-inline--fa fa-chart-bar fa-w-16 fa-2x\"><path fill=\"currentColor\" d=\"M396.8 352h22.4c6.4 0 12.8-6.4 12.8-12.8V108.8c0-6.4-6.4-12.8-12.8-12.8h-22.4c-6.4 0-12.8 6.4-12.8 12.8v230.4c0 6.4 6.4 12.8 12.8 12.8zm-192 0h22.4c6.4 0 12.8-6.4 12.8-12.8V140.8c0-6.4-6.4-12.8-12.8-12.8h-22.4c-6.4 0-12.8 6.4-12.8 12.8v198.4c0 6.4 6.4 12.8 12.8 12.8zm96 0h22.4c6.4 0 12.8-6.4 12.8-12.8V204.8c0-6.4-6.4-12.8-12.8-12.8h-22.4c-6.4 0-12.8 6.4-12.8 12.8v134.4c0 6.4 6.4 12.8 12.8 12.8zM496 400H48V80c0-8.84-7.16-16-16-16H16C7.16 64 0 71.16 0 80v336c0 17.67 14.33 32 32 32h464c8.84 0 16-7.16 16-16v-16c0-8.84-7.16-16-16-16zm-387.2-48h22.4c6.4 0 12.8-6.4 12.8-12.8v-70.4c0-6.4-6.4-12.8-12.8-12.8h-22.4c-6.4 0-12.8 6.4-12.8 12.8v70.4c0 6.4 6.4 12.8 12.8 12.8z\" class=\"\"><\/path><\/svg><\/i> <img loading=\"lazy\" decoding=\"async\" width=\"16\" height=\"16\" alt=\"Loading\" src=\"https:\/\/www.ozono21.com\/blog\/wp-content\/plugins\/page-views-count\/ajax-loader-2x.gif\" border=0 \/><\/p>\n<div class=\"pvc_clear\"><\/div>\n","protected":false},"author":46969,"featured_media":5212429,"comment_status":"open","ping_status":"closed","sticky":false,"template":"","format":"standard","meta":{"_exactmetrics_skip_tracking":false,"_exactmetrics_sitenote_active":false,"_exactmetrics_sitenote_note":"","_exactmetrics_sitenote_category":0,"_jetpack_memberships_contains_paid_content":false,"footnotes":"","jetpack_publicize_message":"","jetpack_publicize_feature_enabled":true,"jetpack_social_post_already_shared":false,"jetpack_social_options":{"image_generator_settings":{"template":"highway","default_image_id":0,"font":"","enabled":false},"version":2}},"categories":[13,14,7,48],"tags":[74,77,21,81],"class_list":["post-5228603","post","type-post","status-publish","format-standard","has-post-thumbnail","hentry","category-medioambiente","category-ozono","category-salud","category-sociedad","tag-medioambiente","tag-ozono","tag-salud-2","tag-sociedad"],"a3_pvc":{"activated":true,"total_views":3591,"today_views":0},"yoast_head":"<!-- This site is optimized with the Yoast SEO plugin v27.4 - https:\/\/yoast.com\/product\/yoast-seo-wordpress\/ -->\n<title>CAPA de OZONO se rompe por sus extremos<\/title>\n<meta name=\"description\" content=\"CAPA de OZONO se rompe por sus extremos. Ha sido detectado un agujero en la CAPA de OZONO \u00abquiz\u00e1 inminente\u00bb sobre el hemisferio norte\" \/>\n<meta name=\"robots\" content=\"index, follow, max-snippet:-1, max-image-preview:large, max-video-preview:-1\" \/>\n<link rel=\"canonical\" href=\"https:\/\/www.ozono21.com\/blog\/ozono\/capa-de-ozono-se-rompe-por-sus-extremos\/\" \/>\n<meta property=\"og:locale\" content=\"es_ES\" \/>\n<meta property=\"og:type\" content=\"article\" \/>\n<meta property=\"og:title\" content=\"CAPA de OZONO se rompe por sus extremos\" \/>\n<meta property=\"og:description\" content=\"CAPA de OZONO se rompe por sus extremos. Ha sido detectado un agujero en la CAPA de OZONO \u00abquiz\u00e1 inminente\u00bb sobre el hemisferio norte\" \/>\n<meta property=\"og:url\" content=\"https:\/\/www.ozono21.com\/blog\/ozono\/capa-de-ozono-se-rompe-por-sus-extremos\/\" \/>\n<meta property=\"og:site_name\" content=\"- Blog Ozono21\" \/>\n<meta property=\"article:published_time\" content=\"2022-03-01T09:09:20+00:00\" \/>\n<meta property=\"article:modified_time\" content=\"2026-02-14T18:09:59+00:00\" \/>\n<meta property=\"og:image\" content=\"https:\/\/www.ozono21.com\/blog\/wp-content\/uploads\/2015\/02\/El-cambio-clim\u00e1tico-destruye-la-capa-de-ozono-pero-tambi\u00e9n-la-econom\u00eda-y-la-salud.jpg\" \/>\n\t<meta property=\"og:image:width\" content=\"300\" \/>\n\t<meta property=\"og:image:height\" content=\"300\" \/>\n\t<meta property=\"og:image:type\" content=\"image\/jpeg\" \/>\n<meta name=\"author\" content=\"INVESTIGACION Ozono21\" \/>\n<meta name=\"twitter:label1\" content=\"Escrito por\" \/>\n\t<meta name=\"twitter:data1\" content=\"INVESTIGACION Ozono21\" \/>\n\t<meta name=\"twitter:label2\" content=\"Tiempo de lectura\" \/>\n\t<meta name=\"twitter:data2\" content=\"3 minutos\" \/>\n<script type=\"application\/ld+json\" class=\"yoast-schema-graph\">{\"@context\":\"https:\\\/\\\/schema.org\",\"@graph\":[{\"@type\":\"Article\",\"@id\":\"https:\\\/\\\/www.ozono21.com\\\/blog\\\/ozono\\\/capa-de-ozono-se-rompe-por-sus-extremos\\\/#article\",\"isPartOf\":{\"@id\":\"https:\\\/\\\/www.ozono21.com\\\/blog\\\/ozono\\\/capa-de-ozono-se-rompe-por-sus-extremos\\\/\"},\"author\":{\"name\":\"INVESTIGACION Ozono21\",\"@id\":\"https:\\\/\\\/www.ozono21.com\\\/blog\\\/#\\\/schema\\\/person\\\/09b7d3e74b7c4469cd705f2b20bca17c\"},\"headline\":\"CAPA de OZONO se rompe por sus extremos\",\"datePublished\":\"2022-03-01T09:09:20+00:00\",\"dateModified\":\"2026-02-14T18:09:59+00:00\",\"mainEntityOfPage\":{\"@id\":\"https:\\\/\\\/www.ozono21.com\\\/blog\\\/ozono\\\/capa-de-ozono-se-rompe-por-sus-extremos\\\/\"},\"wordCount\":687,\"commentCount\":0,\"image\":{\"@id\":\"https:\\\/\\\/www.ozono21.com\\\/blog\\\/ozono\\\/capa-de-ozono-se-rompe-por-sus-extremos\\\/#primaryimage\"},\"thumbnailUrl\":\"https:\\\/\\\/www.ozono21.com\\\/blog\\\/wp-content\\\/uploads\\\/2015\\\/02\\\/El-cambio-clim\u00e1tico-destruye-la-capa-de-ozono-pero-tambi\u00e9n-la-econom\u00eda-y-la-salud.jpg\",\"keywords\":[\"MedioAmbiente\",\"OZONO\",\"Salud\",\"Sociedad\"],\"articleSection\":[\"MedioAmbiente\",\"OZONO\",\"Salud\",\"Sociedad\"],\"inLanguage\":\"es\",\"potentialAction\":[{\"@type\":\"CommentAction\",\"name\":\"Comment\",\"target\":[\"https:\\\/\\\/www.ozono21.com\\\/blog\\\/ozono\\\/capa-de-ozono-se-rompe-por-sus-extremos\\\/#respond\"]}]},{\"@type\":\"WebPage\",\"@id\":\"https:\\\/\\\/www.ozono21.com\\\/blog\\\/ozono\\\/capa-de-ozono-se-rompe-por-sus-extremos\\\/\",\"url\":\"https:\\\/\\\/www.ozono21.com\\\/blog\\\/ozono\\\/capa-de-ozono-se-rompe-por-sus-extremos\\\/\",\"name\":\"CAPA de OZONO se rompe por sus extremos\",\"isPartOf\":{\"@id\":\"https:\\\/\\\/www.ozono21.com\\\/blog\\\/#website\"},\"primaryImageOfPage\":{\"@id\":\"https:\\\/\\\/www.ozono21.com\\\/blog\\\/ozono\\\/capa-de-ozono-se-rompe-por-sus-extremos\\\/#primaryimage\"},\"image\":{\"@id\":\"https:\\\/\\\/www.ozono21.com\\\/blog\\\/ozono\\\/capa-de-ozono-se-rompe-por-sus-extremos\\\/#primaryimage\"},\"thumbnailUrl\":\"https:\\\/\\\/www.ozono21.com\\\/blog\\\/wp-content\\\/uploads\\\/2015\\\/02\\\/El-cambio-clim\u00e1tico-destruye-la-capa-de-ozono-pero-tambi\u00e9n-la-econom\u00eda-y-la-salud.jpg\",\"datePublished\":\"2022-03-01T09:09:20+00:00\",\"dateModified\":\"2026-02-14T18:09:59+00:00\",\"author\":{\"@id\":\"https:\\\/\\\/www.ozono21.com\\\/blog\\\/#\\\/schema\\\/person\\\/09b7d3e74b7c4469cd705f2b20bca17c\"},\"description\":\"CAPA de OZONO se rompe por sus extremos. Ha sido detectado un agujero en la CAPA de OZONO \u00abquiz\u00e1 inminente\u00bb sobre el hemisferio norte\",\"breadcrumb\":{\"@id\":\"https:\\\/\\\/www.ozono21.com\\\/blog\\\/ozono\\\/capa-de-ozono-se-rompe-por-sus-extremos\\\/#breadcrumb\"},\"inLanguage\":\"es\",\"potentialAction\":[{\"@type\":\"ReadAction\",\"target\":[\"https:\\\/\\\/www.ozono21.com\\\/blog\\\/ozono\\\/capa-de-ozono-se-rompe-por-sus-extremos\\\/\"]}]},{\"@type\":\"ImageObject\",\"inLanguage\":\"es\",\"@id\":\"https:\\\/\\\/www.ozono21.com\\\/blog\\\/ozono\\\/capa-de-ozono-se-rompe-por-sus-extremos\\\/#primaryimage\",\"url\":\"https:\\\/\\\/www.ozono21.com\\\/blog\\\/wp-content\\\/uploads\\\/2015\\\/02\\\/El-cambio-clim\u00e1tico-destruye-la-capa-de-ozono-pero-tambi\u00e9n-la-econom\u00eda-y-la-salud.jpg\",\"contentUrl\":\"https:\\\/\\\/www.ozono21.com\\\/blog\\\/wp-content\\\/uploads\\\/2015\\\/02\\\/El-cambio-clim\u00e1tico-destruye-la-capa-de-ozono-pero-tambi\u00e9n-la-econom\u00eda-y-la-salud.jpg\",\"width\":300,\"height\":300},{\"@type\":\"BreadcrumbList\",\"@id\":\"https:\\\/\\\/www.ozono21.com\\\/blog\\\/ozono\\\/capa-de-ozono-se-rompe-por-sus-extremos\\\/#breadcrumb\",\"itemListElement\":[{\"@type\":\"ListItem\",\"position\":1,\"name\":\"Portada\",\"item\":\"https:\\\/\\\/www.ozono21.com\\\/blog\\\/\"},{\"@type\":\"ListItem\",\"position\":2,\"name\":\"CAPA de OZONO se rompe por sus extremos\"}]},{\"@type\":\"WebSite\",\"@id\":\"https:\\\/\\\/www.ozono21.com\\\/blog\\\/#website\",\"url\":\"https:\\\/\\\/www.ozono21.com\\\/blog\\\/\",\"name\":\"Blog Ozono21\",\"description\":\" - Blog Ozono21\",\"potentialAction\":[{\"@type\":\"SearchAction\",\"target\":{\"@type\":\"EntryPoint\",\"urlTemplate\":\"https:\\\/\\\/www.ozono21.com\\\/blog\\\/?s={search_term_string}\"},\"query-input\":{\"@type\":\"PropertyValueSpecification\",\"valueRequired\":true,\"valueName\":\"search_term_string\"}}],\"inLanguage\":\"es\"},{\"@type\":\"Person\",\"@id\":\"https:\\\/\\\/www.ozono21.com\\\/blog\\\/#\\\/schema\\\/person\\\/09b7d3e74b7c4469cd705f2b20bca17c\",\"name\":\"INVESTIGACION Ozono21\",\"image\":{\"@type\":\"ImageObject\",\"inLanguage\":\"es\",\"@id\":\"https:\\\/\\\/secure.gravatar.com\\\/avatar\\\/eea303d14545d78db33215a13da7c9b8ca3429e072b4b1c115d30546d8d679d6?s=96&d=mm&r=g\",\"url\":\"https:\\\/\\\/secure.gravatar.com\\\/avatar\\\/eea303d14545d78db33215a13da7c9b8ca3429e072b4b1c115d30546d8d679d6?s=96&d=mm&r=g\",\"contentUrl\":\"https:\\\/\\\/secure.gravatar.com\\\/avatar\\\/eea303d14545d78db33215a13da7c9b8ca3429e072b4b1c115d30546d8d679d6?s=96&d=mm&r=g\",\"caption\":\"INVESTIGACION Ozono21\"}}]}<\/script>\n<!-- \/ Yoast SEO plugin. -->","yoast_head_json":{"title":"CAPA de OZONO se rompe por sus extremos","description":"CAPA de OZONO se rompe por sus extremos. Ha sido detectado un agujero en la CAPA de OZONO \u00abquiz\u00e1 inminente\u00bb sobre el hemisferio norte","robots":{"index":"index","follow":"follow","max-snippet":"max-snippet:-1","max-image-preview":"max-image-preview:large","max-video-preview":"max-video-preview:-1"},"canonical":"https:\/\/www.ozono21.com\/blog\/ozono\/capa-de-ozono-se-rompe-por-sus-extremos\/","og_locale":"es_ES","og_type":"article","og_title":"CAPA de OZONO se rompe por sus extremos","og_description":"CAPA de OZONO se rompe por sus extremos. Ha sido detectado un agujero en la CAPA de OZONO \u00abquiz\u00e1 inminente\u00bb sobre el hemisferio norte","og_url":"https:\/\/www.ozono21.com\/blog\/ozono\/capa-de-ozono-se-rompe-por-sus-extremos\/","og_site_name":"- Blog Ozono21","article_published_time":"2022-03-01T09:09:20+00:00","article_modified_time":"2026-02-14T18:09:59+00:00","og_image":[{"width":300,"height":300,"url":"https:\/\/www.ozono21.com\/blog\/wp-content\/uploads\/2015\/02\/El-cambio-clim\u00e1tico-destruye-la-capa-de-ozono-pero-tambi\u00e9n-la-econom\u00eda-y-la-salud.jpg","type":"image\/jpeg"}],"author":"INVESTIGACION Ozono21","twitter_misc":{"Escrito por":"INVESTIGACION Ozono21","Tiempo de lectura":"3 minutos"},"schema":{"@context":"https:\/\/schema.org","@graph":[{"@type":"Article","@id":"https:\/\/www.ozono21.com\/blog\/ozono\/capa-de-ozono-se-rompe-por-sus-extremos\/#article","isPartOf":{"@id":"https:\/\/www.ozono21.com\/blog\/ozono\/capa-de-ozono-se-rompe-por-sus-extremos\/"},"author":{"name":"INVESTIGACION Ozono21","@id":"https:\/\/www.ozono21.com\/blog\/#\/schema\/person\/09b7d3e74b7c4469cd705f2b20bca17c"},"headline":"CAPA de OZONO se rompe por sus extremos","datePublished":"2022-03-01T09:09:20+00:00","dateModified":"2026-02-14T18:09:59+00:00","mainEntityOfPage":{"@id":"https:\/\/www.ozono21.com\/blog\/ozono\/capa-de-ozono-se-rompe-por-sus-extremos\/"},"wordCount":687,"commentCount":0,"image":{"@id":"https:\/\/www.ozono21.com\/blog\/ozono\/capa-de-ozono-se-rompe-por-sus-extremos\/#primaryimage"},"thumbnailUrl":"https:\/\/www.ozono21.com\/blog\/wp-content\/uploads\/2015\/02\/El-cambio-clim\u00e1tico-destruye-la-capa-de-ozono-pero-tambi\u00e9n-la-econom\u00eda-y-la-salud.jpg","keywords":["MedioAmbiente","OZONO","Salud","Sociedad"],"articleSection":["MedioAmbiente","OZONO","Salud","Sociedad"],"inLanguage":"es","potentialAction":[{"@type":"CommentAction","name":"Comment","target":["https:\/\/www.ozono21.com\/blog\/ozono\/capa-de-ozono-se-rompe-por-sus-extremos\/#respond"]}]},{"@type":"WebPage","@id":"https:\/\/www.ozono21.com\/blog\/ozono\/capa-de-ozono-se-rompe-por-sus-extremos\/","url":"https:\/\/www.ozono21.com\/blog\/ozono\/capa-de-ozono-se-rompe-por-sus-extremos\/","name":"CAPA de OZONO se rompe por sus extremos","isPartOf":{"@id":"https:\/\/www.ozono21.com\/blog\/#website"},"primaryImageOfPage":{"@id":"https:\/\/www.ozono21.com\/blog\/ozono\/capa-de-ozono-se-rompe-por-sus-extremos\/#primaryimage"},"image":{"@id":"https:\/\/www.ozono21.com\/blog\/ozono\/capa-de-ozono-se-rompe-por-sus-extremos\/#primaryimage"},"thumbnailUrl":"https:\/\/www.ozono21.com\/blog\/wp-content\/uploads\/2015\/02\/El-cambio-clim\u00e1tico-destruye-la-capa-de-ozono-pero-tambi\u00e9n-la-econom\u00eda-y-la-salud.jpg","datePublished":"2022-03-01T09:09:20+00:00","dateModified":"2026-02-14T18:09:59+00:00","author":{"@id":"https:\/\/www.ozono21.com\/blog\/#\/schema\/person\/09b7d3e74b7c4469cd705f2b20bca17c"},"description":"CAPA de OZONO se rompe por sus extremos. Ha sido detectado un agujero en la CAPA de OZONO \u00abquiz\u00e1 inminente\u00bb sobre el hemisferio norte","breadcrumb":{"@id":"https:\/\/www.ozono21.com\/blog\/ozono\/capa-de-ozono-se-rompe-por-sus-extremos\/#breadcrumb"},"inLanguage":"es","potentialAction":[{"@type":"ReadAction","target":["https:\/\/www.ozono21.com\/blog\/ozono\/capa-de-ozono-se-rompe-por-sus-extremos\/"]}]},{"@type":"ImageObject","inLanguage":"es","@id":"https:\/\/www.ozono21.com\/blog\/ozono\/capa-de-ozono-se-rompe-por-sus-extremos\/#primaryimage","url":"https:\/\/www.ozono21.com\/blog\/wp-content\/uploads\/2015\/02\/El-cambio-clim\u00e1tico-destruye-la-capa-de-ozono-pero-tambi\u00e9n-la-econom\u00eda-y-la-salud.jpg","contentUrl":"https:\/\/www.ozono21.com\/blog\/wp-content\/uploads\/2015\/02\/El-cambio-clim\u00e1tico-destruye-la-capa-de-ozono-pero-tambi\u00e9n-la-econom\u00eda-y-la-salud.jpg","width":300,"height":300},{"@type":"BreadcrumbList","@id":"https:\/\/www.ozono21.com\/blog\/ozono\/capa-de-ozono-se-rompe-por-sus-extremos\/#breadcrumb","itemListElement":[{"@type":"ListItem","position":1,"name":"Portada","item":"https:\/\/www.ozono21.com\/blog\/"},{"@type":"ListItem","position":2,"name":"CAPA de OZONO se rompe por sus extremos"}]},{"@type":"WebSite","@id":"https:\/\/www.ozono21.com\/blog\/#website","url":"https:\/\/www.ozono21.com\/blog\/","name":"Blog Ozono21","description":" - Blog Ozono21","potentialAction":[{"@type":"SearchAction","target":{"@type":"EntryPoint","urlTemplate":"https:\/\/www.ozono21.com\/blog\/?s={search_term_string}"},"query-input":{"@type":"PropertyValueSpecification","valueRequired":true,"valueName":"search_term_string"}}],"inLanguage":"es"},{"@type":"Person","@id":"https:\/\/www.ozono21.com\/blog\/#\/schema\/person\/09b7d3e74b7c4469cd705f2b20bca17c","name":"INVESTIGACION Ozono21","image":{"@type":"ImageObject","inLanguage":"es","@id":"https:\/\/secure.gravatar.com\/avatar\/eea303d14545d78db33215a13da7c9b8ca3429e072b4b1c115d30546d8d679d6?s=96&d=mm&r=g","url":"https:\/\/secure.gravatar.com\/avatar\/eea303d14545d78db33215a13da7c9b8ca3429e072b4b1c115d30546d8d679d6?s=96&d=mm&r=g","contentUrl":"https:\/\/secure.gravatar.com\/avatar\/eea303d14545d78db33215a13da7c9b8ca3429e072b4b1c115d30546d8d679d6?s=96&d=mm&r=g","caption":"INVESTIGACION Ozono21"}}]}},"jetpack_publicize_connections":[],"jetpack_featured_media_url":"https:\/\/www.ozono21.com\/blog\/wp-content\/uploads\/2015\/02\/El-cambio-clim\u00e1tico-destruye-la-capa-de-ozono-pero-tambi\u00e9n-la-econom\u00eda-y-la-salud.jpg","jetpack_sharing_enabled":true,"_links":{"self":[{"href":"https:\/\/www.ozono21.com\/blog\/wp-json\/wp\/v2\/posts\/5228603","targetHints":{"allow":["GET"]}}],"collection":[{"href":"https:\/\/www.ozono21.com\/blog\/wp-json\/wp\/v2\/posts"}],"about":[{"href":"https:\/\/www.ozono21.com\/blog\/wp-json\/wp\/v2\/types\/post"}],"author":[{"embeddable":true,"href":"https:\/\/www.ozono21.com\/blog\/wp-json\/wp\/v2\/users\/46969"}],"replies":[{"embeddable":true,"href":"https:\/\/www.ozono21.com\/blog\/wp-json\/wp\/v2\/comments?post=5228603"}],"version-history":[{"count":0,"href":"https:\/\/www.ozono21.com\/blog\/wp-json\/wp\/v2\/posts\/5228603\/revisions"}],"wp:featuredmedia":[{"embeddable":true,"href":"https:\/\/www.ozono21.com\/blog\/wp-json\/wp\/v2\/media\/5212429"}],"wp:attachment":[{"href":"https:\/\/www.ozono21.com\/blog\/wp-json\/wp\/v2\/media?parent=5228603"}],"wp:term":[{"taxonomy":"category","embeddable":true,"href":"https:\/\/www.ozono21.com\/blog\/wp-json\/wp\/v2\/categories?post=5228603"},{"taxonomy":"post_tag","embeddable":true,"href":"https:\/\/www.ozono21.com\/blog\/wp-json\/wp\/v2\/tags?post=5228603"}],"curies":[{"name":"wp","href":"https:\/\/api.w.org\/{rel}","templated":true}]}}