{"id":5228257,"date":"2022-01-13T20:01:46","date_gmt":"2022-01-13T18:01:46","guid":{"rendered":"https:\/\/www.ozono21.com\/blog\/?p=5228257"},"modified":"2026-02-09T16:07:52","modified_gmt":"2026-02-09T14:07:52","slug":"ambiente-interior-bueno-por-la-calidad-del-aire","status":"publish","type":"post","link":"https:\/\/www.ozono21.com\/blog\/salud\/ambiente-interior-bueno-por-la-calidad-del-aire\/","title":{"rendered":"AMBIENTE INTERIOR bueno por la CALIDAD del AIRE"},"content":{"rendered":"<p style=\"text-align: justify;\">\n<h2 style=\"text-align: justify;\"><img loading=\"lazy\" decoding=\"async\" style=\"MARGIN: 0px 0px 10px 10px;  border: 0px;\"   src=\"https:\/\/www.ozono21.com\/blog\/wp-content\/uploads\/2007\/04\/edificio-enfermo-300x168.jpg\" alt=\"AMBIENTE INTERIOR bueno\" width=\"300\" height=\"168\" class=\"alignright size-medium wp-image-5214731\"  title=\"AMBIENTE INTERIOR bueno por la CALIDAD del AIRE\" srcset=\"https:\/\/www.ozono21.com\/blog\/wp-content\/uploads\/2007\/04\/edificio-enfermo-300x168.jpg 300w, https:\/\/www.ozono21.com\/blog\/wp-content\/uploads\/2007\/04\/edificio-enfermo.jpg 537w\" sizes=\"auto, (max-width: 300px) 100vw, 300px\" \/>Tener AMBIENTE INTERIOR bueno es obligatorio<\/p>\n<p><a title=\"Ozono para Desinfecci\u00f3n y Limpieza\" target=\"_blank\" href=\"https:\/\/www.ozono21.com\/sectores\/empresariales\/desinfeccion-limpieza\/3\/\" rel=\"noopener noreferrer\">La importancia de una limpieza y desinfecci\u00f3n adecuada es imprescindible en todas las empresas e instalaciones p\u00fablicas<\/a><\/h2>\n<\/p>\n<p style=\"text-align: justify;\">\n<h2 style=\"text-align: justify;\"><a title=\"Ozono para Desinfecci\u00f3n y Limpieza\" target=\"_blank\" href=\"https:\/\/www.ozono21.com\/sectores\/empresariales\/desinfeccion-limpieza\/3\/\"  rel=\"noopener noreferrer\">Todas las empresas deben tener un ambiente interior bueno, para reducir el riesgo de brotes bacterianos o virales, sobre todo se consigue la salud de los empleados y clientes<\/a><\/h2>\n<\/p>\n<p style=\"text-align: justify;\">Muchas industrias, como la producci\u00f3n de alimentos y la atenci\u00f3n m\u00e9dica, ten\u00edan un fuerte enfoque en la limpieza y el saneamiento antes de la pandemia.<\/p>\n<p style=\"text-align: justify;\">Ahora est\u00e1 empezando en otras industrias porque <strong>los clientes y trabajadores quieren estar seguros de un ambiente limpio y con desinfecci\u00f3n<\/strong>.<\/p>\n<p style=\"text-align: justify;\">Se constata que algunas empresas ya cuentan con regulaciones y supervisi\u00f3n, pero <strong>debe ser obligatorio<\/strong> en todas, por la responsabilidad de una protecci\u00f3n segura.<\/p>\n<p style=\"text-align: justify;\">Puntos recomendados para lograr una limpieza y desinfecci\u00f3n eficaz.<\/p>\n<p style=\"text-align: justify;\"><big><strong><u>NECESARIO saber el nivel de protecci\u00f3n necesario<\/u><\/strong><\/big><\/p>\n<p style=\"text-align: justify;\">Imprescindible el <strong>nivel de protecci\u00f3n<\/strong> requerido para una instalaci\u00f3n o edificio porque existen diferencias entre limpieza, higiene y desinfecci\u00f3n.<\/p>\n<p style=\"text-align: justify;\"><strong>&#62; Limpieza:<\/strong> funciona eliminando la suciedad y los escombros de las superficies mediante procesos de lavado a mano o limpieza mec\u00e1nica.<\/p>\n<p style=\"text-align: justify;\"><strong>&#62; Higiene:<\/strong> reduce la cantidad de g\u00e9rmenes y bacterias en superficies mediante procesos de lavado a mano o limpieza est\u00e1ndares o requisitos de salud p\u00fablica.<\/p>\n<p style=\"text-align: justify;\"><strong>&#62; Desinfecci\u00f3n:<\/strong> Destruye o inactiva las bacterias y virus, cuando se usa en superficies duras y no porosas.<\/p>\n<p style=\"text-align: justify;\">Otros medios, como <big><strong><a title=\"Acciones del Ozono para Desinfecci\u00f3n y Limpieza\" target=\"_blank\" href=\"https:\/\/www.ozono21.com\/actualidad-interna\/acciones-del-ozono\/102\/\" rel=\"noopener noreferrer\">el OZONO el m\u00e1s recomendado, destruye y elimina, todas las bacterias y virus,<\/a><\/strong><\/big> no s\u00f3lo en superficies tambi\u00e9n en el aire.<\/p>\n<p style=\"text-align: justify;\"><strong>&#62; Higienizantes  y desinfectantes a base de agua<\/strong> funcionan  mejor para las necesidades generales de desinfecci\u00f3n cuando las superficies pueden permanecer h\u00famedas durante un tiempo.<\/p>\n<p style=\"text-align: justify;\"><strong>&#62; Los higienizantes  y desinfectantes a base de alcohol<\/strong> son los mejores para  \u00e1reas sensibles, como electr\u00f3nica y \u00e1reas de alto contacto, donde se requiere un secado r\u00e1pido.<\/p>\n<p style=\"text-align: justify;\"><big><strong><u>Calidad general del aire interior<\/u><\/strong><\/big><\/p>\n<p style=\"text-align: justify;\">Las \u00e1reas de superficie a lo largo de una instalaci\u00f3n no son lo \u00fanico que debe tenerse en cuenta al crear un ambiente interior saludable.<\/p>\n<p style=\"text-align: justify;\"><strong>Calidad del aire interior es esencial<\/strong> para minimizar la propagaci\u00f3n de enfermedades infecciosas y contaminantes que viajan a trav\u00e9s del flujo del aire.<\/p>\n<p style=\"text-align: justify;\"><big><strong><a title=\"AIRE PURIFICADO con Ozono\" target=\"_blank\" href=\"https:\/\/www.ozono21.com\/actualidad-interna\/aire-purificado-ozono-2\/510\/\" rel=\"noopener noreferrer\">La calidad del aire en el interior afecta la salud de todas las personas<\/a><\/strong><\/big><\/p>\n<p style=\"text-align: justify;\"><strong>Mala calidad del aire interior causa<\/strong> dolores de cabeza, fatiga, problemas de concentraci\u00f3n, erupciones cut\u00e1neas, irritaci\u00f3n de ojos, nariz, garganta y pulmones.<\/p>\n<p style=\"text-align: justify;\">Sistemas de <strong>calefacci\u00f3n y refrigeraci\u00f3n son fuentes comunes de contaminaci\u00f3n<\/strong> del aire interior, es necesario un mantenimiento y limpieza de los equipos.<\/p>\n<p style=\"text-align: justify;\">Asegurarse de que su sistema de calefacci\u00f3n y aire acondicionado funciona de manera eficaz ayudar\u00e1 a reducir la posibilidad de que la mala calidad del aire interior afecte a los ocupantes de una instalaci\u00f3n.<\/p>\n<p style=\"text-align: justify;\"><big><strong><a title=\"Generador Ozono &#038; Iones GL 2108 con FILTRO HEPA\" target=\"_blank\" href=\"https:\/\/www.ozono21.com\/producto\/generador-ozono-iones-gl-2108\/3\/\"  rel=\"noopener noreferrer\">Utilice los sistemas port\u00e1tiles de filtraci\u00f3n de aire que utilizan verdaderas tecnolog\u00edas de filtraci\u00f3n HEPA que aumentan much\u00edsimo la CALIDAD del AIRE<\/a><\/strong><\/big><\/p>\n<p style=\"text-align: justify;\">Tiene que usar <big><strong><a href=\"https:\/\/www.ozono21.com\/productos-ozono\" title=\"Ozono21\" target=\"_blank\" rel=\"noopener noreferrer\"> en \u00e1reas de mucho tr\u00e1fico, como salas de conferencias, salas de esperas, salas de descanso, cines, restaurantes, etc.<\/p>\n<p><marquee>PURIFICADORES de aire<\/marquee><\/a><\/strong><\/big><\/p>\n<table border=\"3\" cellspacing=\"0\" cellpadding=\"0\">\n<tbody>\n<tr>\n<td bgcolor=\"#3b7cff\" height=\"25\" width=\"600\" align=\"center\"><strong><a title=\"Actualidad ACCION del OZONO\" href=\"https:\/\/www.ozono21.com\/actualidad-interna\/accion-del-ozono\/423\/\" target=\"_blank\" rel=\"noopener noreferrer\"><img loading=\"lazy\" decoding=\"async\" src=\"https:\/\/www.ozono21.com\/blog\/wp-content\/uploads\/2014\/06\/Noticias-Relacionadas.png\" alt=\"Noticias Relacionadas\" width=\"600\" height=\"25\" border=\"0\" \/><\/a><\/strong>\n<\/td>\n<\/tr>\n<\/tbody>\n<\/table>\n<p><big><strong><\/p>\n<table border=\"0\" cellspacing=\"0\" cellpadding=\"0\">\n<tbody>\n<tr>\n<td height=\"150\" width=\"150\"><a title=\"CALIDAD del AIRE interior en ESPACIOS CERRADOS\" target=\"_blank\" href=\"https:\/\/www.ozono21.com\/actualidad-interna\/calidad-del-aire-interior-espacios-cerrados\/586\/\" rel=\"noopener noreferrer\"><img loading=\"lazy\" decoding=\"async\" src=\"https:\/\/www.ozono21.com\/imagenes\/actualidad\/calidad_del_aire_interior_espacios_cerrados_1611687842.jpg\" alt=\"AMBIENTE INTERIOR bueno\" width=\"150\" height=\"150\" style=\"margin: 10px 10px 0px 0px; cursor: hand; border: 0px;\" \/><\/a><\/td>\n<td height=\"150\" width=\"450\" style=\"text-align: left; vertical-align: middle;\"><strong><a title=\"CALIDAD del AIRE interior en ESPACIOS CERRADOS\" target=\"_blank\" href=\"https:\/\/www.ozono21.com\/actualidad-interna\/calidad-del-aire-interior-espacios-cerrados\/586\/\" rel=\"noopener noreferrer\">CALIDAD del AIRE interior en ESPACIOS CERRADOS<\/a><\/strong><\/td>\n<\/tr>\n<tr>\n<tr>\n<td height=\"150\" width=\"150\"><a title=\"PURIFICADORES y VENTILACION en espacios cerrados\" target=\"_blank\" href=\"https:\/\/www.ozono21.com\/actualidad-interna\/purificadores-ventilacion-espacios-cerrados\/588\/\" rel=\"noopener noreferrer\"><img loading=\"lazy\" decoding=\"async\" src=\"https:\/\/www.ozono21.com\/imagenes\/actualidad\/purificadores_y_ventilacion_en_espacios_cerrados_________________________1613306322.jpg\" alt=\"AMBIENTE INTERIOR bueno\" width=\"150\" height=\"150\" style=\"margin: 10px 10px 0px 0px; cursor: hand; border: 0px;\" \/><\/a><\/td>\n<td height=\"150\" width=\"450\" style=\"text-align: left; vertical-align: middle;\"><strong><a title=\"PURIFICADORES y VENTILACION en espacios cerrados\" target=\"_blank\" href=\"https:\/\/www.ozono21.com\/actualidad-interna\/purificadores-ventilacion-espacios-cerrados\/588\/\" rel=\"noopener noreferrer\">PURIFICADORES y VENTILACION en espacios cerrados<\/a><\/strong><\/td>\n<\/tr>\n<tr>\n<td height=\"150\" width=\"150\"><a title=\"MAQUINA de OZONO necesario en TU HOGAR\" target=\"_blank\" href=\"https:\/\/www.ozono21.com\/actualidad-interna\/maquina-ozono-necesario-tu-hogar\/576\/\" rel=\"noopener noreferrer\"><img loading=\"lazy\" decoding=\"async\" src=\"https:\/\/www.ozono21.com\/imagenes\/actualidad\/maquina_de_ozono_necesario_en_tu_hogar________________________1600881719.jpg\" alt=\"AMBIENTE INTERIOR bueno\" width=\"150\" height=\"150\" style=\"margin: 10px 10px 0px 0px; cursor: hand; border: 0px;\" \/><\/a><\/td>\n<td height=\"150\" width=\"450\" style=\"text-align: left; vertical-align: middle;\"><strong><a title=\"MAQUINA de OZONO necesario en TU HOGAR\" target=\"_blank\" href=\"https:\/\/www.ozono21.com\/actualidad-interna\/maquina-ozono-necesario-tu-hogar\/576\/\" rel=\"noopener noreferrer\">MAQUINA de OZONO necesario en TU HOGAR<\/a><\/strong><\/td>\n<\/tr>\n<tr>\n<td height=\"150\" width=\"150\"><a title=\"FILTROS HEPA para combatir COVID19\" target=\"_blank\" href=\"https:\/\/www.ozono21.com\/actualidad-interna\/filtros-hepa-para-combatir-covid19\/579\/\" rel=\"noopener noreferrer\"><img loading=\"lazy\" decoding=\"async\" src=\"https:\/\/www.ozono21.com\/imagenes\/actualidad\/purificadores_y_ventilacion_en_espacios_cerrados_________________________1613306322.jpg\" alt=\"AMBIENTE INTERIOR bueno\" width=\"150\" height=\"150\" style=\"margin: 10px 10px 0px 0px; cursor: hand; border: 0px;\" \/><\/a><\/td>\n<td height=\"150\" width=\"450\" style=\"text-align: left; vertical-align: middle;\"><strong><a title=\"FILTROS HEPA para combatir COVID19\" target=\"_blank\" href=\"https:\/\/www.ozono21.com\/actualidad-interna\/filtros-hepa-para-combatir-covid19\/579\/\" rel=\"noopener noreferrer\">FILTROS HEPA para combatir COVID19<\/a><\/strong><\/td>\n<\/tr>\n<tr>\n<td height=\"150\" width=\"150\"><a title=\"ESPACIOS CERRADOS problema del COVID\" target=\"_blank\" href=\"https:\/\/www.ozono21.com\/actualidad-interna\/espacios-cerrados-problema-del-covid\/585\/\" rel=\"noopener noreferrer\"><img loading=\"lazy\" decoding=\"async\" src=\"https:\/\/www.ozono21.com\/imagenes\/actualidad\/generadores_ozono_desinfeccion_limpieza_1608155726.jpg\" alt=\"AMBIENTE INTERIOR bueno\" width=\"150\" height=\"150\"  style=\"margin: 10px 10px 0px 0px; cursor: hand; border: 0px;\" \/><\/a><\/td>\n<td height=\"150\" width=\"450\" style=\"text-align: left; vertical-align: middle;\"><strong><a title=\"ESPACIOS CERRADOS problema del COVID\" target=\"_blank\" href=\"https:\/\/www.ozono21.com\/actualidad-interna\/espacios-cerrados-problema-del-covid\/585\/\" rel=\"noopener noreferrer\">ESPACIOS CERRADOS problema del COVID<\/a><\/strong><\/td>\n<\/tr>\n<\/tbody>\n<\/table>\n<p><\/strong><\/big><\/p>\n<table border=\"3\" cellspacing=\"0\" cellpadding=\"0\">\n<tbody>\n<tr>\n<td bgcolor=\"#3b7cff\" height=\"25\" width=\"600\" align=\"center\"><strong><a title=\"Videos YouTube\" target=\"_blank\" href=\"https:\/\/www.youtube.com\/user\/ozono21\/videos?sort=p&amp;view=0&amp;flow=grid\" rel=\"noopener noreferrer\"><img loading=\"lazy\" decoding=\"async\" src=\"https:\/\/www.ozono21.com\/blog\/wp-content\/uploads\/2014\/06\/Videos-Youtube.png\" alt=\"Videos Youtube\" width=\"600\" height=\"25\" border=\"0\" \/><\/a><\/strong>\n<\/td>\n<\/tr>\n<\/tbody>\n<\/table>\n<p>&nbsp;<\/p>\n<p style=\"TEXT-ALIGN: center\"><iframe loading=\"lazy\" width=\"640\" height=\"480\" src=\"https:\/\/www.youtube.com\/embed\/Lcv2xcWmsMU\" frameborder=\"0\" allow=\"accelerometer; autoplay; encrypted-media; gyroscope; picture-in-picture\" allowfullscreen><\/iframe><\/p>\n<p>&nbsp;<\/p>\n<p style=\"TEXT-ALIGN: center\"><iframe loading=\"lazy\" width=\"853\" height=\"480\" src=\"https:\/\/www.youtube.com\/embed\/wsw8CRcwDBc\" title=\"YouTube video player\" frameborder=\"0\" allow=\"accelerometer; autoplay; clipboard-write; encrypted-media; gyroscope; picture-in-picture\" allowfullscreen><\/iframe><\/p>\n<div class=\"pvc_clear\"><\/div>\n<p id=\"pvc_stats_5228257\" class=\"pvc_stats total_only  \" data-element-id=\"5228257\" style=\"\"><i class=\"pvc-stats-icon small\" aria-hidden=\"true\"><svg aria-hidden=\"true\" focusable=\"false\" data-prefix=\"far\" data-icon=\"chart-bar\" role=\"img\" xmlns=\"http:\/\/www.w3.org\/2000\/svg\" viewBox=\"0 0 512 512\" class=\"svg-inline--fa fa-chart-bar fa-w-16 fa-2x\"><path fill=\"currentColor\" d=\"M396.8 352h22.4c6.4 0 12.8-6.4 12.8-12.8V108.8c0-6.4-6.4-12.8-12.8-12.8h-22.4c-6.4 0-12.8 6.4-12.8 12.8v230.4c0 6.4 6.4 12.8 12.8 12.8zm-192 0h22.4c6.4 0 12.8-6.4 12.8-12.8V140.8c0-6.4-6.4-12.8-12.8-12.8h-22.4c-6.4 0-12.8 6.4-12.8 12.8v198.4c0 6.4 6.4 12.8 12.8 12.8zm96 0h22.4c6.4 0 12.8-6.4 12.8-12.8V204.8c0-6.4-6.4-12.8-12.8-12.8h-22.4c-6.4 0-12.8 6.4-12.8 12.8v134.4c0 6.4 6.4 12.8 12.8 12.8zM496 400H48V80c0-8.84-7.16-16-16-16H16C7.16 64 0 71.16 0 80v336c0 17.67 14.33 32 32 32h464c8.84 0 16-7.16 16-16v-16c0-8.84-7.16-16-16-16zm-387.2-48h22.4c6.4 0 12.8-6.4 12.8-12.8v-70.4c0-6.4-6.4-12.8-12.8-12.8h-22.4c-6.4 0-12.8 6.4-12.8 12.8v70.4c0 6.4 6.4 12.8 12.8 12.8z\" class=\"\"><\/path><\/svg><\/i> <img loading=\"lazy\" decoding=\"async\" width=\"16\" height=\"16\" alt=\"Loading\" src=\"https:\/\/www.ozono21.com\/blog\/wp-content\/plugins\/page-views-count\/ajax-loader-2x.gif\" border=0 \/><\/p>\n<div class=\"pvc_clear\"><\/div>\n","protected":false},"excerpt":{"rendered":"<p>Tener AMBIENTE INTERIOR bueno es obligatorio La importancia de una limpieza y desinfecci\u00f3n adecuada es imprescindible en todas las empresas e instalaciones p\u00fablicas Todas las empresas deben tener un ambiente interior bueno, para reducir el riesgo de brotes bacterianos o &hellip; <a href=\"https:\/\/www.ozono21.com\/blog\/salud\/ambiente-interior-bueno-por-la-calidad-del-aire\/\">Sigue leyendo <span class=\"meta-nav\">&rarr;<\/span><\/a><\/p>\n<div class=\"pvc_clear\"><\/div>\n<p id=\"pvc_stats_5228257\" class=\"pvc_stats total_only  \" data-element-id=\"5228257\" style=\"\"><i class=\"pvc-stats-icon small\" aria-hidden=\"true\"><svg aria-hidden=\"true\" focusable=\"false\" data-prefix=\"far\" data-icon=\"chart-bar\" role=\"img\" xmlns=\"http:\/\/www.w3.org\/2000\/svg\" viewBox=\"0 0 512 512\" class=\"svg-inline--fa fa-chart-bar fa-w-16 fa-2x\"><path fill=\"currentColor\" d=\"M396.8 352h22.4c6.4 0 12.8-6.4 12.8-12.8V108.8c0-6.4-6.4-12.8-12.8-12.8h-22.4c-6.4 0-12.8 6.4-12.8 12.8v230.4c0 6.4 6.4 12.8 12.8 12.8zm-192 0h22.4c6.4 0 12.8-6.4 12.8-12.8V140.8c0-6.4-6.4-12.8-12.8-12.8h-22.4c-6.4 0-12.8 6.4-12.8 12.8v198.4c0 6.4 6.4 12.8 12.8 12.8zm96 0h22.4c6.4 0 12.8-6.4 12.8-12.8V204.8c0-6.4-6.4-12.8-12.8-12.8h-22.4c-6.4 0-12.8 6.4-12.8 12.8v134.4c0 6.4 6.4 12.8 12.8 12.8zM496 400H48V80c0-8.84-7.16-16-16-16H16C7.16 64 0 71.16 0 80v336c0 17.67 14.33 32 32 32h464c8.84 0 16-7.16 16-16v-16c0-8.84-7.16-16-16-16zm-387.2-48h22.4c6.4 0 12.8-6.4 12.8-12.8v-70.4c0-6.4-6.4-12.8-12.8-12.8h-22.4c-6.4 0-12.8 6.4-12.8 12.8v70.4c0 6.4 6.4 12.8 12.8 12.8z\" class=\"\"><\/path><\/svg><\/i> <img loading=\"lazy\" decoding=\"async\" width=\"16\" height=\"16\" alt=\"Loading\" src=\"https:\/\/www.ozono21.com\/blog\/wp-content\/plugins\/page-views-count\/ajax-loader-2x.gif\" border=0 \/><\/p>\n<div class=\"pvc_clear\"><\/div>\n","protected":false},"author":46969,"featured_media":5214731,"comment_status":"open","ping_status":"closed","sticky":false,"template":"","format":"standard","meta":{"_exactmetrics_skip_tracking":false,"_exactmetrics_sitenote_active":false,"_exactmetrics_sitenote_note":"","_exactmetrics_sitenote_category":0,"_jetpack_memberships_contains_paid_content":false,"footnotes":"","jetpack_publicize_message":"","jetpack_publicize_feature_enabled":true,"jetpack_social_post_already_shared":false,"jetpack_social_options":{"image_generator_settings":{"template":"highway","default_image_id":0,"font":"","enabled":false},"version":2}},"categories":[7,48],"tags":[21,81],"class_list":["post-5228257","post","type-post","status-publish","format-standard","has-post-thumbnail","hentry","category-salud","category-sociedad","tag-salud-2","tag-sociedad"],"a3_pvc":{"activated":true,"total_views":4069,"today_views":0},"yoast_head":"<!-- This site is optimized with the Yoast SEO plugin v27.5 - https:\/\/yoast.com\/product\/yoast-seo-wordpress\/ -->\n<title>AMBIENTE INTERIOR buena CALIDAD del AIRE<\/title>\n<meta name=\"description\" content=\"AMBIENTE INTERIOR bueno por la CALIDAD del AIRE La limpieza y desinfecci\u00f3n adecuada es imprescindible en empresas e instalaciones p\u00fablicas\" \/>\n<meta name=\"robots\" content=\"index, follow, max-snippet:-1, max-image-preview:large, max-video-preview:-1\" \/>\n<link rel=\"canonical\" href=\"https:\/\/www.ozono21.com\/blog\/salud\/ambiente-interior-bueno-por-la-calidad-del-aire\/\" \/>\n<meta property=\"og:locale\" content=\"es_ES\" \/>\n<meta property=\"og:type\" content=\"article\" \/>\n<meta property=\"og:title\" content=\"AMBIENTE INTERIOR buena CALIDAD del AIRE\" \/>\n<meta property=\"og:description\" content=\"AMBIENTE INTERIOR bueno por la CALIDAD del AIRE La limpieza y desinfecci\u00f3n adecuada es imprescindible en empresas e instalaciones p\u00fablicas\" \/>\n<meta property=\"og:url\" content=\"https:\/\/www.ozono21.com\/blog\/salud\/ambiente-interior-bueno-por-la-calidad-del-aire\/\" \/>\n<meta property=\"og:site_name\" content=\"- Blog Ozono21\" \/>\n<meta property=\"article:published_time\" content=\"2022-01-13T18:01:46+00:00\" \/>\n<meta property=\"article:modified_time\" content=\"2026-02-09T14:07:52+00:00\" \/>\n<meta property=\"og:image\" content=\"https:\/\/www.ozono21.com\/blog\/wp-content\/uploads\/2007\/04\/edificio-enfermo.jpg\" \/>\n\t<meta property=\"og:image:width\" content=\"537\" \/>\n\t<meta property=\"og:image:height\" content=\"300\" \/>\n\t<meta property=\"og:image:type\" content=\"image\/jpeg\" \/>\n<meta name=\"author\" content=\"INVESTIGACION Ozono21\" \/>\n<meta name=\"twitter:label1\" content=\"Escrito por\" \/>\n\t<meta name=\"twitter:data1\" content=\"INVESTIGACION Ozono21\" \/>\n\t<meta name=\"twitter:label2\" content=\"Tiempo de lectura\" \/>\n\t<meta name=\"twitter:data2\" content=\"3 minutos\" \/>\n<script type=\"application\/ld+json\" class=\"yoast-schema-graph\">{\"@context\":\"https:\\\/\\\/schema.org\",\"@graph\":[{\"@type\":\"Article\",\"@id\":\"https:\\\/\\\/www.ozono21.com\\\/blog\\\/salud\\\/ambiente-interior-bueno-por-la-calidad-del-aire\\\/#article\",\"isPartOf\":{\"@id\":\"https:\\\/\\\/www.ozono21.com\\\/blog\\\/salud\\\/ambiente-interior-bueno-por-la-calidad-del-aire\\\/\"},\"author\":{\"name\":\"INVESTIGACION Ozono21\",\"@id\":\"https:\\\/\\\/www.ozono21.com\\\/blog\\\/#\\\/schema\\\/person\\\/09b7d3e74b7c4469cd705f2b20bca17c\"},\"headline\":\"AMBIENTE INTERIOR bueno por la CALIDAD del AIRE\",\"datePublished\":\"2022-01-13T18:01:46+00:00\",\"dateModified\":\"2026-02-09T14:07:52+00:00\",\"mainEntityOfPage\":{\"@id\":\"https:\\\/\\\/www.ozono21.com\\\/blog\\\/salud\\\/ambiente-interior-bueno-por-la-calidad-del-aire\\\/\"},\"wordCount\":567,\"commentCount\":0,\"image\":{\"@id\":\"https:\\\/\\\/www.ozono21.com\\\/blog\\\/salud\\\/ambiente-interior-bueno-por-la-calidad-del-aire\\\/#primaryimage\"},\"thumbnailUrl\":\"https:\\\/\\\/www.ozono21.com\\\/blog\\\/wp-content\\\/uploads\\\/2007\\\/04\\\/edificio-enfermo.jpg\",\"keywords\":[\"Salud\",\"Sociedad\"],\"articleSection\":[\"Salud\",\"Sociedad\"],\"inLanguage\":\"es\",\"potentialAction\":[{\"@type\":\"CommentAction\",\"name\":\"Comment\",\"target\":[\"https:\\\/\\\/www.ozono21.com\\\/blog\\\/salud\\\/ambiente-interior-bueno-por-la-calidad-del-aire\\\/#respond\"]}]},{\"@type\":\"WebPage\",\"@id\":\"https:\\\/\\\/www.ozono21.com\\\/blog\\\/salud\\\/ambiente-interior-bueno-por-la-calidad-del-aire\\\/\",\"url\":\"https:\\\/\\\/www.ozono21.com\\\/blog\\\/salud\\\/ambiente-interior-bueno-por-la-calidad-del-aire\\\/\",\"name\":\"AMBIENTE INTERIOR buena CALIDAD del AIRE\",\"isPartOf\":{\"@id\":\"https:\\\/\\\/www.ozono21.com\\\/blog\\\/#website\"},\"primaryImageOfPage\":{\"@id\":\"https:\\\/\\\/www.ozono21.com\\\/blog\\\/salud\\\/ambiente-interior-bueno-por-la-calidad-del-aire\\\/#primaryimage\"},\"image\":{\"@id\":\"https:\\\/\\\/www.ozono21.com\\\/blog\\\/salud\\\/ambiente-interior-bueno-por-la-calidad-del-aire\\\/#primaryimage\"},\"thumbnailUrl\":\"https:\\\/\\\/www.ozono21.com\\\/blog\\\/wp-content\\\/uploads\\\/2007\\\/04\\\/edificio-enfermo.jpg\",\"datePublished\":\"2022-01-13T18:01:46+00:00\",\"dateModified\":\"2026-02-09T14:07:52+00:00\",\"author\":{\"@id\":\"https:\\\/\\\/www.ozono21.com\\\/blog\\\/#\\\/schema\\\/person\\\/09b7d3e74b7c4469cd705f2b20bca17c\"},\"description\":\"AMBIENTE INTERIOR bueno por la CALIDAD del AIRE La limpieza y desinfecci\u00f3n adecuada es imprescindible en empresas e instalaciones p\u00fablicas\",\"breadcrumb\":{\"@id\":\"https:\\\/\\\/www.ozono21.com\\\/blog\\\/salud\\\/ambiente-interior-bueno-por-la-calidad-del-aire\\\/#breadcrumb\"},\"inLanguage\":\"es\",\"potentialAction\":[{\"@type\":\"ReadAction\",\"target\":[\"https:\\\/\\\/www.ozono21.com\\\/blog\\\/salud\\\/ambiente-interior-bueno-por-la-calidad-del-aire\\\/\"]}]},{\"@type\":\"ImageObject\",\"inLanguage\":\"es\",\"@id\":\"https:\\\/\\\/www.ozono21.com\\\/blog\\\/salud\\\/ambiente-interior-bueno-por-la-calidad-del-aire\\\/#primaryimage\",\"url\":\"https:\\\/\\\/www.ozono21.com\\\/blog\\\/wp-content\\\/uploads\\\/2007\\\/04\\\/edificio-enfermo.jpg\",\"contentUrl\":\"https:\\\/\\\/www.ozono21.com\\\/blog\\\/wp-content\\\/uploads\\\/2007\\\/04\\\/edificio-enfermo.jpg\",\"width\":537,\"height\":300},{\"@type\":\"BreadcrumbList\",\"@id\":\"https:\\\/\\\/www.ozono21.com\\\/blog\\\/salud\\\/ambiente-interior-bueno-por-la-calidad-del-aire\\\/#breadcrumb\",\"itemListElement\":[{\"@type\":\"ListItem\",\"position\":1,\"name\":\"Portada\",\"item\":\"https:\\\/\\\/www.ozono21.com\\\/blog\\\/\"},{\"@type\":\"ListItem\",\"position\":2,\"name\":\"AMBIENTE INTERIOR bueno por la CALIDAD del AIRE\"}]},{\"@type\":\"WebSite\",\"@id\":\"https:\\\/\\\/www.ozono21.com\\\/blog\\\/#website\",\"url\":\"https:\\\/\\\/www.ozono21.com\\\/blog\\\/\",\"name\":\"Blog Ozono21\",\"description\":\" - Blog Ozono21\",\"potentialAction\":[{\"@type\":\"SearchAction\",\"target\":{\"@type\":\"EntryPoint\",\"urlTemplate\":\"https:\\\/\\\/www.ozono21.com\\\/blog\\\/?s={search_term_string}\"},\"query-input\":{\"@type\":\"PropertyValueSpecification\",\"valueRequired\":true,\"valueName\":\"search_term_string\"}}],\"inLanguage\":\"es\"},{\"@type\":\"Person\",\"@id\":\"https:\\\/\\\/www.ozono21.com\\\/blog\\\/#\\\/schema\\\/person\\\/09b7d3e74b7c4469cd705f2b20bca17c\",\"name\":\"INVESTIGACION Ozono21\",\"image\":{\"@type\":\"ImageObject\",\"inLanguage\":\"es\",\"@id\":\"https:\\\/\\\/secure.gravatar.com\\\/avatar\\\/eea303d14545d78db33215a13da7c9b8ca3429e072b4b1c115d30546d8d679d6?s=96&d=mm&r=g\",\"url\":\"https:\\\/\\\/secure.gravatar.com\\\/avatar\\\/eea303d14545d78db33215a13da7c9b8ca3429e072b4b1c115d30546d8d679d6?s=96&d=mm&r=g\",\"contentUrl\":\"https:\\\/\\\/secure.gravatar.com\\\/avatar\\\/eea303d14545d78db33215a13da7c9b8ca3429e072b4b1c115d30546d8d679d6?s=96&d=mm&r=g\",\"caption\":\"INVESTIGACION Ozono21\"}}]}<\/script>\n<!-- \/ Yoast SEO plugin. -->","yoast_head_json":{"title":"AMBIENTE INTERIOR buena CALIDAD del AIRE","description":"AMBIENTE INTERIOR bueno por la CALIDAD del AIRE La limpieza y desinfecci\u00f3n adecuada es imprescindible en empresas e instalaciones p\u00fablicas","robots":{"index":"index","follow":"follow","max-snippet":"max-snippet:-1","max-image-preview":"max-image-preview:large","max-video-preview":"max-video-preview:-1"},"canonical":"https:\/\/www.ozono21.com\/blog\/salud\/ambiente-interior-bueno-por-la-calidad-del-aire\/","og_locale":"es_ES","og_type":"article","og_title":"AMBIENTE INTERIOR buena CALIDAD del AIRE","og_description":"AMBIENTE INTERIOR bueno por la CALIDAD del AIRE La limpieza y desinfecci\u00f3n adecuada es imprescindible en empresas e instalaciones p\u00fablicas","og_url":"https:\/\/www.ozono21.com\/blog\/salud\/ambiente-interior-bueno-por-la-calidad-del-aire\/","og_site_name":"- Blog Ozono21","article_published_time":"2022-01-13T18:01:46+00:00","article_modified_time":"2026-02-09T14:07:52+00:00","og_image":[{"width":537,"height":300,"url":"https:\/\/www.ozono21.com\/blog\/wp-content\/uploads\/2007\/04\/edificio-enfermo.jpg","type":"image\/jpeg"}],"author":"INVESTIGACION Ozono21","twitter_misc":{"Escrito por":"INVESTIGACION Ozono21","Tiempo de lectura":"3 minutos"},"schema":{"@context":"https:\/\/schema.org","@graph":[{"@type":"Article","@id":"https:\/\/www.ozono21.com\/blog\/salud\/ambiente-interior-bueno-por-la-calidad-del-aire\/#article","isPartOf":{"@id":"https:\/\/www.ozono21.com\/blog\/salud\/ambiente-interior-bueno-por-la-calidad-del-aire\/"},"author":{"name":"INVESTIGACION Ozono21","@id":"https:\/\/www.ozono21.com\/blog\/#\/schema\/person\/09b7d3e74b7c4469cd705f2b20bca17c"},"headline":"AMBIENTE INTERIOR bueno por la CALIDAD del AIRE","datePublished":"2022-01-13T18:01:46+00:00","dateModified":"2026-02-09T14:07:52+00:00","mainEntityOfPage":{"@id":"https:\/\/www.ozono21.com\/blog\/salud\/ambiente-interior-bueno-por-la-calidad-del-aire\/"},"wordCount":567,"commentCount":0,"image":{"@id":"https:\/\/www.ozono21.com\/blog\/salud\/ambiente-interior-bueno-por-la-calidad-del-aire\/#primaryimage"},"thumbnailUrl":"https:\/\/www.ozono21.com\/blog\/wp-content\/uploads\/2007\/04\/edificio-enfermo.jpg","keywords":["Salud","Sociedad"],"articleSection":["Salud","Sociedad"],"inLanguage":"es","potentialAction":[{"@type":"CommentAction","name":"Comment","target":["https:\/\/www.ozono21.com\/blog\/salud\/ambiente-interior-bueno-por-la-calidad-del-aire\/#respond"]}]},{"@type":"WebPage","@id":"https:\/\/www.ozono21.com\/blog\/salud\/ambiente-interior-bueno-por-la-calidad-del-aire\/","url":"https:\/\/www.ozono21.com\/blog\/salud\/ambiente-interior-bueno-por-la-calidad-del-aire\/","name":"AMBIENTE INTERIOR buena CALIDAD del AIRE","isPartOf":{"@id":"https:\/\/www.ozono21.com\/blog\/#website"},"primaryImageOfPage":{"@id":"https:\/\/www.ozono21.com\/blog\/salud\/ambiente-interior-bueno-por-la-calidad-del-aire\/#primaryimage"},"image":{"@id":"https:\/\/www.ozono21.com\/blog\/salud\/ambiente-interior-bueno-por-la-calidad-del-aire\/#primaryimage"},"thumbnailUrl":"https:\/\/www.ozono21.com\/blog\/wp-content\/uploads\/2007\/04\/edificio-enfermo.jpg","datePublished":"2022-01-13T18:01:46+00:00","dateModified":"2026-02-09T14:07:52+00:00","author":{"@id":"https:\/\/www.ozono21.com\/blog\/#\/schema\/person\/09b7d3e74b7c4469cd705f2b20bca17c"},"description":"AMBIENTE INTERIOR bueno por la CALIDAD del AIRE La limpieza y desinfecci\u00f3n adecuada es imprescindible en empresas e instalaciones p\u00fablicas","breadcrumb":{"@id":"https:\/\/www.ozono21.com\/blog\/salud\/ambiente-interior-bueno-por-la-calidad-del-aire\/#breadcrumb"},"inLanguage":"es","potentialAction":[{"@type":"ReadAction","target":["https:\/\/www.ozono21.com\/blog\/salud\/ambiente-interior-bueno-por-la-calidad-del-aire\/"]}]},{"@type":"ImageObject","inLanguage":"es","@id":"https:\/\/www.ozono21.com\/blog\/salud\/ambiente-interior-bueno-por-la-calidad-del-aire\/#primaryimage","url":"https:\/\/www.ozono21.com\/blog\/wp-content\/uploads\/2007\/04\/edificio-enfermo.jpg","contentUrl":"https:\/\/www.ozono21.com\/blog\/wp-content\/uploads\/2007\/04\/edificio-enfermo.jpg","width":537,"height":300},{"@type":"BreadcrumbList","@id":"https:\/\/www.ozono21.com\/blog\/salud\/ambiente-interior-bueno-por-la-calidad-del-aire\/#breadcrumb","itemListElement":[{"@type":"ListItem","position":1,"name":"Portada","item":"https:\/\/www.ozono21.com\/blog\/"},{"@type":"ListItem","position":2,"name":"AMBIENTE INTERIOR bueno por la CALIDAD del AIRE"}]},{"@type":"WebSite","@id":"https:\/\/www.ozono21.com\/blog\/#website","url":"https:\/\/www.ozono21.com\/blog\/","name":"Blog Ozono21","description":" - Blog Ozono21","potentialAction":[{"@type":"SearchAction","target":{"@type":"EntryPoint","urlTemplate":"https:\/\/www.ozono21.com\/blog\/?s={search_term_string}"},"query-input":{"@type":"PropertyValueSpecification","valueRequired":true,"valueName":"search_term_string"}}],"inLanguage":"es"},{"@type":"Person","@id":"https:\/\/www.ozono21.com\/blog\/#\/schema\/person\/09b7d3e74b7c4469cd705f2b20bca17c","name":"INVESTIGACION Ozono21","image":{"@type":"ImageObject","inLanguage":"es","@id":"https:\/\/secure.gravatar.com\/avatar\/eea303d14545d78db33215a13da7c9b8ca3429e072b4b1c115d30546d8d679d6?s=96&d=mm&r=g","url":"https:\/\/secure.gravatar.com\/avatar\/eea303d14545d78db33215a13da7c9b8ca3429e072b4b1c115d30546d8d679d6?s=96&d=mm&r=g","contentUrl":"https:\/\/secure.gravatar.com\/avatar\/eea303d14545d78db33215a13da7c9b8ca3429e072b4b1c115d30546d8d679d6?s=96&d=mm&r=g","caption":"INVESTIGACION Ozono21"}}]}},"jetpack_publicize_connections":[],"jetpack_featured_media_url":"https:\/\/www.ozono21.com\/blog\/wp-content\/uploads\/2007\/04\/edificio-enfermo.jpg","jetpack_sharing_enabled":true,"_links":{"self":[{"href":"https:\/\/www.ozono21.com\/blog\/wp-json\/wp\/v2\/posts\/5228257","targetHints":{"allow":["GET"]}}],"collection":[{"href":"https:\/\/www.ozono21.com\/blog\/wp-json\/wp\/v2\/posts"}],"about":[{"href":"https:\/\/www.ozono21.com\/blog\/wp-json\/wp\/v2\/types\/post"}],"author":[{"embeddable":true,"href":"https:\/\/www.ozono21.com\/blog\/wp-json\/wp\/v2\/users\/46969"}],"replies":[{"embeddable":true,"href":"https:\/\/www.ozono21.com\/blog\/wp-json\/wp\/v2\/comments?post=5228257"}],"version-history":[{"count":0,"href":"https:\/\/www.ozono21.com\/blog\/wp-json\/wp\/v2\/posts\/5228257\/revisions"}],"wp:featuredmedia":[{"embeddable":true,"href":"https:\/\/www.ozono21.com\/blog\/wp-json\/wp\/v2\/media\/5214731"}],"wp:attachment":[{"href":"https:\/\/www.ozono21.com\/blog\/wp-json\/wp\/v2\/media?parent=5228257"}],"wp:term":[{"taxonomy":"category","embeddable":true,"href":"https:\/\/www.ozono21.com\/blog\/wp-json\/wp\/v2\/categories?post=5228257"},{"taxonomy":"post_tag","embeddable":true,"href":"https:\/\/www.ozono21.com\/blog\/wp-json\/wp\/v2\/tags?post=5228257"}],"curies":[{"name":"wp","href":"https:\/\/api.w.org\/{rel}","templated":true}]}}