{"id":5199489,"date":"2012-10-27T20:41:34","date_gmt":"2012-10-27T18:41:34","guid":{"rendered":"https:\/\/www.ozono21.com\/blog\/?p=5199489"},"modified":"2026-02-18T13:04:56","modified_gmt":"2026-02-18T11:04:56","slug":"salud-ambiental-colectivo-infantil","status":"publish","type":"post","link":"https:\/\/www.ozono21.com\/blog\/salud\/salud-ambiental-colectivo-infantil\/","title":{"rendered":"INFANTIL su SALUD ambiental"},"content":{"rendered":"<p style=\"text-align: justify;\">\n<h2 style=\"text-align: justify;\"><strong><img loading=\"lazy\" decoding=\"async\" class=\"size-full wp-image-5199498\" style=\"margin: 0px 350px 20px 35px; cursor: hand; border: 0px;\"  title=\"Ni\u00f1os MedioAmbiente\" src=\"https:\/\/www.ozono21.com\/blog\/wp-content\/uploads\/2012\/10\/ni\u00f1os-medio-ambiente1.png\" alt=\"infantil\" width=\"525\" height=\"392\" \/><a title=\"Ozono es Salud y Bienestar\" href=\"https:\/\/www.ozono21.com\/sectores-pagina\/empresariales\/salud-bienestar-belleza\/7\/\" target=\"_blank\" rel=\"noopener noreferrer\">Salud ambiental INFANTIL. El colectivo INFANTIL es un sector especialmente vulnerable a los efectos ambientales. El organismo de un ni\u00f1o todav\u00eda se encuentra en fase de desarrollo en sus sistemas tanto fisiol\u00f3gicos como metab\u00f3licos <\/a><\/strong><\/h2>\n<\/p>\n<p>Fuente: ECOticias (03\/05\/2012)<\/p>\n<p style=\"text-align: justify;\"><strong>Entendemos por medio ambiente el <em>conjunto de condiciones f\u00edsicas, qu\u00edmicas, biol\u00f3gicas, sociales, culturales y econ\u00f3micas con las que interact\u00faan los seres humanos.<\/em><\/strong> Dadas las elevadas cifras de contaminaci\u00f3n existentes hoy en las grandes ciudades, as\u00ed como el cambio clim\u00e1tico global en el que nos encontramos inmersos, en las \u00faltimas d\u00e9cadas ha aumentado considerablemente la cantidad de informaci\u00f3n referente a las distintas formas en las que el medio ambiente puede influir sobre la salud de la poblaci\u00f3n. En este sentido,<big><strong><a title=\"Riesgo para la Infancia los contaminantes del MedioAmbiente\" href=\"https:\/\/www.ozono21.com\/actualidad-interna\/la-infancia-constituye-uno-grupos-poblacionales-mayor-riesgo-para-contaminantes-medioambientales\/15\/\" target=\"_blank\" rel=\"noopener noreferrer\">la salud ambiental INFANTIL, hace referencia al estudio del impacto de las sustancias contaminantes que se encuentran en el medio ambiente y que inciden directa o indirectamente, sobre la salud de los ni\u00f1os.<\/a><\/strong><\/big><\/p>\n<p style=\"text-align: justify;\"><strong>El colectivo INFANTIL es un sector especialmente vulnerable a los efectos ambientales.<\/strong> El organismo del grupo INFANTIL todav\u00eda se encuentra en fase de desarrollo y sus sistemas tanto fisiol\u00f3gicos como metab\u00f3licos, son extremadamente sensibles a todos los contaminantes presentes en la vida, tanto en el agua, como en el aire o en los propios alimentos. <strong>Este tipo de riesgo ambiental al colectivo INFANTIL, aparece en una fase tan temprana como es la formaci\u00f3n del feto, en el interior de la madre.<\/strong><\/p>\n<p style=\"text-align: justify;\"><big><strong><a title=\"MedioAmbiente crea Enfermedades a los Ni\u00f1os\" href=\"https:\/\/www.ozono21.com\/actualidad-interna\/el-30-enfermedades-infantiles-se-debe-factores-medioambientales\/81\/\" target=\"_blank\" rel=\"noopener noreferrer\">Un ni\u00f1o en su rutina diaria, desde que se levanta para ir a la escuela hasta que se acuesta al terminar sus tareas, est\u00e1 expuesto a cientos de amenazas ambientales de las cuales, parad\u00f3jicamente, somos nosotros los seres humanos, los principales causantes.<\/a><\/strong><\/big> As\u00ed por ejemplo, mientras el ni\u00f1o espera en la parada a su autob\u00fas escolar, al circular con nuestros veh\u00edculos cerca de \u00e9l, estamos provocando que inhale directamente el humo que expulsan los tubos de escape. Otra situaci\u00f3n bastante com\u00fan es cuando le damos una fruta que no ha sido certificada en cuanto a su cultivo ecol\u00f3gico, el ni\u00f1o correr\u00e1 el riesgo de ingerir una serie de pesticidas y otras sustancias potencialmente t\u00f3xicas, que no son buenas para su organismo. <big><strong><a title=\"Ozono Limpia y Desinfecta\" href=\"https:\/\/www.ozono21.com\/actualidad-interna\/los-productos-limpieza-no-atacan-virus-ozono-si\/379\/\" target=\"_blank\" rel=\"noopener noreferrer\">Otro de los focos de peligro radica en los productos de limpieza, los cuales est\u00e1n compuestos por cientos de componentes qu\u00edmicos altamente nocivos para la salud.<\/a><\/strong><\/big><\/p>\n<p style=\"text-align: justify;\">Como vemos, las distintas situaciones de peligro en la salud ambiental INFANTIL, se repiten constantemente. Y es que el sistema tecnol\u00f3gico y capitalista en el que vivimos, no nos lo pone muy f\u00e1cil para evitarlas. A\u00fan y as\u00ed, s\u00ed que es posible es reducir los riesgos teniendo en cuenta algunos conceptos y sobre todo, siendo muy conscientes de que est\u00e1n ah\u00ed.<\/p>\n<p style=\"text-align: justify;\">Para explicar el impacto del medio ambiente en la salud del grupo INFANTIL, la<strong> Organizaci\u00f3n Mundial de la Salud (OMS)<\/strong> public\u00f3 en 2004 el primer \u201cAtlas sobre salud INFANTIL y medio ambiente\u201d. La obra expone un conjunto de datos sobre los efectos de los riesgos ambientales en la salud de los ni\u00f1os que, observados globalmente, ofrecen una imagen muy clarificadora de los peligros que afrontamos todos, ni\u00f1os y adultos, as\u00ed como las razones por las cuales cada a\u00f1o mueren m\u00e1s de tres millones de menores de cinco a\u00f1os, en todo el mundo.<\/p>\n<p style=\"text-align: justify;\">En 2009 la misma Organizaci\u00f3n, desarroll\u00f3 otra investigaci\u00f3n al respecto y entre sus conclusiones public\u00f3 que aproximadamente un tercio de los nueve millones de defunciones del colectivo INFANTIL en menores de cinco a\u00f1os que se producen cada a\u00f1o, se debe a causas y enfermedades relacionadas con el medio ambiente. <strong>Los factores de riesgo ambiental suelen estar relacionados con condiciones econ\u00f3micas y sociales adversas, tales como los conflictos armados, la pobreza y la malnutrici\u00f3n.<\/strong><\/p>\n<p style=\"text-align: justify;\">Est\u00e1 claro que para hablar de salud ambiental INFANTIL, un factor determinante de la misma es el lugar en el que nacemos- vivimos, as\u00ed como el acceso a los recursos econ\u00f3micos con los que cuenta nuestra familia. En este sentido, la OMS distingue entre riesgos tradicionales, los directamente relacionados con la pobreza y el desarrollo insuficiente; y los riesgos modernos, aquellos que se dan en las poblaciones econ\u00f3mica y tecnol\u00f3gicamente m\u00e1s desarrolladas:<\/p>\n<p style=\"text-align: justify;\"><strong>1. Riesgos tradicionales:<\/strong><\/p>\n<p style=\"text-align: justify;\">&#8211; <big><a title=\"Ozono21 Potabilizar AGUA\" href=\"https:\/\/www.ozono21.com\/actualidad-interna\/generadores-ozono-para-tratamiento-del-agua\/367\/\" target=\"_blank\" rel=\"noopener noreferrer\">Falta de acceso al agua potable;<\/a><\/big><br \/>\n&#8211; Eliminaci\u00f3n inadecuada de excretas y de basuras;<br \/>\n&#8211; Insalubridad en la vivienda y en la comunidad;<br \/>\n&#8211; <big><a title=\"Ozono21 Crea un Dulce Hogar\" href=\"https:\/\/www.ozono21.com\/sectores-pagina\/domesticos\/dormitorios-salones\/32\/\" target=\"_blank\" rel=\"noopener noreferrer\">Contaminaci\u00f3n del aire en el hogar por polvo, hongos y por el uso de carb\u00f3n u otros combustibles biol\u00f3gicos para cocinar o calentar el ambiente;<\/a><\/big><br \/>\n&#8211; <big><a title=\"Ozono21 Alimentos y Cocina\" href=\"https:\/\/www.ozono21.com\/sectores-pagina\/domesticos\/alimentos-cocina\/30\/\" target=\"_blank\" rel=\"noopener noreferrer\">Contaminaci\u00f3n de los alimentos con agentes pat\u00f3genos;<\/a><\/big><br \/>\n&#8211; <big><a title=\"Agua con OZONO es SALUD\" href=\"https:\/\/www.ozono21.com\/actualidad-interna\/agua-ozono-salud-bienestar-belleza\/350\/\" target=\"_blank\" rel=\"noopener noreferrer\">Contaminaci\u00f3n del agua de consumo por aguas servidas;<\/a><\/big><br \/>\n&#8211; Desastres naturales, incluyendo sequ\u00edas, inundaciones y terremotos;<br \/>\n&#8211; <big><a title=\"Ozono21 Hogar Dulce Hogar\" href=\"https:\/\/www.ozono21.com\/actualidad-interna\/en-nuestro-hogar-generador-ozono-consigue-nuestro-paraiso\/348\/\" target=\"_blank\" rel=\"noopener noreferrer\">Contaminaci\u00f3n de la vivienda por el plomo en las cer\u00e1micas y pinturas;<\/a><\/big><br \/>\n&#8211; Accidentes y enfermedades ocupacionales en la agricultura, en la industria y en el sector informal de trabajo.<\/p>\n<p><strong>2. Riesgos modernos peligros al colectivo INFANTIL :<\/strong><\/p>\n<p>&#8211; Acumulaci\u00f3n de residuos s\u00f3lidos peligrosos;<br \/>\n&#8211; Contaminaci\u00f3n urbana del aire por emisiones de industrias y veh\u00edculos;<br \/>\n&#8211; Contaminaci\u00f3n de recursos h\u00eddricos por las industrias, la agricultura y los desag\u00fces de centros urbanos;<br \/>\n&#8211; Uso indebido de sustancias qu\u00edmicas o radioactivas vinculadas a nuevas tecnolog\u00edas para la agricultura y la industria;<br \/>\n&#8211; Accidentes de tr\u00e1fico;<br \/>\n&#8211; Enfermedades infecciosas emergentes o reemergentes;<br \/>\n&#8211; Cambios clim\u00e1ticos y atmosf\u00e9ricos,\u00a0 y el efecto invernadero;<br \/>\n&#8211; Violencia y efectos psicosociales del medio ambiente urbano;<br \/>\n&#8211; Tabaquismo y drogadicci\u00f3n.<\/p>\n<p style=\"text-align: justify;\"><strong>Una particularidad de los denominados riesgos modernos, es que normalmente manifiestan sus efectos nocivos tras un largo periodo desde el momento de la exposici\u00f3n.<\/strong> Por ejemplo, algunas sustancias presentes en los plaguicidas pueden causar c\u00e1ncer, pero \u00e9stas no dejan ver sus s\u00edntomas hasta pasados varios a\u00f1os, y aun as\u00ed, pueden pasar d\u00e9cadas hasta que aparezca, si aparece, un tumor de tama\u00f1o apreciable. Endefinitiva gran peligro al colectivo INFANTIL<\/p>\n<p><strong>Entre los riesgos modernos,para el colectivo INFANTIL, debemos prestar especial atenci\u00f3n a:<\/strong><\/p>\n<p style=\"text-align: justify;\"><big><strong>&#8211; <a title=\"Ozono21 Desinfecci\u00f3n\" href=\"https:\/\/www.ozono21.com\/sectores-pagina\/empresariales\/desinfeccion-limpieza\/3\/\" target=\"_blank\" rel=\"noopener noreferrer\">Los plaguicidas.<\/a><\/big> Los ni\u00f1os absorben proporcionalmente mayores cantidades de ese tipo de sustancias debido a la mayor <big><a title=\"Ozono21 Frutas y Verduras\" href=\"https:\/\/www.ozono21.com\/sectores-pagina\/empresariales\/frutas-verduras\/11\/\" target=\"_blank\" rel=\"noopener noreferrer\">ingesta de frutas y vegetales contaminados<\/a><\/big> relativos a su peso corporal. <\/strong>Los disruptores endocrinos que se pueden encontrar en los pesticidas y en los productos sint\u00e9ticos entre otros, afectan al equilibrio hormonal por lo que las manifestaciones pueden no aparecer hasta la madurez del individuo. Los ni\u00f1os, adem\u00e1s, pueden manifestar reacciones al\u00e9rgicas a sustancias qu\u00edmicas t\u00f3xicas, as\u00ed como hiperactividad como consecuencia de colorantes u otras sustancias a\u00f1adidas a los alimentos.<\/p>\n<p style=\"text-align: justify;\">&#8211; <strong>Los hogares donde la preparaci\u00f3n de alimentos se hace utilizando combustibles biol\u00f3gicos tienen para los peque\u00f1os el riesgo adicional de la contaminaci\u00f3n del aire interior.<\/strong><\/p>\n<p style=\"text-align: justify;\">&#8211; <strong>El aumento MUNDO INFANTIL del n\u00famero de <big><a title=\"Riesgo del Asma Productos de limpieza\" href=\"https:\/\/www.ozono21.com\/blog\/toxinas\/los-productos-de-limpieza-del-hogar-en-spray-aumentan-el-riesgo-de-asma\/\" target=\"_blank\" rel=\"noopener noreferrer\">ni\u00f1os que presentan problemas respiratorios, asmas y alergias<\/a><\/big> es debido principalmente a la contaminaci\u00f3n del ambiente.<\/strong> Seg\u00fan un nuevo estudio dirigido por investigadores de la Universidad del Sur de California, contaminaci\u00f3n y padres estresados aumentan significativamente el riesgo de asma INFANTIL. Y es que la contaminaci\u00f3n atmosf\u00e9rica puede promover respuestas inflamatorias en las v\u00edas respiratorias del pulm\u00f3n.<\/p>\n<p style=\"text-align: justify;\"><strong>&#8211; Los compuestos organoclorados, cuya principal v\u00eda de ingesti\u00f3n es la dieta, el aire y el agua de consumo<\/strong>, se asocian al crecimiento y el desarrollo motor y al posterior desarrollo cognitivo.<\/p>\n<p style=\"text-align: justify;\"><strong>&#8211; La mayor\u00eda de compuestos qu\u00edmicos provoca problemas cut\u00e1neos y conjuntivitis oculares si no se protegen frente a su exposici\u00f3n. <\/strong>La contaminaci\u00f3n atmosf\u00e9rica tambi\u00e9n produce reacciones muy graves en la piel, entre las que se pueden diferenciar la dermatitis irritante, la dermatitis al\u00e9rgica por contacto y la dermatitis fotosensible. <strong>Asimismo, la reducci\u00f3n de la capa de ozono sobre el \u00c1rtico, en el hemisferio norte, facilita que llegue a la superficie de la tierra una mayor cantidad de radiaci\u00f3n ultravioleta, aumentando la incidencia del c\u00e1ncer de piel.<\/strong><\/p>\n<p style=\"text-align: justify;\"><strong>&#8211; Otro peligro ambiental es el plomo, cuyas part\u00edculas, cuando est\u00e1n suspendidas en el aire, pueden ser absorbidas en la sangre y aun en concentraciones relativamente bajas suelen tener un efecto negativo en el desarrollo mental de los ni\u00f1os y en su crecimiento.<\/strong> Los pa\u00edses industrializados han disminuido dr\u00e1sticamente o eliminado el consumo de gasolina con plomo, lo que se ha reflejado claramente en los niveles de plomo en la sangre de la poblaci\u00f3n en general. Muchos pa\u00edses en desarrollo, por el contrario, todav\u00eda contin\u00faan usando gasolina con este aditivo.<\/p>\n<p style=\"text-align: justify;\"><big><strong>&#8211; <a title=\"Ozono Elimina los causantes de enfermedades vehiculizadas por Aire\" href=\"https:\/\/www.ozono21.com\/actualidad-interna\/ozono-enfermedades-vehiculizadas-por-aire\/147\/\" target=\"_blank\" rel=\"noopener noreferrer\">Los accidentes -especialmente vehiculares- asumen cada vez mayor importancia como problema de salud p\u00fablica,<\/a><\/strong><\/big> en tanto que la violencia en general se ha convertido en una causa cada vez m\u00e1s significativa de morbilidad y mortalidad.<\/p>\n<p><strong>El cambio est\u00e1 en nuestras manos<\/strong><\/p>\n<p style=\"text-align: justify;\"><strong>Las condiciones m\u00ednimas requeridas para que exista un medio ambiente saludable, son tres: contar con un aire limpio, tener acceso al agua potable en cantidades suficientes y convivir en un ecosistema global adecuado para los seres humanos.<\/strong><\/p>\n<p style=\"text-align: justify;\">En general las ciudades que cuentan con una especial intensidad de tr\u00e1fico de veh\u00edculos, est\u00e1n densamente urbanizadas y poseen industrias en sus inmediaciones, son las que presentan unos niveles m\u00e1s altos de contaminantes para la salud. Para paliar dichos efectos, ya estamos en condiciones m\u00ednimas para dirigirnos hacia la eficiencia energ\u00e9tica, as\u00ed como disminuir el consumo de combustibles f\u00f3siles y aumentar el uso de energ\u00edas renovables.<\/p>\n<p style=\"text-align: justify;\"><big><a title=\"Ozono21 Alimentos y Cocina\" href=\"https:\/\/www.ozono21.com\/sectores-pagina\/domesticos\/alimentos-cocina\/30\/\" target=\"_blank\" rel=\"noopener noreferrer\"><strong>A su vez es importante conocer los alimentos que consumimos,<\/strong> leer su composici\u00f3n y evitar los productos qu\u00edmicos que se usan para el desarrollo y la conservaci\u00f3n de los mismos.<\/a><\/big><\/p>\n<p style=\"text-align: justify;\">Para alcanzar este objetivo es necesario que no dejemos toda la responsabilidad a las instancias decisorias a nivel internacional, regional y nacional, tambi\u00e9n es importante que las organizaciones no gubernamentales, las comunidades y las familias tomen conciencia de los principales riesgos ambientales, se a\u00fanen esfuerzos para evitarlos y se pongan en marcha nuevas medidas preventivas. Pero nada de esto funcionar\u00e1 si no empezamos por nosotros mismos, es decir, tomando conciencia individual de la importancia del cambio. <strong>Debemos servir como ejemplo al sector infantil de c\u00f3mo protegernos, evitar y enfrentarnos a los riesgos ambientales con los que convivimos a diario, as\u00ed como disminuir su presencia en nuestro entorno, siempre y cuando est\u00e9 dentro de nuestras posibilidades.<\/strong><\/p>\n<table border=\"3\" cellspacing=\"0\" cellpadding=\"0\">\n<tbody>\n<tr>\n<td align=\"center\" bgcolor=\"#3b7cff\" width=\"600\" height=\"25\"><strong><a title=\"Acci\u00f3n del OZONO\" href=\"https:\/\/www.ozono21.com\/actualidad-interna\/accion-del-ozono\/423\/\" target=\"_blank\" rel=\"noopener noreferrer\"><img loading=\"lazy\" decoding=\"async\" src=\"https:\/\/www.ozono21.com\/blog\/wp-content\/uploads\/2014\/06\/Noticias-Relacionadas.png\" alt=\"Noticias Relacionadas\" width=\"600\" height=\"25\" border=\"0\" \/><\/a><\/strong><\/td>\n<\/tr>\n<\/tbody>\n<\/table>\n<p><big><\/p>\n<ul>\n<li><strong><a title=\"Comer pescado para potenciar la capacidad intelectual\" href=\"https:\/\/www.ozono21.com\/blog\/salud\/comer-pescado-para-potenciar-la-capacidad-intelectual\/\" target=\"_blank\" rel=\"noopener noreferrer\">Comer pescado para potenciar la capacidad intelectual<\/a><\/strong><\/li>\n<li><strong><a title=\"\u00bfC\u00f3mo nos envenena el aire?\" href=\"https:\/\/www.ozono21.com\/blog\/bacterias\/%c2%bfcomo-nos-envenena-el-aire\/\" target=\"_blank\" rel=\"noopener noreferrer\">\u00bfC\u00f3mo nos envenena el aire?<\/a><\/strong><\/li>\n<li><strong><a title=\"La SEPAR recomienda que los ni\u00f1os consuman m\u00e1s fruta y verdura para evitar las infecciones respiratorias\" href=\"https:\/\/www.ozono21.com\/blog\/salud\/la-separ-recomienda-que-los-ninos-consuman-mas-fruta-y-verdura-para-evitar-las-infecciones-respiratorias\/\" target=\"_blank\" rel=\"noopener noreferrer\">La SEPAR recomienda que los ni\u00f1os consuman m\u00e1s fruta y verdura para evitar las infecciones respiratorias<\/a><\/strong><\/li>\n<li><strong><a title=\"El plomo en los alimentos\" href=\"https:\/\/www.ozono21.com\/blog\/toxinas\/el-plomo-en-los-alimentos\/\" target=\"_blank\" rel=\"noopener noreferrer\">El plomo en los alimentos<\/a><\/strong><\/li>\n<li><strong><a title=\"La calidad de vida depende de la calidad de lo que comemos y de c\u00f3mo lo hacemos\" href=\"https:\/\/www.ozono21.com\/blog\/salud\/la-calidad-de-vida-depende-de-la-calidad-de-lo-que-comemos-y-de-como-lo-hacemos\/\" target=\"_blank\" rel=\"noopener noreferrer\">La calidad de vida depende de la calidad de lo que comemos y de c\u00f3mo lo hacemos<\/a><\/strong><\/li>\n<li><strong><a title=\"Los cient\u00edficos alertan de los da\u00f1os cerebrales en millones de ni\u00f1os por la contaminaci\u00f3n\" href=\"https:\/\/www.ozono21.com\/blog\/toxinas\/los-cientificos-alertan-de-los-danos-cerebrales-en-millones-de-ninos-por-la-contaminacion\/\" target=\"_blank\" rel=\"noopener noreferrer\">Los cient\u00edficos alertan de los da\u00f1os cerebrales en millones de ni\u00f1os por la contaminaci\u00f3n<\/a><\/strong><\/li>\n<\/ul>\n<p><\/big><\/p>\n<table border=\"3\" cellspacing=\"0\" cellpadding=\"0\">\n<tbody>\n<tr>\n<td align=\"center\" bgcolor=\"#3b7cff\" width=\"600\" height=\"25\"><strong><a title=\"Videos YouTube\" href=\"https:\/\/www.youtube.com\/user\/ozono21\/videos?sort=p&amp;view=0&amp;flow=grid\" target=\"_blank\" rel=\"noopener noreferrer\"><img loading=\"lazy\" decoding=\"async\" src=\"https:\/\/www.ozono21.com\/blog\/wp-content\/uploads\/2014\/06\/Videos-Youtube.png\" alt=\"Videos Youtube\" width=\"600\" height=\"25\" border=\"0\" \/><\/a><\/strong><\/td>\n<\/tr>\n<\/tbody>\n<\/table>\n<p>&nbsp;<\/P><\/p>\n<p style=\"text-align: center;\"><iframe loading=\"lazy\" width=\"640\" height=\"480\" src=\"https:\/\/www.youtube.com\/embed\/kRreo5zMRVM\" frameborder=\"0\" allow=\"accelerometer; autoplay; encrypted-media; gyroscope; picture-in-picture\" allowfullscreen><\/iframe><\/p>\n<div class=\"pvc_clear\"><\/div>\n<p id=\"pvc_stats_5199489\" class=\"pvc_stats total_only  \" data-element-id=\"5199489\" style=\"\"><i class=\"pvc-stats-icon small\" aria-hidden=\"true\"><svg aria-hidden=\"true\" focusable=\"false\" data-prefix=\"far\" data-icon=\"chart-bar\" role=\"img\" xmlns=\"http:\/\/www.w3.org\/2000\/svg\" viewBox=\"0 0 512 512\" class=\"svg-inline--fa fa-chart-bar fa-w-16 fa-2x\"><path fill=\"currentColor\" d=\"M396.8 352h22.4c6.4 0 12.8-6.4 12.8-12.8V108.8c0-6.4-6.4-12.8-12.8-12.8h-22.4c-6.4 0-12.8 6.4-12.8 12.8v230.4c0 6.4 6.4 12.8 12.8 12.8zm-192 0h22.4c6.4 0 12.8-6.4 12.8-12.8V140.8c0-6.4-6.4-12.8-12.8-12.8h-22.4c-6.4 0-12.8 6.4-12.8 12.8v198.4c0 6.4 6.4 12.8 12.8 12.8zm96 0h22.4c6.4 0 12.8-6.4 12.8-12.8V204.8c0-6.4-6.4-12.8-12.8-12.8h-22.4c-6.4 0-12.8 6.4-12.8 12.8v134.4c0 6.4 6.4 12.8 12.8 12.8zM496 400H48V80c0-8.84-7.16-16-16-16H16C7.16 64 0 71.16 0 80v336c0 17.67 14.33 32 32 32h464c8.84 0 16-7.16 16-16v-16c0-8.84-7.16-16-16-16zm-387.2-48h22.4c6.4 0 12.8-6.4 12.8-12.8v-70.4c0-6.4-6.4-12.8-12.8-12.8h-22.4c-6.4 0-12.8 6.4-12.8 12.8v70.4c0 6.4 6.4 12.8 12.8 12.8z\" class=\"\"><\/path><\/svg><\/i> <img loading=\"lazy\" decoding=\"async\" width=\"16\" height=\"16\" alt=\"Loading\" src=\"https:\/\/www.ozono21.com\/blog\/wp-content\/plugins\/page-views-count\/ajax-loader-2x.gif\" border=0 \/><\/p>\n<div class=\"pvc_clear\"><\/div>\n","protected":false},"excerpt":{"rendered":"<p>Salud ambiental INFANTIL. El colectivo INFANTIL es un sector especialmente vulnerable a los efectos ambientales. El organismo de un ni\u00f1o todav\u00eda se encuentra en fase de desarrollo en sus sistemas tanto fisiol\u00f3gicos como metab\u00f3licos Fuente: ECOticias (03\/05\/2012) Entendemos por medio &hellip; <a href=\"https:\/\/www.ozono21.com\/blog\/salud\/salud-ambiental-colectivo-infantil\/\">Sigue leyendo <span class=\"meta-nav\">&rarr;<\/span><\/a><\/p>\n<div class=\"pvc_clear\"><\/div>\n<p id=\"pvc_stats_5199489\" class=\"pvc_stats total_only  \" data-element-id=\"5199489\" style=\"\"><i class=\"pvc-stats-icon small\" aria-hidden=\"true\"><svg aria-hidden=\"true\" focusable=\"false\" data-prefix=\"far\" data-icon=\"chart-bar\" role=\"img\" xmlns=\"http:\/\/www.w3.org\/2000\/svg\" viewBox=\"0 0 512 512\" class=\"svg-inline--fa fa-chart-bar fa-w-16 fa-2x\"><path fill=\"currentColor\" d=\"M396.8 352h22.4c6.4 0 12.8-6.4 12.8-12.8V108.8c0-6.4-6.4-12.8-12.8-12.8h-22.4c-6.4 0-12.8 6.4-12.8 12.8v230.4c0 6.4 6.4 12.8 12.8 12.8zm-192 0h22.4c6.4 0 12.8-6.4 12.8-12.8V140.8c0-6.4-6.4-12.8-12.8-12.8h-22.4c-6.4 0-12.8 6.4-12.8 12.8v198.4c0 6.4 6.4 12.8 12.8 12.8zm96 0h22.4c6.4 0 12.8-6.4 12.8-12.8V204.8c0-6.4-6.4-12.8-12.8-12.8h-22.4c-6.4 0-12.8 6.4-12.8 12.8v134.4c0 6.4 6.4 12.8 12.8 12.8zM496 400H48V80c0-8.84-7.16-16-16-16H16C7.16 64 0 71.16 0 80v336c0 17.67 14.33 32 32 32h464c8.84 0 16-7.16 16-16v-16c0-8.84-7.16-16-16-16zm-387.2-48h22.4c6.4 0 12.8-6.4 12.8-12.8v-70.4c0-6.4-6.4-12.8-12.8-12.8h-22.4c-6.4 0-12.8 6.4-12.8 12.8v70.4c0 6.4 6.4 12.8 12.8 12.8z\" class=\"\"><\/path><\/svg><\/i> <img loading=\"lazy\" decoding=\"async\" width=\"16\" height=\"16\" alt=\"Loading\" src=\"https:\/\/www.ozono21.com\/blog\/wp-content\/plugins\/page-views-count\/ajax-loader-2x.gif\" border=0 \/><\/p>\n<div class=\"pvc_clear\"><\/div>\n","protected":false},"author":1,"featured_media":5199491,"comment_status":"open","ping_status":"open","sticky":false,"template":"","format":"standard","meta":{"_exactmetrics_skip_tracking":false,"_exactmetrics_sitenote_active":false,"_exactmetrics_sitenote_note":"","_exactmetrics_sitenote_category":0,"_jetpack_memberships_contains_paid_content":false,"footnotes":"","jetpack_publicize_message":"","jetpack_publicize_feature_enabled":true,"jetpack_social_post_already_shared":false,"jetpack_social_options":{"image_generator_settings":{"template":"highway","default_image_id":0,"font":"","enabled":false},"version":2}},"categories":[38,13,7],"tags":[20,37,74,77,72,73,22],"class_list":["post-5199489","post","type-post","status-publish","format-standard","has-post-thumbnail","hentry","category-ecologico-2","category-medioambiente","category-salud","tag-contaminacion-2","tag-ecologico","tag-medioambiente","tag-ozono","tag-ozono21","tag-polucion","tag-vital-aire-agua"],"a3_pvc":{"activated":true,"total_views":4074,"today_views":0},"yoast_head":"<!-- This site is optimized with the Yoast SEO plugin v27.5 - https:\/\/yoast.com\/product\/yoast-seo-wordpress\/ -->\n<title>INFANTIL salud ambiental infantil<\/title>\n<meta name=\"description\" content=\"Colectivo INFANTIL es vulnerable a efectos ambientales. SU organismo se encuentra en fase de desarrollo en fisiol\u00f3gicos como metab\u00f3licos\" \/>\n<meta name=\"robots\" content=\"index, follow, max-snippet:-1, max-image-preview:large, max-video-preview:-1\" \/>\n<link rel=\"canonical\" href=\"https:\/\/www.ozono21.com\/blog\/salud\/salud-ambiental-colectivo-infantil\/\" \/>\n<meta property=\"og:locale\" content=\"es_ES\" \/>\n<meta property=\"og:type\" content=\"article\" \/>\n<meta property=\"og:title\" content=\"INFANTIL salud ambiental infantil\" \/>\n<meta property=\"og:description\" content=\"Colectivo INFANTIL es vulnerable a efectos ambientales. SU organismo se encuentra en fase de desarrollo en fisiol\u00f3gicos como metab\u00f3licos\" \/>\n<meta property=\"og:url\" content=\"https:\/\/www.ozono21.com\/blog\/salud\/salud-ambiental-colectivo-infantil\/\" \/>\n<meta property=\"og:site_name\" content=\"- Blog Ozono21\" \/>\n<meta property=\"article:published_time\" content=\"2012-10-27T18:41:34+00:00\" \/>\n<meta property=\"article:modified_time\" content=\"2026-02-18T11:04:56+00:00\" \/>\n<meta property=\"og:image\" content=\"https:\/\/www.ozono21.com\/blog\/wp-content\/uploads\/2012\/10\/ni\u00f1os-medio-ambiente-e1436608879545.png\" \/>\n\t<meta property=\"og:image:width\" content=\"496\" \/>\n\t<meta property=\"og:image:height\" content=\"392\" \/>\n\t<meta property=\"og:image:type\" content=\"image\/png\" \/>\n<meta name=\"author\" content=\"INVESTIGACION Ozono21\" \/>\n<meta name=\"twitter:label1\" content=\"Escrito por\" \/>\n\t<meta name=\"twitter:data1\" content=\"INVESTIGACION Ozono21\" \/>\n\t<meta name=\"twitter:label2\" content=\"Tiempo de lectura\" \/>\n\t<meta name=\"twitter:data2\" content=\"9 minutos\" \/>\n<script type=\"application\/ld+json\" class=\"yoast-schema-graph\">{\"@context\":\"https:\\\/\\\/schema.org\",\"@graph\":[{\"@type\":\"Article\",\"@id\":\"https:\\\/\\\/www.ozono21.com\\\/blog\\\/salud\\\/salud-ambiental-colectivo-infantil\\\/#article\",\"isPartOf\":{\"@id\":\"https:\\\/\\\/www.ozono21.com\\\/blog\\\/salud\\\/salud-ambiental-colectivo-infantil\\\/\"},\"author\":{\"name\":\"INVESTIGACION Ozono21\",\"@id\":\"https:\\\/\\\/www.ozono21.com\\\/blog\\\/#\\\/schema\\\/person\\\/16639932c214a173193498aee8204d12\"},\"headline\":\"INFANTIL su SALUD ambiental\",\"datePublished\":\"2012-10-27T18:41:34+00:00\",\"dateModified\":\"2026-02-18T11:04:56+00:00\",\"mainEntityOfPage\":{\"@id\":\"https:\\\/\\\/www.ozono21.com\\\/blog\\\/salud\\\/salud-ambiental-colectivo-infantil\\\/\"},\"wordCount\":1845,\"commentCount\":0,\"image\":{\"@id\":\"https:\\\/\\\/www.ozono21.com\\\/blog\\\/salud\\\/salud-ambiental-colectivo-infantil\\\/#primaryimage\"},\"thumbnailUrl\":\"https:\\\/\\\/www.ozono21.com\\\/blog\\\/wp-content\\\/uploads\\\/2012\\\/10\\\/ni\u00f1os-medio-ambiente-e1436608879545.png\",\"keywords\":[\"Contaminaci\u00f3n\",\"Ecol\u00f3gico\",\"MedioAmbiente\",\"OZONO\",\"Ozono21\",\"Poluci\u00f3n\",\"VITAL Aire &amp; Agua\"],\"articleSection\":[\"Ecol\u00f3gico\",\"MedioAmbiente\",\"Salud\"],\"inLanguage\":\"es\",\"potentialAction\":[{\"@type\":\"CommentAction\",\"name\":\"Comment\",\"target\":[\"https:\\\/\\\/www.ozono21.com\\\/blog\\\/salud\\\/salud-ambiental-colectivo-infantil\\\/#respond\"]}]},{\"@type\":\"WebPage\",\"@id\":\"https:\\\/\\\/www.ozono21.com\\\/blog\\\/salud\\\/salud-ambiental-colectivo-infantil\\\/\",\"url\":\"https:\\\/\\\/www.ozono21.com\\\/blog\\\/salud\\\/salud-ambiental-colectivo-infantil\\\/\",\"name\":\"INFANTIL salud ambiental infantil\",\"isPartOf\":{\"@id\":\"https:\\\/\\\/www.ozono21.com\\\/blog\\\/#website\"},\"primaryImageOfPage\":{\"@id\":\"https:\\\/\\\/www.ozono21.com\\\/blog\\\/salud\\\/salud-ambiental-colectivo-infantil\\\/#primaryimage\"},\"image\":{\"@id\":\"https:\\\/\\\/www.ozono21.com\\\/blog\\\/salud\\\/salud-ambiental-colectivo-infantil\\\/#primaryimage\"},\"thumbnailUrl\":\"https:\\\/\\\/www.ozono21.com\\\/blog\\\/wp-content\\\/uploads\\\/2012\\\/10\\\/ni\u00f1os-medio-ambiente-e1436608879545.png\",\"datePublished\":\"2012-10-27T18:41:34+00:00\",\"dateModified\":\"2026-02-18T11:04:56+00:00\",\"author\":{\"@id\":\"https:\\\/\\\/www.ozono21.com\\\/blog\\\/#\\\/schema\\\/person\\\/16639932c214a173193498aee8204d12\"},\"description\":\"Colectivo INFANTIL es vulnerable a efectos ambientales. SU organismo se encuentra en fase de desarrollo en fisiol\u00f3gicos como metab\u00f3licos\",\"breadcrumb\":{\"@id\":\"https:\\\/\\\/www.ozono21.com\\\/blog\\\/salud\\\/salud-ambiental-colectivo-infantil\\\/#breadcrumb\"},\"inLanguage\":\"es\",\"potentialAction\":[{\"@type\":\"ReadAction\",\"target\":[\"https:\\\/\\\/www.ozono21.com\\\/blog\\\/salud\\\/salud-ambiental-colectivo-infantil\\\/\"]}]},{\"@type\":\"ImageObject\",\"inLanguage\":\"es\",\"@id\":\"https:\\\/\\\/www.ozono21.com\\\/blog\\\/salud\\\/salud-ambiental-colectivo-infantil\\\/#primaryimage\",\"url\":\"https:\\\/\\\/www.ozono21.com\\\/blog\\\/wp-content\\\/uploads\\\/2012\\\/10\\\/ni\u00f1os-medio-ambiente-e1436608879545.png\",\"contentUrl\":\"https:\\\/\\\/www.ozono21.com\\\/blog\\\/wp-content\\\/uploads\\\/2012\\\/10\\\/ni\u00f1os-medio-ambiente-e1436608879545.png\",\"width\":496,\"height\":392},{\"@type\":\"BreadcrumbList\",\"@id\":\"https:\\\/\\\/www.ozono21.com\\\/blog\\\/salud\\\/salud-ambiental-colectivo-infantil\\\/#breadcrumb\",\"itemListElement\":[{\"@type\":\"ListItem\",\"position\":1,\"name\":\"Portada\",\"item\":\"https:\\\/\\\/www.ozono21.com\\\/blog\\\/\"},{\"@type\":\"ListItem\",\"position\":2,\"name\":\"INFANTIL su SALUD ambiental\"}]},{\"@type\":\"WebSite\",\"@id\":\"https:\\\/\\\/www.ozono21.com\\\/blog\\\/#website\",\"url\":\"https:\\\/\\\/www.ozono21.com\\\/blog\\\/\",\"name\":\"Blog Ozono21\",\"description\":\" - Blog Ozono21\",\"potentialAction\":[{\"@type\":\"SearchAction\",\"target\":{\"@type\":\"EntryPoint\",\"urlTemplate\":\"https:\\\/\\\/www.ozono21.com\\\/blog\\\/?s={search_term_string}\"},\"query-input\":{\"@type\":\"PropertyValueSpecification\",\"valueRequired\":true,\"valueName\":\"search_term_string\"}}],\"inLanguage\":\"es\"},{\"@type\":\"Person\",\"@id\":\"https:\\\/\\\/www.ozono21.com\\\/blog\\\/#\\\/schema\\\/person\\\/16639932c214a173193498aee8204d12\",\"name\":\"INVESTIGACION Ozono21\",\"image\":{\"@type\":\"ImageObject\",\"inLanguage\":\"es\",\"@id\":\"https:\\\/\\\/secure.gravatar.com\\\/avatar\\\/f00ed9ac57a3eea6b9830d73dc9f9214775648c7763edcb20475eb83509b31fd?s=96&d=mm&r=g\",\"url\":\"https:\\\/\\\/secure.gravatar.com\\\/avatar\\\/f00ed9ac57a3eea6b9830d73dc9f9214775648c7763edcb20475eb83509b31fd?s=96&d=mm&r=g\",\"contentUrl\":\"https:\\\/\\\/secure.gravatar.com\\\/avatar\\\/f00ed9ac57a3eea6b9830d73dc9f9214775648c7763edcb20475eb83509b31fd?s=96&d=mm&r=g\",\"caption\":\"INVESTIGACION Ozono21\"}}]}<\/script>\n<!-- \/ Yoast SEO plugin. -->","yoast_head_json":{"title":"INFANTIL salud ambiental infantil","description":"Colectivo INFANTIL es vulnerable a efectos ambientales. SU organismo se encuentra en fase de desarrollo en fisiol\u00f3gicos como metab\u00f3licos","robots":{"index":"index","follow":"follow","max-snippet":"max-snippet:-1","max-image-preview":"max-image-preview:large","max-video-preview":"max-video-preview:-1"},"canonical":"https:\/\/www.ozono21.com\/blog\/salud\/salud-ambiental-colectivo-infantil\/","og_locale":"es_ES","og_type":"article","og_title":"INFANTIL salud ambiental infantil","og_description":"Colectivo INFANTIL es vulnerable a efectos ambientales. SU organismo se encuentra en fase de desarrollo en fisiol\u00f3gicos como metab\u00f3licos","og_url":"https:\/\/www.ozono21.com\/blog\/salud\/salud-ambiental-colectivo-infantil\/","og_site_name":"- Blog Ozono21","article_published_time":"2012-10-27T18:41:34+00:00","article_modified_time":"2026-02-18T11:04:56+00:00","og_image":[{"width":496,"height":392,"url":"https:\/\/www.ozono21.com\/blog\/wp-content\/uploads\/2012\/10\/ni\u00f1os-medio-ambiente-e1436608879545.png","type":"image\/png"}],"author":"INVESTIGACION Ozono21","twitter_misc":{"Escrito por":"INVESTIGACION Ozono21","Tiempo de lectura":"9 minutos"},"schema":{"@context":"https:\/\/schema.org","@graph":[{"@type":"Article","@id":"https:\/\/www.ozono21.com\/blog\/salud\/salud-ambiental-colectivo-infantil\/#article","isPartOf":{"@id":"https:\/\/www.ozono21.com\/blog\/salud\/salud-ambiental-colectivo-infantil\/"},"author":{"name":"INVESTIGACION Ozono21","@id":"https:\/\/www.ozono21.com\/blog\/#\/schema\/person\/16639932c214a173193498aee8204d12"},"headline":"INFANTIL su SALUD ambiental","datePublished":"2012-10-27T18:41:34+00:00","dateModified":"2026-02-18T11:04:56+00:00","mainEntityOfPage":{"@id":"https:\/\/www.ozono21.com\/blog\/salud\/salud-ambiental-colectivo-infantil\/"},"wordCount":1845,"commentCount":0,"image":{"@id":"https:\/\/www.ozono21.com\/blog\/salud\/salud-ambiental-colectivo-infantil\/#primaryimage"},"thumbnailUrl":"https:\/\/www.ozono21.com\/blog\/wp-content\/uploads\/2012\/10\/ni\u00f1os-medio-ambiente-e1436608879545.png","keywords":["Contaminaci\u00f3n","Ecol\u00f3gico","MedioAmbiente","OZONO","Ozono21","Poluci\u00f3n","VITAL Aire &amp; Agua"],"articleSection":["Ecol\u00f3gico","MedioAmbiente","Salud"],"inLanguage":"es","potentialAction":[{"@type":"CommentAction","name":"Comment","target":["https:\/\/www.ozono21.com\/blog\/salud\/salud-ambiental-colectivo-infantil\/#respond"]}]},{"@type":"WebPage","@id":"https:\/\/www.ozono21.com\/blog\/salud\/salud-ambiental-colectivo-infantil\/","url":"https:\/\/www.ozono21.com\/blog\/salud\/salud-ambiental-colectivo-infantil\/","name":"INFANTIL salud ambiental infantil","isPartOf":{"@id":"https:\/\/www.ozono21.com\/blog\/#website"},"primaryImageOfPage":{"@id":"https:\/\/www.ozono21.com\/blog\/salud\/salud-ambiental-colectivo-infantil\/#primaryimage"},"image":{"@id":"https:\/\/www.ozono21.com\/blog\/salud\/salud-ambiental-colectivo-infantil\/#primaryimage"},"thumbnailUrl":"https:\/\/www.ozono21.com\/blog\/wp-content\/uploads\/2012\/10\/ni\u00f1os-medio-ambiente-e1436608879545.png","datePublished":"2012-10-27T18:41:34+00:00","dateModified":"2026-02-18T11:04:56+00:00","author":{"@id":"https:\/\/www.ozono21.com\/blog\/#\/schema\/person\/16639932c214a173193498aee8204d12"},"description":"Colectivo INFANTIL es vulnerable a efectos ambientales. SU organismo se encuentra en fase de desarrollo en fisiol\u00f3gicos como metab\u00f3licos","breadcrumb":{"@id":"https:\/\/www.ozono21.com\/blog\/salud\/salud-ambiental-colectivo-infantil\/#breadcrumb"},"inLanguage":"es","potentialAction":[{"@type":"ReadAction","target":["https:\/\/www.ozono21.com\/blog\/salud\/salud-ambiental-colectivo-infantil\/"]}]},{"@type":"ImageObject","inLanguage":"es","@id":"https:\/\/www.ozono21.com\/blog\/salud\/salud-ambiental-colectivo-infantil\/#primaryimage","url":"https:\/\/www.ozono21.com\/blog\/wp-content\/uploads\/2012\/10\/ni\u00f1os-medio-ambiente-e1436608879545.png","contentUrl":"https:\/\/www.ozono21.com\/blog\/wp-content\/uploads\/2012\/10\/ni\u00f1os-medio-ambiente-e1436608879545.png","width":496,"height":392},{"@type":"BreadcrumbList","@id":"https:\/\/www.ozono21.com\/blog\/salud\/salud-ambiental-colectivo-infantil\/#breadcrumb","itemListElement":[{"@type":"ListItem","position":1,"name":"Portada","item":"https:\/\/www.ozono21.com\/blog\/"},{"@type":"ListItem","position":2,"name":"INFANTIL su SALUD ambiental"}]},{"@type":"WebSite","@id":"https:\/\/www.ozono21.com\/blog\/#website","url":"https:\/\/www.ozono21.com\/blog\/","name":"Blog Ozono21","description":" - Blog Ozono21","potentialAction":[{"@type":"SearchAction","target":{"@type":"EntryPoint","urlTemplate":"https:\/\/www.ozono21.com\/blog\/?s={search_term_string}"},"query-input":{"@type":"PropertyValueSpecification","valueRequired":true,"valueName":"search_term_string"}}],"inLanguage":"es"},{"@type":"Person","@id":"https:\/\/www.ozono21.com\/blog\/#\/schema\/person\/16639932c214a173193498aee8204d12","name":"INVESTIGACION Ozono21","image":{"@type":"ImageObject","inLanguage":"es","@id":"https:\/\/secure.gravatar.com\/avatar\/f00ed9ac57a3eea6b9830d73dc9f9214775648c7763edcb20475eb83509b31fd?s=96&d=mm&r=g","url":"https:\/\/secure.gravatar.com\/avatar\/f00ed9ac57a3eea6b9830d73dc9f9214775648c7763edcb20475eb83509b31fd?s=96&d=mm&r=g","contentUrl":"https:\/\/secure.gravatar.com\/avatar\/f00ed9ac57a3eea6b9830d73dc9f9214775648c7763edcb20475eb83509b31fd?s=96&d=mm&r=g","caption":"INVESTIGACION Ozono21"}}]}},"jetpack_publicize_connections":[],"jetpack_featured_media_url":"https:\/\/www.ozono21.com\/blog\/wp-content\/uploads\/2012\/10\/ni\u00f1os-medio-ambiente-e1436608879545.png","jetpack_sharing_enabled":true,"_links":{"self":[{"href":"https:\/\/www.ozono21.com\/blog\/wp-json\/wp\/v2\/posts\/5199489","targetHints":{"allow":["GET"]}}],"collection":[{"href":"https:\/\/www.ozono21.com\/blog\/wp-json\/wp\/v2\/posts"}],"about":[{"href":"https:\/\/www.ozono21.com\/blog\/wp-json\/wp\/v2\/types\/post"}],"author":[{"embeddable":true,"href":"https:\/\/www.ozono21.com\/blog\/wp-json\/wp\/v2\/users\/1"}],"replies":[{"embeddable":true,"href":"https:\/\/www.ozono21.com\/blog\/wp-json\/wp\/v2\/comments?post=5199489"}],"version-history":[{"count":0,"href":"https:\/\/www.ozono21.com\/blog\/wp-json\/wp\/v2\/posts\/5199489\/revisions"}],"wp:featuredmedia":[{"embeddable":true,"href":"https:\/\/www.ozono21.com\/blog\/wp-json\/wp\/v2\/media\/5199491"}],"wp:attachment":[{"href":"https:\/\/www.ozono21.com\/blog\/wp-json\/wp\/v2\/media?parent=5199489"}],"wp:term":[{"taxonomy":"category","embeddable":true,"href":"https:\/\/www.ozono21.com\/blog\/wp-json\/wp\/v2\/categories?post=5199489"},{"taxonomy":"post_tag","embeddable":true,"href":"https:\/\/www.ozono21.com\/blog\/wp-json\/wp\/v2\/tags?post=5199489"}],"curies":[{"name":"wp","href":"https:\/\/api.w.org\/{rel}","templated":true}]}}