{"id":5198429,"date":"2012-09-23T16:36:44","date_gmt":"2012-09-23T14:36:44","guid":{"rendered":"https:\/\/www.ozono21.com\/blog\/?p=5198429"},"modified":"2026-01-22T12:09:10","modified_gmt":"2026-01-22T10:09:10","slug":"cielo-desploma-nuestras-cabezas","status":"publish","type":"post","link":"https:\/\/www.ozono21.com\/blog\/medioambiente\/cielo-desploma-nuestras-cabezas\/","title":{"rendered":"S\u00ed el cielo se desploma sobre nuestras cabezas"},"content":{"rendered":"<p style=\"text-align: justify;\">\n<h2 style=\"text-align: justify;\"><strong><img loading=\"lazy\" decoding=\"async\" class=\"size-full wp-image-5198431 aligncenter\" style=\"margin: 0px 50px 10px 10px; cursor: hand; border: 0px;\"  title=\"S\u00ed el cielo se desploma sobre nuestras cabezas\" src=\"https:\/\/www.ozono21.com\/blog\/wp-content\/uploads\/2012\/09\/nubes-ciudad.jpg\" alt=\" cielo cielo \" width=\"530\" height=\"416\" \/><a title=\"OZONO\" href=\"https:\/\/www.ozono21.com\/ozono.php\" target=\"_blank\" rel=\"noopener noreferrer\">S\u00ed el cielo se desploma sobre nuestras cabezas <\/p>\n<p>En efecto, el ancestral miedo de que el cielo se desplome sobre nuestras cabezas se est\u00e1 haciendo realidad. Pero, por supuesto, no es exactamente el cielo lo que cae, sino las nubes.<\/a><\/strong><\/h2>\n<\/p>\n<p>FUENTE | ABC Peri\u00f3dico Electr\u00f3nico S.A. (27\/02\/2012)<br \/>Autor: \u00a0 J. de Jorge<\/p>\n<p style=\"text-align: justify;\"><strong>Un sat\u00e9lite de la NASA ha descubierto que las nubes de la Tierra est\u00e1n cada vez m\u00e1s bajas. En concreto, han perdido un 1% de su altura -de 30 a 40 metros- a lo largo de la \u00faltima d\u00e9cada.<\/strong> Este fen\u00f3meno tiene implicaciones potenciales para el clima mundial en el futuro. <strong>Seg\u00fan los cient\u00edficos, de continuar este proceso, nuestro planeta podr\u00eda enfriarse de manera m\u00e1s eficiente, reduciendo la temperatura de la superficie del planeta y \u00abralentizando potencialmente los efectos del calentamiento global\u00bb.<\/strong><\/p>\n<p style=\"text-align: justify;\">Cient\u00edficos de la Universidad de Auckland en Nueva Zelanda analizaron mediciones de la altura de las nubes tomadas durante diez a\u00f1os (de marzo de 2000 a febrero de 2010) por instrumentos de la nave espacial Terra de la NASA. <strong>El estudio, publicado recientemente en la revista <em>Geophysical Research Letters<\/em>, revela una tendencia general a la disminuci\u00f3n de altura de las nubes.<\/strong> El promedio se redujo en alrededor de un 1% durante la d\u00e9cada, es decir, de 30 a 40 metros. La mayor parte de la reducci\u00f3n se debi\u00f3 a un menor n\u00famero de nubes que se producen a gran altura.<\/p>\n<p style=\"text-align: justify;\"><strong>El investigador principal, Roger Davies, explica que si bien el registro es demasiado peque\u00f1o para ser definitivo, proporciona un indicio de que algo muy importante podr\u00eda estar pasando.<\/strong> Aunque es necesario realizar un seguimiento a m\u00e1s largo plazo para determinar la influencia de este proceso en las temperaturas globales.<\/p>\n<p><big><strong><a title=\"Generadores de Ozono21 para el Tratamiento del AIRE y AGUA\" href=\"https:\/\/www.ozono21.com\/productos-ozono\" target=\"_blank\" rel=\"noopener noreferrer\">ENFRIAMIENTO<\/a><\/strong><\/big><\/p>\n<p style=\"text-align: justify;\"><strong>Una reducci\u00f3n constante en la altura de las nubes permitir\u00eda a la Tierra enfriarse al espacio de manera m\u00e1s eficiente, reduciendo la temperatura de la superficie del planeta y potencialmente ralentizando los efectos del calentamiento global.<\/strong> Esto puede representar un mecanismo de \u00abretroalimentaci\u00f3n negativa\u00bb, un cambio provocado por el calentamiento global que, por extra\u00f1o que parezca, ayuda a contrarrestarlo. \u00abNo sabemos exactamente lo que hace que las nubes disminuyan de altura\u00bb, dice Davies. \u00abPero tiene que ser debido a un cambio en los patrones de circulaci\u00f3n que dan lugar a la formaci\u00f3n de nubes a gran altura\u00bb.<\/p>\n<p><strong>La nave Terra seguir\u00e1 recopilando datos para ver si esta tendencia contin\u00faa.<\/strong><\/p>\n<table border=\"3\" cellspacing=\"0\" cellpadding=\"0\">\n<tbody>\n<tr>\n<td align=\"center\" bgcolor=\"#3b7cff\" width=\"600\" height=\"25\"><strong><a title=\"Acci\u00f3n del OZONO\" href=\"https:\/\/www.ozono21.com\/actualidad-interna\/accion-del-ozono\/423\/\" target=\"_blank\" rel=\"noopener noreferrer\"><img loading=\"lazy\" decoding=\"async\" src=\"https:\/\/www.ozono21.com\/blog\/wp-content\/uploads\/2014\/06\/Noticias-Relacionadas.png\" alt=\"Noticias Relacionadas\" width=\"600\" height=\"25\" border=\"0\" \/><\/a><\/strong><\/td>\n<\/tr>\n<\/tbody>\n<\/table>\n<p><big><\/p>\n<ul>\n<li><strong><a title=\"Comienza a formarse el agujero de ozono en la zona Ant\u00e1rtica\" href=\"https:\/\/www.ozono21.com\/blog\/agua\/5193236\/\"  target=\"_blank\" rel=\"noopener noreferrer\">Comienza a formarse el agujero de ozono en la zona Ant\u00e1rtica<\/a><\/strong><\/li>\n<li><strong><a title=\"Nuevo acuerdo para el OZONO que protege tambi\u00e9n el clima\" href=\"https:\/\/www.ozono21.com\/blog\/toxinas\/nuevo-acuerdo-para-el-ozono-que-protege-tambien-el-clima\/\"  target=\"_blank\" rel=\"noopener noreferrer\">Nuevo acuerdo para el OZONO que protege tambi\u00e9n el clima<\/a><\/strong><\/li>\n<\/ul>\n<p><\/big><\/p>\n<table border=\"3\" cellspacing=\"0\" cellpadding=\"0\">\n<tbody>\n<tr>\n<td align=\"center\" bgcolor=\"#3b7cff\" width=\"600\" height=\"25\"><strong><a title=\"Videos YouTube\" href=\"https:\/\/www.youtube.com\/user\/ozono21\/videos?sort=p&amp;view=0&amp;flow=grid\"  target=\"_blank\" rel=\"noopener noreferrer\"><img loading=\"lazy\" decoding=\"async\" src=\"https:\/\/www.ozono21.com\/blog\/wp-content\/uploads\/2014\/06\/Videos-Youtube.png\" alt=\"Videos Youtube\" width=\"600\" height=\"25\" border=\"0\" \/><\/a><\/strong><\/td>\n<\/tr>\n<\/tbody>\n<\/table>\n<p>&nbsp;<\/P><\/p>\n<p style=\"text-align: center;\"><iframe loading=\"lazy\" width=\"640\" height=\"480\" src=\"https:\/\/www.youtube.com\/embed\/erjqSMkyH5E\" frameborder=\"0\" allow=\"accelerometer; autoplay; encrypted-media; gyroscope; picture-in-picture\" allowfullscreen><\/iframe><\/p>\n<div class=\"pvc_clear\"><\/div>\n<p id=\"pvc_stats_5198429\" class=\"pvc_stats total_only  \" data-element-id=\"5198429\" style=\"\"><i class=\"pvc-stats-icon small\" aria-hidden=\"true\"><svg aria-hidden=\"true\" focusable=\"false\" data-prefix=\"far\" data-icon=\"chart-bar\" role=\"img\" xmlns=\"http:\/\/www.w3.org\/2000\/svg\" viewBox=\"0 0 512 512\" class=\"svg-inline--fa fa-chart-bar fa-w-16 fa-2x\"><path fill=\"currentColor\" d=\"M396.8 352h22.4c6.4 0 12.8-6.4 12.8-12.8V108.8c0-6.4-6.4-12.8-12.8-12.8h-22.4c-6.4 0-12.8 6.4-12.8 12.8v230.4c0 6.4 6.4 12.8 12.8 12.8zm-192 0h22.4c6.4 0 12.8-6.4 12.8-12.8V140.8c0-6.4-6.4-12.8-12.8-12.8h-22.4c-6.4 0-12.8 6.4-12.8 12.8v198.4c0 6.4 6.4 12.8 12.8 12.8zm96 0h22.4c6.4 0 12.8-6.4 12.8-12.8V204.8c0-6.4-6.4-12.8-12.8-12.8h-22.4c-6.4 0-12.8 6.4-12.8 12.8v134.4c0 6.4 6.4 12.8 12.8 12.8zM496 400H48V80c0-8.84-7.16-16-16-16H16C7.16 64 0 71.16 0 80v336c0 17.67 14.33 32 32 32h464c8.84 0 16-7.16 16-16v-16c0-8.84-7.16-16-16-16zm-387.2-48h22.4c6.4 0 12.8-6.4 12.8-12.8v-70.4c0-6.4-6.4-12.8-12.8-12.8h-22.4c-6.4 0-12.8 6.4-12.8 12.8v70.4c0 6.4 6.4 12.8 12.8 12.8z\" class=\"\"><\/path><\/svg><\/i> <img loading=\"lazy\" decoding=\"async\" width=\"16\" height=\"16\" alt=\"Loading\" src=\"https:\/\/www.ozono21.com\/blog\/wp-content\/plugins\/page-views-count\/ajax-loader-2x.gif\" border=0 \/><\/p>\n<div class=\"pvc_clear\"><\/div>\n","protected":false},"excerpt":{"rendered":"<p>S\u00ed el cielo se desploma sobre nuestras cabezas En efecto, el ancestral miedo de que el cielo se desplome sobre nuestras cabezas se est\u00e1 haciendo realidad. Pero, por supuesto, no es exactamente el cielo lo que cae, sino las nubes. &hellip; <a href=\"https:\/\/www.ozono21.com\/blog\/medioambiente\/cielo-desploma-nuestras-cabezas\/\">Sigue leyendo <span class=\"meta-nav\">&rarr;<\/span><\/a><\/p>\n<div class=\"pvc_clear\"><\/div>\n<p id=\"pvc_stats_5198429\" class=\"pvc_stats total_only  \" data-element-id=\"5198429\" style=\"\"><i class=\"pvc-stats-icon small\" aria-hidden=\"true\"><svg aria-hidden=\"true\" focusable=\"false\" data-prefix=\"far\" data-icon=\"chart-bar\" role=\"img\" xmlns=\"http:\/\/www.w3.org\/2000\/svg\" viewBox=\"0 0 512 512\" class=\"svg-inline--fa fa-chart-bar fa-w-16 fa-2x\"><path fill=\"currentColor\" d=\"M396.8 352h22.4c6.4 0 12.8-6.4 12.8-12.8V108.8c0-6.4-6.4-12.8-12.8-12.8h-22.4c-6.4 0-12.8 6.4-12.8 12.8v230.4c0 6.4 6.4 12.8 12.8 12.8zm-192 0h22.4c6.4 0 12.8-6.4 12.8-12.8V140.8c0-6.4-6.4-12.8-12.8-12.8h-22.4c-6.4 0-12.8 6.4-12.8 12.8v198.4c0 6.4 6.4 12.8 12.8 12.8zm96 0h22.4c6.4 0 12.8-6.4 12.8-12.8V204.8c0-6.4-6.4-12.8-12.8-12.8h-22.4c-6.4 0-12.8 6.4-12.8 12.8v134.4c0 6.4 6.4 12.8 12.8 12.8zM496 400H48V80c0-8.84-7.16-16-16-16H16C7.16 64 0 71.16 0 80v336c0 17.67 14.33 32 32 32h464c8.84 0 16-7.16 16-16v-16c0-8.84-7.16-16-16-16zm-387.2-48h22.4c6.4 0 12.8-6.4 12.8-12.8v-70.4c0-6.4-6.4-12.8-12.8-12.8h-22.4c-6.4 0-12.8 6.4-12.8 12.8v70.4c0 6.4 6.4 12.8 12.8 12.8z\" class=\"\"><\/path><\/svg><\/i> <img loading=\"lazy\" decoding=\"async\" width=\"16\" height=\"16\" alt=\"Loading\" src=\"https:\/\/www.ozono21.com\/blog\/wp-content\/plugins\/page-views-count\/ajax-loader-2x.gif\" border=0 \/><\/p>\n<div class=\"pvc_clear\"><\/div>\n","protected":false},"author":1,"featured_media":5198431,"comment_status":"open","ping_status":"open","sticky":false,"template":"","format":"standard","meta":{"_exactmetrics_skip_tracking":false,"_exactmetrics_sitenote_active":false,"_exactmetrics_sitenote_note":"","_exactmetrics_sitenote_category":0,"_jetpack_memberships_contains_paid_content":false,"footnotes":"","jetpack_publicize_message":"","jetpack_publicize_feature_enabled":true,"jetpack_social_post_already_shared":false,"jetpack_social_options":{"image_generator_settings":{"template":"highway","default_image_id":0,"font":"","enabled":false},"version":2}},"categories":[13,14],"tags":[74,77,72],"class_list":["post-5198429","post","type-post","status-publish","format-standard","has-post-thumbnail","hentry","category-medioambiente","category-ozono","tag-medioambiente","tag-ozono","tag-ozono21"],"a3_pvc":{"activated":true,"total_views":3121,"today_views":0},"yoast_head":"<!-- This site is optimized with the Yoast SEO plugin v27.5 - https:\/\/yoast.com\/product\/yoast-seo-wordpress\/ -->\n<title>Cielo se desploma sobre nuestras cabezas<\/title>\n<meta name=\"description\" content=\"S\u00ed el cielo se desploma sobre nuestras cabezas. Miedo que el cielo se desplome sobre nuestras cabezas. Pero no cae sino las nubes.\" \/>\n<meta name=\"robots\" content=\"index, follow, max-snippet:-1, max-image-preview:large, max-video-preview:-1\" \/>\n<link rel=\"canonical\" href=\"https:\/\/www.ozono21.com\/blog\/medioambiente\/cielo-desploma-nuestras-cabezas\/\" \/>\n<meta property=\"og:locale\" content=\"es_ES\" \/>\n<meta property=\"og:type\" content=\"article\" \/>\n<meta property=\"og:title\" content=\"Cielo se desploma sobre nuestras cabezas\" \/>\n<meta property=\"og:description\" content=\"S\u00ed el cielo se desploma sobre nuestras cabezas. Miedo que el cielo se desplome sobre nuestras cabezas. Pero no cae sino las nubes.\" \/>\n<meta property=\"og:url\" content=\"https:\/\/www.ozono21.com\/blog\/medioambiente\/cielo-desploma-nuestras-cabezas\/\" \/>\n<meta property=\"og:site_name\" content=\"- Blog Ozono21\" \/>\n<meta property=\"article:published_time\" content=\"2012-09-23T14:36:44+00:00\" \/>\n<meta property=\"article:modified_time\" content=\"2026-01-22T10:09:10+00:00\" \/>\n<meta property=\"og:image\" content=\"https:\/\/www.ozono21.com\/blog\/wp-content\/uploads\/2012\/09\/nubes-ciudad-e1437082407239.jpg\" \/>\n\t<meta property=\"og:image:width\" content=\"700\" \/>\n\t<meta property=\"og:image:height\" content=\"537\" \/>\n\t<meta property=\"og:image:type\" content=\"image\/jpeg\" \/>\n<meta name=\"author\" content=\"INVESTIGACION Ozono21\" \/>\n<meta name=\"twitter:label1\" content=\"Escrito por\" \/>\n\t<meta name=\"twitter:data1\" content=\"INVESTIGACION Ozono21\" \/>\n\t<meta name=\"twitter:label2\" content=\"Tiempo de lectura\" \/>\n\t<meta name=\"twitter:data2\" content=\"2 minutos\" \/>\n<script type=\"application\/ld+json\" class=\"yoast-schema-graph\">{\"@context\":\"https:\\\/\\\/schema.org\",\"@graph\":[{\"@type\":\"Article\",\"@id\":\"https:\\\/\\\/www.ozono21.com\\\/blog\\\/medioambiente\\\/cielo-desploma-nuestras-cabezas\\\/#article\",\"isPartOf\":{\"@id\":\"https:\\\/\\\/www.ozono21.com\\\/blog\\\/medioambiente\\\/cielo-desploma-nuestras-cabezas\\\/\"},\"author\":{\"name\":\"INVESTIGACION Ozono21\",\"@id\":\"https:\\\/\\\/www.ozono21.com\\\/blog\\\/#\\\/schema\\\/person\\\/16639932c214a173193498aee8204d12\"},\"headline\":\"S\u00ed el cielo se desploma sobre nuestras cabezas\",\"datePublished\":\"2012-09-23T14:36:44+00:00\",\"dateModified\":\"2026-01-22T10:09:10+00:00\",\"mainEntityOfPage\":{\"@id\":\"https:\\\/\\\/www.ozono21.com\\\/blog\\\/medioambiente\\\/cielo-desploma-nuestras-cabezas\\\/\"},\"wordCount\":443,\"commentCount\":0,\"image\":{\"@id\":\"https:\\\/\\\/www.ozono21.com\\\/blog\\\/medioambiente\\\/cielo-desploma-nuestras-cabezas\\\/#primaryimage\"},\"thumbnailUrl\":\"https:\\\/\\\/www.ozono21.com\\\/blog\\\/wp-content\\\/uploads\\\/2012\\\/09\\\/nubes-ciudad-e1437082407239.jpg\",\"keywords\":[\"MedioAmbiente\",\"OZONO\",\"Ozono21\"],\"articleSection\":[\"MedioAmbiente\",\"OZONO\"],\"inLanguage\":\"es\",\"potentialAction\":[{\"@type\":\"CommentAction\",\"name\":\"Comment\",\"target\":[\"https:\\\/\\\/www.ozono21.com\\\/blog\\\/medioambiente\\\/cielo-desploma-nuestras-cabezas\\\/#respond\"]}]},{\"@type\":\"WebPage\",\"@id\":\"https:\\\/\\\/www.ozono21.com\\\/blog\\\/medioambiente\\\/cielo-desploma-nuestras-cabezas\\\/\",\"url\":\"https:\\\/\\\/www.ozono21.com\\\/blog\\\/medioambiente\\\/cielo-desploma-nuestras-cabezas\\\/\",\"name\":\"Cielo se desploma sobre nuestras cabezas\",\"isPartOf\":{\"@id\":\"https:\\\/\\\/www.ozono21.com\\\/blog\\\/#website\"},\"primaryImageOfPage\":{\"@id\":\"https:\\\/\\\/www.ozono21.com\\\/blog\\\/medioambiente\\\/cielo-desploma-nuestras-cabezas\\\/#primaryimage\"},\"image\":{\"@id\":\"https:\\\/\\\/www.ozono21.com\\\/blog\\\/medioambiente\\\/cielo-desploma-nuestras-cabezas\\\/#primaryimage\"},\"thumbnailUrl\":\"https:\\\/\\\/www.ozono21.com\\\/blog\\\/wp-content\\\/uploads\\\/2012\\\/09\\\/nubes-ciudad-e1437082407239.jpg\",\"datePublished\":\"2012-09-23T14:36:44+00:00\",\"dateModified\":\"2026-01-22T10:09:10+00:00\",\"author\":{\"@id\":\"https:\\\/\\\/www.ozono21.com\\\/blog\\\/#\\\/schema\\\/person\\\/16639932c214a173193498aee8204d12\"},\"description\":\"S\u00ed el cielo se desploma sobre nuestras cabezas. Miedo que el cielo se desplome sobre nuestras cabezas. Pero no cae sino las nubes.\",\"breadcrumb\":{\"@id\":\"https:\\\/\\\/www.ozono21.com\\\/blog\\\/medioambiente\\\/cielo-desploma-nuestras-cabezas\\\/#breadcrumb\"},\"inLanguage\":\"es\",\"potentialAction\":[{\"@type\":\"ReadAction\",\"target\":[\"https:\\\/\\\/www.ozono21.com\\\/blog\\\/medioambiente\\\/cielo-desploma-nuestras-cabezas\\\/\"]}]},{\"@type\":\"ImageObject\",\"inLanguage\":\"es\",\"@id\":\"https:\\\/\\\/www.ozono21.com\\\/blog\\\/medioambiente\\\/cielo-desploma-nuestras-cabezas\\\/#primaryimage\",\"url\":\"https:\\\/\\\/www.ozono21.com\\\/blog\\\/wp-content\\\/uploads\\\/2012\\\/09\\\/nubes-ciudad-e1437082407239.jpg\",\"contentUrl\":\"https:\\\/\\\/www.ozono21.com\\\/blog\\\/wp-content\\\/uploads\\\/2012\\\/09\\\/nubes-ciudad-e1437082407239.jpg\",\"width\":700,\"height\":537},{\"@type\":\"BreadcrumbList\",\"@id\":\"https:\\\/\\\/www.ozono21.com\\\/blog\\\/medioambiente\\\/cielo-desploma-nuestras-cabezas\\\/#breadcrumb\",\"itemListElement\":[{\"@type\":\"ListItem\",\"position\":1,\"name\":\"Portada\",\"item\":\"https:\\\/\\\/www.ozono21.com\\\/blog\\\/\"},{\"@type\":\"ListItem\",\"position\":2,\"name\":\"S\u00ed el cielo se desploma sobre nuestras cabezas\"}]},{\"@type\":\"WebSite\",\"@id\":\"https:\\\/\\\/www.ozono21.com\\\/blog\\\/#website\",\"url\":\"https:\\\/\\\/www.ozono21.com\\\/blog\\\/\",\"name\":\"Blog Ozono21\",\"description\":\" - Blog Ozono21\",\"potentialAction\":[{\"@type\":\"SearchAction\",\"target\":{\"@type\":\"EntryPoint\",\"urlTemplate\":\"https:\\\/\\\/www.ozono21.com\\\/blog\\\/?s={search_term_string}\"},\"query-input\":{\"@type\":\"PropertyValueSpecification\",\"valueRequired\":true,\"valueName\":\"search_term_string\"}}],\"inLanguage\":\"es\"},{\"@type\":\"Person\",\"@id\":\"https:\\\/\\\/www.ozono21.com\\\/blog\\\/#\\\/schema\\\/person\\\/16639932c214a173193498aee8204d12\",\"name\":\"INVESTIGACION Ozono21\",\"image\":{\"@type\":\"ImageObject\",\"inLanguage\":\"es\",\"@id\":\"https:\\\/\\\/secure.gravatar.com\\\/avatar\\\/f00ed9ac57a3eea6b9830d73dc9f9214775648c7763edcb20475eb83509b31fd?s=96&d=mm&r=g\",\"url\":\"https:\\\/\\\/secure.gravatar.com\\\/avatar\\\/f00ed9ac57a3eea6b9830d73dc9f9214775648c7763edcb20475eb83509b31fd?s=96&d=mm&r=g\",\"contentUrl\":\"https:\\\/\\\/secure.gravatar.com\\\/avatar\\\/f00ed9ac57a3eea6b9830d73dc9f9214775648c7763edcb20475eb83509b31fd?s=96&d=mm&r=g\",\"caption\":\"INVESTIGACION Ozono21\"}}]}<\/script>\n<!-- \/ Yoast SEO plugin. -->","yoast_head_json":{"title":"Cielo se desploma sobre nuestras cabezas","description":"S\u00ed el cielo se desploma sobre nuestras cabezas. Miedo que el cielo se desplome sobre nuestras cabezas. Pero no cae sino las nubes.","robots":{"index":"index","follow":"follow","max-snippet":"max-snippet:-1","max-image-preview":"max-image-preview:large","max-video-preview":"max-video-preview:-1"},"canonical":"https:\/\/www.ozono21.com\/blog\/medioambiente\/cielo-desploma-nuestras-cabezas\/","og_locale":"es_ES","og_type":"article","og_title":"Cielo se desploma sobre nuestras cabezas","og_description":"S\u00ed el cielo se desploma sobre nuestras cabezas. Miedo que el cielo se desplome sobre nuestras cabezas. Pero no cae sino las nubes.","og_url":"https:\/\/www.ozono21.com\/blog\/medioambiente\/cielo-desploma-nuestras-cabezas\/","og_site_name":"- Blog Ozono21","article_published_time":"2012-09-23T14:36:44+00:00","article_modified_time":"2026-01-22T10:09:10+00:00","og_image":[{"width":700,"height":537,"url":"https:\/\/www.ozono21.com\/blog\/wp-content\/uploads\/2012\/09\/nubes-ciudad-e1437082407239.jpg","type":"image\/jpeg"}],"author":"INVESTIGACION Ozono21","twitter_misc":{"Escrito por":"INVESTIGACION Ozono21","Tiempo de lectura":"2 minutos"},"schema":{"@context":"https:\/\/schema.org","@graph":[{"@type":"Article","@id":"https:\/\/www.ozono21.com\/blog\/medioambiente\/cielo-desploma-nuestras-cabezas\/#article","isPartOf":{"@id":"https:\/\/www.ozono21.com\/blog\/medioambiente\/cielo-desploma-nuestras-cabezas\/"},"author":{"name":"INVESTIGACION Ozono21","@id":"https:\/\/www.ozono21.com\/blog\/#\/schema\/person\/16639932c214a173193498aee8204d12"},"headline":"S\u00ed el cielo se desploma sobre nuestras cabezas","datePublished":"2012-09-23T14:36:44+00:00","dateModified":"2026-01-22T10:09:10+00:00","mainEntityOfPage":{"@id":"https:\/\/www.ozono21.com\/blog\/medioambiente\/cielo-desploma-nuestras-cabezas\/"},"wordCount":443,"commentCount":0,"image":{"@id":"https:\/\/www.ozono21.com\/blog\/medioambiente\/cielo-desploma-nuestras-cabezas\/#primaryimage"},"thumbnailUrl":"https:\/\/www.ozono21.com\/blog\/wp-content\/uploads\/2012\/09\/nubes-ciudad-e1437082407239.jpg","keywords":["MedioAmbiente","OZONO","Ozono21"],"articleSection":["MedioAmbiente","OZONO"],"inLanguage":"es","potentialAction":[{"@type":"CommentAction","name":"Comment","target":["https:\/\/www.ozono21.com\/blog\/medioambiente\/cielo-desploma-nuestras-cabezas\/#respond"]}]},{"@type":"WebPage","@id":"https:\/\/www.ozono21.com\/blog\/medioambiente\/cielo-desploma-nuestras-cabezas\/","url":"https:\/\/www.ozono21.com\/blog\/medioambiente\/cielo-desploma-nuestras-cabezas\/","name":"Cielo se desploma sobre nuestras cabezas","isPartOf":{"@id":"https:\/\/www.ozono21.com\/blog\/#website"},"primaryImageOfPage":{"@id":"https:\/\/www.ozono21.com\/blog\/medioambiente\/cielo-desploma-nuestras-cabezas\/#primaryimage"},"image":{"@id":"https:\/\/www.ozono21.com\/blog\/medioambiente\/cielo-desploma-nuestras-cabezas\/#primaryimage"},"thumbnailUrl":"https:\/\/www.ozono21.com\/blog\/wp-content\/uploads\/2012\/09\/nubes-ciudad-e1437082407239.jpg","datePublished":"2012-09-23T14:36:44+00:00","dateModified":"2026-01-22T10:09:10+00:00","author":{"@id":"https:\/\/www.ozono21.com\/blog\/#\/schema\/person\/16639932c214a173193498aee8204d12"},"description":"S\u00ed el cielo se desploma sobre nuestras cabezas. Miedo que el cielo se desplome sobre nuestras cabezas. Pero no cae sino las nubes.","breadcrumb":{"@id":"https:\/\/www.ozono21.com\/blog\/medioambiente\/cielo-desploma-nuestras-cabezas\/#breadcrumb"},"inLanguage":"es","potentialAction":[{"@type":"ReadAction","target":["https:\/\/www.ozono21.com\/blog\/medioambiente\/cielo-desploma-nuestras-cabezas\/"]}]},{"@type":"ImageObject","inLanguage":"es","@id":"https:\/\/www.ozono21.com\/blog\/medioambiente\/cielo-desploma-nuestras-cabezas\/#primaryimage","url":"https:\/\/www.ozono21.com\/blog\/wp-content\/uploads\/2012\/09\/nubes-ciudad-e1437082407239.jpg","contentUrl":"https:\/\/www.ozono21.com\/blog\/wp-content\/uploads\/2012\/09\/nubes-ciudad-e1437082407239.jpg","width":700,"height":537},{"@type":"BreadcrumbList","@id":"https:\/\/www.ozono21.com\/blog\/medioambiente\/cielo-desploma-nuestras-cabezas\/#breadcrumb","itemListElement":[{"@type":"ListItem","position":1,"name":"Portada","item":"https:\/\/www.ozono21.com\/blog\/"},{"@type":"ListItem","position":2,"name":"S\u00ed el cielo se desploma sobre nuestras cabezas"}]},{"@type":"WebSite","@id":"https:\/\/www.ozono21.com\/blog\/#website","url":"https:\/\/www.ozono21.com\/blog\/","name":"Blog Ozono21","description":" - Blog Ozono21","potentialAction":[{"@type":"SearchAction","target":{"@type":"EntryPoint","urlTemplate":"https:\/\/www.ozono21.com\/blog\/?s={search_term_string}"},"query-input":{"@type":"PropertyValueSpecification","valueRequired":true,"valueName":"search_term_string"}}],"inLanguage":"es"},{"@type":"Person","@id":"https:\/\/www.ozono21.com\/blog\/#\/schema\/person\/16639932c214a173193498aee8204d12","name":"INVESTIGACION Ozono21","image":{"@type":"ImageObject","inLanguage":"es","@id":"https:\/\/secure.gravatar.com\/avatar\/f00ed9ac57a3eea6b9830d73dc9f9214775648c7763edcb20475eb83509b31fd?s=96&d=mm&r=g","url":"https:\/\/secure.gravatar.com\/avatar\/f00ed9ac57a3eea6b9830d73dc9f9214775648c7763edcb20475eb83509b31fd?s=96&d=mm&r=g","contentUrl":"https:\/\/secure.gravatar.com\/avatar\/f00ed9ac57a3eea6b9830d73dc9f9214775648c7763edcb20475eb83509b31fd?s=96&d=mm&r=g","caption":"INVESTIGACION Ozono21"}}]}},"jetpack_publicize_connections":[],"jetpack_featured_media_url":"https:\/\/www.ozono21.com\/blog\/wp-content\/uploads\/2012\/09\/nubes-ciudad-e1437082407239.jpg","jetpack_sharing_enabled":true,"_links":{"self":[{"href":"https:\/\/www.ozono21.com\/blog\/wp-json\/wp\/v2\/posts\/5198429","targetHints":{"allow":["GET"]}}],"collection":[{"href":"https:\/\/www.ozono21.com\/blog\/wp-json\/wp\/v2\/posts"}],"about":[{"href":"https:\/\/www.ozono21.com\/blog\/wp-json\/wp\/v2\/types\/post"}],"author":[{"embeddable":true,"href":"https:\/\/www.ozono21.com\/blog\/wp-json\/wp\/v2\/users\/1"}],"replies":[{"embeddable":true,"href":"https:\/\/www.ozono21.com\/blog\/wp-json\/wp\/v2\/comments?post=5198429"}],"version-history":[{"count":0,"href":"https:\/\/www.ozono21.com\/blog\/wp-json\/wp\/v2\/posts\/5198429\/revisions"}],"wp:featuredmedia":[{"embeddable":true,"href":"https:\/\/www.ozono21.com\/blog\/wp-json\/wp\/v2\/media\/5198431"}],"wp:attachment":[{"href":"https:\/\/www.ozono21.com\/blog\/wp-json\/wp\/v2\/media?parent=5198429"}],"wp:term":[{"taxonomy":"category","embeddable":true,"href":"https:\/\/www.ozono21.com\/blog\/wp-json\/wp\/v2\/categories?post=5198429"},{"taxonomy":"post_tag","embeddable":true,"href":"https:\/\/www.ozono21.com\/blog\/wp-json\/wp\/v2\/tags?post=5198429"}],"curies":[{"name":"wp","href":"https:\/\/api.w.org\/{rel}","templated":true}]}}