{"id":5195659,"date":"2010-07-18T21:53:23","date_gmt":"2010-07-18T19:53:23","guid":{"rendered":"https:\/\/www.ozono21.com\/blog\/?p=5195659"},"modified":"2026-02-19T11:33:20","modified_gmt":"2026-02-19T09:33:20","slug":"infecciones-respiratorias-nenes","status":"publish","type":"post","link":"https:\/\/www.ozono21.com\/blog\/salud\/infecciones-respiratorias-nenes\/","title":{"rendered":"Infecciones respiratorias en los NENES se evita por fruta y verdura"},"content":{"rendered":"<p style=\"text-align: justify;\">\n<h2 style=\"text-align: justify;\"><img loading=\"lazy\" decoding=\"async\" class=\"alignright size-full wp-image-5195668\" style=\"margin: 0px 0px 0px 10px; cursor: hand; border: 0px;\" title=\"ni\u00f1o asma\" src=\"https:\/\/www.ozono21.com\/blog\/wp-content\/uploads\/2012\/05\/ni\u00f1o-asma1.jpg\" alt=\"Infecciones respiratorias en los NENES se evita por fruta y verdura\" width=\"250\" height=\"232\" \/><a title=\"Ozono21 Hogar Aire\" href=\"https:\/\/www.ozono21.com\/sectores-pagina\/domesticos\/dormitorios-salones\/32\/\" target=\"_blank\" rel=\"noopener noreferrer\">La SEPAR recomienda que los ni\u00f1os consuman m\u00e1s fruta y verdura para evitar las infecciones respiratorias<\/p>\n<p>Recuerda que son una de las causas m\u00e1s frecuentes de hospitalizaci\u00f3n pedi\u00e1trica y que ocasionan un gran n\u00famero de consultas<\/a><\/h2>\n<\/p>\n<p>Fuente: consumer (25 de diciembre 2009)<\/p>\n<p style=\"text-align: justify;\"><strong>Los men\u00fas infantiles deben incrementar durante el invierno las raciones de verduras y frutas, sobre todo c\u00edtricos, para ayudara a evitar las infecciones respiratorias virales, como constipados, catarros y gripe, o enfermedades m\u00e1s graves, como la neumon\u00eda y la bronco-neumon\u00eda. Es una recomendaci\u00f3n de la Sociedad Espa\u00f1ola de Neumolog\u00eda y Cirug\u00eda Tor\u00e1cica (SEPAR), que insiste en la importancia de la prevenci\u00f3n.<\/strong><\/P><\/p>\n<p style=\"text-align: justify;\">Las infecciones respiratorias agudas son una de las causas m\u00e1s frecuentes de hospitalizaci\u00f3n pedi\u00e1trica y ocasionan un gran n\u00famero de consultas, tanto en urgencias como en atenci\u00f3n primaria, argument\u00f3 la neum\u00f3loga pediatra Amparo Escribano. M\u00e1s de 200 virus diferentes pueden afectar al ser humano. Entre estos virus se encuentran el virus respiratorio sincitial, que afecta a un 85% de los ni\u00f1os antes de los dos a\u00f1os y provoca, a esta edad, m\u00e1s de la mitad de las hospitalizaciones por bronquiolitis\u00bb, explic\u00f3 Escribano.<\/P><\/p>\n<p style=\"text-align: justify;\"><strong>Tambi\u00e9n son frecuentes entre los ni\u00f1os las infecciones por el virus parainfluenza, responsable, entre otras, de la mayor parte de las laringitis en ni\u00f1os menores de cinco a\u00f1os; o el adenovirus, que produce hasta un 10% de las infecciones respiratorias en los m\u00e1s peque\u00f1os. Adem\u00e1s, el virus de la gripe y otros descritos en fechas m\u00e1s recientes, como rinovirus, bocavirus o metaneumovirus, pueden causar tanto infecciones agudas como patolog\u00eda respiratoria<\/strong> recidivante e incluso relacionarse con el desarrollo posterior de asma, seg\u00fan la SEPAR.<\/P><\/p>\n<p style=\"text-align: justify;\"><strong>Por todo ello, \u00abes muy importante consumir frutas y verduras ricas en vitaminas A y C como la naranja o la mandarina para reforzar el organismo\u00bb, apunt\u00f3 la doctora Escribano. <\/strong><\/P><\/p>\n<p style=\"text-align: justify;\">Tambi\u00e9n se aconseja el lavado frecuente de manos y evitar el uso de elementos comunes como juguetes, vasos, platos y otros utensilios de comida, adem\u00e1s de lavarlos y desinfectarlos cuando corresponda.<\/P><\/p>\n<p style=\"text-align: justify;\"><strong>La SEPAR tambi\u00e9n aconseja evitar recintos cerrados y muy concurridos; una temperatura muy alta de la calefacci\u00f3n, ya que reseca el ambiente y las v\u00edas respiratorias;<\/strong> y ventilar de forma frecuente los espacios donde permanece el ni\u00f1o para evitar infecciones respiratorias. La sociedad recomienda abrigar a los ni\u00f1os para evitar la exposici\u00f3n brusca al fr\u00edo, as\u00ed como mantener la casa templada para dejar que el organismo utilice sus propios mecanismos reguladores de adaptaci\u00f3n al fr\u00edo.<\/P><\/p>\n<table border=\"3\" cellspacing=\"0\" cellpadding=\"0\">\n<tbody>\n<tr>\n<td bgcolor=\"#3b7cff\" height=\"25\" width=\"600\" align=\"center\"><strong><a title=\"Actualidad ACCION del OZONO\" href=\"https:\/\/www.ozono21.com\/actualidad-interna\/accion-del-ozono\/423\/\" target=\"_blank\" rel=\"noopener noreferrer\"><img loading=\"lazy\" decoding=\"async\" src=\"https:\/\/www.ozono21.com\/blog\/wp-content\/uploads\/2014\/06\/Noticias-Relacionadas.png\" alt=\"Actualidad ACCION del OZONO\" width=\"600\" height=\"25\" border=\"0\" \/><\/a><\/strong>\n<\/td>\n<\/tr>\n<\/tbody>\n<\/table>\n<p><big><\/p>\n<table border=\"0\" cellspacing=\"0\" cellpadding=\"0\">\n<tbody>\n<tr>\n<td width=\"150\" height=\"150\" ><a title=\"Ni\u00f1os y Nenes\" href=\"https:\/\/www.ozono21.com\/blog\/?s=ni%C3%B1os\" target=\"_blank\" rel=\"noopener noreferrer\"><img loading=\"lazy\" decoding=\"async\" src=\"https:\/\/www.ozono21.com\/blog\/wp-content\/uploads\/2012\/05\/ni\u00f1o-asma1.jpg\"  alt=\"infecciones respiratorias\" width=\"145\" height=\"145\" class=\"alignright size-full wp-image-5207224\"  style=\"margin: 10px 10px 10px 0px; cursor: hand; border: 0px;\" border=\"0\" \/><\/a><\/td>\n<td width=\"300\" height=\"150\" style=\"text-align: left; vertical-align: middle;\"><strong><a title=\"Ni\u00f1os y Nenes\" href=\"https:\/\/www.ozono21.com\/blog\/?s=ni%C3%B1os\" target=\"_blank\" rel=\"noopener noreferrer\">Ni\u00f1os y Nenes<\/a><\/strong><\/li>\n<\/td>\n<\/tr>\n<\/tbody>\n<\/table>\n<p><\/big><\/p>\n<table border=\"3\" cellspacing=\"0\" cellpadding=\"0\">\n<tbody>\n<tr>\n<td bgcolor=\"#3b7cff\" height=\"25\" width=\"600\" align=\"center\"><strong><a title=\"Videos YouTube\" target=\"_blank\" href=\"https:\/\/www.youtube.com\/user\/ozono21\/videos?sort=p&amp;view=0&amp;flow=grid\" rel=\"noopener noreferrer\"><img loading=\"lazy\" decoding=\"async\" src=\"https:\/\/www.ozono21.com\/blog\/wp-content\/uploads\/2014\/06\/Videos-Youtube.png\" alt=\"Videos Youtube\" width=\"600\" height=\"25\" border=\"0\" \/><\/a><\/strong>\n<\/td>\n<\/tr>\n<\/tbody>\n<\/table>\n<p>&nbsp;<\/p>\n<p style=\"text-align: center;\"><iframe loading=\"lazy\" width=\"640\" height=\"480\" src=\"https:\/\/www.youtube.com\/embed\/jGLLFvtUVNQ\" frameborder=\"0\" allow=\"accelerometer; autoplay; encrypted-media; gyroscope; picture-in-picture\" allowfullscreen><\/iframe><\/p>\n<div class=\"pvc_clear\"><\/div>\n<p id=\"pvc_stats_5195659\" class=\"pvc_stats total_only  \" data-element-id=\"5195659\" style=\"\"><i class=\"pvc-stats-icon small\" aria-hidden=\"true\"><svg aria-hidden=\"true\" focusable=\"false\" data-prefix=\"far\" data-icon=\"chart-bar\" role=\"img\" xmlns=\"http:\/\/www.w3.org\/2000\/svg\" viewBox=\"0 0 512 512\" class=\"svg-inline--fa fa-chart-bar fa-w-16 fa-2x\"><path fill=\"currentColor\" d=\"M396.8 352h22.4c6.4 0 12.8-6.4 12.8-12.8V108.8c0-6.4-6.4-12.8-12.8-12.8h-22.4c-6.4 0-12.8 6.4-12.8 12.8v230.4c0 6.4 6.4 12.8 12.8 12.8zm-192 0h22.4c6.4 0 12.8-6.4 12.8-12.8V140.8c0-6.4-6.4-12.8-12.8-12.8h-22.4c-6.4 0-12.8 6.4-12.8 12.8v198.4c0 6.4 6.4 12.8 12.8 12.8zm96 0h22.4c6.4 0 12.8-6.4 12.8-12.8V204.8c0-6.4-6.4-12.8-12.8-12.8h-22.4c-6.4 0-12.8 6.4-12.8 12.8v134.4c0 6.4 6.4 12.8 12.8 12.8zM496 400H48V80c0-8.84-7.16-16-16-16H16C7.16 64 0 71.16 0 80v336c0 17.67 14.33 32 32 32h464c8.84 0 16-7.16 16-16v-16c0-8.84-7.16-16-16-16zm-387.2-48h22.4c6.4 0 12.8-6.4 12.8-12.8v-70.4c0-6.4-6.4-12.8-12.8-12.8h-22.4c-6.4 0-12.8 6.4-12.8 12.8v70.4c0 6.4 6.4 12.8 12.8 12.8z\" class=\"\"><\/path><\/svg><\/i> <img loading=\"lazy\" decoding=\"async\" width=\"16\" height=\"16\" alt=\"Loading\" src=\"https:\/\/www.ozono21.com\/blog\/wp-content\/plugins\/page-views-count\/ajax-loader-2x.gif\" border=0 \/><\/p>\n<div class=\"pvc_clear\"><\/div>\n","protected":false},"excerpt":{"rendered":"<p>La SEPAR recomienda que los ni\u00f1os consuman m\u00e1s fruta y verdura para evitar las infecciones respiratorias Recuerda que son una de las causas m\u00e1s frecuentes de hospitalizaci\u00f3n pedi\u00e1trica y que ocasionan un gran n\u00famero de consultas Fuente: consumer (25 de &hellip; <a href=\"https:\/\/www.ozono21.com\/blog\/salud\/infecciones-respiratorias-nenes\/\">Sigue leyendo <span class=\"meta-nav\">&rarr;<\/span><\/a><\/p>\n<div class=\"pvc_clear\"><\/div>\n<p id=\"pvc_stats_5195659\" class=\"pvc_stats total_only  \" data-element-id=\"5195659\" style=\"\"><i class=\"pvc-stats-icon small\" aria-hidden=\"true\"><svg aria-hidden=\"true\" focusable=\"false\" data-prefix=\"far\" data-icon=\"chart-bar\" role=\"img\" xmlns=\"http:\/\/www.w3.org\/2000\/svg\" viewBox=\"0 0 512 512\" class=\"svg-inline--fa fa-chart-bar fa-w-16 fa-2x\"><path fill=\"currentColor\" d=\"M396.8 352h22.4c6.4 0 12.8-6.4 12.8-12.8V108.8c0-6.4-6.4-12.8-12.8-12.8h-22.4c-6.4 0-12.8 6.4-12.8 12.8v230.4c0 6.4 6.4 12.8 12.8 12.8zm-192 0h22.4c6.4 0 12.8-6.4 12.8-12.8V140.8c0-6.4-6.4-12.8-12.8-12.8h-22.4c-6.4 0-12.8 6.4-12.8 12.8v198.4c0 6.4 6.4 12.8 12.8 12.8zm96 0h22.4c6.4 0 12.8-6.4 12.8-12.8V204.8c0-6.4-6.4-12.8-12.8-12.8h-22.4c-6.4 0-12.8 6.4-12.8 12.8v134.4c0 6.4 6.4 12.8 12.8 12.8zM496 400H48V80c0-8.84-7.16-16-16-16H16C7.16 64 0 71.16 0 80v336c0 17.67 14.33 32 32 32h464c8.84 0 16-7.16 16-16v-16c0-8.84-7.16-16-16-16zm-387.2-48h22.4c6.4 0 12.8-6.4 12.8-12.8v-70.4c0-6.4-6.4-12.8-12.8-12.8h-22.4c-6.4 0-12.8 6.4-12.8 12.8v70.4c0 6.4 6.4 12.8 12.8 12.8z\" class=\"\"><\/path><\/svg><\/i> <img loading=\"lazy\" decoding=\"async\" width=\"16\" height=\"16\" alt=\"Loading\" src=\"https:\/\/www.ozono21.com\/blog\/wp-content\/plugins\/page-views-count\/ajax-loader-2x.gif\" border=0 \/><\/p>\n<div class=\"pvc_clear\"><\/div>\n","protected":false},"author":1,"featured_media":5195665,"comment_status":"open","ping_status":"open","sticky":false,"template":"","format":"standard","meta":{"_exactmetrics_skip_tracking":false,"_exactmetrics_sitenote_active":false,"_exactmetrics_sitenote_note":"","_exactmetrics_sitenote_category":0,"_jetpack_memberships_contains_paid_content":false,"footnotes":"","jetpack_publicize_message":"","jetpack_publicize_feature_enabled":true,"jetpack_social_post_already_shared":false,"jetpack_social_options":{"image_generator_settings":{"template":"highway","default_image_id":0,"font":"","enabled":false},"version":2}},"categories":[8,28,7],"tags":[69,30,32],"class_list":["post-5195659","post","type-post","status-publish","format-standard","has-post-thumbnail","hentry","category-aire","category-frutas-y-verduras","category-salud","tag-aire","tag-frutas-verduras","tag-videos-salud-2"],"a3_pvc":{"activated":true,"total_views":4385,"today_views":0},"yoast_head":"<!-- This site is optimized with the Yoast SEO plugin v27.5 - https:\/\/yoast.com\/product\/yoast-seo-wordpress\/ -->\n<title>Infecciones respiratorias en los NENES<\/title>\n<meta name=\"description\" content=\"SEPAR recomienda que los ni\u00f1os consuman m\u00e1s fruta y verdura para evitar las infecciones respiratorias. Causa frecuente de hospitalizaci\u00f3n\" \/>\n<meta name=\"robots\" content=\"index, follow, max-snippet:-1, max-image-preview:large, max-video-preview:-1\" \/>\n<link rel=\"canonical\" href=\"https:\/\/www.ozono21.com\/blog\/salud\/infecciones-respiratorias-nenes\/\" \/>\n<meta property=\"og:locale\" content=\"es_ES\" \/>\n<meta property=\"og:type\" content=\"article\" \/>\n<meta property=\"og:title\" content=\"Infecciones respiratorias en los NENES\" \/>\n<meta property=\"og:description\" content=\"SEPAR recomienda que los ni\u00f1os consuman m\u00e1s fruta y verdura para evitar las infecciones respiratorias. Causa frecuente de hospitalizaci\u00f3n\" \/>\n<meta property=\"og:url\" content=\"https:\/\/www.ozono21.com\/blog\/salud\/infecciones-respiratorias-nenes\/\" \/>\n<meta property=\"og:site_name\" content=\"- Blog Ozono21\" \/>\n<meta property=\"article:published_time\" content=\"2010-07-18T19:53:23+00:00\" \/>\n<meta property=\"article:modified_time\" content=\"2026-02-19T09:33:20+00:00\" \/>\n<meta property=\"og:image\" content=\"https:\/\/www.ozono21.com\/blog\/wp-content\/uploads\/2012\/05\/ni\u00f1o-asma-e1458211769835.jpg\" \/>\n\t<meta property=\"og:image:width\" content=\"213\" \/>\n\t<meta property=\"og:image:height\" content=\"212\" \/>\n\t<meta property=\"og:image:type\" content=\"image\/jpeg\" \/>\n<meta name=\"author\" content=\"INVESTIGACION Ozono21\" \/>\n<meta name=\"twitter:label1\" content=\"Escrito por\" \/>\n\t<meta name=\"twitter:data1\" content=\"INVESTIGACION Ozono21\" \/>\n\t<meta name=\"twitter:label2\" content=\"Tiempo de lectura\" \/>\n\t<meta name=\"twitter:data2\" content=\"2 minutos\" \/>\n<script type=\"application\/ld+json\" class=\"yoast-schema-graph\">{\"@context\":\"https:\\\/\\\/schema.org\",\"@graph\":[{\"@type\":\"Article\",\"@id\":\"https:\\\/\\\/www.ozono21.com\\\/blog\\\/salud\\\/infecciones-respiratorias-nenes\\\/#article\",\"isPartOf\":{\"@id\":\"https:\\\/\\\/www.ozono21.com\\\/blog\\\/salud\\\/infecciones-respiratorias-nenes\\\/\"},\"author\":{\"name\":\"INVESTIGACION Ozono21\",\"@id\":\"https:\\\/\\\/www.ozono21.com\\\/blog\\\/#\\\/schema\\\/person\\\/16639932c214a173193498aee8204d12\"},\"headline\":\"Infecciones respiratorias en los NENES se evita por fruta y verdura\",\"datePublished\":\"2010-07-18T19:53:23+00:00\",\"dateModified\":\"2026-02-19T09:33:20+00:00\",\"mainEntityOfPage\":{\"@id\":\"https:\\\/\\\/www.ozono21.com\\\/blog\\\/salud\\\/infecciones-respiratorias-nenes\\\/\"},\"wordCount\":463,\"commentCount\":0,\"image\":{\"@id\":\"https:\\\/\\\/www.ozono21.com\\\/blog\\\/salud\\\/infecciones-respiratorias-nenes\\\/#primaryimage\"},\"thumbnailUrl\":\"https:\\\/\\\/www.ozono21.com\\\/blog\\\/wp-content\\\/uploads\\\/2012\\\/05\\\/ni\u00f1o-asma-e1458211769835.jpg\",\"keywords\":[\"Aire\",\"Frutas y Verduras\",\"Videos SALUD\"],\"articleSection\":[\"Aire\",\"Frutas y Verduras\",\"Salud\"],\"inLanguage\":\"es\",\"potentialAction\":[{\"@type\":\"CommentAction\",\"name\":\"Comment\",\"target\":[\"https:\\\/\\\/www.ozono21.com\\\/blog\\\/salud\\\/infecciones-respiratorias-nenes\\\/#respond\"]}]},{\"@type\":\"WebPage\",\"@id\":\"https:\\\/\\\/www.ozono21.com\\\/blog\\\/salud\\\/infecciones-respiratorias-nenes\\\/\",\"url\":\"https:\\\/\\\/www.ozono21.com\\\/blog\\\/salud\\\/infecciones-respiratorias-nenes\\\/\",\"name\":\"Infecciones respiratorias en los NENES\",\"isPartOf\":{\"@id\":\"https:\\\/\\\/www.ozono21.com\\\/blog\\\/#website\"},\"primaryImageOfPage\":{\"@id\":\"https:\\\/\\\/www.ozono21.com\\\/blog\\\/salud\\\/infecciones-respiratorias-nenes\\\/#primaryimage\"},\"image\":{\"@id\":\"https:\\\/\\\/www.ozono21.com\\\/blog\\\/salud\\\/infecciones-respiratorias-nenes\\\/#primaryimage\"},\"thumbnailUrl\":\"https:\\\/\\\/www.ozono21.com\\\/blog\\\/wp-content\\\/uploads\\\/2012\\\/05\\\/ni\u00f1o-asma-e1458211769835.jpg\",\"datePublished\":\"2010-07-18T19:53:23+00:00\",\"dateModified\":\"2026-02-19T09:33:20+00:00\",\"author\":{\"@id\":\"https:\\\/\\\/www.ozono21.com\\\/blog\\\/#\\\/schema\\\/person\\\/16639932c214a173193498aee8204d12\"},\"description\":\"SEPAR recomienda que los ni\u00f1os consuman m\u00e1s fruta y verdura para evitar las infecciones respiratorias. Causa frecuente de hospitalizaci\u00f3n\",\"breadcrumb\":{\"@id\":\"https:\\\/\\\/www.ozono21.com\\\/blog\\\/salud\\\/infecciones-respiratorias-nenes\\\/#breadcrumb\"},\"inLanguage\":\"es\",\"potentialAction\":[{\"@type\":\"ReadAction\",\"target\":[\"https:\\\/\\\/www.ozono21.com\\\/blog\\\/salud\\\/infecciones-respiratorias-nenes\\\/\"]}]},{\"@type\":\"ImageObject\",\"inLanguage\":\"es\",\"@id\":\"https:\\\/\\\/www.ozono21.com\\\/blog\\\/salud\\\/infecciones-respiratorias-nenes\\\/#primaryimage\",\"url\":\"https:\\\/\\\/www.ozono21.com\\\/blog\\\/wp-content\\\/uploads\\\/2012\\\/05\\\/ni\u00f1o-asma-e1458211769835.jpg\",\"contentUrl\":\"https:\\\/\\\/www.ozono21.com\\\/blog\\\/wp-content\\\/uploads\\\/2012\\\/05\\\/ni\u00f1o-asma-e1458211769835.jpg\",\"width\":213,\"height\":212},{\"@type\":\"BreadcrumbList\",\"@id\":\"https:\\\/\\\/www.ozono21.com\\\/blog\\\/salud\\\/infecciones-respiratorias-nenes\\\/#breadcrumb\",\"itemListElement\":[{\"@type\":\"ListItem\",\"position\":1,\"name\":\"Portada\",\"item\":\"https:\\\/\\\/www.ozono21.com\\\/blog\\\/\"},{\"@type\":\"ListItem\",\"position\":2,\"name\":\"Infecciones respiratorias en los NENES se evita por fruta y verdura\"}]},{\"@type\":\"WebSite\",\"@id\":\"https:\\\/\\\/www.ozono21.com\\\/blog\\\/#website\",\"url\":\"https:\\\/\\\/www.ozono21.com\\\/blog\\\/\",\"name\":\"Blog Ozono21\",\"description\":\" - Blog Ozono21\",\"potentialAction\":[{\"@type\":\"SearchAction\",\"target\":{\"@type\":\"EntryPoint\",\"urlTemplate\":\"https:\\\/\\\/www.ozono21.com\\\/blog\\\/?s={search_term_string}\"},\"query-input\":{\"@type\":\"PropertyValueSpecification\",\"valueRequired\":true,\"valueName\":\"search_term_string\"}}],\"inLanguage\":\"es\"},{\"@type\":\"Person\",\"@id\":\"https:\\\/\\\/www.ozono21.com\\\/blog\\\/#\\\/schema\\\/person\\\/16639932c214a173193498aee8204d12\",\"name\":\"INVESTIGACION Ozono21\",\"image\":{\"@type\":\"ImageObject\",\"inLanguage\":\"es\",\"@id\":\"https:\\\/\\\/secure.gravatar.com\\\/avatar\\\/f00ed9ac57a3eea6b9830d73dc9f9214775648c7763edcb20475eb83509b31fd?s=96&d=mm&r=g\",\"url\":\"https:\\\/\\\/secure.gravatar.com\\\/avatar\\\/f00ed9ac57a3eea6b9830d73dc9f9214775648c7763edcb20475eb83509b31fd?s=96&d=mm&r=g\",\"contentUrl\":\"https:\\\/\\\/secure.gravatar.com\\\/avatar\\\/f00ed9ac57a3eea6b9830d73dc9f9214775648c7763edcb20475eb83509b31fd?s=96&d=mm&r=g\",\"caption\":\"INVESTIGACION Ozono21\"}}]}<\/script>\n<!-- \/ Yoast SEO plugin. -->","yoast_head_json":{"title":"Infecciones respiratorias en los NENES","description":"SEPAR recomienda que los ni\u00f1os consuman m\u00e1s fruta y verdura para evitar las infecciones respiratorias. Causa frecuente de hospitalizaci\u00f3n","robots":{"index":"index","follow":"follow","max-snippet":"max-snippet:-1","max-image-preview":"max-image-preview:large","max-video-preview":"max-video-preview:-1"},"canonical":"https:\/\/www.ozono21.com\/blog\/salud\/infecciones-respiratorias-nenes\/","og_locale":"es_ES","og_type":"article","og_title":"Infecciones respiratorias en los NENES","og_description":"SEPAR recomienda que los ni\u00f1os consuman m\u00e1s fruta y verdura para evitar las infecciones respiratorias. Causa frecuente de hospitalizaci\u00f3n","og_url":"https:\/\/www.ozono21.com\/blog\/salud\/infecciones-respiratorias-nenes\/","og_site_name":"- Blog Ozono21","article_published_time":"2010-07-18T19:53:23+00:00","article_modified_time":"2026-02-19T09:33:20+00:00","og_image":[{"width":213,"height":212,"url":"https:\/\/www.ozono21.com\/blog\/wp-content\/uploads\/2012\/05\/ni\u00f1o-asma-e1458211769835.jpg","type":"image\/jpeg"}],"author":"INVESTIGACION Ozono21","twitter_misc":{"Escrito por":"INVESTIGACION Ozono21","Tiempo de lectura":"2 minutos"},"schema":{"@context":"https:\/\/schema.org","@graph":[{"@type":"Article","@id":"https:\/\/www.ozono21.com\/blog\/salud\/infecciones-respiratorias-nenes\/#article","isPartOf":{"@id":"https:\/\/www.ozono21.com\/blog\/salud\/infecciones-respiratorias-nenes\/"},"author":{"name":"INVESTIGACION Ozono21","@id":"https:\/\/www.ozono21.com\/blog\/#\/schema\/person\/16639932c214a173193498aee8204d12"},"headline":"Infecciones respiratorias en los NENES se evita por fruta y verdura","datePublished":"2010-07-18T19:53:23+00:00","dateModified":"2026-02-19T09:33:20+00:00","mainEntityOfPage":{"@id":"https:\/\/www.ozono21.com\/blog\/salud\/infecciones-respiratorias-nenes\/"},"wordCount":463,"commentCount":0,"image":{"@id":"https:\/\/www.ozono21.com\/blog\/salud\/infecciones-respiratorias-nenes\/#primaryimage"},"thumbnailUrl":"https:\/\/www.ozono21.com\/blog\/wp-content\/uploads\/2012\/05\/ni\u00f1o-asma-e1458211769835.jpg","keywords":["Aire","Frutas y Verduras","Videos SALUD"],"articleSection":["Aire","Frutas y Verduras","Salud"],"inLanguage":"es","potentialAction":[{"@type":"CommentAction","name":"Comment","target":["https:\/\/www.ozono21.com\/blog\/salud\/infecciones-respiratorias-nenes\/#respond"]}]},{"@type":"WebPage","@id":"https:\/\/www.ozono21.com\/blog\/salud\/infecciones-respiratorias-nenes\/","url":"https:\/\/www.ozono21.com\/blog\/salud\/infecciones-respiratorias-nenes\/","name":"Infecciones respiratorias en los NENES","isPartOf":{"@id":"https:\/\/www.ozono21.com\/blog\/#website"},"primaryImageOfPage":{"@id":"https:\/\/www.ozono21.com\/blog\/salud\/infecciones-respiratorias-nenes\/#primaryimage"},"image":{"@id":"https:\/\/www.ozono21.com\/blog\/salud\/infecciones-respiratorias-nenes\/#primaryimage"},"thumbnailUrl":"https:\/\/www.ozono21.com\/blog\/wp-content\/uploads\/2012\/05\/ni\u00f1o-asma-e1458211769835.jpg","datePublished":"2010-07-18T19:53:23+00:00","dateModified":"2026-02-19T09:33:20+00:00","author":{"@id":"https:\/\/www.ozono21.com\/blog\/#\/schema\/person\/16639932c214a173193498aee8204d12"},"description":"SEPAR recomienda que los ni\u00f1os consuman m\u00e1s fruta y verdura para evitar las infecciones respiratorias. Causa frecuente de hospitalizaci\u00f3n","breadcrumb":{"@id":"https:\/\/www.ozono21.com\/blog\/salud\/infecciones-respiratorias-nenes\/#breadcrumb"},"inLanguage":"es","potentialAction":[{"@type":"ReadAction","target":["https:\/\/www.ozono21.com\/blog\/salud\/infecciones-respiratorias-nenes\/"]}]},{"@type":"ImageObject","inLanguage":"es","@id":"https:\/\/www.ozono21.com\/blog\/salud\/infecciones-respiratorias-nenes\/#primaryimage","url":"https:\/\/www.ozono21.com\/blog\/wp-content\/uploads\/2012\/05\/ni\u00f1o-asma-e1458211769835.jpg","contentUrl":"https:\/\/www.ozono21.com\/blog\/wp-content\/uploads\/2012\/05\/ni\u00f1o-asma-e1458211769835.jpg","width":213,"height":212},{"@type":"BreadcrumbList","@id":"https:\/\/www.ozono21.com\/blog\/salud\/infecciones-respiratorias-nenes\/#breadcrumb","itemListElement":[{"@type":"ListItem","position":1,"name":"Portada","item":"https:\/\/www.ozono21.com\/blog\/"},{"@type":"ListItem","position":2,"name":"Infecciones respiratorias en los NENES se evita por fruta y verdura"}]},{"@type":"WebSite","@id":"https:\/\/www.ozono21.com\/blog\/#website","url":"https:\/\/www.ozono21.com\/blog\/","name":"Blog Ozono21","description":" - Blog Ozono21","potentialAction":[{"@type":"SearchAction","target":{"@type":"EntryPoint","urlTemplate":"https:\/\/www.ozono21.com\/blog\/?s={search_term_string}"},"query-input":{"@type":"PropertyValueSpecification","valueRequired":true,"valueName":"search_term_string"}}],"inLanguage":"es"},{"@type":"Person","@id":"https:\/\/www.ozono21.com\/blog\/#\/schema\/person\/16639932c214a173193498aee8204d12","name":"INVESTIGACION Ozono21","image":{"@type":"ImageObject","inLanguage":"es","@id":"https:\/\/secure.gravatar.com\/avatar\/f00ed9ac57a3eea6b9830d73dc9f9214775648c7763edcb20475eb83509b31fd?s=96&d=mm&r=g","url":"https:\/\/secure.gravatar.com\/avatar\/f00ed9ac57a3eea6b9830d73dc9f9214775648c7763edcb20475eb83509b31fd?s=96&d=mm&r=g","contentUrl":"https:\/\/secure.gravatar.com\/avatar\/f00ed9ac57a3eea6b9830d73dc9f9214775648c7763edcb20475eb83509b31fd?s=96&d=mm&r=g","caption":"INVESTIGACION Ozono21"}}]}},"jetpack_publicize_connections":[],"jetpack_featured_media_url":"https:\/\/www.ozono21.com\/blog\/wp-content\/uploads\/2012\/05\/ni\u00f1o-asma-e1458211769835.jpg","jetpack_sharing_enabled":true,"_links":{"self":[{"href":"https:\/\/www.ozono21.com\/blog\/wp-json\/wp\/v2\/posts\/5195659","targetHints":{"allow":["GET"]}}],"collection":[{"href":"https:\/\/www.ozono21.com\/blog\/wp-json\/wp\/v2\/posts"}],"about":[{"href":"https:\/\/www.ozono21.com\/blog\/wp-json\/wp\/v2\/types\/post"}],"author":[{"embeddable":true,"href":"https:\/\/www.ozono21.com\/blog\/wp-json\/wp\/v2\/users\/1"}],"replies":[{"embeddable":true,"href":"https:\/\/www.ozono21.com\/blog\/wp-json\/wp\/v2\/comments?post=5195659"}],"version-history":[{"count":0,"href":"https:\/\/www.ozono21.com\/blog\/wp-json\/wp\/v2\/posts\/5195659\/revisions"}],"wp:featuredmedia":[{"embeddable":true,"href":"https:\/\/www.ozono21.com\/blog\/wp-json\/wp\/v2\/media\/5195665"}],"wp:attachment":[{"href":"https:\/\/www.ozono21.com\/blog\/wp-json\/wp\/v2\/media?parent=5195659"}],"wp:term":[{"taxonomy":"category","embeddable":true,"href":"https:\/\/www.ozono21.com\/blog\/wp-json\/wp\/v2\/categories?post=5195659"},{"taxonomy":"post_tag","embeddable":true,"href":"https:\/\/www.ozono21.com\/blog\/wp-json\/wp\/v2\/tags?post=5195659"}],"curies":[{"name":"wp","href":"https:\/\/api.w.org\/{rel}","templated":true}]}}