{"id":5195639,"date":"2012-05-15T12:50:32","date_gmt":"2012-05-15T10:50:32","guid":{"rendered":"https:\/\/www.ozono21.com\/blog\/?p=5195639"},"modified":"2026-01-22T19:14:08","modified_gmt":"2026-01-22T17:14:08","slug":"combatir-plagas-de-almacen-con-productos-naturales","status":"publish","type":"post","link":"https:\/\/www.ozono21.com\/blog\/bacterias\/combatir-plagas-de-almacen-con-productos-naturales\/","title":{"rendered":"\u00bfSe pueden combatir las plagas de ALMACEN con productos naturales?"},"content":{"rendered":"<p style=\"text-align: justify;\">\n<h2 style=\"text-align: justify;\"><strong><img loading=\"lazy\" decoding=\"async\" class=\"alignleft size-full wp-image-5195640\" style=\"border: 0px;\" title=\"\u00bfSe pueden combatir las plagas de ALMACEN con productos naturales?\" src=\"https:\/\/www.ozono21.com\/blog\/wp-content\/uploads\/2012\/05\/Agricultura-granos-diversos.jpg\" alt=\"plagas de almacen\" width=\"293\" height=\"333\" \/><a title=\"USO del Ozono en la\nIndustria Alimentaria\" href=\"https:\/\/www.ozono21.com\/sectores-pagina\/industriales\/industria-alimentaria\/18\/\" target=\"_blank\" rel=\"noopener noreferrer\">La Consejer\u00eda murciana de Agricultura y Agua, a trav\u00e9s del Instituto Murciano de Investigaci\u00f3n y Desarrollo Agrario y Alimentario (IMIDA) y en colaboraci\u00f3n con la Universidad de Murcia, desarrolla un proyecto de investigaci\u00f3n para combatir las plagas de ALMACEN con productos naturales y estudiar el modo de acci\u00f3n de estos compuestos. El proyecto cuenta con un presupuesto de 18.000 euros, financiados por la Fundaci\u00f3n S\u00e9neca.<\/a><\/strong><\/h2>\n<p><p>Fuente: ambientum (12\/12\/2011)<\/p>\n<p style=\"text-align: justify;\"><strong>El director del IMIDA, Adri\u00e1n Mart\u00ednez, destac\u00f3 que el departamento de Biotecnolog\u00eda y Protecci\u00f3n de Cultivos de este organismo \u00ablleva muchos a\u00f1os dedicado al estudio de los productos naturales y su efecto insecticida sobre algunas plagas\u00bb.<\/strong> La tendencia actual a\u00f1adi\u00f3 \u00abes el empleo creciente de productos ecol\u00f3gicos que no da\u00f1en el medio ambiente y que no resulten t\u00f3xicos para el ser humano\u00bb.<\/p>\n<p style=\"text-align: justify;\"><big><strong><a title=\"Ozono para la\nDesinfecci\u00f3n\" href=\"https:\/\/www.ozono21.com\/sectores-pagina\/empresariales\/desinfeccion-limpieza\/3\/\" target=\"_blank\" rel=\"noopener noreferrer\">En este sentido apunt\u00f3 que \u00abla Uni\u00f3n Europea est\u00e1 restringiendo el uso de algunos productos fitosanitarios que pueden ser perjudiciales\u00bb.<\/a><\/strong><\/big><\/p>\n<p style=\"text-align: justify;\">Respecto a las plagas de ALMACEN Mart\u00ednez apunt\u00f3 que \u00abde nada sirve que un agricultor obtenga una buena cosecha de arroz, por ejemplo, <strong>si a la hora de almacenarlo aparecen cole\u00f3pteros o lepid\u00f3pteros<\/strong> que infectan los granos y hacen que el producto pierda calidad o que incluso se deteriore totalmente\u00bb. De ah\u00ed, concluy\u00f3, \u00abla necesidad de <strong>tratar estas plagas,<\/strong> que en la Regi\u00f3n de Murcia pueden ser propiciadas por las elevadas temperaturas y la humedad\u00bb.<\/p>\n<p style=\"text-align: justify;\">El director del IMIDA advirti\u00f3 que estas plagas \u00abpueden llegar a provocar <strong>grandes p\u00e9rdidas econ\u00f3micas<\/strong> si no se controlan de forma adecuada\u00bb. Dichas p\u00e9rdidas rondan el <strong>10 por ciento de la producci\u00f3n en pa\u00edses desarrollados<\/strong>. No obstante, en pa\u00edses del continente africano, Asia y Centroam\u00e9rica, las plagas de ALMACEN llegan a producir p\u00e9rdidas de hasta el 50 por ciento del valor de la producci\u00f3n.<\/p>\n<p><strong>Productos extra\u00eddos de las plantas<\/strong><\/p>\n<p style=\"text-align: justify;\">La investigadora principal del proyecto, <strong>Mar\u00eda Dolores L\u00f3pez Belch\u00ed,<\/strong> se\u00f1al\u00f3 que \u00abla investigaci\u00f3n se ha centrado en comprobar el modo de acci\u00f3n de 8 productos naturales que se encuentran mayoritariamente en las plantas, 6 <strong>de ellos pertenecen a los monoterpenoides y 2 a los fenilpropanoides\u00bb.<\/strong><\/p>\n<p style=\"text-align: justify;\"><big><strong><a title=\"Aplicaciones del OZONO en la Industria Alimentaria\" href=\"https:\/\/www.ozono21.com\/sectores-pagina\/industriales\/industria-alimentaria\/18\/\" target=\"_blank\" rel=\"noopener noreferrer\">A\u00f1adi\u00f3 que estos productos \u00abse enmarcan en el concepto de agricultura limpia y pueden ser la alternativa a otros que resultan t\u00f3xicos, como la fosfina o el bromuro de metilo, que est\u00e1 a punto de desaparecer por indicaci\u00f3n de una directiva europea\u00bb.<\/a><\/strong><\/big><\/p>\n<p style=\"text-align: justify;\">En este sentido apunt\u00f3 <strong>que \u00abexisten insecticidas qu\u00edmicos, como los organofosforados y carbamatos, que inhiben la enzima acetilcolinesterasa y todav\u00eda permanecen en el mercado, a pesar de que pueden ser perjudiciales para el ser humano, da\u00f1ar el medio ambiente e incluso<\/strong> <strong>producir resistencia en determinadas plagas<\/strong>\u00ab.<\/p>\n<p style=\"text-align: justify;\">El estudio ha demostrado que algunos monoterpenoides y fenilpropanoides tienen efecto insecticida sobre determinadas plagas, respetando el medio ambiente y sin resultar t\u00f3xico para el ser humano<strong>. Seg\u00fan Mar\u00eda Dolores L\u00f3pez<\/strong>, \u00abestos monoterpenoides tambi\u00e9n se utilizan en alimentaci\u00f3n, en perfumes y en otros productos <strong>sin causar da\u00f1o a las personas\u00bb.<\/strong><\/p>\n<p style=\"text-align: justify;\"><strong>A\u00f1adi\u00f3 que hasta ahora los ensayos se han realizado sobre plagas de ALMACEN \u00abalgunas popularmente conocidas como gorgojos y polillas, que pueden afectar al arroz y otro tipo de cereales.<\/strong> A\u00fan no hemos comprobado su efectividad en otras plagas\u00bb. El siguiente paso de la investigaci\u00f3n se centrar\u00e1 en c\u00f3mo<strong>aplicar esos productos naturales.<\/strong><\/p>\n<table border=\"3\" cellspacing=\"0\" cellpadding=\"0\">\n<tbody>\n<tr>\n<td bgcolor=\"#3b7cff\" height=\"25\" width=\"600\" align=\"center\"><strong><a title=\"Actualidad ACCION del OZONO\" href=\"https:\/\/www.ozono21.com\/actualidad-interna\/accion-del-ozono\/423\/\" target=\"_blank\" rel=\"noopener noreferrer\"><img loading=\"lazy\" decoding=\"async\" src=\"https:\/\/www.ozono21.com\/blog\/wp-content\/uploads\/2014\/06\/Noticias-Relacionadas.png\" alt=\"Noticias Relacionadas\" width=\"600\" height=\"25\" border=\"0\" \/><\/a><\/strong>\n<\/td>\n<\/tr>\n<\/tbody>\n<\/table>\n<p><big><\/p>\n<table border=\"0\" cellspacing=\"0\" cellpadding=\"0\">\n<tbody>\n<tr>\n<td height=\"150\" width=\"250\" align=\"center\"><a title=\"Post sobre los CULTIVOS\" target=\"_blank\" href=\"https:\/\/www.ozono21.com\/blog\/page\/2\/?s=cultivos\" rel=\"noopener noreferrer\"><img loading=\"lazy\" decoding=\"async\" src=\"https:\/\/www.ozono21.com\/blog\/wp-content\/uploads\/2006\/06\/Agricultura-proceso-con-OZONO-150x150.jpg\" alt=\"plagas de almacen\" width=\"140\" height=\"130\" style=\"margin: 10px 10px 0px 30px; border: 0px;\"  \/><\/a><\/td>\n<td height=\"150\" width=\"350\" style=\"text-align: left; vertical-align: middle;\"><strong><a title=\"Post sobre los CULTIVOS\" target=\"_blank\" href=\"https:\/\/www.ozono21.com\/blog\/page\/2\/?s=cultivos\" rel=\"noopener noreferrer\">Post sobre los CULTIVOS<\/a><\/strong> <\/td>\n<\/tr>\n<\/tbody>\n<\/table>\n<p><\/big><\/p>\n<table border=\"3\" cellspacing=\"0\" cellpadding=\"0\">\n<tbody>\n<tr>\n<td bgcolor=\"#3b7cff\" height=\"25\" width=\"600\" align=\"center\"><strong><a title=\"Videos YouTube\" target=\"_blank\" href=\"http:\/\/www.youtube.com\/user\/ozono21\/videos?sort=p&amp;view=0&amp;flow=grid\" rel=\"noopener noreferrer\"><img loading=\"lazy\" decoding=\"async\" src=\"https:\/\/www.ozono21.com\/blog\/wp-content\/uploads\/2014\/06\/Videos-Youtube.png\" alt=\"Videos Youtube\" width=\"600\" height=\"25\" border=\"0\" \/><\/a><\/strong>\n<\/td>\n<\/tr>\n<\/tbody>\n<\/table>\n<p>&nbsp;<\/p>\n<p style=\"TEXT-ALIGN: center\"><iframe loading=\"lazy\" width=\"600\" height=\"440\" src=\"https:\/\/www.youtube.com\/embed\/tz6f5FJmX5E\" frameborder=\"0\" allow=\"accelerometer; autoplay; encrypted-media; gyroscope; picture-in-picture\" allowfullscreen><\/iframe><\/p>\n<div class=\"pvc_clear\"><\/div>\n<p id=\"pvc_stats_5195639\" class=\"pvc_stats total_only  \" data-element-id=\"5195639\" style=\"\"><i class=\"pvc-stats-icon small\" aria-hidden=\"true\"><svg aria-hidden=\"true\" focusable=\"false\" data-prefix=\"far\" data-icon=\"chart-bar\" role=\"img\" xmlns=\"http:\/\/www.w3.org\/2000\/svg\" viewBox=\"0 0 512 512\" class=\"svg-inline--fa fa-chart-bar fa-w-16 fa-2x\"><path fill=\"currentColor\" d=\"M396.8 352h22.4c6.4 0 12.8-6.4 12.8-12.8V108.8c0-6.4-6.4-12.8-12.8-12.8h-22.4c-6.4 0-12.8 6.4-12.8 12.8v230.4c0 6.4 6.4 12.8 12.8 12.8zm-192 0h22.4c6.4 0 12.8-6.4 12.8-12.8V140.8c0-6.4-6.4-12.8-12.8-12.8h-22.4c-6.4 0-12.8 6.4-12.8 12.8v198.4c0 6.4 6.4 12.8 12.8 12.8zm96 0h22.4c6.4 0 12.8-6.4 12.8-12.8V204.8c0-6.4-6.4-12.8-12.8-12.8h-22.4c-6.4 0-12.8 6.4-12.8 12.8v134.4c0 6.4 6.4 12.8 12.8 12.8zM496 400H48V80c0-8.84-7.16-16-16-16H16C7.16 64 0 71.16 0 80v336c0 17.67 14.33 32 32 32h464c8.84 0 16-7.16 16-16v-16c0-8.84-7.16-16-16-16zm-387.2-48h22.4c6.4 0 12.8-6.4 12.8-12.8v-70.4c0-6.4-6.4-12.8-12.8-12.8h-22.4c-6.4 0-12.8 6.4-12.8 12.8v70.4c0 6.4 6.4 12.8 12.8 12.8z\" class=\"\"><\/path><\/svg><\/i> <img loading=\"lazy\" decoding=\"async\" width=\"16\" height=\"16\" alt=\"Loading\" src=\"https:\/\/www.ozono21.com\/blog\/wp-content\/plugins\/page-views-count\/ajax-loader-2x.gif\" border=0 \/><\/p>\n<div class=\"pvc_clear\"><\/div>\n","protected":false},"excerpt":{"rendered":"<p>La Consejer\u00eda murciana de Agricultura y Agua, a trav\u00e9s del Instituto Murciano de Investigaci\u00f3n y Desarrollo Agrario y Alimentario (IMIDA) y en colaboraci\u00f3n con la Universidad de Murcia, desarrolla un proyecto de investigaci\u00f3n para combatir las plagas de ALMACEN con &hellip; <a href=\"https:\/\/www.ozono21.com\/blog\/bacterias\/combatir-plagas-de-almacen-con-productos-naturales\/\">Sigue leyendo <span class=\"meta-nav\">&rarr;<\/span><\/a><\/p>\n<div class=\"pvc_clear\"><\/div>\n<p id=\"pvc_stats_5195639\" class=\"pvc_stats total_only  \" data-element-id=\"5195639\" style=\"\"><i class=\"pvc-stats-icon small\" aria-hidden=\"true\"><svg aria-hidden=\"true\" focusable=\"false\" data-prefix=\"far\" data-icon=\"chart-bar\" role=\"img\" xmlns=\"http:\/\/www.w3.org\/2000\/svg\" viewBox=\"0 0 512 512\" class=\"svg-inline--fa fa-chart-bar fa-w-16 fa-2x\"><path fill=\"currentColor\" d=\"M396.8 352h22.4c6.4 0 12.8-6.4 12.8-12.8V108.8c0-6.4-6.4-12.8-12.8-12.8h-22.4c-6.4 0-12.8 6.4-12.8 12.8v230.4c0 6.4 6.4 12.8 12.8 12.8zm-192 0h22.4c6.4 0 12.8-6.4 12.8-12.8V140.8c0-6.4-6.4-12.8-12.8-12.8h-22.4c-6.4 0-12.8 6.4-12.8 12.8v198.4c0 6.4 6.4 12.8 12.8 12.8zm96 0h22.4c6.4 0 12.8-6.4 12.8-12.8V204.8c0-6.4-6.4-12.8-12.8-12.8h-22.4c-6.4 0-12.8 6.4-12.8 12.8v134.4c0 6.4 6.4 12.8 12.8 12.8zM496 400H48V80c0-8.84-7.16-16-16-16H16C7.16 64 0 71.16 0 80v336c0 17.67 14.33 32 32 32h464c8.84 0 16-7.16 16-16v-16c0-8.84-7.16-16-16-16zm-387.2-48h22.4c6.4 0 12.8-6.4 12.8-12.8v-70.4c0-6.4-6.4-12.8-12.8-12.8h-22.4c-6.4 0-12.8 6.4-12.8 12.8v70.4c0 6.4 6.4 12.8 12.8 12.8z\" class=\"\"><\/path><\/svg><\/i> <img loading=\"lazy\" decoding=\"async\" width=\"16\" height=\"16\" alt=\"Loading\" src=\"https:\/\/www.ozono21.com\/blog\/wp-content\/plugins\/page-views-count\/ajax-loader-2x.gif\" border=0 \/><\/p>\n<div class=\"pvc_clear\"><\/div>\n","protected":false},"author":1,"featured_media":5195640,"comment_status":"open","ping_status":"open","sticky":false,"template":"","format":"standard","meta":{"_exactmetrics_skip_tracking":false,"_exactmetrics_sitenote_active":false,"_exactmetrics_sitenote_note":"","_exactmetrics_sitenote_category":0,"_jetpack_memberships_contains_paid_content":false,"footnotes":"","jetpack_publicize_message":"","jetpack_publicize_feature_enabled":true,"jetpack_social_post_already_shared":false,"jetpack_social_options":{"image_generator_settings":{"template":"highway","default_image_id":0,"font":"","enabled":false},"version":2}},"categories":[9,5,38],"tags":[24,19,37],"class_list":["post-5195639","post","type-post","status-publish","format-standard","has-post-thumbnail","hentry","category-alimentos","category-bacterias","category-ecologico-2","tag-alimentos-2","tag-bacterias-2","tag-ecologico"],"a3_pvc":{"activated":true,"total_views":4031,"today_views":0},"yoast_head":"<!-- This site is optimized with the Yoast SEO plugin v27.5 - https:\/\/yoast.com\/product\/yoast-seo-wordpress\/ -->\n<title>Plagas de ALMACEN\u00a0y productos naturales<\/title>\n<meta name=\"description\" content=\"\u00bfSe pueden combatir las plagas de ALMACEN con productos naturales? La Consejer\u00eda murciana de Agricultura y Agua\u00a0en proyecto de investigaci\u00f3n\" \/>\n<meta name=\"robots\" content=\"index, follow, max-snippet:-1, max-image-preview:large, max-video-preview:-1\" \/>\n<link rel=\"canonical\" href=\"https:\/\/www.ozono21.com\/blog\/bacterias\/combatir-plagas-de-almacen-con-productos-naturales\/\" \/>\n<meta property=\"og:locale\" content=\"es_ES\" \/>\n<meta property=\"og:type\" content=\"article\" \/>\n<meta property=\"og:title\" content=\"Plagas de ALMACEN\u00a0y productos naturales\" \/>\n<meta property=\"og:description\" content=\"\u00bfSe pueden combatir las plagas de ALMACEN con productos naturales? La Consejer\u00eda murciana de Agricultura y Agua\u00a0en proyecto de investigaci\u00f3n\" \/>\n<meta property=\"og:url\" content=\"https:\/\/www.ozono21.com\/blog\/bacterias\/combatir-plagas-de-almacen-con-productos-naturales\/\" \/>\n<meta property=\"og:site_name\" content=\"- Blog Ozono21\" \/>\n<meta property=\"article:published_time\" content=\"2012-05-15T10:50:32+00:00\" \/>\n<meta property=\"article:modified_time\" content=\"2026-01-22T17:14:08+00:00\" \/>\n<meta property=\"og:image\" content=\"https:\/\/www.ozono21.com\/blog\/wp-content\/uploads\/2012\/05\/Agricultura-granos-diversos-e1453457311804.jpg\" \/>\n\t<meta property=\"og:image:width\" content=\"325\" \/>\n\t<meta property=\"og:image:height\" content=\"325\" \/>\n\t<meta property=\"og:image:type\" content=\"image\/jpeg\" \/>\n<meta name=\"author\" content=\"INVESTIGACION Ozono21\" \/>\n<meta name=\"twitter:label1\" content=\"Escrito por\" \/>\n\t<meta name=\"twitter:data1\" content=\"INVESTIGACION Ozono21\" \/>\n\t<meta name=\"twitter:label2\" content=\"Tiempo de lectura\" \/>\n\t<meta name=\"twitter:data2\" content=\"3 minutos\" \/>\n<script type=\"application\/ld+json\" class=\"yoast-schema-graph\">{\"@context\":\"https:\\\/\\\/schema.org\",\"@graph\":[{\"@type\":\"Article\",\"@id\":\"https:\\\/\\\/www.ozono21.com\\\/blog\\\/bacterias\\\/combatir-plagas-de-almacen-con-productos-naturales\\\/#article\",\"isPartOf\":{\"@id\":\"https:\\\/\\\/www.ozono21.com\\\/blog\\\/bacterias\\\/combatir-plagas-de-almacen-con-productos-naturales\\\/\"},\"author\":{\"name\":\"INVESTIGACION Ozono21\",\"@id\":\"https:\\\/\\\/www.ozono21.com\\\/blog\\\/#\\\/schema\\\/person\\\/16639932c214a173193498aee8204d12\"},\"headline\":\"\u00bfSe pueden combatir las plagas de ALMACEN con productos naturales?\",\"datePublished\":\"2012-05-15T10:50:32+00:00\",\"dateModified\":\"2026-01-22T17:14:08+00:00\",\"mainEntityOfPage\":{\"@id\":\"https:\\\/\\\/www.ozono21.com\\\/blog\\\/bacterias\\\/combatir-plagas-de-almacen-con-productos-naturales\\\/\"},\"wordCount\":591,\"commentCount\":0,\"image\":{\"@id\":\"https:\\\/\\\/www.ozono21.com\\\/blog\\\/bacterias\\\/combatir-plagas-de-almacen-con-productos-naturales\\\/#primaryimage\"},\"thumbnailUrl\":\"https:\\\/\\\/www.ozono21.com\\\/blog\\\/wp-content\\\/uploads\\\/2012\\\/05\\\/Agricultura-granos-diversos-e1453457311804.jpg\",\"keywords\":[\"Alimentos\",\"Bacterias\",\"Ecol\u00f3gico\"],\"articleSection\":[\"Alimentos\",\"Bacterias\",\"Ecol\u00f3gico\"],\"inLanguage\":\"es\",\"potentialAction\":[{\"@type\":\"CommentAction\",\"name\":\"Comment\",\"target\":[\"https:\\\/\\\/www.ozono21.com\\\/blog\\\/bacterias\\\/combatir-plagas-de-almacen-con-productos-naturales\\\/#respond\"]}]},{\"@type\":\"WebPage\",\"@id\":\"https:\\\/\\\/www.ozono21.com\\\/blog\\\/bacterias\\\/combatir-plagas-de-almacen-con-productos-naturales\\\/\",\"url\":\"https:\\\/\\\/www.ozono21.com\\\/blog\\\/bacterias\\\/combatir-plagas-de-almacen-con-productos-naturales\\\/\",\"name\":\"Plagas de ALMACEN\u00a0y productos naturales\",\"isPartOf\":{\"@id\":\"https:\\\/\\\/www.ozono21.com\\\/blog\\\/#website\"},\"primaryImageOfPage\":{\"@id\":\"https:\\\/\\\/www.ozono21.com\\\/blog\\\/bacterias\\\/combatir-plagas-de-almacen-con-productos-naturales\\\/#primaryimage\"},\"image\":{\"@id\":\"https:\\\/\\\/www.ozono21.com\\\/blog\\\/bacterias\\\/combatir-plagas-de-almacen-con-productos-naturales\\\/#primaryimage\"},\"thumbnailUrl\":\"https:\\\/\\\/www.ozono21.com\\\/blog\\\/wp-content\\\/uploads\\\/2012\\\/05\\\/Agricultura-granos-diversos-e1453457311804.jpg\",\"datePublished\":\"2012-05-15T10:50:32+00:00\",\"dateModified\":\"2026-01-22T17:14:08+00:00\",\"author\":{\"@id\":\"https:\\\/\\\/www.ozono21.com\\\/blog\\\/#\\\/schema\\\/person\\\/16639932c214a173193498aee8204d12\"},\"description\":\"\u00bfSe pueden combatir las plagas de ALMACEN con productos naturales? La Consejer\u00eda murciana de Agricultura y Agua\u00a0en proyecto de investigaci\u00f3n\",\"breadcrumb\":{\"@id\":\"https:\\\/\\\/www.ozono21.com\\\/blog\\\/bacterias\\\/combatir-plagas-de-almacen-con-productos-naturales\\\/#breadcrumb\"},\"inLanguage\":\"es\",\"potentialAction\":[{\"@type\":\"ReadAction\",\"target\":[\"https:\\\/\\\/www.ozono21.com\\\/blog\\\/bacterias\\\/combatir-plagas-de-almacen-con-productos-naturales\\\/\"]}]},{\"@type\":\"ImageObject\",\"inLanguage\":\"es\",\"@id\":\"https:\\\/\\\/www.ozono21.com\\\/blog\\\/bacterias\\\/combatir-plagas-de-almacen-con-productos-naturales\\\/#primaryimage\",\"url\":\"https:\\\/\\\/www.ozono21.com\\\/blog\\\/wp-content\\\/uploads\\\/2012\\\/05\\\/Agricultura-granos-diversos-e1453457311804.jpg\",\"contentUrl\":\"https:\\\/\\\/www.ozono21.com\\\/blog\\\/wp-content\\\/uploads\\\/2012\\\/05\\\/Agricultura-granos-diversos-e1453457311804.jpg\",\"width\":325,\"height\":325},{\"@type\":\"BreadcrumbList\",\"@id\":\"https:\\\/\\\/www.ozono21.com\\\/blog\\\/bacterias\\\/combatir-plagas-de-almacen-con-productos-naturales\\\/#breadcrumb\",\"itemListElement\":[{\"@type\":\"ListItem\",\"position\":1,\"name\":\"Portada\",\"item\":\"https:\\\/\\\/www.ozono21.com\\\/blog\\\/\"},{\"@type\":\"ListItem\",\"position\":2,\"name\":\"\u00bfSe pueden combatir las plagas de ALMACEN con productos naturales?\"}]},{\"@type\":\"WebSite\",\"@id\":\"https:\\\/\\\/www.ozono21.com\\\/blog\\\/#website\",\"url\":\"https:\\\/\\\/www.ozono21.com\\\/blog\\\/\",\"name\":\"Blog Ozono21\",\"description\":\" - Blog Ozono21\",\"potentialAction\":[{\"@type\":\"SearchAction\",\"target\":{\"@type\":\"EntryPoint\",\"urlTemplate\":\"https:\\\/\\\/www.ozono21.com\\\/blog\\\/?s={search_term_string}\"},\"query-input\":{\"@type\":\"PropertyValueSpecification\",\"valueRequired\":true,\"valueName\":\"search_term_string\"}}],\"inLanguage\":\"es\"},{\"@type\":\"Person\",\"@id\":\"https:\\\/\\\/www.ozono21.com\\\/blog\\\/#\\\/schema\\\/person\\\/16639932c214a173193498aee8204d12\",\"name\":\"INVESTIGACION Ozono21\",\"image\":{\"@type\":\"ImageObject\",\"inLanguage\":\"es\",\"@id\":\"https:\\\/\\\/secure.gravatar.com\\\/avatar\\\/f00ed9ac57a3eea6b9830d73dc9f9214775648c7763edcb20475eb83509b31fd?s=96&d=mm&r=g\",\"url\":\"https:\\\/\\\/secure.gravatar.com\\\/avatar\\\/f00ed9ac57a3eea6b9830d73dc9f9214775648c7763edcb20475eb83509b31fd?s=96&d=mm&r=g\",\"contentUrl\":\"https:\\\/\\\/secure.gravatar.com\\\/avatar\\\/f00ed9ac57a3eea6b9830d73dc9f9214775648c7763edcb20475eb83509b31fd?s=96&d=mm&r=g\",\"caption\":\"INVESTIGACION Ozono21\"}}]}<\/script>\n<!-- \/ Yoast SEO plugin. -->","yoast_head_json":{"title":"Plagas de ALMACEN\u00a0y productos naturales","description":"\u00bfSe pueden combatir las plagas de ALMACEN con productos naturales? La Consejer\u00eda murciana de Agricultura y Agua\u00a0en proyecto de investigaci\u00f3n","robots":{"index":"index","follow":"follow","max-snippet":"max-snippet:-1","max-image-preview":"max-image-preview:large","max-video-preview":"max-video-preview:-1"},"canonical":"https:\/\/www.ozono21.com\/blog\/bacterias\/combatir-plagas-de-almacen-con-productos-naturales\/","og_locale":"es_ES","og_type":"article","og_title":"Plagas de ALMACEN\u00a0y productos naturales","og_description":"\u00bfSe pueden combatir las plagas de ALMACEN con productos naturales? La Consejer\u00eda murciana de Agricultura y Agua\u00a0en proyecto de investigaci\u00f3n","og_url":"https:\/\/www.ozono21.com\/blog\/bacterias\/combatir-plagas-de-almacen-con-productos-naturales\/","og_site_name":"- Blog Ozono21","article_published_time":"2012-05-15T10:50:32+00:00","article_modified_time":"2026-01-22T17:14:08+00:00","og_image":[{"width":325,"height":325,"url":"https:\/\/www.ozono21.com\/blog\/wp-content\/uploads\/2012\/05\/Agricultura-granos-diversos-e1453457311804.jpg","type":"image\/jpeg"}],"author":"INVESTIGACION Ozono21","twitter_misc":{"Escrito por":"INVESTIGACION Ozono21","Tiempo de lectura":"3 minutos"},"schema":{"@context":"https:\/\/schema.org","@graph":[{"@type":"Article","@id":"https:\/\/www.ozono21.com\/blog\/bacterias\/combatir-plagas-de-almacen-con-productos-naturales\/#article","isPartOf":{"@id":"https:\/\/www.ozono21.com\/blog\/bacterias\/combatir-plagas-de-almacen-con-productos-naturales\/"},"author":{"name":"INVESTIGACION Ozono21","@id":"https:\/\/www.ozono21.com\/blog\/#\/schema\/person\/16639932c214a173193498aee8204d12"},"headline":"\u00bfSe pueden combatir las plagas de ALMACEN con productos naturales?","datePublished":"2012-05-15T10:50:32+00:00","dateModified":"2026-01-22T17:14:08+00:00","mainEntityOfPage":{"@id":"https:\/\/www.ozono21.com\/blog\/bacterias\/combatir-plagas-de-almacen-con-productos-naturales\/"},"wordCount":591,"commentCount":0,"image":{"@id":"https:\/\/www.ozono21.com\/blog\/bacterias\/combatir-plagas-de-almacen-con-productos-naturales\/#primaryimage"},"thumbnailUrl":"https:\/\/www.ozono21.com\/blog\/wp-content\/uploads\/2012\/05\/Agricultura-granos-diversos-e1453457311804.jpg","keywords":["Alimentos","Bacterias","Ecol\u00f3gico"],"articleSection":["Alimentos","Bacterias","Ecol\u00f3gico"],"inLanguage":"es","potentialAction":[{"@type":"CommentAction","name":"Comment","target":["https:\/\/www.ozono21.com\/blog\/bacterias\/combatir-plagas-de-almacen-con-productos-naturales\/#respond"]}]},{"@type":"WebPage","@id":"https:\/\/www.ozono21.com\/blog\/bacterias\/combatir-plagas-de-almacen-con-productos-naturales\/","url":"https:\/\/www.ozono21.com\/blog\/bacterias\/combatir-plagas-de-almacen-con-productos-naturales\/","name":"Plagas de ALMACEN\u00a0y productos naturales","isPartOf":{"@id":"https:\/\/www.ozono21.com\/blog\/#website"},"primaryImageOfPage":{"@id":"https:\/\/www.ozono21.com\/blog\/bacterias\/combatir-plagas-de-almacen-con-productos-naturales\/#primaryimage"},"image":{"@id":"https:\/\/www.ozono21.com\/blog\/bacterias\/combatir-plagas-de-almacen-con-productos-naturales\/#primaryimage"},"thumbnailUrl":"https:\/\/www.ozono21.com\/blog\/wp-content\/uploads\/2012\/05\/Agricultura-granos-diversos-e1453457311804.jpg","datePublished":"2012-05-15T10:50:32+00:00","dateModified":"2026-01-22T17:14:08+00:00","author":{"@id":"https:\/\/www.ozono21.com\/blog\/#\/schema\/person\/16639932c214a173193498aee8204d12"},"description":"\u00bfSe pueden combatir las plagas de ALMACEN con productos naturales? La Consejer\u00eda murciana de Agricultura y Agua\u00a0en proyecto de investigaci\u00f3n","breadcrumb":{"@id":"https:\/\/www.ozono21.com\/blog\/bacterias\/combatir-plagas-de-almacen-con-productos-naturales\/#breadcrumb"},"inLanguage":"es","potentialAction":[{"@type":"ReadAction","target":["https:\/\/www.ozono21.com\/blog\/bacterias\/combatir-plagas-de-almacen-con-productos-naturales\/"]}]},{"@type":"ImageObject","inLanguage":"es","@id":"https:\/\/www.ozono21.com\/blog\/bacterias\/combatir-plagas-de-almacen-con-productos-naturales\/#primaryimage","url":"https:\/\/www.ozono21.com\/blog\/wp-content\/uploads\/2012\/05\/Agricultura-granos-diversos-e1453457311804.jpg","contentUrl":"https:\/\/www.ozono21.com\/blog\/wp-content\/uploads\/2012\/05\/Agricultura-granos-diversos-e1453457311804.jpg","width":325,"height":325},{"@type":"BreadcrumbList","@id":"https:\/\/www.ozono21.com\/blog\/bacterias\/combatir-plagas-de-almacen-con-productos-naturales\/#breadcrumb","itemListElement":[{"@type":"ListItem","position":1,"name":"Portada","item":"https:\/\/www.ozono21.com\/blog\/"},{"@type":"ListItem","position":2,"name":"\u00bfSe pueden combatir las plagas de ALMACEN con productos naturales?"}]},{"@type":"WebSite","@id":"https:\/\/www.ozono21.com\/blog\/#website","url":"https:\/\/www.ozono21.com\/blog\/","name":"Blog Ozono21","description":" - Blog Ozono21","potentialAction":[{"@type":"SearchAction","target":{"@type":"EntryPoint","urlTemplate":"https:\/\/www.ozono21.com\/blog\/?s={search_term_string}"},"query-input":{"@type":"PropertyValueSpecification","valueRequired":true,"valueName":"search_term_string"}}],"inLanguage":"es"},{"@type":"Person","@id":"https:\/\/www.ozono21.com\/blog\/#\/schema\/person\/16639932c214a173193498aee8204d12","name":"INVESTIGACION Ozono21","image":{"@type":"ImageObject","inLanguage":"es","@id":"https:\/\/secure.gravatar.com\/avatar\/f00ed9ac57a3eea6b9830d73dc9f9214775648c7763edcb20475eb83509b31fd?s=96&d=mm&r=g","url":"https:\/\/secure.gravatar.com\/avatar\/f00ed9ac57a3eea6b9830d73dc9f9214775648c7763edcb20475eb83509b31fd?s=96&d=mm&r=g","contentUrl":"https:\/\/secure.gravatar.com\/avatar\/f00ed9ac57a3eea6b9830d73dc9f9214775648c7763edcb20475eb83509b31fd?s=96&d=mm&r=g","caption":"INVESTIGACION Ozono21"}}]}},"jetpack_publicize_connections":[],"jetpack_featured_media_url":"https:\/\/www.ozono21.com\/blog\/wp-content\/uploads\/2012\/05\/Agricultura-granos-diversos-e1453457311804.jpg","jetpack_sharing_enabled":true,"_links":{"self":[{"href":"https:\/\/www.ozono21.com\/blog\/wp-json\/wp\/v2\/posts\/5195639","targetHints":{"allow":["GET"]}}],"collection":[{"href":"https:\/\/www.ozono21.com\/blog\/wp-json\/wp\/v2\/posts"}],"about":[{"href":"https:\/\/www.ozono21.com\/blog\/wp-json\/wp\/v2\/types\/post"}],"author":[{"embeddable":true,"href":"https:\/\/www.ozono21.com\/blog\/wp-json\/wp\/v2\/users\/1"}],"replies":[{"embeddable":true,"href":"https:\/\/www.ozono21.com\/blog\/wp-json\/wp\/v2\/comments?post=5195639"}],"version-history":[{"count":0,"href":"https:\/\/www.ozono21.com\/blog\/wp-json\/wp\/v2\/posts\/5195639\/revisions"}],"wp:featuredmedia":[{"embeddable":true,"href":"https:\/\/www.ozono21.com\/blog\/wp-json\/wp\/v2\/media\/5195640"}],"wp:attachment":[{"href":"https:\/\/www.ozono21.com\/blog\/wp-json\/wp\/v2\/media?parent=5195639"}],"wp:term":[{"taxonomy":"category","embeddable":true,"href":"https:\/\/www.ozono21.com\/blog\/wp-json\/wp\/v2\/categories?post=5195639"},{"taxonomy":"post_tag","embeddable":true,"href":"https:\/\/www.ozono21.com\/blog\/wp-json\/wp\/v2\/tags?post=5195639"}],"curies":[{"name":"wp","href":"https:\/\/api.w.org\/{rel}","templated":true}]}}