{"id":5195254,"date":"2009-08-06T19:14:53","date_gmt":"2009-08-06T17:14:53","guid":{"rendered":"https:\/\/www.ozono21.com\/blog\/?p=5195254"},"modified":"2026-01-29T15:43:49","modified_gmt":"2026-01-29T13:43:49","slug":"aves-acuaticas-de-europa","status":"publish","type":"post","link":"https:\/\/www.ozono21.com\/blog\/medioambiente\/aves-acuaticas-de-europa\/","title":{"rendered":"AVES ACUATICAS el calentamiento global expulsar\u00e1 a las AVES ACUATICAS de Europa"},"content":{"rendered":"<p style=\"text-align: justify;\">\n<h2 style=\"text-align: justify;\"><strong><img loading=\"lazy\" decoding=\"async\" style=\"margin: 10px 20px 0px 0px; cursor: hand; border: 0px;\" class=\"alignleft\" title=\" AVES ACUATICAS \" src=\"https:\/\/www.ozono21.com\/blog\/wp-content\/uploads\/2012\/04\/aves-acuaticas.jpg\" alt=\" AVES ACUATICAS  \" width=\"282\" height=\"323\" \/><a title=\"Ozono21\" href=\"https:\/\/www.ozono21.com\/que-es-ozono\" target=\"_blank\" rel=\"noopener noreferrer\">Cient\u00edficos de la Universidad de M\u00e1laga han descompuesto la gran diversidad de 152 especies de las AVES ACUATICAS en grupos de especies con una distribuci\u00f3n similar en Europa continental.<\/p>\n<p>El estudio demuestra que la energ\u00eda ambiental, es decir, debido a la temperatura, es el factor que explicar\u00eda la movilidad de las aves, sobre todo ante la perspectiva de un calentamiento global.<\/a><\/strong><\/h2>\n<\/p>\n<p><P>FUENTE: El Mundo Digital (20\/01\/2009)<\/p>\n<p style=\"text-align: justify;\">Un an\u00e1lisis conjunto de todas las especies de AVES ACUATICAS puede aportar una visi\u00f3n borrosa de sus tendencias biogeogr\u00e1ficas. Por ello, un equipo de investigadores malague\u00f1os ha dividido a las aves de Europa continental, Islas Brit\u00e1nicas y de Islandia en grupos de aves denominados &#8216;corotipos&#8217; (indicadores de la respuesta de las especies al medio ambiente) para entender los procesos hist\u00f3ricos y ecol\u00f3gicos de las preferencias territoriales de los p\u00e1jaros.<\/p>\n<p style=\"text-align: justify;\">El estudio, que se ha publicado recientemente en <a href=\"http:\/\/www.wiley.com\/bw\/journal.asp?ref=1466-822X&amp;site=1\" target=\"_blank\" rel=\"noopener noreferrer\">Global Ecology and Biogeography<\/a>, permite fragmentar la distribuci\u00f3n de 140 especies de AVES ACUATICAS nidificantes en 9 corotipos. \u00abTres de ellos agrupan el 70% de las especies, muy ampliamente distribuidas bien por la regi\u00f3n septentrional, por la regi\u00f3n meridional, o por las latitudes medias del continente europeo\u00bb, explica a SINC Raimundo Real, autor principal e investigador de la <a href=\"http:\/\/www.ciencias.uma.es\/\" target=\"_blank\" rel=\"noopener noreferrer\">Facultad de Ciencias de la UMA<\/a>.<\/p>\n<p style=\"text-align: justify;\">El resto de corotipos est\u00e1n restringidos geogr\u00e1ficamente y se ubican en Islandia, en las cercan\u00edas del \u00c1rtico europeo, en la Pen\u00ednsula Ib\u00e9rica y en Europa sur-oriental.<\/p>\n<p style=\"text-align: justify;\">Seg\u00fan el investigador, \u00ab10 especies marinas coinciden geogr\u00e1ficamente en Gran Breta\u00f1a, aunque sus distribuciones se extienden por otras costas europeas y se superponen unas a otras de forma gradual\u00bb.<\/p>\n<p><big><strong><a title=\"Generadores de Ozono21 para el Tratamiento del AGUA\" href=\"https:\/\/www.ozono21.com\/productos-ozono\" target=\"_blank\" rel=\"noopener noreferrer\">LAS AVES DEL \u00c1RTICO PODR\u00cdAN DESAPARECER<\/A><\/strong><\/big><\/p>\n<p style=\"text-align: justify;\"><strong>Los resultados de la investigaci\u00f3n demuestran que, desde un punto de vista ambiental, la temperatura (o energ\u00eda ambiental) es la que determina la posici\u00f3n geogr\u00e1fica de la mayor\u00eda de los corotipos. <\/strong>\u00abCasi el 40% de las especies tienden a nidificar en las zonas con menor energ\u00eda ambiental, y otro 40% ocupa las zonas con niveles intermedios de energ\u00eda\u00bb, se\u00f1ala Real.<\/p>\n<p style=\"text-align: justify;\">Ante un probable calentamiento global, la conservaci\u00f3n de las AVES ACUATICAS en Europa se podr\u00eda ver comprometida. <strong>\u00abEl aumento de las temperaturas podr\u00eda repercutir en el desplazamiento hacia el Norte de las especies m\u00e1s septentrionales, el desplazamiento hacia el Sur de las especies orientales, y el reajuste geogr\u00e1fico de las especies meridionales y de centro-Europa\u00bb,<\/strong> destaca el cient\u00edfico.<\/p>\n<p style=\"text-align: justify;\"><strong>Las poblaciones reproductoras de especies con \u00e1reas de nidificaci\u00f3n cercanas al \u00c1rtico \u00abpodr\u00edan incluso desaparecer del continente\u00bb, a\u00f1ade Real.<\/strong><\/p>\n<table border=\"3\" cellspacing=\"0\" cellpadding=\"0\">\n<tbody>\n<tr>\n<td bgcolor=\"#3b7cff\" height=\"25\" width=\"600\" align=\"center\"><strong><a title=\"Actualidad ACCION del OZONO\" href=\"https:\/\/www.ozono21.com\/actualidad-interna\/accion-del-ozono\/423\/\" target=\"_blank\" rel=\"noopener noreferrer\"><img loading=\"lazy\" decoding=\"async\" src=\"https:\/\/www.ozono21.com\/blog\/wp-content\/uploads\/2014\/06\/Noticias-Relacionadas.png\" alt=\"Noticias Relacionadas\" width=\"600\" height=\"25\" style=\"margin: 0px 0px 0px 0px; cursor: hand; border: 0px;\"><\/a><\/strong>\n<\/td>\n<\/tr>\n<\/tbody>\n<\/table>\n<p><big><\/p>\n<ul>\n<li><strong><a title=\" AVES ACUATICAS \" href=\"https:\/\/www.ozono21.com\/blog\/?s=AVES+ACUATICAS\" target=\"_blank\" rel=\"noopener noreferrer\"> AVES ACUATICAS <\/a><\/strong><\/li>\n<\/ul>\n<p><\/big><\/P><\/p>\n<table border=\"3\" cellspacing=\"0\" cellpadding=\"0\">\n<tbody>\n<tr>\n<td bgcolor=\"#3b7cff\" height=\"25\" width=\"600\" align=\"center\"><strong><a title=\"Videos YouTube\" target=\"_blank\" href=\"https:\/\/www.youtube.com\/user\/ozono21\/videos?sort=p&amp;view=0&amp;flow=grid\" rel=\"noopener noreferrer\"><img loading=\"lazy\" decoding=\"async\" src=\"https:\/\/www.ozono21.com\/blog\/wp-content\/uploads\/2014\/06\/Videos-Youtube.png\" alt=\"Videos Youtube\" width=\"600\" height=\"25\" border=\"0\" \/><\/a><\/strong>\n<\/td>\n<\/tr>\n<\/tbody>\n<\/table>\n<p>&nbsp;<\/p>\n<p style=\"text-align: center;\"><iframe loading=\"lazy\" width=\"640\" height=\"480\" src=\"https:\/\/www.youtube.com\/embed\/cvUJfdVrpLA\" frameborder=\"0\" allow=\"accelerometer; autoplay; encrypted-media; gyroscope; picture-in-picture\" allowfullscreen><\/iframe><\/p>\n<div class=\"pvc_clear\"><\/div>\n<p id=\"pvc_stats_5195254\" class=\"pvc_stats total_only  \" data-element-id=\"5195254\" style=\"\"><i class=\"pvc-stats-icon small\" aria-hidden=\"true\"><svg aria-hidden=\"true\" focusable=\"false\" data-prefix=\"far\" data-icon=\"chart-bar\" role=\"img\" xmlns=\"http:\/\/www.w3.org\/2000\/svg\" viewBox=\"0 0 512 512\" class=\"svg-inline--fa fa-chart-bar fa-w-16 fa-2x\"><path fill=\"currentColor\" d=\"M396.8 352h22.4c6.4 0 12.8-6.4 12.8-12.8V108.8c0-6.4-6.4-12.8-12.8-12.8h-22.4c-6.4 0-12.8 6.4-12.8 12.8v230.4c0 6.4 6.4 12.8 12.8 12.8zm-192 0h22.4c6.4 0 12.8-6.4 12.8-12.8V140.8c0-6.4-6.4-12.8-12.8-12.8h-22.4c-6.4 0-12.8 6.4-12.8 12.8v198.4c0 6.4 6.4 12.8 12.8 12.8zm96 0h22.4c6.4 0 12.8-6.4 12.8-12.8V204.8c0-6.4-6.4-12.8-12.8-12.8h-22.4c-6.4 0-12.8 6.4-12.8 12.8v134.4c0 6.4 6.4 12.8 12.8 12.8zM496 400H48V80c0-8.84-7.16-16-16-16H16C7.16 64 0 71.16 0 80v336c0 17.67 14.33 32 32 32h464c8.84 0 16-7.16 16-16v-16c0-8.84-7.16-16-16-16zm-387.2-48h22.4c6.4 0 12.8-6.4 12.8-12.8v-70.4c0-6.4-6.4-12.8-12.8-12.8h-22.4c-6.4 0-12.8 6.4-12.8 12.8v70.4c0 6.4 6.4 12.8 12.8 12.8z\" class=\"\"><\/path><\/svg><\/i> <img loading=\"lazy\" decoding=\"async\" width=\"16\" height=\"16\" alt=\"Loading\" src=\"https:\/\/www.ozono21.com\/blog\/wp-content\/plugins\/page-views-count\/ajax-loader-2x.gif\" border=0 \/><\/p>\n<div class=\"pvc_clear\"><\/div>\n","protected":false},"excerpt":{"rendered":"<p>Cient\u00edficos de la Universidad de M\u00e1laga han descompuesto la gran diversidad de 152 especies de las AVES ACUATICAS en grupos de especies con una distribuci\u00f3n similar en Europa continental. El estudio demuestra que la energ\u00eda ambiental, es decir, debido a &hellip; <a href=\"https:\/\/www.ozono21.com\/blog\/medioambiente\/aves-acuaticas-de-europa\/\">Sigue leyendo <span class=\"meta-nav\">&rarr;<\/span><\/a><\/p>\n<div class=\"pvc_clear\"><\/div>\n<p id=\"pvc_stats_5195254\" class=\"pvc_stats total_only  \" data-element-id=\"5195254\" style=\"\"><i class=\"pvc-stats-icon small\" aria-hidden=\"true\"><svg aria-hidden=\"true\" focusable=\"false\" data-prefix=\"far\" data-icon=\"chart-bar\" role=\"img\" xmlns=\"http:\/\/www.w3.org\/2000\/svg\" viewBox=\"0 0 512 512\" class=\"svg-inline--fa fa-chart-bar fa-w-16 fa-2x\"><path fill=\"currentColor\" d=\"M396.8 352h22.4c6.4 0 12.8-6.4 12.8-12.8V108.8c0-6.4-6.4-12.8-12.8-12.8h-22.4c-6.4 0-12.8 6.4-12.8 12.8v230.4c0 6.4 6.4 12.8 12.8 12.8zm-192 0h22.4c6.4 0 12.8-6.4 12.8-12.8V140.8c0-6.4-6.4-12.8-12.8-12.8h-22.4c-6.4 0-12.8 6.4-12.8 12.8v198.4c0 6.4 6.4 12.8 12.8 12.8zm96 0h22.4c6.4 0 12.8-6.4 12.8-12.8V204.8c0-6.4-6.4-12.8-12.8-12.8h-22.4c-6.4 0-12.8 6.4-12.8 12.8v134.4c0 6.4 6.4 12.8 12.8 12.8zM496 400H48V80c0-8.84-7.16-16-16-16H16C7.16 64 0 71.16 0 80v336c0 17.67 14.33 32 32 32h464c8.84 0 16-7.16 16-16v-16c0-8.84-7.16-16-16-16zm-387.2-48h22.4c6.4 0 12.8-6.4 12.8-12.8v-70.4c0-6.4-6.4-12.8-12.8-12.8h-22.4c-6.4 0-12.8 6.4-12.8 12.8v70.4c0 6.4 6.4 12.8 12.8 12.8z\" class=\"\"><\/path><\/svg><\/i> <img loading=\"lazy\" decoding=\"async\" width=\"16\" height=\"16\" alt=\"Loading\" src=\"https:\/\/www.ozono21.com\/blog\/wp-content\/plugins\/page-views-count\/ajax-loader-2x.gif\" border=0 \/><\/p>\n<div class=\"pvc_clear\"><\/div>\n","protected":false},"author":1,"featured_media":5214313,"comment_status":"open","ping_status":"open","sticky":false,"template":"","format":"standard","meta":{"_exactmetrics_skip_tracking":false,"_exactmetrics_sitenote_active":false,"_exactmetrics_sitenote_note":"","_exactmetrics_sitenote_category":0,"_jetpack_memberships_contains_paid_content":false,"footnotes":"","jetpack_publicize_message":"","jetpack_publicize_feature_enabled":true,"jetpack_social_post_already_shared":false,"jetpack_social_options":{"image_generator_settings":{"template":"highway","default_image_id":0,"font":"","enabled":false},"version":2}},"categories":[75,13],"tags":[23,74],"class_list":["post-5195254","post","type-post","status-publish","format-standard","has-post-thumbnail","hentry","category-animales","category-medioambiente","tag-animales","tag-medioambiente"],"a3_pvc":{"activated":true,"total_views":4026,"today_views":0},"yoast_head":"<!-- This site is optimized with the Yoast SEO plugin v27.5 - https:\/\/yoast.com\/product\/yoast-seo-wordpress\/ -->\n<title>AVES ACUATICAS de Europa<\/title>\n<meta name=\"description\" content=\"Calentamiento global expulsar\u00e1 a las AVES ACUATICAS de Europa. An\u00e1lisis de AVES ACUATICAS es borroso de sus tendencias biogeogr\u00e1ficas\" \/>\n<meta name=\"robots\" content=\"index, follow, max-snippet:-1, max-image-preview:large, max-video-preview:-1\" \/>\n<link rel=\"canonical\" href=\"https:\/\/www.ozono21.com\/blog\/medioambiente\/aves-acuaticas-de-europa\/\" \/>\n<meta property=\"og:locale\" content=\"es_ES\" \/>\n<meta property=\"og:type\" content=\"article\" \/>\n<meta property=\"og:title\" content=\"AVES ACUATICAS de Europa\" \/>\n<meta property=\"og:description\" content=\"Calentamiento global expulsar\u00e1 a las AVES ACUATICAS de Europa. An\u00e1lisis de AVES ACUATICAS es borroso de sus tendencias biogeogr\u00e1ficas\" \/>\n<meta property=\"og:url\" content=\"https:\/\/www.ozono21.com\/blog\/medioambiente\/aves-acuaticas-de-europa\/\" \/>\n<meta property=\"og:site_name\" content=\"- Blog Ozono21\" \/>\n<meta property=\"article:published_time\" content=\"2009-08-06T17:14:53+00:00\" \/>\n<meta property=\"article:modified_time\" content=\"2026-01-29T13:43:49+00:00\" \/>\n<meta property=\"og:image\" content=\"https:\/\/www.ozono21.com\/blog\/wp-content\/uploads\/2009\/08\/aves-acuaticas.jpg\" \/>\n\t<meta property=\"og:image:width\" content=\"575\" \/>\n\t<meta property=\"og:image:height\" content=\"640\" \/>\n\t<meta property=\"og:image:type\" content=\"image\/jpeg\" \/>\n<meta name=\"author\" content=\"INVESTIGACION Ozono21\" \/>\n<meta name=\"twitter:label1\" content=\"Escrito por\" \/>\n\t<meta name=\"twitter:data1\" content=\"INVESTIGACION Ozono21\" \/>\n\t<meta name=\"twitter:label2\" content=\"Tiempo de lectura\" \/>\n\t<meta name=\"twitter:data2\" content=\"2 minutos\" \/>\n<script type=\"application\/ld+json\" class=\"yoast-schema-graph\">{\"@context\":\"https:\\\/\\\/schema.org\",\"@graph\":[{\"@type\":\"Article\",\"@id\":\"https:\\\/\\\/www.ozono21.com\\\/blog\\\/medioambiente\\\/aves-acuaticas-de-europa\\\/#article\",\"isPartOf\":{\"@id\":\"https:\\\/\\\/www.ozono21.com\\\/blog\\\/medioambiente\\\/aves-acuaticas-de-europa\\\/\"},\"author\":{\"name\":\"INVESTIGACION Ozono21\",\"@id\":\"https:\\\/\\\/www.ozono21.com\\\/blog\\\/#\\\/schema\\\/person\\\/16639932c214a173193498aee8204d12\"},\"headline\":\"AVES ACUATICAS el calentamiento global expulsar\u00e1 a las AVES ACUATICAS de Europa\",\"datePublished\":\"2009-08-06T17:14:53+00:00\",\"dateModified\":\"2026-01-29T13:43:49+00:00\",\"mainEntityOfPage\":{\"@id\":\"https:\\\/\\\/www.ozono21.com\\\/blog\\\/medioambiente\\\/aves-acuaticas-de-europa\\\/\"},\"wordCount\":454,\"commentCount\":0,\"image\":{\"@id\":\"https:\\\/\\\/www.ozono21.com\\\/blog\\\/medioambiente\\\/aves-acuaticas-de-europa\\\/#primaryimage\"},\"thumbnailUrl\":\"https:\\\/\\\/www.ozono21.com\\\/blog\\\/wp-content\\\/uploads\\\/2009\\\/08\\\/aves-acuaticas.jpg\",\"keywords\":[\"Animales\",\"MedioAmbiente\"],\"articleSection\":[\"Animales\",\"MedioAmbiente\"],\"inLanguage\":\"es\",\"potentialAction\":[{\"@type\":\"CommentAction\",\"name\":\"Comment\",\"target\":[\"https:\\\/\\\/www.ozono21.com\\\/blog\\\/medioambiente\\\/aves-acuaticas-de-europa\\\/#respond\"]}]},{\"@type\":\"WebPage\",\"@id\":\"https:\\\/\\\/www.ozono21.com\\\/blog\\\/medioambiente\\\/aves-acuaticas-de-europa\\\/\",\"url\":\"https:\\\/\\\/www.ozono21.com\\\/blog\\\/medioambiente\\\/aves-acuaticas-de-europa\\\/\",\"name\":\"AVES ACUATICAS de Europa\",\"isPartOf\":{\"@id\":\"https:\\\/\\\/www.ozono21.com\\\/blog\\\/#website\"},\"primaryImageOfPage\":{\"@id\":\"https:\\\/\\\/www.ozono21.com\\\/blog\\\/medioambiente\\\/aves-acuaticas-de-europa\\\/#primaryimage\"},\"image\":{\"@id\":\"https:\\\/\\\/www.ozono21.com\\\/blog\\\/medioambiente\\\/aves-acuaticas-de-europa\\\/#primaryimage\"},\"thumbnailUrl\":\"https:\\\/\\\/www.ozono21.com\\\/blog\\\/wp-content\\\/uploads\\\/2009\\\/08\\\/aves-acuaticas.jpg\",\"datePublished\":\"2009-08-06T17:14:53+00:00\",\"dateModified\":\"2026-01-29T13:43:49+00:00\",\"author\":{\"@id\":\"https:\\\/\\\/www.ozono21.com\\\/blog\\\/#\\\/schema\\\/person\\\/16639932c214a173193498aee8204d12\"},\"description\":\"Calentamiento global expulsar\u00e1 a las AVES ACUATICAS de Europa. An\u00e1lisis de AVES ACUATICAS es borroso de sus tendencias biogeogr\u00e1ficas\",\"breadcrumb\":{\"@id\":\"https:\\\/\\\/www.ozono21.com\\\/blog\\\/medioambiente\\\/aves-acuaticas-de-europa\\\/#breadcrumb\"},\"inLanguage\":\"es\",\"potentialAction\":[{\"@type\":\"ReadAction\",\"target\":[\"https:\\\/\\\/www.ozono21.com\\\/blog\\\/medioambiente\\\/aves-acuaticas-de-europa\\\/\"]}]},{\"@type\":\"ImageObject\",\"inLanguage\":\"es\",\"@id\":\"https:\\\/\\\/www.ozono21.com\\\/blog\\\/medioambiente\\\/aves-acuaticas-de-europa\\\/#primaryimage\",\"url\":\"https:\\\/\\\/www.ozono21.com\\\/blog\\\/wp-content\\\/uploads\\\/2009\\\/08\\\/aves-acuaticas.jpg\",\"contentUrl\":\"https:\\\/\\\/www.ozono21.com\\\/blog\\\/wp-content\\\/uploads\\\/2009\\\/08\\\/aves-acuaticas.jpg\",\"width\":575,\"height\":640},{\"@type\":\"BreadcrumbList\",\"@id\":\"https:\\\/\\\/www.ozono21.com\\\/blog\\\/medioambiente\\\/aves-acuaticas-de-europa\\\/#breadcrumb\",\"itemListElement\":[{\"@type\":\"ListItem\",\"position\":1,\"name\":\"Portada\",\"item\":\"https:\\\/\\\/www.ozono21.com\\\/blog\\\/\"},{\"@type\":\"ListItem\",\"position\":2,\"name\":\"AVES ACUATICAS el calentamiento global expulsar\u00e1 a las AVES ACUATICAS de Europa\"}]},{\"@type\":\"WebSite\",\"@id\":\"https:\\\/\\\/www.ozono21.com\\\/blog\\\/#website\",\"url\":\"https:\\\/\\\/www.ozono21.com\\\/blog\\\/\",\"name\":\"Blog Ozono21\",\"description\":\" - Blog Ozono21\",\"potentialAction\":[{\"@type\":\"SearchAction\",\"target\":{\"@type\":\"EntryPoint\",\"urlTemplate\":\"https:\\\/\\\/www.ozono21.com\\\/blog\\\/?s={search_term_string}\"},\"query-input\":{\"@type\":\"PropertyValueSpecification\",\"valueRequired\":true,\"valueName\":\"search_term_string\"}}],\"inLanguage\":\"es\"},{\"@type\":\"Person\",\"@id\":\"https:\\\/\\\/www.ozono21.com\\\/blog\\\/#\\\/schema\\\/person\\\/16639932c214a173193498aee8204d12\",\"name\":\"INVESTIGACION Ozono21\",\"image\":{\"@type\":\"ImageObject\",\"inLanguage\":\"es\",\"@id\":\"https:\\\/\\\/secure.gravatar.com\\\/avatar\\\/f00ed9ac57a3eea6b9830d73dc9f9214775648c7763edcb20475eb83509b31fd?s=96&d=mm&r=g\",\"url\":\"https:\\\/\\\/secure.gravatar.com\\\/avatar\\\/f00ed9ac57a3eea6b9830d73dc9f9214775648c7763edcb20475eb83509b31fd?s=96&d=mm&r=g\",\"contentUrl\":\"https:\\\/\\\/secure.gravatar.com\\\/avatar\\\/f00ed9ac57a3eea6b9830d73dc9f9214775648c7763edcb20475eb83509b31fd?s=96&d=mm&r=g\",\"caption\":\"INVESTIGACION Ozono21\"}}]}<\/script>\n<!-- \/ Yoast SEO plugin. -->","yoast_head_json":{"title":"AVES ACUATICAS de Europa","description":"Calentamiento global expulsar\u00e1 a las AVES ACUATICAS de Europa. An\u00e1lisis de AVES ACUATICAS es borroso de sus tendencias biogeogr\u00e1ficas","robots":{"index":"index","follow":"follow","max-snippet":"max-snippet:-1","max-image-preview":"max-image-preview:large","max-video-preview":"max-video-preview:-1"},"canonical":"https:\/\/www.ozono21.com\/blog\/medioambiente\/aves-acuaticas-de-europa\/","og_locale":"es_ES","og_type":"article","og_title":"AVES ACUATICAS de Europa","og_description":"Calentamiento global expulsar\u00e1 a las AVES ACUATICAS de Europa. An\u00e1lisis de AVES ACUATICAS es borroso de sus tendencias biogeogr\u00e1ficas","og_url":"https:\/\/www.ozono21.com\/blog\/medioambiente\/aves-acuaticas-de-europa\/","og_site_name":"- Blog Ozono21","article_published_time":"2009-08-06T17:14:53+00:00","article_modified_time":"2026-01-29T13:43:49+00:00","og_image":[{"width":575,"height":640,"url":"https:\/\/www.ozono21.com\/blog\/wp-content\/uploads\/2009\/08\/aves-acuaticas.jpg","type":"image\/jpeg"}],"author":"INVESTIGACION Ozono21","twitter_misc":{"Escrito por":"INVESTIGACION Ozono21","Tiempo de lectura":"2 minutos"},"schema":{"@context":"https:\/\/schema.org","@graph":[{"@type":"Article","@id":"https:\/\/www.ozono21.com\/blog\/medioambiente\/aves-acuaticas-de-europa\/#article","isPartOf":{"@id":"https:\/\/www.ozono21.com\/blog\/medioambiente\/aves-acuaticas-de-europa\/"},"author":{"name":"INVESTIGACION Ozono21","@id":"https:\/\/www.ozono21.com\/blog\/#\/schema\/person\/16639932c214a173193498aee8204d12"},"headline":"AVES ACUATICAS el calentamiento global expulsar\u00e1 a las AVES ACUATICAS de Europa","datePublished":"2009-08-06T17:14:53+00:00","dateModified":"2026-01-29T13:43:49+00:00","mainEntityOfPage":{"@id":"https:\/\/www.ozono21.com\/blog\/medioambiente\/aves-acuaticas-de-europa\/"},"wordCount":454,"commentCount":0,"image":{"@id":"https:\/\/www.ozono21.com\/blog\/medioambiente\/aves-acuaticas-de-europa\/#primaryimage"},"thumbnailUrl":"https:\/\/www.ozono21.com\/blog\/wp-content\/uploads\/2009\/08\/aves-acuaticas.jpg","keywords":["Animales","MedioAmbiente"],"articleSection":["Animales","MedioAmbiente"],"inLanguage":"es","potentialAction":[{"@type":"CommentAction","name":"Comment","target":["https:\/\/www.ozono21.com\/blog\/medioambiente\/aves-acuaticas-de-europa\/#respond"]}]},{"@type":"WebPage","@id":"https:\/\/www.ozono21.com\/blog\/medioambiente\/aves-acuaticas-de-europa\/","url":"https:\/\/www.ozono21.com\/blog\/medioambiente\/aves-acuaticas-de-europa\/","name":"AVES ACUATICAS de Europa","isPartOf":{"@id":"https:\/\/www.ozono21.com\/blog\/#website"},"primaryImageOfPage":{"@id":"https:\/\/www.ozono21.com\/blog\/medioambiente\/aves-acuaticas-de-europa\/#primaryimage"},"image":{"@id":"https:\/\/www.ozono21.com\/blog\/medioambiente\/aves-acuaticas-de-europa\/#primaryimage"},"thumbnailUrl":"https:\/\/www.ozono21.com\/blog\/wp-content\/uploads\/2009\/08\/aves-acuaticas.jpg","datePublished":"2009-08-06T17:14:53+00:00","dateModified":"2026-01-29T13:43:49+00:00","author":{"@id":"https:\/\/www.ozono21.com\/blog\/#\/schema\/person\/16639932c214a173193498aee8204d12"},"description":"Calentamiento global expulsar\u00e1 a las AVES ACUATICAS de Europa. An\u00e1lisis de AVES ACUATICAS es borroso de sus tendencias biogeogr\u00e1ficas","breadcrumb":{"@id":"https:\/\/www.ozono21.com\/blog\/medioambiente\/aves-acuaticas-de-europa\/#breadcrumb"},"inLanguage":"es","potentialAction":[{"@type":"ReadAction","target":["https:\/\/www.ozono21.com\/blog\/medioambiente\/aves-acuaticas-de-europa\/"]}]},{"@type":"ImageObject","inLanguage":"es","@id":"https:\/\/www.ozono21.com\/blog\/medioambiente\/aves-acuaticas-de-europa\/#primaryimage","url":"https:\/\/www.ozono21.com\/blog\/wp-content\/uploads\/2009\/08\/aves-acuaticas.jpg","contentUrl":"https:\/\/www.ozono21.com\/blog\/wp-content\/uploads\/2009\/08\/aves-acuaticas.jpg","width":575,"height":640},{"@type":"BreadcrumbList","@id":"https:\/\/www.ozono21.com\/blog\/medioambiente\/aves-acuaticas-de-europa\/#breadcrumb","itemListElement":[{"@type":"ListItem","position":1,"name":"Portada","item":"https:\/\/www.ozono21.com\/blog\/"},{"@type":"ListItem","position":2,"name":"AVES ACUATICAS el calentamiento global expulsar\u00e1 a las AVES ACUATICAS de Europa"}]},{"@type":"WebSite","@id":"https:\/\/www.ozono21.com\/blog\/#website","url":"https:\/\/www.ozono21.com\/blog\/","name":"Blog Ozono21","description":" - Blog Ozono21","potentialAction":[{"@type":"SearchAction","target":{"@type":"EntryPoint","urlTemplate":"https:\/\/www.ozono21.com\/blog\/?s={search_term_string}"},"query-input":{"@type":"PropertyValueSpecification","valueRequired":true,"valueName":"search_term_string"}}],"inLanguage":"es"},{"@type":"Person","@id":"https:\/\/www.ozono21.com\/blog\/#\/schema\/person\/16639932c214a173193498aee8204d12","name":"INVESTIGACION Ozono21","image":{"@type":"ImageObject","inLanguage":"es","@id":"https:\/\/secure.gravatar.com\/avatar\/f00ed9ac57a3eea6b9830d73dc9f9214775648c7763edcb20475eb83509b31fd?s=96&d=mm&r=g","url":"https:\/\/secure.gravatar.com\/avatar\/f00ed9ac57a3eea6b9830d73dc9f9214775648c7763edcb20475eb83509b31fd?s=96&d=mm&r=g","contentUrl":"https:\/\/secure.gravatar.com\/avatar\/f00ed9ac57a3eea6b9830d73dc9f9214775648c7763edcb20475eb83509b31fd?s=96&d=mm&r=g","caption":"INVESTIGACION Ozono21"}}]}},"jetpack_publicize_connections":[],"jetpack_featured_media_url":"https:\/\/www.ozono21.com\/blog\/wp-content\/uploads\/2009\/08\/aves-acuaticas.jpg","jetpack_sharing_enabled":true,"_links":{"self":[{"href":"https:\/\/www.ozono21.com\/blog\/wp-json\/wp\/v2\/posts\/5195254","targetHints":{"allow":["GET"]}}],"collection":[{"href":"https:\/\/www.ozono21.com\/blog\/wp-json\/wp\/v2\/posts"}],"about":[{"href":"https:\/\/www.ozono21.com\/blog\/wp-json\/wp\/v2\/types\/post"}],"author":[{"embeddable":true,"href":"https:\/\/www.ozono21.com\/blog\/wp-json\/wp\/v2\/users\/1"}],"replies":[{"embeddable":true,"href":"https:\/\/www.ozono21.com\/blog\/wp-json\/wp\/v2\/comments?post=5195254"}],"version-history":[{"count":0,"href":"https:\/\/www.ozono21.com\/blog\/wp-json\/wp\/v2\/posts\/5195254\/revisions"}],"wp:featuredmedia":[{"embeddable":true,"href":"https:\/\/www.ozono21.com\/blog\/wp-json\/wp\/v2\/media\/5214313"}],"wp:attachment":[{"href":"https:\/\/www.ozono21.com\/blog\/wp-json\/wp\/v2\/media?parent=5195254"}],"wp:term":[{"taxonomy":"category","embeddable":true,"href":"https:\/\/www.ozono21.com\/blog\/wp-json\/wp\/v2\/categories?post=5195254"},{"taxonomy":"post_tag","embeddable":true,"href":"https:\/\/www.ozono21.com\/blog\/wp-json\/wp\/v2\/tags?post=5195254"}],"curies":[{"name":"wp","href":"https:\/\/api.w.org\/{rel}","templated":true}]}}