{"id":5195044,"date":"2012-04-18T20:30:01","date_gmt":"2012-04-18T18:30:01","guid":{"rendered":"https:\/\/www.ozono21.com\/blog\/?p=5195044"},"modified":"2026-01-22T20:24:51","modified_gmt":"2026-01-22T18:24:51","slug":"vitamina-b12-pescado-intelectual","status":"publish","type":"post","link":"https:\/\/www.ozono21.com\/blog\/salud\/vitamina-b12-pescado-intelectual\/","title":{"rendered":"VITAMINA B12 Pescado y capacidad intelectual"},"content":{"rendered":"<p style=\"text-align: justify;\">\n<h2 style=\"text-align: justify;\"><img loading=\"lazy\" decoding=\"async\" class=\"alignleft size-full wp-image-5195049\" style=\"border: 0px;\" title=\"Alimentos Ricos B12\" src=\"https:\/\/www.ozono21.com\/blog\/wp-content\/uploads\/2012\/04\/alimentos-ricos-B121.jpg\" alt=\" VITAMINA B12  \" width=\"200\" height=\"252\" \/> Los problemas en las habilidades de pensamiento y memoria se asocian a la falta de VITAMINA B12, que se combate a trav\u00e9s de la dieta<\/p>\n<p><a title=\"Ozono es Salud  y Bienestar\" href=\"https:\/\/www.ozono21.com\/sectores-pagina\/empresariales\/salud-bienestar-belleza\/7\/\" target=\"_blank\" rel=\"noopener noreferrer\">Los estudios para conocer las causas del ALZHEIMER, la DEMENCIA SENIL y el PARKINSON ocupan importantes esfuerzos de investigadores de todo el mundo.<\/a><\/h2>\n<\/p>\n<p style=\"text-align: justify;\">Cada d\u00eda se conocen mejor los s\u00edntomas que ponen en marcha acciones para ralentizar su desarrollo, pero las causas todav\u00eda est\u00e1n por descubrir.<\/p>\n<p style=\"text-align: justify;\"><strong>En estas pesquisas de los factores relacionados con el envejecimiento y deterioro cerebral, una nueva investigaci\u00f3n sugiere que la falta de VITAMINA B12 podr\u00eda evidenciar atrofia cerebral y m\u00e1s problemas con las habilidades del pensamiento y la memoria.<\/strong><\/p>\n<p>Fuente: consumer (8 diciembre 2011)<br \/>\nPor MAITE ZUDAIRE<\/p>\n<p style=\"text-align: justify;\">Estos resultados coinciden con los de otros estudios que se\u00f1alan que el deterioro cognitivo se manifiesta junto con un descenso de vitaminas del complejo B, las m\u00e1s vinculadas al sistema nervioso y el cerebro. En concreto, es significativo el descenso de los niveles de vitamina B12. Tambi\u00e9n est\u00e1n de acuerdo en que prescribir complementos no corresponde a una evidencia cient\u00edfica necesaria para protocolizarla. Sin embargo, alientan a seguir una dieta rica en esta vitamina y a potenciar su ingesta a trav\u00e9s de men\u00fas saludables.<\/p>\n<p><big><strong><a title=\"Generadores de Ozono21\" href=\"https:\/\/www.ozono21.com\/productos-ozono\" target=\"_blank\" rel=\"noopener noreferrer\">M\u00e1s pescado en los men\u00fas ricos en vitamina B12<\/A><\/strong><\/big><\/p>\n<p style=\"text-align: justify;\">Las concentraciones de los biomarcadores relacionados con el estatus de vitamina B12 se asociaron con un deterioro en la funci\u00f3n cognitiva global, seg\u00fan la reciente <strong>investigaci\u00f3n del Departamento de Nutrici\u00f3n Cl\u00ednica del Rush University Medical Center de Chicago.<\/strong> El metilmalonato, un marcador espec\u00edfico de la deficiencia de vitamina B12, puede afectar a la cognici\u00f3n mediante la reducci\u00f3n del volumen cerebral total, mientras que el efecto de la homociste\u00edna(no espec\u00edfico para la deficiencia de vitamina B\/p>12, ya que tambi\u00e9n puede deberse a carencia de folatos) influye en el rendimiento cognitivo. <\/p>\n<p style=\"text-align: justify;\">El d\u00e9ficit de biomarcadores relacionados con el estatus de cianocobalamina afecta al volumen cerebral y al rendimiento cognitivo.<\/p>\n<p style=\"text-align: justify;\">El ser humano sintetiza la vitamina B12 en el colon (\u00faltima porci\u00f3n del intestino grueso), pero por esta v\u00eda end\u00f3gena el organismo no es capaz de obtener toda la vitamina que precisa a diario. <strong>Por este motivo, la dosis diaria del nutriente debe procur\u00e1rsela con alimentos de origen animal, como el h\u00edgado, los pescados y mariscos, los huevos, las carnes y, en menor cantidad, la leche y derivados.<\/strong> Con todos ellos, distribuidos en la dieta de manera equilibrada, se cubren las necesidades diarias. Por lo general, adem\u00e1s, la manipulaci\u00f3n culinaria no comporta p\u00e9rdidas de porcentaje, salvo cuando se hierve la carne o el pescado durante largo tiempo. <\/p>\n<p style=\"text-align: justify;\"><strong>La cocci\u00f3n disminuye hasta un 30% la riqueza vitam\u00ednica y este fen\u00f3meno es un inconveniente, ya que las personas mayores optan por este tipo de preparado m\u00e1s f\u00e1cil de masticar. <\/strong>De hecho, el m\u00e1s reciente informe presentado el pasado 30 de noviembre en la reuni\u00f3n anual de la <strong>Sociedad Radiol\u00f3gica de Am\u00e9rica del Norte (RSNA) confirma que la ingesta de pescado al horno o a la parrilla protege contra el deterioro cognitivo.<\/strong> Los expertos han encontrado mayor nivel de materia gris, crucial para la salud y la actividad cerebral, en personas que com\u00edan pescado al horno o a la parrilla (m\u00e1s que frito), sobre una base semanal de alimentaci\u00f3n equilibrada, incluso tras tener en cuenta otros factores como la actividad f\u00edsica, la edad, el sexo y la educaci\u00f3n. <\/p>\n<p style=\"text-align: justify;\"><strong>Otra dificultad de una dieta equilibrada en las personas mayores es que su falta de apetito condiciona las ingestas necesarias de nutrientes. Hay que tener presente que las verduras, las frutas, las hortalizas, las legumbres y los cereales, base de una alimentaci\u00f3n sana, no contienen B12.<\/strong> Se debe alcanzar la cantidad diaria necesaria de vitamina, en torno a los 2 microgramos al d\u00eda, si bien no es f\u00e1cil, ya que los alimentos que la contienen se rechazan con frecuencia seg\u00fan se tiene m\u00e1s edad. Sin embargo, hay que marcar la importancia de lograrlo. Para cumplir con el prop\u00f3sito es clave habituar a la persona a ingerir un l\u00e1cteo diario, adem\u00e1s de tres huevos y cuatro raciones de pescado a la semana, alternado con carnes, y, de vez en cuando, unas gambas como ejemplo de marisco nutritivo.<\/p>\n<p><big><strong><a title=\"Generadores de Ozono21\" href=\"https:\/\/www.ozono21.com\/productos-ozono\" target=\"_blank\" rel=\"noopener noreferrer\">Detectar la falta de B12<\/a><\/strong><\/big><\/p>\n<p style=\"text-align: justify;\"><strong>Debilidad, fatiga, p\u00e9rdida de cabello, irritabilidad y trastornos de la memoria son signos que pueden delatar falta de vitamina B12.<\/strong><\/p>\n<p style=\"text-align: justify;\">El cuerpo humano tiene la capacidad de almacenar grandes cantidades de vitamina B12, por lo que su d\u00e9ficit no es habitual. Pero se sucede, y se manifiesta en la anemia perniciosa, en los casos m\u00e1s extremos y duraderos de falta de vitamina.<\/p>\n<p style=\"text-align: justify;\"><strong><big><a title=\"Ozono21 Salud y Bienestar\" href=\"https:\/\/www.ozono21.com\/actualidad-interna\/agua-ozono-salud-bienestar-belleza\/350\/\" target=\"_blank\" rel=\"noopener noreferrer\">Esta anemia se caracteriza por una disminuci\u00f3n en la concentraci\u00f3n de hemoglobina o en la capacidad de transportar ox\u00edgeno en la sangre.Hoy se conoce que se debe a una inadecuada producci\u00f3n del \u00abfactor intr\u00ednseco\u00bb en la zona estomacal, un factor necesario para la adecuada absorci\u00f3n de vitamina B12 por el organismo.<\/a><\/big><\/strong><\/p>\n<p style=\"text-align: justify;\">No se conoce el motivo de la ausencia del factor intr\u00ednseco, aunque puede deberse a una deficiencia gen\u00e9tica o a una enfermedad autoinmune. Lo m\u00e1s com\u00fan es una reducci\u00f3n de la producci\u00f3n de \u00e1cido clorh\u00eddrico, en especial, despu\u00e9s de una operaci\u00f3n de est\u00f3mago o si se padece gastritis cr\u00f3nica. De cualquiera de las maneras, est\u00e1n descritas en un porcentaje de tres a cinco las anemias perniciosas en personas mayores de 60 a\u00f1os. <strong>Por ello, a partir de esta edad, conviene tener muy presente la necesidad de cubrir las dosis de vitamina B12. <\/strong><\/p>\n<p style=\"text-align: justify;\">Los s\u00edntomas de padecer esta anemia son insidiosos y se desarrollan al cabo de dos o tres a\u00f1os. <strong>Puede haber debilidad, fatiga, p\u00e9rdida de cabello, irritabilidad y trastornos de la memoria, que en edades mayores se puede pasar por alto y confundir con \u00abdemencia senil\u00bb, cuando en realidad responde al diagn\u00f3stico de d\u00e9ficit nutricional.<\/strong> En el plano hematol\u00f3gico, la falta se identifica de forma f\u00e1cil con un examen de sangre. En general, los cambios son m\u00e1s marcados en la serie de los gl\u00f3bulos rojos, que modifican su forma y aumentan su tama\u00f1o.<\/p>\n<p><big><strong><a title=\"Generadores de Ozono21\" href=\"https:\/\/www.ozono21.com\/productos-ozono\" target=\"_blank\" rel=\"noopener noreferrer\">F\u00c1RMACOS QUE PROPICIAN EL D\u00c9FICIT<\/a><\/strong><\/big><\/p>\n<p style=\"text-align: justify;\"><strong><\/strong>Todav\u00eda hay m\u00e1s inconvenientes y m\u00e1s razones que confirman la disminuci\u00f3n de la vitamina B12 al cumplir d\u00e9cadas. Ciertos medicamentos disminuyen sus niveles. Son significativas las pastillas que reducen el \u00e1cido g\u00e1strico, necesario para la absorci\u00f3n intestinal de la cianocobalamina, como los anti\u00e1cidos potentes tipo bloqueantes H2 (cimetidina, ranitidina, famotidina) o inhibidores de la bomba de \u00e1cido (omeprazol), entre otros. <\/p>\n<p style=\"text-align: justify;\"><strong>Estos son f\u00e1rmacos muy presentes en el botiqu\u00edn de las personas mayores.<\/strong> Sabido esto, si se sigue alguna pauta m\u00e9dica, conviene incrementar o asegurarse de realizar una correcta ingesta de alimentos que son fuente de vitamina B12.<\/p>\n<table border=\"3\" cellspacing=\"0\" cellpadding=\"0\">\n<tbody>\n<tr>\n<td bgcolor=\"#3b7cff\" height=\"25\" width=\"600\" align=\"center\"><strong><a title=\"Actualidad ACCION del OZONO\" href=\"https:\/\/www.ozono21.com\/actualidad-interna\/accion-del-ozono\/423\/\" target=\"_blank\" rel=\"noopener noreferrer\"><img loading=\"lazy\" decoding=\"async\" src=\"https:\/\/www.ozono21.com\/blog\/wp-content\/uploads\/2014\/06\/Noticias-Relacionadas.png\" alt=\"Noticias Relacionadas\" width=\"600\" height=\"25\" style=\"margin: 0px 0px 0px 0px; cursor: hand; border: 0px;\"><\/a><\/strong>\n<\/td>\n<\/tr>\n<\/tbody>\n<\/table>\n<p><big><\/p>\n<ul>\n<li><strong><a title=\"Riesgos y beneficios del selenio, un nutriente indispensable\" href=\"https:\/\/www.ozono21.com\/blog\/salud\/riesgos-y-beneficios-del-selenio-un-nutriente-indispensable\/\" target=\"_blank\" rel=\"noopener noreferrer\">Riesgos y beneficios del selenio, un nutriente indispensable<\/a><\/strong><\/li>\n<li><strong><a title=\"Los grandes niveles de poluci\u00f3n son asimilados por nuestro cuerpo a trav\u00e9s de la alimentaci\u00f3n\" href=\"https:\/\/www.ozono21.com\/blog\/toxinas\/los-grandes-niveles-de-polucion-son-asimilados-por-nuestro-cuerpo-a-traves-de-la-alimentacion\/\" target=\"_blank\" rel=\"noopener noreferrer\">Los grandes niveles de poluci\u00f3n son asimilados por nuestro cuerpo a trav\u00e9s de la alimentaci\u00f3n<\/a><\/strong><\/li>\n<li><strong><a title=\"El riesgo de demencia e ictus podr\u00eda reducirse gracias al consumo de at\u00fan y otros pescados ricos en Omega 3\" href=\"https:\/\/www.ozono21.com\/blog\/salud\/el-riesgo-de-demencia-e-ictus-podria-reducirse-gracias-al-consumo-de-atun-y-otros-pescados-ricos-en-omega-3\/\" target=\"_blank\" rel=\"noopener noreferrer\">El riesgo de demencia e ictus podr\u00eda reducirse gracias al consumo de at\u00fan y otros pescados ricos en Omega 3<\/a><\/strong><\/li>\n<li><strong><a title=\"Los pesticidas y los golpes en la cabeza predisponen a sufrir Parkinson\" href=\"https:\/\/www.ozono21.com\/blog\/toxinas\/los-pesticidas-y-los-golpes-en-la-cabeza-predisponen-a-sufrir-parkinson\/\" target=\"_blank\" rel=\"noopener noreferrer\">Los pesticidas y los golpes en la cabeza predisponen a sufrir Parkinson<\/a><\/strong><\/li>\n<\/ul>\n<p><\/big><\/p>\n<table border=\"3\" cellspacing=\"0\" cellpadding=\"0\">\n<tbody>\n<tr>\n<td align=\"center\" bgcolor=\"#3b7cff\" width=\"600\" height=\"25\"><strong><a title=\"Videos YouTube\" href=\"https:\/\/www.youtube.com\/user\/ozono21\/videos?sort=p&amp;view=0&amp;flow=grid\" target=\"_blank\" rel=\"noopener noreferrer\"><img loading=\"lazy\" decoding=\"async\" src=\"https:\/\/www.ozono21.com\/blog\/wp-content\/uploads\/2014\/06\/Videos-Youtube.png\" alt=\"Videos Youtube\" width=\"600\" height=\"25\" border=\"0\" \/><\/a><\/strong><\/td>\n<\/tr>\n<\/tbody>\n<\/table>\n<p>&nbsp;<\/P><\/p>\n<p style=\"text-align: center;\"><iframe loading=\"lazy\" width=\"640\" height=\"480\" src=\"https:\/\/www.youtube.com\/embed\/kwxgrG5TFuM\" frameborder=\"0\" allow=\"accelerometer; autoplay; encrypted-media; gyroscope; picture-in-picture\" allowfullscreen><\/iframe><\/p>\n<div class=\"pvc_clear\"><\/div>\n<p id=\"pvc_stats_5195044\" class=\"pvc_stats total_only  \" data-element-id=\"5195044\" style=\"\"><i class=\"pvc-stats-icon small\" aria-hidden=\"true\"><svg aria-hidden=\"true\" focusable=\"false\" data-prefix=\"far\" data-icon=\"chart-bar\" role=\"img\" xmlns=\"http:\/\/www.w3.org\/2000\/svg\" viewBox=\"0 0 512 512\" class=\"svg-inline--fa fa-chart-bar fa-w-16 fa-2x\"><path fill=\"currentColor\" d=\"M396.8 352h22.4c6.4 0 12.8-6.4 12.8-12.8V108.8c0-6.4-6.4-12.8-12.8-12.8h-22.4c-6.4 0-12.8 6.4-12.8 12.8v230.4c0 6.4 6.4 12.8 12.8 12.8zm-192 0h22.4c6.4 0 12.8-6.4 12.8-12.8V140.8c0-6.4-6.4-12.8-12.8-12.8h-22.4c-6.4 0-12.8 6.4-12.8 12.8v198.4c0 6.4 6.4 12.8 12.8 12.8zm96 0h22.4c6.4 0 12.8-6.4 12.8-12.8V204.8c0-6.4-6.4-12.8-12.8-12.8h-22.4c-6.4 0-12.8 6.4-12.8 12.8v134.4c0 6.4 6.4 12.8 12.8 12.8zM496 400H48V80c0-8.84-7.16-16-16-16H16C7.16 64 0 71.16 0 80v336c0 17.67 14.33 32 32 32h464c8.84 0 16-7.16 16-16v-16c0-8.84-7.16-16-16-16zm-387.2-48h22.4c6.4 0 12.8-6.4 12.8-12.8v-70.4c0-6.4-6.4-12.8-12.8-12.8h-22.4c-6.4 0-12.8 6.4-12.8 12.8v70.4c0 6.4 6.4 12.8 12.8 12.8z\" class=\"\"><\/path><\/svg><\/i> <img loading=\"lazy\" decoding=\"async\" width=\"16\" height=\"16\" alt=\"Loading\" src=\"https:\/\/www.ozono21.com\/blog\/wp-content\/plugins\/page-views-count\/ajax-loader-2x.gif\" border=0 \/><\/p>\n<div class=\"pvc_clear\"><\/div>\n","protected":false},"excerpt":{"rendered":"<p>Los problemas en las habilidades de pensamiento y memoria se asocian a la falta de VITAMINA B12, que se combate a trav\u00e9s de la dieta Los estudios para conocer las causas del ALZHEIMER, la DEMENCIA SENIL y el PARKINSON ocupan &hellip; <a href=\"https:\/\/www.ozono21.com\/blog\/salud\/vitamina-b12-pescado-intelectual\/\">Sigue leyendo <span class=\"meta-nav\">&rarr;<\/span><\/a><\/p>\n<div class=\"pvc_clear\"><\/div>\n<p id=\"pvc_stats_5195044\" class=\"pvc_stats total_only  \" data-element-id=\"5195044\" style=\"\"><i class=\"pvc-stats-icon small\" aria-hidden=\"true\"><svg aria-hidden=\"true\" focusable=\"false\" data-prefix=\"far\" data-icon=\"chart-bar\" role=\"img\" xmlns=\"http:\/\/www.w3.org\/2000\/svg\" viewBox=\"0 0 512 512\" class=\"svg-inline--fa fa-chart-bar fa-w-16 fa-2x\"><path fill=\"currentColor\" d=\"M396.8 352h22.4c6.4 0 12.8-6.4 12.8-12.8V108.8c0-6.4-6.4-12.8-12.8-12.8h-22.4c-6.4 0-12.8 6.4-12.8 12.8v230.4c0 6.4 6.4 12.8 12.8 12.8zm-192 0h22.4c6.4 0 12.8-6.4 12.8-12.8V140.8c0-6.4-6.4-12.8-12.8-12.8h-22.4c-6.4 0-12.8 6.4-12.8 12.8v198.4c0 6.4 6.4 12.8 12.8 12.8zm96 0h22.4c6.4 0 12.8-6.4 12.8-12.8V204.8c0-6.4-6.4-12.8-12.8-12.8h-22.4c-6.4 0-12.8 6.4-12.8 12.8v134.4c0 6.4 6.4 12.8 12.8 12.8zM496 400H48V80c0-8.84-7.16-16-16-16H16C7.16 64 0 71.16 0 80v336c0 17.67 14.33 32 32 32h464c8.84 0 16-7.16 16-16v-16c0-8.84-7.16-16-16-16zm-387.2-48h22.4c6.4 0 12.8-6.4 12.8-12.8v-70.4c0-6.4-6.4-12.8-12.8-12.8h-22.4c-6.4 0-12.8 6.4-12.8 12.8v70.4c0 6.4 6.4 12.8 12.8 12.8z\" class=\"\"><\/path><\/svg><\/i> <img loading=\"lazy\" decoding=\"async\" width=\"16\" height=\"16\" alt=\"Loading\" src=\"https:\/\/www.ozono21.com\/blog\/wp-content\/plugins\/page-views-count\/ajax-loader-2x.gif\" border=0 \/><\/p>\n<div class=\"pvc_clear\"><\/div>\n","protected":false},"author":1,"featured_media":5195048,"comment_status":"open","ping_status":"open","sticky":false,"template":"","format":"standard","meta":{"_exactmetrics_skip_tracking":false,"_exactmetrics_sitenote_active":false,"_exactmetrics_sitenote_note":"","_exactmetrics_sitenote_category":0,"_jetpack_memberships_contains_paid_content":false,"footnotes":"","jetpack_publicize_message":"","jetpack_publicize_feature_enabled":true,"jetpack_social_post_already_shared":false,"jetpack_social_options":{"image_generator_settings":{"template":"highway","default_image_id":0,"font":"","enabled":false},"version":2}},"categories":[9,7],"tags":[24,78,21],"class_list":["post-5195044","post","type-post","status-publish","format-standard","has-post-thumbnail","hentry","category-alimentos","category-salud","tag-alimentos-2","tag-pescado","tag-salud-2"],"a3_pvc":{"activated":true,"total_views":3050,"today_views":0},"yoast_head":"<!-- This site is optimized with the Yoast SEO plugin v27.5 - https:\/\/yoast.com\/product\/yoast-seo-wordpress\/ -->\n<title>VITAMINA B12 pescado capacidad intelectual<\/title>\n<meta name=\"description\" content=\"VITAMINA B12 Pescado y capacidad intelectual. Los problemas en las habilidades de pensamiento y memoria es por falta de VITAMINA B12\" \/>\n<meta name=\"robots\" content=\"index, follow, max-snippet:-1, max-image-preview:large, max-video-preview:-1\" \/>\n<link rel=\"canonical\" href=\"https:\/\/www.ozono21.com\/blog\/salud\/vitamina-b12-pescado-intelectual\/\" \/>\n<meta property=\"og:locale\" content=\"es_ES\" \/>\n<meta property=\"og:type\" content=\"article\" \/>\n<meta property=\"og:title\" content=\"VITAMINA B12 pescado capacidad intelectual\" \/>\n<meta property=\"og:description\" content=\"VITAMINA B12 Pescado y capacidad intelectual. Los problemas en las habilidades de pensamiento y memoria es por falta de VITAMINA B12\" \/>\n<meta property=\"og:url\" content=\"https:\/\/www.ozono21.com\/blog\/salud\/vitamina-b12-pescado-intelectual\/\" \/>\n<meta property=\"og:site_name\" content=\"- Blog Ozono21\" \/>\n<meta property=\"article:published_time\" content=\"2012-04-18T18:30:01+00:00\" \/>\n<meta property=\"article:modified_time\" content=\"2026-01-22T18:24:51+00:00\" \/>\n<meta property=\"og:image\" content=\"https:\/\/www.ozono21.com\/blog\/wp-content\/uploads\/2012\/04\/alimentos-ricos-B12-e1440349063861.jpg\" \/>\n\t<meta property=\"og:image:width\" content=\"200\" \/>\n\t<meta property=\"og:image:height\" content=\"252\" \/>\n\t<meta property=\"og:image:type\" content=\"image\/jpeg\" \/>\n<meta name=\"author\" content=\"INVESTIGACION Ozono21\" \/>\n<meta name=\"twitter:label1\" content=\"Escrito por\" \/>\n\t<meta name=\"twitter:data1\" content=\"INVESTIGACION Ozono21\" \/>\n\t<meta name=\"twitter:label2\" content=\"Tiempo de lectura\" \/>\n\t<meta name=\"twitter:data2\" content=\"6 minutos\" \/>\n<script type=\"application\/ld+json\" class=\"yoast-schema-graph\">{\"@context\":\"https:\\\/\\\/schema.org\",\"@graph\":[{\"@type\":\"Article\",\"@id\":\"https:\\\/\\\/www.ozono21.com\\\/blog\\\/salud\\\/vitamina-b12-pescado-intelectual\\\/#article\",\"isPartOf\":{\"@id\":\"https:\\\/\\\/www.ozono21.com\\\/blog\\\/salud\\\/vitamina-b12-pescado-intelectual\\\/\"},\"author\":{\"name\":\"INVESTIGACION Ozono21\",\"@id\":\"https:\\\/\\\/www.ozono21.com\\\/blog\\\/#\\\/schema\\\/person\\\/16639932c214a173193498aee8204d12\"},\"headline\":\"VITAMINA B12 Pescado y capacidad intelectual\",\"datePublished\":\"2012-04-18T18:30:01+00:00\",\"dateModified\":\"2026-01-22T18:24:51+00:00\",\"mainEntityOfPage\":{\"@id\":\"https:\\\/\\\/www.ozono21.com\\\/blog\\\/salud\\\/vitamina-b12-pescado-intelectual\\\/\"},\"wordCount\":1259,\"commentCount\":0,\"image\":{\"@id\":\"https:\\\/\\\/www.ozono21.com\\\/blog\\\/salud\\\/vitamina-b12-pescado-intelectual\\\/#primaryimage\"},\"thumbnailUrl\":\"https:\\\/\\\/www.ozono21.com\\\/blog\\\/wp-content\\\/uploads\\\/2012\\\/04\\\/alimentos-ricos-B12-e1440349063861.jpg\",\"keywords\":[\"Alimentos\",\"Pescado\",\"Salud\"],\"articleSection\":[\"Alimentos\",\"Salud\"],\"inLanguage\":\"es\",\"potentialAction\":[{\"@type\":\"CommentAction\",\"name\":\"Comment\",\"target\":[\"https:\\\/\\\/www.ozono21.com\\\/blog\\\/salud\\\/vitamina-b12-pescado-intelectual\\\/#respond\"]}]},{\"@type\":\"WebPage\",\"@id\":\"https:\\\/\\\/www.ozono21.com\\\/blog\\\/salud\\\/vitamina-b12-pescado-intelectual\\\/\",\"url\":\"https:\\\/\\\/www.ozono21.com\\\/blog\\\/salud\\\/vitamina-b12-pescado-intelectual\\\/\",\"name\":\"VITAMINA B12 pescado capacidad intelectual\",\"isPartOf\":{\"@id\":\"https:\\\/\\\/www.ozono21.com\\\/blog\\\/#website\"},\"primaryImageOfPage\":{\"@id\":\"https:\\\/\\\/www.ozono21.com\\\/blog\\\/salud\\\/vitamina-b12-pescado-intelectual\\\/#primaryimage\"},\"image\":{\"@id\":\"https:\\\/\\\/www.ozono21.com\\\/blog\\\/salud\\\/vitamina-b12-pescado-intelectual\\\/#primaryimage\"},\"thumbnailUrl\":\"https:\\\/\\\/www.ozono21.com\\\/blog\\\/wp-content\\\/uploads\\\/2012\\\/04\\\/alimentos-ricos-B12-e1440349063861.jpg\",\"datePublished\":\"2012-04-18T18:30:01+00:00\",\"dateModified\":\"2026-01-22T18:24:51+00:00\",\"author\":{\"@id\":\"https:\\\/\\\/www.ozono21.com\\\/blog\\\/#\\\/schema\\\/person\\\/16639932c214a173193498aee8204d12\"},\"description\":\"VITAMINA B12 Pescado y capacidad intelectual. Los problemas en las habilidades de pensamiento y memoria es por falta de VITAMINA B12\",\"breadcrumb\":{\"@id\":\"https:\\\/\\\/www.ozono21.com\\\/blog\\\/salud\\\/vitamina-b12-pescado-intelectual\\\/#breadcrumb\"},\"inLanguage\":\"es\",\"potentialAction\":[{\"@type\":\"ReadAction\",\"target\":[\"https:\\\/\\\/www.ozono21.com\\\/blog\\\/salud\\\/vitamina-b12-pescado-intelectual\\\/\"]}]},{\"@type\":\"ImageObject\",\"inLanguage\":\"es\",\"@id\":\"https:\\\/\\\/www.ozono21.com\\\/blog\\\/salud\\\/vitamina-b12-pescado-intelectual\\\/#primaryimage\",\"url\":\"https:\\\/\\\/www.ozono21.com\\\/blog\\\/wp-content\\\/uploads\\\/2012\\\/04\\\/alimentos-ricos-B12-e1440349063861.jpg\",\"contentUrl\":\"https:\\\/\\\/www.ozono21.com\\\/blog\\\/wp-content\\\/uploads\\\/2012\\\/04\\\/alimentos-ricos-B12-e1440349063861.jpg\",\"width\":200,\"height\":252},{\"@type\":\"BreadcrumbList\",\"@id\":\"https:\\\/\\\/www.ozono21.com\\\/blog\\\/salud\\\/vitamina-b12-pescado-intelectual\\\/#breadcrumb\",\"itemListElement\":[{\"@type\":\"ListItem\",\"position\":1,\"name\":\"Portada\",\"item\":\"https:\\\/\\\/www.ozono21.com\\\/blog\\\/\"},{\"@type\":\"ListItem\",\"position\":2,\"name\":\"VITAMINA B12 Pescado y capacidad intelectual\"}]},{\"@type\":\"WebSite\",\"@id\":\"https:\\\/\\\/www.ozono21.com\\\/blog\\\/#website\",\"url\":\"https:\\\/\\\/www.ozono21.com\\\/blog\\\/\",\"name\":\"Blog Ozono21\",\"description\":\" - Blog Ozono21\",\"potentialAction\":[{\"@type\":\"SearchAction\",\"target\":{\"@type\":\"EntryPoint\",\"urlTemplate\":\"https:\\\/\\\/www.ozono21.com\\\/blog\\\/?s={search_term_string}\"},\"query-input\":{\"@type\":\"PropertyValueSpecification\",\"valueRequired\":true,\"valueName\":\"search_term_string\"}}],\"inLanguage\":\"es\"},{\"@type\":\"Person\",\"@id\":\"https:\\\/\\\/www.ozono21.com\\\/blog\\\/#\\\/schema\\\/person\\\/16639932c214a173193498aee8204d12\",\"name\":\"INVESTIGACION Ozono21\",\"image\":{\"@type\":\"ImageObject\",\"inLanguage\":\"es\",\"@id\":\"https:\\\/\\\/secure.gravatar.com\\\/avatar\\\/f00ed9ac57a3eea6b9830d73dc9f9214775648c7763edcb20475eb83509b31fd?s=96&d=mm&r=g\",\"url\":\"https:\\\/\\\/secure.gravatar.com\\\/avatar\\\/f00ed9ac57a3eea6b9830d73dc9f9214775648c7763edcb20475eb83509b31fd?s=96&d=mm&r=g\",\"contentUrl\":\"https:\\\/\\\/secure.gravatar.com\\\/avatar\\\/f00ed9ac57a3eea6b9830d73dc9f9214775648c7763edcb20475eb83509b31fd?s=96&d=mm&r=g\",\"caption\":\"INVESTIGACION Ozono21\"}}]}<\/script>\n<!-- \/ Yoast SEO plugin. -->","yoast_head_json":{"title":"VITAMINA B12 pescado capacidad intelectual","description":"VITAMINA B12 Pescado y capacidad intelectual. Los problemas en las habilidades de pensamiento y memoria es por falta de VITAMINA B12","robots":{"index":"index","follow":"follow","max-snippet":"max-snippet:-1","max-image-preview":"max-image-preview:large","max-video-preview":"max-video-preview:-1"},"canonical":"https:\/\/www.ozono21.com\/blog\/salud\/vitamina-b12-pescado-intelectual\/","og_locale":"es_ES","og_type":"article","og_title":"VITAMINA B12 pescado capacidad intelectual","og_description":"VITAMINA B12 Pescado y capacidad intelectual. Los problemas en las habilidades de pensamiento y memoria es por falta de VITAMINA B12","og_url":"https:\/\/www.ozono21.com\/blog\/salud\/vitamina-b12-pescado-intelectual\/","og_site_name":"- Blog Ozono21","article_published_time":"2012-04-18T18:30:01+00:00","article_modified_time":"2026-01-22T18:24:51+00:00","og_image":[{"width":200,"height":252,"url":"https:\/\/www.ozono21.com\/blog\/wp-content\/uploads\/2012\/04\/alimentos-ricos-B12-e1440349063861.jpg","type":"image\/jpeg"}],"author":"INVESTIGACION Ozono21","twitter_misc":{"Escrito por":"INVESTIGACION Ozono21","Tiempo de lectura":"6 minutos"},"schema":{"@context":"https:\/\/schema.org","@graph":[{"@type":"Article","@id":"https:\/\/www.ozono21.com\/blog\/salud\/vitamina-b12-pescado-intelectual\/#article","isPartOf":{"@id":"https:\/\/www.ozono21.com\/blog\/salud\/vitamina-b12-pescado-intelectual\/"},"author":{"name":"INVESTIGACION Ozono21","@id":"https:\/\/www.ozono21.com\/blog\/#\/schema\/person\/16639932c214a173193498aee8204d12"},"headline":"VITAMINA B12 Pescado y capacidad intelectual","datePublished":"2012-04-18T18:30:01+00:00","dateModified":"2026-01-22T18:24:51+00:00","mainEntityOfPage":{"@id":"https:\/\/www.ozono21.com\/blog\/salud\/vitamina-b12-pescado-intelectual\/"},"wordCount":1259,"commentCount":0,"image":{"@id":"https:\/\/www.ozono21.com\/blog\/salud\/vitamina-b12-pescado-intelectual\/#primaryimage"},"thumbnailUrl":"https:\/\/www.ozono21.com\/blog\/wp-content\/uploads\/2012\/04\/alimentos-ricos-B12-e1440349063861.jpg","keywords":["Alimentos","Pescado","Salud"],"articleSection":["Alimentos","Salud"],"inLanguage":"es","potentialAction":[{"@type":"CommentAction","name":"Comment","target":["https:\/\/www.ozono21.com\/blog\/salud\/vitamina-b12-pescado-intelectual\/#respond"]}]},{"@type":"WebPage","@id":"https:\/\/www.ozono21.com\/blog\/salud\/vitamina-b12-pescado-intelectual\/","url":"https:\/\/www.ozono21.com\/blog\/salud\/vitamina-b12-pescado-intelectual\/","name":"VITAMINA B12 pescado capacidad intelectual","isPartOf":{"@id":"https:\/\/www.ozono21.com\/blog\/#website"},"primaryImageOfPage":{"@id":"https:\/\/www.ozono21.com\/blog\/salud\/vitamina-b12-pescado-intelectual\/#primaryimage"},"image":{"@id":"https:\/\/www.ozono21.com\/blog\/salud\/vitamina-b12-pescado-intelectual\/#primaryimage"},"thumbnailUrl":"https:\/\/www.ozono21.com\/blog\/wp-content\/uploads\/2012\/04\/alimentos-ricos-B12-e1440349063861.jpg","datePublished":"2012-04-18T18:30:01+00:00","dateModified":"2026-01-22T18:24:51+00:00","author":{"@id":"https:\/\/www.ozono21.com\/blog\/#\/schema\/person\/16639932c214a173193498aee8204d12"},"description":"VITAMINA B12 Pescado y capacidad intelectual. Los problemas en las habilidades de pensamiento y memoria es por falta de VITAMINA B12","breadcrumb":{"@id":"https:\/\/www.ozono21.com\/blog\/salud\/vitamina-b12-pescado-intelectual\/#breadcrumb"},"inLanguage":"es","potentialAction":[{"@type":"ReadAction","target":["https:\/\/www.ozono21.com\/blog\/salud\/vitamina-b12-pescado-intelectual\/"]}]},{"@type":"ImageObject","inLanguage":"es","@id":"https:\/\/www.ozono21.com\/blog\/salud\/vitamina-b12-pescado-intelectual\/#primaryimage","url":"https:\/\/www.ozono21.com\/blog\/wp-content\/uploads\/2012\/04\/alimentos-ricos-B12-e1440349063861.jpg","contentUrl":"https:\/\/www.ozono21.com\/blog\/wp-content\/uploads\/2012\/04\/alimentos-ricos-B12-e1440349063861.jpg","width":200,"height":252},{"@type":"BreadcrumbList","@id":"https:\/\/www.ozono21.com\/blog\/salud\/vitamina-b12-pescado-intelectual\/#breadcrumb","itemListElement":[{"@type":"ListItem","position":1,"name":"Portada","item":"https:\/\/www.ozono21.com\/blog\/"},{"@type":"ListItem","position":2,"name":"VITAMINA B12 Pescado y capacidad intelectual"}]},{"@type":"WebSite","@id":"https:\/\/www.ozono21.com\/blog\/#website","url":"https:\/\/www.ozono21.com\/blog\/","name":"Blog Ozono21","description":" - Blog Ozono21","potentialAction":[{"@type":"SearchAction","target":{"@type":"EntryPoint","urlTemplate":"https:\/\/www.ozono21.com\/blog\/?s={search_term_string}"},"query-input":{"@type":"PropertyValueSpecification","valueRequired":true,"valueName":"search_term_string"}}],"inLanguage":"es"},{"@type":"Person","@id":"https:\/\/www.ozono21.com\/blog\/#\/schema\/person\/16639932c214a173193498aee8204d12","name":"INVESTIGACION Ozono21","image":{"@type":"ImageObject","inLanguage":"es","@id":"https:\/\/secure.gravatar.com\/avatar\/f00ed9ac57a3eea6b9830d73dc9f9214775648c7763edcb20475eb83509b31fd?s=96&d=mm&r=g","url":"https:\/\/secure.gravatar.com\/avatar\/f00ed9ac57a3eea6b9830d73dc9f9214775648c7763edcb20475eb83509b31fd?s=96&d=mm&r=g","contentUrl":"https:\/\/secure.gravatar.com\/avatar\/f00ed9ac57a3eea6b9830d73dc9f9214775648c7763edcb20475eb83509b31fd?s=96&d=mm&r=g","caption":"INVESTIGACION Ozono21"}}]}},"jetpack_publicize_connections":[],"jetpack_featured_media_url":"https:\/\/www.ozono21.com\/blog\/wp-content\/uploads\/2012\/04\/alimentos-ricos-B12-e1440349063861.jpg","jetpack_sharing_enabled":true,"_links":{"self":[{"href":"https:\/\/www.ozono21.com\/blog\/wp-json\/wp\/v2\/posts\/5195044","targetHints":{"allow":["GET"]}}],"collection":[{"href":"https:\/\/www.ozono21.com\/blog\/wp-json\/wp\/v2\/posts"}],"about":[{"href":"https:\/\/www.ozono21.com\/blog\/wp-json\/wp\/v2\/types\/post"}],"author":[{"embeddable":true,"href":"https:\/\/www.ozono21.com\/blog\/wp-json\/wp\/v2\/users\/1"}],"replies":[{"embeddable":true,"href":"https:\/\/www.ozono21.com\/blog\/wp-json\/wp\/v2\/comments?post=5195044"}],"version-history":[{"count":0,"href":"https:\/\/www.ozono21.com\/blog\/wp-json\/wp\/v2\/posts\/5195044\/revisions"}],"wp:featuredmedia":[{"embeddable":true,"href":"https:\/\/www.ozono21.com\/blog\/wp-json\/wp\/v2\/media\/5195048"}],"wp:attachment":[{"href":"https:\/\/www.ozono21.com\/blog\/wp-json\/wp\/v2\/media?parent=5195044"}],"wp:term":[{"taxonomy":"category","embeddable":true,"href":"https:\/\/www.ozono21.com\/blog\/wp-json\/wp\/v2\/categories?post=5195044"},{"taxonomy":"post_tag","embeddable":true,"href":"https:\/\/www.ozono21.com\/blog\/wp-json\/wp\/v2\/tags?post=5195044"}],"curies":[{"name":"wp","href":"https:\/\/api.w.org\/{rel}","templated":true}]}}