{"id":5194875,"date":"2012-03-26T17:39:21","date_gmt":"2012-03-26T15:39:21","guid":{"rendered":"https:\/\/www.ozono21.com\/blog\/?p=5194875"},"modified":"2026-01-22T21:04:24","modified_gmt":"2026-01-22T19:04:24","slug":"aerosoles-contaminacion-atmosferica","status":"publish","type":"post","link":"https:\/\/www.ozono21.com\/blog\/agua\/aerosoles-contaminacion-atmosferica\/","title":{"rendered":"Contaminaci\u00f3n atmosf\u00e9rica intensifica tanto las sequ\u00edas como las inundaciones"},"content":{"rendered":"<p style=\"text-align: justify;\">\n<h2 style=\"text-align: justify;\"><strong><img loading=\"lazy\" decoding=\"async\" class=\"alignleft size-full wp-image-5194876\" style=\"border: 0px;\" title=\"Contaminaci\u00f3n atmosf\u00e9rica intensifica tanto las sequ\u00edas como las inundaciones\" src=\"https:\/\/www.ozono21.com\/blog\/wp-content\/uploads\/2012\/03\/contaminaci\u00f3n-atmosf\u00e9rica.jpg\" alt=\" aerosoles \" width=\"252\" height=\"252\" srcset=\"https:\/\/www.ozono21.com\/blog\/wp-content\/uploads\/2012\/03\/contaminaci\u00f3n-atmosf\u00e9rica-150x150.jpg 150w, https:\/\/www.ozono21.com\/blog\/wp-content\/uploads\/2012\/03\/contaminaci\u00f3n-atmosf\u00e9rica-100x100.jpg 100w\" sizes=\"auto, (max-width: 252px) 100vw, 252px\" \/><a title=\" Ozono Purifica el Aire\" href=\" https:\/\/www.ozono21.com\/actualidad-interna\/ozono-en-el-tratamiento-del-aire\/151\/\" target=\"_blank\" rel=\"noopener noreferrer\">El incremento en el aire de ciertos materiales particulados, en buena medida fruto de la poluci\u00f3n atmosf\u00e9rica, puede afectar fuertemente al desarrollo de nubes, de maneras que reduzcan la precipitaci\u00f3n en regiones o estaciones secas, mientras que incrementen la lluvia, la ca\u00edda de nieve, y la intensidad de tormentas severas en regiones o estaciones h\u00famedas<\/a><\/strong><\/h2>\n<\/p>\n<p>Fuente: Noticiasdelaciencia (2 enero 2012)<\/p>\n<p style=\"text-align: justify;\">As\u00ed lo indican los resultados de un nuevo estudio, el cual aporta la primera evidencia clara de c\u00f3mo los aerosoles (holl\u00edn, polvo y otros materiales particulados) presentes en la atm\u00f3sfera pueden afectar a la meteorolog\u00eda.<\/p>\n<p style=\"text-align: justify;\"><strong>Los resultados de esta investigaci\u00f3n ata\u00f1en de manera especial a la disponibilidad, gesti\u00f3n, y uso de recursos h\u00eddricos en regiones de diversas partes del mundo.<\/strong><\/p>\n<p style=\"text-align: justify;\">Utilizando una base de datos de diez a\u00f1os de mediciones atmosf\u00e9ricas, el equipo de Zhanqing Li, Feng Niu y Yanni Ding, de la Universidad de Maryland, Jiwen Fan, del Laboratorio Nacional del Pac\u00edfico Noroeste, Yangang Liu del Laboratorio Nacional de Brookhaven, las tres instituciones en Estados Unidos, y Daniel Rosenfeld, de la Universidad Hebrea de Jerusal\u00e9n, <strong>ha descubierto la influencia neta y a largo plazo que los aerosoles ejercen sobre la altura y grosor de las nubes, y los cambios resultantes en la frecuencia e intensidad de las precipitaciones.<\/strong><\/p>\n<p style=\"text-align: justify;\"><strong>La comunidad cient\u00edfica ha sabido desde hace mucho tiempo que los aerosoles influyen en el calentamiento y en los cambios de fase, como la condensaci\u00f3n y la congelaci\u00f3n, en las nubes, y que pueden tanto inhibir como intensificar las nubes y las precipitaciones.<\/strong><\/p>\n<p style=\"text-align: justify;\">Lo que no se hab\u00eda conseguido determinar hasta ahora era el efecto neto de ese conjunto complejo de influencias.<\/p>\n<p style=\"text-align: justify;\">El nuevo estudio muestra que la materia particulada fina, mayormente fruto de la poluci\u00f3n atmosf\u00e9rica, dificulta que se produzca la lluvia suave, y por otra parte exacerba las tormentas severas. Se trata pues de un efecto a dos bandas, y que es pernicioso en ambas.<\/p>\n<p style=\"text-align: justify;\"><strong>Lo puesto de manifiesto por el nuevo estudio hace m\u00e1s urgente a\u00fan la necesidad de controlar las emisiones contaminantes de azufre, nitr\u00f3geno e hidrocarburos.<\/strong><\/p>\n<table border=\"3\" cellspacing=\"0\" cellpadding=\"0\">\n<tbody>\n<tr>\n<td bgcolor=\"#3b7cff\" height=\"25\" width=\"600\" align=\"center\"><strong><a title=\"Acci&oacute;n del OZONO\" target=\"_blank\" href=\"https:\/\/www.ozono21.com\/actualidad-interna\/accion-del-ozono\/423\/\" rel=\"noopener noreferrer\"><img loading=\"lazy\" decoding=\"async\" border=\"0\" alt=\"Noticias Relacionadas\" width=\"600\" height=\"25\" src=\"\/blog\/wp-content\/uploads\/2014\/06\/Noticias-Relacionadas.png\" \/><\/a><\/strong><\/td>\n<\/tr>\n<\/tbody>\n<\/table>\n<p><\/P><\/p>\n<p><big><\/p>\n<ul>\n<li><strong><a title=\"Calidad del aire, la salud no admite aplazamientos\" rel=\"bookmark\" href=\"https:\/\/www.ozono21.com\/blog\/salud\/calidad-del-aire-la-salud-no-admite-aplazamientos\/\">Calidad del aire, la salud no admite aplazamientos<\/a><\/strong><\/li>\n<\/ul>\n<p><\/big><\/P><\/p>\n<table border=\"3\" cellspacing=\"0\" cellpadding=\"0\">\n<tbody>\n<tr>\n<td bgcolor=\"#3b7cff\" height=\"25\" width=\"600\" align=\"center\"><strong><a title=\"Videos YouTube\" target=\"_blank\" href=\"https:\/\/www.youtube.com\/user\/ozono21\/videos?sort=p&amp;view=0&amp;flow=grid\" rel=\"noopener noreferrer\"><img loading=\"lazy\" decoding=\"async\" border=\"0\" alt=\"Videos Youtube\" width=\"600\" height=\"25\" src=\"\/blog\/wp-content\/uploads\/2014\/06\/Videos-Youtube.png\" \/><\/a><\/strong><\/td>\n<\/tr>\n<\/tbody>\n<\/table>\n<p>&nbsp;<\/p>\n<p style=\"text-align: center;\"><iframe loading=\"lazy\" width=\"640\" height=\"480\" src=\"https:\/\/www.youtube.com\/embed\/mUJ01IR5F90\" frameborder=\"0\" allow=\"accelerometer; autoplay; encrypted-media; gyroscope; picture-in-picture\" allowfullscreen><\/iframe><\/p>\n<div class=\"pvc_clear\"><\/div>\n<p id=\"pvc_stats_5194875\" class=\"pvc_stats total_only  \" data-element-id=\"5194875\" style=\"\"><i class=\"pvc-stats-icon small\" aria-hidden=\"true\"><svg aria-hidden=\"true\" focusable=\"false\" data-prefix=\"far\" data-icon=\"chart-bar\" role=\"img\" xmlns=\"http:\/\/www.w3.org\/2000\/svg\" viewBox=\"0 0 512 512\" class=\"svg-inline--fa fa-chart-bar fa-w-16 fa-2x\"><path fill=\"currentColor\" d=\"M396.8 352h22.4c6.4 0 12.8-6.4 12.8-12.8V108.8c0-6.4-6.4-12.8-12.8-12.8h-22.4c-6.4 0-12.8 6.4-12.8 12.8v230.4c0 6.4 6.4 12.8 12.8 12.8zm-192 0h22.4c6.4 0 12.8-6.4 12.8-12.8V140.8c0-6.4-6.4-12.8-12.8-12.8h-22.4c-6.4 0-12.8 6.4-12.8 12.8v198.4c0 6.4 6.4 12.8 12.8 12.8zm96 0h22.4c6.4 0 12.8-6.4 12.8-12.8V204.8c0-6.4-6.4-12.8-12.8-12.8h-22.4c-6.4 0-12.8 6.4-12.8 12.8v134.4c0 6.4 6.4 12.8 12.8 12.8zM496 400H48V80c0-8.84-7.16-16-16-16H16C7.16 64 0 71.16 0 80v336c0 17.67 14.33 32 32 32h464c8.84 0 16-7.16 16-16v-16c0-8.84-7.16-16-16-16zm-387.2-48h22.4c6.4 0 12.8-6.4 12.8-12.8v-70.4c0-6.4-6.4-12.8-12.8-12.8h-22.4c-6.4 0-12.8 6.4-12.8 12.8v70.4c0 6.4 6.4 12.8 12.8 12.8z\" class=\"\"><\/path><\/svg><\/i> <img loading=\"lazy\" decoding=\"async\" width=\"16\" height=\"16\" alt=\"Loading\" src=\"https:\/\/www.ozono21.com\/blog\/wp-content\/plugins\/page-views-count\/ajax-loader-2x.gif\" border=0 \/><\/p>\n<div class=\"pvc_clear\"><\/div>\n","protected":false},"excerpt":{"rendered":"<p>El incremento en el aire de ciertos materiales particulados, en buena medida fruto de la poluci\u00f3n atmosf\u00e9rica, puede afectar fuertemente al desarrollo de nubes, de maneras que reduzcan la precipitaci\u00f3n en regiones o estaciones secas, mientras que incrementen la lluvia, &hellip; <a href=\"https:\/\/www.ozono21.com\/blog\/agua\/aerosoles-contaminacion-atmosferica\/\">Sigue leyendo <span class=\"meta-nav\">&rarr;<\/span><\/a><\/p>\n<div class=\"pvc_clear\"><\/div>\n<p id=\"pvc_stats_5194875\" class=\"pvc_stats total_only  \" data-element-id=\"5194875\" style=\"\"><i class=\"pvc-stats-icon small\" aria-hidden=\"true\"><svg aria-hidden=\"true\" focusable=\"false\" data-prefix=\"far\" data-icon=\"chart-bar\" role=\"img\" xmlns=\"http:\/\/www.w3.org\/2000\/svg\" viewBox=\"0 0 512 512\" class=\"svg-inline--fa fa-chart-bar fa-w-16 fa-2x\"><path fill=\"currentColor\" d=\"M396.8 352h22.4c6.4 0 12.8-6.4 12.8-12.8V108.8c0-6.4-6.4-12.8-12.8-12.8h-22.4c-6.4 0-12.8 6.4-12.8 12.8v230.4c0 6.4 6.4 12.8 12.8 12.8zm-192 0h22.4c6.4 0 12.8-6.4 12.8-12.8V140.8c0-6.4-6.4-12.8-12.8-12.8h-22.4c-6.4 0-12.8 6.4-12.8 12.8v198.4c0 6.4 6.4 12.8 12.8 12.8zm96 0h22.4c6.4 0 12.8-6.4 12.8-12.8V204.8c0-6.4-6.4-12.8-12.8-12.8h-22.4c-6.4 0-12.8 6.4-12.8 12.8v134.4c0 6.4 6.4 12.8 12.8 12.8zM496 400H48V80c0-8.84-7.16-16-16-16H16C7.16 64 0 71.16 0 80v336c0 17.67 14.33 32 32 32h464c8.84 0 16-7.16 16-16v-16c0-8.84-7.16-16-16-16zm-387.2-48h22.4c6.4 0 12.8-6.4 12.8-12.8v-70.4c0-6.4-6.4-12.8-12.8-12.8h-22.4c-6.4 0-12.8 6.4-12.8 12.8v70.4c0 6.4 6.4 12.8 12.8 12.8z\" class=\"\"><\/path><\/svg><\/i> <img loading=\"lazy\" decoding=\"async\" width=\"16\" height=\"16\" alt=\"Loading\" src=\"https:\/\/www.ozono21.com\/blog\/wp-content\/plugins\/page-views-count\/ajax-loader-2x.gif\" border=0 \/><\/p>\n<div class=\"pvc_clear\"><\/div>\n","protected":false},"author":1,"featured_media":5194876,"comment_status":"open","ping_status":"open","sticky":false,"template":"","format":"standard","meta":{"_exactmetrics_skip_tracking":false,"_exactmetrics_sitenote_active":false,"_exactmetrics_sitenote_note":"","_exactmetrics_sitenote_category":0,"_jetpack_memberships_contains_paid_content":false,"footnotes":"","jetpack_publicize_message":"","jetpack_publicize_feature_enabled":true,"jetpack_social_post_already_shared":false,"jetpack_social_options":{"image_generator_settings":{"template":"highway","default_image_id":0,"font":"","enabled":false},"version":2}},"categories":[6,8,17,13,14,12,7],"tags":[20,81,36],"class_list":["post-5194875","post","type-post","status-publish","format-standard","has-post-thumbnail","hentry","category-agua","category-aire","category-contaminacion","category-medioambiente","category-ozono","category-polucion","category-salud","tag-contaminacion-2","tag-sociedad","tag-toxinas-2"],"a3_pvc":{"activated":true,"total_views":3055,"today_views":0},"yoast_head":"<!-- This site is optimized with the Yoast SEO plugin v27.5 - https:\/\/yoast.com\/product\/yoast-seo-wordpress\/ -->\n<title>AEROSOLES contaminaci\u00f3n atmosf\u00e9rica<\/title>\n<meta name=\"description\" content=\"Contaminaci\u00f3n atmosf\u00e9rica intensifica tanto las sequ\u00edas como las inundaciones. Los aerosoles en la atm\u00f3sfera pueden afectar a la meteorolog\u00eda\" \/>\n<meta name=\"robots\" content=\"index, follow, max-snippet:-1, max-image-preview:large, max-video-preview:-1\" \/>\n<link rel=\"canonical\" href=\"https:\/\/www.ozono21.com\/blog\/agua\/aerosoles-contaminacion-atmosferica\/\" \/>\n<meta property=\"og:locale\" content=\"es_ES\" \/>\n<meta property=\"og:type\" content=\"article\" \/>\n<meta property=\"og:title\" content=\"AEROSOLES contaminaci\u00f3n atmosf\u00e9rica\" \/>\n<meta property=\"og:description\" content=\"Contaminaci\u00f3n atmosf\u00e9rica intensifica tanto las sequ\u00edas como las inundaciones. Los aerosoles en la atm\u00f3sfera pueden afectar a la meteorolog\u00eda\" \/>\n<meta property=\"og:url\" content=\"https:\/\/www.ozono21.com\/blog\/agua\/aerosoles-contaminacion-atmosferica\/\" \/>\n<meta property=\"og:site_name\" content=\"- Blog Ozono21\" \/>\n<meta property=\"article:published_time\" content=\"2012-03-26T15:39:21+00:00\" \/>\n<meta property=\"article:modified_time\" content=\"2026-01-22T19:04:24+00:00\" \/>\n<meta property=\"og:image\" content=\"https:\/\/www.ozono21.com\/blog\/wp-content\/uploads\/2012\/03\/contaminaci\u00f3n-atmosf\u00e9rica.jpg\" \/>\n\t<meta property=\"og:image:width\" content=\"259\" \/>\n\t<meta property=\"og:image:height\" content=\"194\" \/>\n\t<meta property=\"og:image:type\" content=\"image\/jpeg\" \/>\n<meta name=\"author\" content=\"INVESTIGACION Ozono21\" \/>\n<meta name=\"twitter:label1\" content=\"Escrito por\" \/>\n\t<meta name=\"twitter:data1\" content=\"INVESTIGACION Ozono21\" \/>\n\t<meta name=\"twitter:label2\" content=\"Tiempo de lectura\" \/>\n\t<meta name=\"twitter:data2\" content=\"2 minutos\" \/>\n<script type=\"application\/ld+json\" class=\"yoast-schema-graph\">{\"@context\":\"https:\\\/\\\/schema.org\",\"@graph\":[{\"@type\":\"Article\",\"@id\":\"https:\\\/\\\/www.ozono21.com\\\/blog\\\/agua\\\/aerosoles-contaminacion-atmosferica\\\/#article\",\"isPartOf\":{\"@id\":\"https:\\\/\\\/www.ozono21.com\\\/blog\\\/agua\\\/aerosoles-contaminacion-atmosferica\\\/\"},\"author\":{\"name\":\"INVESTIGACION Ozono21\",\"@id\":\"https:\\\/\\\/www.ozono21.com\\\/blog\\\/#\\\/schema\\\/person\\\/16639932c214a173193498aee8204d12\"},\"headline\":\"Contaminaci\u00f3n atmosf\u00e9rica intensifica tanto las sequ\u00edas como las inundaciones\",\"datePublished\":\"2012-03-26T15:39:21+00:00\",\"dateModified\":\"2026-01-22T19:04:24+00:00\",\"mainEntityOfPage\":{\"@id\":\"https:\\\/\\\/www.ozono21.com\\\/blog\\\/agua\\\/aerosoles-contaminacion-atmosferica\\\/\"},\"wordCount\":385,\"commentCount\":0,\"image\":{\"@id\":\"https:\\\/\\\/www.ozono21.com\\\/blog\\\/agua\\\/aerosoles-contaminacion-atmosferica\\\/#primaryimage\"},\"thumbnailUrl\":\"https:\\\/\\\/www.ozono21.com\\\/blog\\\/wp-content\\\/uploads\\\/2012\\\/03\\\/contaminaci\u00f3n-atmosf\u00e9rica.jpg\",\"keywords\":[\"Contaminaci\u00f3n\",\"Sociedad\",\"Toxinas\"],\"articleSection\":[\"Agua\",\"Aire\",\"Contaminaci\u00f3n\",\"MedioAmbiente\",\"OZONO\",\"Poluci\u00f3n\",\"Salud\"],\"inLanguage\":\"es\",\"potentialAction\":[{\"@type\":\"CommentAction\",\"name\":\"Comment\",\"target\":[\"https:\\\/\\\/www.ozono21.com\\\/blog\\\/agua\\\/aerosoles-contaminacion-atmosferica\\\/#respond\"]}]},{\"@type\":\"WebPage\",\"@id\":\"https:\\\/\\\/www.ozono21.com\\\/blog\\\/agua\\\/aerosoles-contaminacion-atmosferica\\\/\",\"url\":\"https:\\\/\\\/www.ozono21.com\\\/blog\\\/agua\\\/aerosoles-contaminacion-atmosferica\\\/\",\"name\":\"AEROSOLES contaminaci\u00f3n atmosf\u00e9rica\",\"isPartOf\":{\"@id\":\"https:\\\/\\\/www.ozono21.com\\\/blog\\\/#website\"},\"primaryImageOfPage\":{\"@id\":\"https:\\\/\\\/www.ozono21.com\\\/blog\\\/agua\\\/aerosoles-contaminacion-atmosferica\\\/#primaryimage\"},\"image\":{\"@id\":\"https:\\\/\\\/www.ozono21.com\\\/blog\\\/agua\\\/aerosoles-contaminacion-atmosferica\\\/#primaryimage\"},\"thumbnailUrl\":\"https:\\\/\\\/www.ozono21.com\\\/blog\\\/wp-content\\\/uploads\\\/2012\\\/03\\\/contaminaci\u00f3n-atmosf\u00e9rica.jpg\",\"datePublished\":\"2012-03-26T15:39:21+00:00\",\"dateModified\":\"2026-01-22T19:04:24+00:00\",\"author\":{\"@id\":\"https:\\\/\\\/www.ozono21.com\\\/blog\\\/#\\\/schema\\\/person\\\/16639932c214a173193498aee8204d12\"},\"description\":\"Contaminaci\u00f3n atmosf\u00e9rica intensifica tanto las sequ\u00edas como las inundaciones. Los aerosoles en la atm\u00f3sfera pueden afectar a la meteorolog\u00eda\",\"breadcrumb\":{\"@id\":\"https:\\\/\\\/www.ozono21.com\\\/blog\\\/agua\\\/aerosoles-contaminacion-atmosferica\\\/#breadcrumb\"},\"inLanguage\":\"es\",\"potentialAction\":[{\"@type\":\"ReadAction\",\"target\":[\"https:\\\/\\\/www.ozono21.com\\\/blog\\\/agua\\\/aerosoles-contaminacion-atmosferica\\\/\"]}]},{\"@type\":\"ImageObject\",\"inLanguage\":\"es\",\"@id\":\"https:\\\/\\\/www.ozono21.com\\\/blog\\\/agua\\\/aerosoles-contaminacion-atmosferica\\\/#primaryimage\",\"url\":\"https:\\\/\\\/www.ozono21.com\\\/blog\\\/wp-content\\\/uploads\\\/2012\\\/03\\\/contaminaci\u00f3n-atmosf\u00e9rica.jpg\",\"contentUrl\":\"https:\\\/\\\/www.ozono21.com\\\/blog\\\/wp-content\\\/uploads\\\/2012\\\/03\\\/contaminaci\u00f3n-atmosf\u00e9rica.jpg\",\"width\":259,\"height\":194},{\"@type\":\"BreadcrumbList\",\"@id\":\"https:\\\/\\\/www.ozono21.com\\\/blog\\\/agua\\\/aerosoles-contaminacion-atmosferica\\\/#breadcrumb\",\"itemListElement\":[{\"@type\":\"ListItem\",\"position\":1,\"name\":\"Portada\",\"item\":\"https:\\\/\\\/www.ozono21.com\\\/blog\\\/\"},{\"@type\":\"ListItem\",\"position\":2,\"name\":\"Contaminaci\u00f3n atmosf\u00e9rica intensifica tanto las sequ\u00edas como las inundaciones\"}]},{\"@type\":\"WebSite\",\"@id\":\"https:\\\/\\\/www.ozono21.com\\\/blog\\\/#website\",\"url\":\"https:\\\/\\\/www.ozono21.com\\\/blog\\\/\",\"name\":\"Blog Ozono21\",\"description\":\" - Blog Ozono21\",\"potentialAction\":[{\"@type\":\"SearchAction\",\"target\":{\"@type\":\"EntryPoint\",\"urlTemplate\":\"https:\\\/\\\/www.ozono21.com\\\/blog\\\/?s={search_term_string}\"},\"query-input\":{\"@type\":\"PropertyValueSpecification\",\"valueRequired\":true,\"valueName\":\"search_term_string\"}}],\"inLanguage\":\"es\"},{\"@type\":\"Person\",\"@id\":\"https:\\\/\\\/www.ozono21.com\\\/blog\\\/#\\\/schema\\\/person\\\/16639932c214a173193498aee8204d12\",\"name\":\"INVESTIGACION Ozono21\",\"image\":{\"@type\":\"ImageObject\",\"inLanguage\":\"es\",\"@id\":\"https:\\\/\\\/secure.gravatar.com\\\/avatar\\\/f00ed9ac57a3eea6b9830d73dc9f9214775648c7763edcb20475eb83509b31fd?s=96&d=mm&r=g\",\"url\":\"https:\\\/\\\/secure.gravatar.com\\\/avatar\\\/f00ed9ac57a3eea6b9830d73dc9f9214775648c7763edcb20475eb83509b31fd?s=96&d=mm&r=g\",\"contentUrl\":\"https:\\\/\\\/secure.gravatar.com\\\/avatar\\\/f00ed9ac57a3eea6b9830d73dc9f9214775648c7763edcb20475eb83509b31fd?s=96&d=mm&r=g\",\"caption\":\"INVESTIGACION Ozono21\"}}]}<\/script>\n<!-- \/ Yoast SEO plugin. -->","yoast_head_json":{"title":"AEROSOLES contaminaci\u00f3n atmosf\u00e9rica","description":"Contaminaci\u00f3n atmosf\u00e9rica intensifica tanto las sequ\u00edas como las inundaciones. Los aerosoles en la atm\u00f3sfera pueden afectar a la meteorolog\u00eda","robots":{"index":"index","follow":"follow","max-snippet":"max-snippet:-1","max-image-preview":"max-image-preview:large","max-video-preview":"max-video-preview:-1"},"canonical":"https:\/\/www.ozono21.com\/blog\/agua\/aerosoles-contaminacion-atmosferica\/","og_locale":"es_ES","og_type":"article","og_title":"AEROSOLES contaminaci\u00f3n atmosf\u00e9rica","og_description":"Contaminaci\u00f3n atmosf\u00e9rica intensifica tanto las sequ\u00edas como las inundaciones. Los aerosoles en la atm\u00f3sfera pueden afectar a la meteorolog\u00eda","og_url":"https:\/\/www.ozono21.com\/blog\/agua\/aerosoles-contaminacion-atmosferica\/","og_site_name":"- Blog Ozono21","article_published_time":"2012-03-26T15:39:21+00:00","article_modified_time":"2026-01-22T19:04:24+00:00","og_image":[{"width":259,"height":194,"url":"https:\/\/www.ozono21.com\/blog\/wp-content\/uploads\/2012\/03\/contaminaci\u00f3n-atmosf\u00e9rica.jpg","type":"image\/jpeg"}],"author":"INVESTIGACION Ozono21","twitter_misc":{"Escrito por":"INVESTIGACION Ozono21","Tiempo de lectura":"2 minutos"},"schema":{"@context":"https:\/\/schema.org","@graph":[{"@type":"Article","@id":"https:\/\/www.ozono21.com\/blog\/agua\/aerosoles-contaminacion-atmosferica\/#article","isPartOf":{"@id":"https:\/\/www.ozono21.com\/blog\/agua\/aerosoles-contaminacion-atmosferica\/"},"author":{"name":"INVESTIGACION Ozono21","@id":"https:\/\/www.ozono21.com\/blog\/#\/schema\/person\/16639932c214a173193498aee8204d12"},"headline":"Contaminaci\u00f3n atmosf\u00e9rica intensifica tanto las sequ\u00edas como las inundaciones","datePublished":"2012-03-26T15:39:21+00:00","dateModified":"2026-01-22T19:04:24+00:00","mainEntityOfPage":{"@id":"https:\/\/www.ozono21.com\/blog\/agua\/aerosoles-contaminacion-atmosferica\/"},"wordCount":385,"commentCount":0,"image":{"@id":"https:\/\/www.ozono21.com\/blog\/agua\/aerosoles-contaminacion-atmosferica\/#primaryimage"},"thumbnailUrl":"https:\/\/www.ozono21.com\/blog\/wp-content\/uploads\/2012\/03\/contaminaci\u00f3n-atmosf\u00e9rica.jpg","keywords":["Contaminaci\u00f3n","Sociedad","Toxinas"],"articleSection":["Agua","Aire","Contaminaci\u00f3n","MedioAmbiente","OZONO","Poluci\u00f3n","Salud"],"inLanguage":"es","potentialAction":[{"@type":"CommentAction","name":"Comment","target":["https:\/\/www.ozono21.com\/blog\/agua\/aerosoles-contaminacion-atmosferica\/#respond"]}]},{"@type":"WebPage","@id":"https:\/\/www.ozono21.com\/blog\/agua\/aerosoles-contaminacion-atmosferica\/","url":"https:\/\/www.ozono21.com\/blog\/agua\/aerosoles-contaminacion-atmosferica\/","name":"AEROSOLES contaminaci\u00f3n atmosf\u00e9rica","isPartOf":{"@id":"https:\/\/www.ozono21.com\/blog\/#website"},"primaryImageOfPage":{"@id":"https:\/\/www.ozono21.com\/blog\/agua\/aerosoles-contaminacion-atmosferica\/#primaryimage"},"image":{"@id":"https:\/\/www.ozono21.com\/blog\/agua\/aerosoles-contaminacion-atmosferica\/#primaryimage"},"thumbnailUrl":"https:\/\/www.ozono21.com\/blog\/wp-content\/uploads\/2012\/03\/contaminaci\u00f3n-atmosf\u00e9rica.jpg","datePublished":"2012-03-26T15:39:21+00:00","dateModified":"2026-01-22T19:04:24+00:00","author":{"@id":"https:\/\/www.ozono21.com\/blog\/#\/schema\/person\/16639932c214a173193498aee8204d12"},"description":"Contaminaci\u00f3n atmosf\u00e9rica intensifica tanto las sequ\u00edas como las inundaciones. Los aerosoles en la atm\u00f3sfera pueden afectar a la meteorolog\u00eda","breadcrumb":{"@id":"https:\/\/www.ozono21.com\/blog\/agua\/aerosoles-contaminacion-atmosferica\/#breadcrumb"},"inLanguage":"es","potentialAction":[{"@type":"ReadAction","target":["https:\/\/www.ozono21.com\/blog\/agua\/aerosoles-contaminacion-atmosferica\/"]}]},{"@type":"ImageObject","inLanguage":"es","@id":"https:\/\/www.ozono21.com\/blog\/agua\/aerosoles-contaminacion-atmosferica\/#primaryimage","url":"https:\/\/www.ozono21.com\/blog\/wp-content\/uploads\/2012\/03\/contaminaci\u00f3n-atmosf\u00e9rica.jpg","contentUrl":"https:\/\/www.ozono21.com\/blog\/wp-content\/uploads\/2012\/03\/contaminaci\u00f3n-atmosf\u00e9rica.jpg","width":259,"height":194},{"@type":"BreadcrumbList","@id":"https:\/\/www.ozono21.com\/blog\/agua\/aerosoles-contaminacion-atmosferica\/#breadcrumb","itemListElement":[{"@type":"ListItem","position":1,"name":"Portada","item":"https:\/\/www.ozono21.com\/blog\/"},{"@type":"ListItem","position":2,"name":"Contaminaci\u00f3n atmosf\u00e9rica intensifica tanto las sequ\u00edas como las inundaciones"}]},{"@type":"WebSite","@id":"https:\/\/www.ozono21.com\/blog\/#website","url":"https:\/\/www.ozono21.com\/blog\/","name":"Blog Ozono21","description":" - Blog Ozono21","potentialAction":[{"@type":"SearchAction","target":{"@type":"EntryPoint","urlTemplate":"https:\/\/www.ozono21.com\/blog\/?s={search_term_string}"},"query-input":{"@type":"PropertyValueSpecification","valueRequired":true,"valueName":"search_term_string"}}],"inLanguage":"es"},{"@type":"Person","@id":"https:\/\/www.ozono21.com\/blog\/#\/schema\/person\/16639932c214a173193498aee8204d12","name":"INVESTIGACION Ozono21","image":{"@type":"ImageObject","inLanguage":"es","@id":"https:\/\/secure.gravatar.com\/avatar\/f00ed9ac57a3eea6b9830d73dc9f9214775648c7763edcb20475eb83509b31fd?s=96&d=mm&r=g","url":"https:\/\/secure.gravatar.com\/avatar\/f00ed9ac57a3eea6b9830d73dc9f9214775648c7763edcb20475eb83509b31fd?s=96&d=mm&r=g","contentUrl":"https:\/\/secure.gravatar.com\/avatar\/f00ed9ac57a3eea6b9830d73dc9f9214775648c7763edcb20475eb83509b31fd?s=96&d=mm&r=g","caption":"INVESTIGACION Ozono21"}}]}},"jetpack_publicize_connections":[],"jetpack_featured_media_url":"https:\/\/www.ozono21.com\/blog\/wp-content\/uploads\/2012\/03\/contaminaci\u00f3n-atmosf\u00e9rica.jpg","jetpack_sharing_enabled":true,"_links":{"self":[{"href":"https:\/\/www.ozono21.com\/blog\/wp-json\/wp\/v2\/posts\/5194875","targetHints":{"allow":["GET"]}}],"collection":[{"href":"https:\/\/www.ozono21.com\/blog\/wp-json\/wp\/v2\/posts"}],"about":[{"href":"https:\/\/www.ozono21.com\/blog\/wp-json\/wp\/v2\/types\/post"}],"author":[{"embeddable":true,"href":"https:\/\/www.ozono21.com\/blog\/wp-json\/wp\/v2\/users\/1"}],"replies":[{"embeddable":true,"href":"https:\/\/www.ozono21.com\/blog\/wp-json\/wp\/v2\/comments?post=5194875"}],"version-history":[{"count":0,"href":"https:\/\/www.ozono21.com\/blog\/wp-json\/wp\/v2\/posts\/5194875\/revisions"}],"wp:featuredmedia":[{"embeddable":true,"href":"https:\/\/www.ozono21.com\/blog\/wp-json\/wp\/v2\/media\/5194876"}],"wp:attachment":[{"href":"https:\/\/www.ozono21.com\/blog\/wp-json\/wp\/v2\/media?parent=5194875"}],"wp:term":[{"taxonomy":"category","embeddable":true,"href":"https:\/\/www.ozono21.com\/blog\/wp-json\/wp\/v2\/categories?post=5194875"},{"taxonomy":"post_tag","embeddable":true,"href":"https:\/\/www.ozono21.com\/blog\/wp-json\/wp\/v2\/tags?post=5194875"}],"curies":[{"name":"wp","href":"https:\/\/api.w.org\/{rel}","templated":true}]}}