{"id":5194624,"date":"2012-01-22T15:32:41","date_gmt":"2012-01-22T13:32:41","guid":{"rendered":"https:\/\/www.ozono21.com\/blog\/?p=5194624"},"modified":"2026-01-23T16:22:32","modified_gmt":"2026-01-23T14:22:32","slug":"graves-impactos-de-los-transgenicos","status":"publish","type":"post","link":"https:\/\/www.ozono21.com\/blog\/salud\/graves-impactos-de-los-transgenicos\/","title":{"rendered":"Cient\u00edficos confirman los graves impactos de los transg\u00e9nicos"},"content":{"rendered":"<p style=\"text-align: justify;\">\n<h2 style=\"text-align: justify;\"><strong><img loading=\"lazy\" decoding=\"async\" style=\"margin: 25px 0px 20px 0px; cursor: hand; border: 0px;\"   title=\"Cient\u00edficos confirman los graves impactos de los TRANSGENICOS\" src=\"https:\/\/www.ozono21.com\/blog\/wp-content\/uploads\/2012\/01\/trangenicos_alimentos_ue_permitidos.jpg\" alt=\" graves impactos de los TRANSGENICOS \" width=\"212\" height=\"202\"  class=\"alignright\" \/><a title=\"Ozono para los ALIMENTOS y COCINA\" href=\"https:\/\/www.ozono21.com\/sectores-pagina\/domesticos\/alimentos-cocina\/30\/\" target=\"_blank\" rel=\"noopener noreferrer\">Expertos espa\u00f1oles y europeos exponen en Madrid los graves impactos de los TRANSGENICOS ambientales, sociales, econ\u00f3micos y riesgos para la salud.<\/a><\/strong><\/h2>\n<p style=\"text-align: justify;\">Una importante representaci\u00f3n de cient\u00edficos europeos y espa\u00f1oles ha expuesto este jueves y viernes, en Madrid, <strong>sus principales hallazgos sobre los riesgos e impactos de los cultivos y alimentos transg\u00e9nicos, <\/strong>en el transcurso de las Jornadas Cient\u00edficas Internacionales sobre Transg\u00e9nicos \u00bbLos transg\u00e9nicos en el \u00e1mbito cient\u00edfico, agr\u00edcola, medioambiental y de la salud\u00bb (1).<\/p>\n<p> Durante estos dos d\u00edas se han puesto sobre la mesa suficientes evidencias cient\u00edficas sobre sus impactos ambientales, sociales y econ\u00f3micos y sobre sus riesgos para la salud como para rechazar su introducci\u00f3n en la agricultura y la alimentaci\u00f3n.<\/p>\n<p>Fuente:ECOticias.com (11\/11\/2011)<\/p>\n<p style=\"text-align: justify;\">Las jornadas, que han tenido lugar en la Escuela de Organizaci\u00f3n Industrial (EOI), y han sido organizadas por Amigos de la Tierra, CECU, COAG, Ecologistas en Acci\u00f3n, Greenpeace y Plataforma Rural, han reunido, entre otros, a cient\u00edficos como: Giles Eric Serallini, Angelika \u00a0Hilbeck, Christian V\u00e9lot, M\u00aa del Carmen Jaizme-Vega, JulienMilanesi, Rosa Binimelis, Ana Carretero, Antonio G\u00f3mez Sal, Jorge Riechmann, Michael Antoniou o Julio C\u00e9sar Tello Marquina.<\/p>\n<p style=\"text-align: justify;\"><strong><a title=\"Ozono con los ALIMENTOS y la COCINA\" href=\"https:\/\/www.ozono21.com\/sectores-pagina\/domesticos\/alimentos-cocina\/30\/\" target=\"_blank\" rel=\"noopener noreferrer\"><big>Una de las conclusiones principales a las que han llegado de forma un\u00e1nime los ponentes es queel cultivo de los transg\u00e9nicos al aire libre supone un grave peligro para la salud y el medio ambiente, y no tiene nada que ver con el empleo de esta tecnolog\u00eda en laboratorio, en ambientes confinados, como su uso con fines m\u00e9dicos.<\/big><\/a><\/strong><\/p>\n<p style=\"text-align: justify;\">Michael Antoniou, experto en gen\u00e9tica molecular y m\u00e9dica del King\u2019s College, ha destacado durante su intervenci\u00f3n que la tecnolog\u00eda de los transg\u00e9nicos se basa en conceptos gen\u00e9ticos ya superados por la ciencia, que no est\u00e1n abalados por los \u00faltimos hallazgos de la gen\u00e9tica. A su vez el catedr\u00e1tico de biolog\u00eda molecular de la Universidad de Caen, Gilles Seralini, ha se\u00f1alado que los mecanismos de evaluaci\u00f3n de riesgo previos a la liberaci\u00f3n de un transg\u00e9nico no est\u00e1n dise\u00f1ados para proteger ni la salud, ni el medio ambiente.<\/p>\n<p style=\"text-align: justify;\">Por su lado, la doctora en ciencias biol\u00f3gicas, M\u00aa del Carmen Jaizme, ha asegurado que <strong>los microorganismos del suelo tambi\u00e9n son v\u00edctimas de los cultivos transg\u00e9nicos, y por lo tanto la fertilidad de nuestros suelos y nuestra alimentaci\u00f3n est\u00e1n en juego.<\/strong><\/p>\n<p style=\"text-align: justify;\">\n<p style=\"text-align: justify;\"><big><strong><a title=\"OZONO para los ALIMENTOS\" href=\"https:\/\/www.ozono21.com\/sectores-pagina\/domesticos\/alimentos-cocina\/30\/\" target=\"_blank\" rel=\"noopener noreferrer\">En otra de las ponencias, Christian V\u00e9lot, profesor de gen\u00e9tica molecular en la Universidad de Par\u00eds, ha apuntado que casi la totalidad de las plantas transg\u00e9nicas producen pesticidas en sus c\u00e9lulas o son cultivadas con enormes dosis de pesticidas. Con la conclusi\u00f3n de que \u201cal comer transg\u00e9nicos estamos comiendo veneno\u201d. <\/a><\/strong><\/big><\/p>\n<p style=\"text-align: justify;\">Tambi\u00e9n se ha recogido la experiencia de agricultores espa\u00f1oles como Jeromo Aguado, Presidente de la Plataforma Rural y Antonio Ru\u00edz, ex-Presidente del Comit\u00e9 Aragon\u00e9s de Agricultura Ecol\u00f3gica. Adem\u00e1s de un interesante debate entre miembros del Parlamento Europeo sobre la Evaluaci\u00f3n de riesgos en materia de OMG, as\u00ed como la propuesta de cambio legislativo de la Comisi\u00f3n Europea.<\/p>\n<p style=\"text-align: justify;\"><strong>Espa\u00f1a es el \u00fanico pa\u00eds de la UE que cultiva transg\u00e9nicos a gran escala. Durante las \u00faltimas legislaturas, el Gobierno ha ignorado sistem\u00e1ticamente los argumentos ambientales, sanitarios, econ\u00f3micos y sociales que han llevado a otros pa\u00edses europeos como Francia, Alemania, Suiza o Hungr\u00eda a prohibir el cultivo del ma\u00edz transg\u00e9nico que se cultiva en Espa\u00f1a. <\/strong>Los organizadores de esta jornada exigen al pr\u00f3ximo gobierno que considere la desastrosa experiencia del cultivo de transg\u00e9nicos en nuestro pa\u00eds y las evidencias cient\u00edficas de sus impactos, prohibiendo el cultivo de transg\u00e9nicos como una de sus primeras medidas. En plena campa\u00f1a electoral, existen motivos m\u00e1s que suficientes para que los partidos se posicionen en un tema clave para el futuro de nuestra agricultura y alimentaci\u00f3n.<\/p>\n<table border=\"3\" cellspacing=\"0\" cellpadding=\"0\">\n<tbody>\n<tr>\n<td bgcolor=\"#3b7cff\" height=\"25\" width=\"600\" align=\"center\"><strong><a title=\"Actualidad ACCION del OZONO\" href=\"https:\/\/www.ozono21.com\/actualidad-interna\/accion-del-ozono\/423\/\" target=\"_blank\" rel=\"noopener noreferrer\"><img loading=\"lazy\" decoding=\"async\" src=\"https:\/\/www.ozono21.com\/blog\/wp-content\/uploads\/2014\/06\/Noticias-Relacionadas.png\" alt=\"Actualidad ACCION del OZONO\" width=\"600\" height=\"25\" border=\"0\" \/><\/a><\/strong>\n<\/td>\n<\/tr>\n<\/tbody>\n<\/table>\n<p><big><\/p>\n<table border=\"0\" cellspacing=\"0\" cellpadding=\"0\">\n<tbody>\n<tr>\n<td width=\"150\" height=\"150\" align=\"center\"><a title=\"Grasas Trans\" href=\"https:\/\/www.ozono21.com\/blog\/?s=Grasas+Trans\" target=\"_blank\" rel=\"noopener noreferrer\"><img loading=\"lazy\" decoding=\"async\" src=\"https:\/\/www.ozono21.com\/blog\/wp-content\/uploads\/2014\/11\/grasas-trans.jpg\"  alt=\"graves impactos de los TRANSGENICOS\" width=\"145\" height=\"145\" class=\"alignright size-full wp-image-5207224\"  style=\"margin: 10px 10px 10px 0px; cursor: hand; border: 0px;\" border=\"0\" \/><\/a><\/td>\n<td width=\"300\" height=\"150\" style=\"text-align: left; vertical-align: middle;\"><strong><a title=\"Grasas Trans\" href=\"https:\/\/www.ozono21.com\/blog\/?s=Grasas+Trans\" target=\"_blank\" rel=\"noopener noreferrer\">Grasas Trans<\/a><\/strong>\n<\/td>\n<\/tr>\n<\/tbody>\n<\/table>\n<p><\/big><\/p>\n<table border=\"3\" cellspacing=\"0\" cellpadding=\"0\">\n<tbody>\n<tr>\n<td bgcolor=\"#3b7cff\" height=\"25\" width=\"600\" align=\"center\"><strong><a title=\"Videos YouTube\" target=\"_blank\" href=\"https:\/\/www.youtube.com\/user\/ozono21\/videos?sort=p&amp;view=0&amp;flow=grid\" rel=\"noopener noreferrer\"><img loading=\"lazy\" decoding=\"async\" src=\"https:\/\/www.ozono21.com\/blog\/wp-content\/uploads\/2014\/06\/Videos-Youtube.png\" alt=\"Videos Youtube\" width=\"600\" height=\"25\" border=\"0\" \/><\/a><\/strong>\n<\/td>\n<\/tr>\n<\/tbody>\n<\/table>\n<p>&nbsp;<\/p>\n<p style=\"text-align: center;\"><iframe loading=\"lazy\" width=\"640\" height=\"480\" src=\"https:\/\/www.youtube.com\/embed\/DbQY0LbyDZA\" frameborder=\"0\" allow=\"accelerometer; autoplay; encrypted-media; gyroscope; picture-in-picture\" allowfullscreen><\/iframe><\/p>\n<div class=\"pvc_clear\"><\/div>\n<p id=\"pvc_stats_5194624\" class=\"pvc_stats total_only  \" data-element-id=\"5194624\" style=\"\"><i class=\"pvc-stats-icon small\" aria-hidden=\"true\"><svg aria-hidden=\"true\" focusable=\"false\" data-prefix=\"far\" data-icon=\"chart-bar\" role=\"img\" xmlns=\"http:\/\/www.w3.org\/2000\/svg\" viewBox=\"0 0 512 512\" class=\"svg-inline--fa fa-chart-bar fa-w-16 fa-2x\"><path fill=\"currentColor\" d=\"M396.8 352h22.4c6.4 0 12.8-6.4 12.8-12.8V108.8c0-6.4-6.4-12.8-12.8-12.8h-22.4c-6.4 0-12.8 6.4-12.8 12.8v230.4c0 6.4 6.4 12.8 12.8 12.8zm-192 0h22.4c6.4 0 12.8-6.4 12.8-12.8V140.8c0-6.4-6.4-12.8-12.8-12.8h-22.4c-6.4 0-12.8 6.4-12.8 12.8v198.4c0 6.4 6.4 12.8 12.8 12.8zm96 0h22.4c6.4 0 12.8-6.4 12.8-12.8V204.8c0-6.4-6.4-12.8-12.8-12.8h-22.4c-6.4 0-12.8 6.4-12.8 12.8v134.4c0 6.4 6.4 12.8 12.8 12.8zM496 400H48V80c0-8.84-7.16-16-16-16H16C7.16 64 0 71.16 0 80v336c0 17.67 14.33 32 32 32h464c8.84 0 16-7.16 16-16v-16c0-8.84-7.16-16-16-16zm-387.2-48h22.4c6.4 0 12.8-6.4 12.8-12.8v-70.4c0-6.4-6.4-12.8-12.8-12.8h-22.4c-6.4 0-12.8 6.4-12.8 12.8v70.4c0 6.4 6.4 12.8 12.8 12.8z\" class=\"\"><\/path><\/svg><\/i> <img loading=\"lazy\" decoding=\"async\" width=\"16\" height=\"16\" alt=\"Loading\" src=\"https:\/\/www.ozono21.com\/blog\/wp-content\/plugins\/page-views-count\/ajax-loader-2x.gif\" border=0 \/><\/p>\n<div class=\"pvc_clear\"><\/div>\n","protected":false},"excerpt":{"rendered":"<p>Expertos espa\u00f1oles y europeos exponen en Madrid los graves impactos de los TRANSGENICOS ambientales, sociales, econ\u00f3micos y riesgos para la salud. Una importante representaci\u00f3n de cient\u00edficos europeos y espa\u00f1oles ha expuesto este jueves y viernes, en Madrid, sus principales hallazgos &hellip; <a href=\"https:\/\/www.ozono21.com\/blog\/salud\/graves-impactos-de-los-transgenicos\/\">Sigue leyendo <span class=\"meta-nav\">&rarr;<\/span><\/a><\/p>\n<div class=\"pvc_clear\"><\/div>\n<p id=\"pvc_stats_5194624\" class=\"pvc_stats total_only  \" data-element-id=\"5194624\" style=\"\"><i class=\"pvc-stats-icon small\" aria-hidden=\"true\"><svg aria-hidden=\"true\" focusable=\"false\" data-prefix=\"far\" data-icon=\"chart-bar\" role=\"img\" xmlns=\"http:\/\/www.w3.org\/2000\/svg\" viewBox=\"0 0 512 512\" class=\"svg-inline--fa fa-chart-bar fa-w-16 fa-2x\"><path fill=\"currentColor\" d=\"M396.8 352h22.4c6.4 0 12.8-6.4 12.8-12.8V108.8c0-6.4-6.4-12.8-12.8-12.8h-22.4c-6.4 0-12.8 6.4-12.8 12.8v230.4c0 6.4 6.4 12.8 12.8 12.8zm-192 0h22.4c6.4 0 12.8-6.4 12.8-12.8V140.8c0-6.4-6.4-12.8-12.8-12.8h-22.4c-6.4 0-12.8 6.4-12.8 12.8v198.4c0 6.4 6.4 12.8 12.8 12.8zm96 0h22.4c6.4 0 12.8-6.4 12.8-12.8V204.8c0-6.4-6.4-12.8-12.8-12.8h-22.4c-6.4 0-12.8 6.4-12.8 12.8v134.4c0 6.4 6.4 12.8 12.8 12.8zM496 400H48V80c0-8.84-7.16-16-16-16H16C7.16 64 0 71.16 0 80v336c0 17.67 14.33 32 32 32h464c8.84 0 16-7.16 16-16v-16c0-8.84-7.16-16-16-16zm-387.2-48h22.4c6.4 0 12.8-6.4 12.8-12.8v-70.4c0-6.4-6.4-12.8-12.8-12.8h-22.4c-6.4 0-12.8 6.4-12.8 12.8v70.4c0 6.4 6.4 12.8 12.8 12.8z\" class=\"\"><\/path><\/svg><\/i> <img loading=\"lazy\" decoding=\"async\" width=\"16\" height=\"16\" alt=\"Loading\" src=\"https:\/\/www.ozono21.com\/blog\/wp-content\/plugins\/page-views-count\/ajax-loader-2x.gif\" border=0 \/><\/p>\n<div class=\"pvc_clear\"><\/div>\n","protected":false},"author":1,"featured_media":5194625,"comment_status":"open","ping_status":"open","sticky":false,"template":"","format":"standard","meta":{"_exactmetrics_skip_tracking":false,"_exactmetrics_sitenote_active":false,"_exactmetrics_sitenote_note":"","_exactmetrics_sitenote_category":0,"_jetpack_memberships_contains_paid_content":false,"footnotes":"","jetpack_publicize_message":"","jetpack_publicize_feature_enabled":true,"jetpack_social_post_already_shared":false,"jetpack_social_options":{"image_generator_settings":{"template":"highway","default_image_id":0,"font":"","enabled":false},"version":2}},"categories":[9,38,13,7],"tags":[24,37,21],"class_list":["post-5194624","post","type-post","status-publish","format-standard","has-post-thumbnail","hentry","category-alimentos","category-ecologico-2","category-medioambiente","category-salud","tag-alimentos-2","tag-ecologico","tag-salud-2"],"a3_pvc":{"activated":true,"total_views":3104,"today_views":0},"yoast_head":"<!-- This site is optimized with the Yoast SEO plugin v27.5 - https:\/\/yoast.com\/product\/yoast-seo-wordpress\/ -->\n<title>Graves impactos de los TRANSGENICOS<\/title>\n<meta name=\"description\" content=\"Graves impactos de los TRANSGENICOS Expertos exponen en Madrid los impactos ambientales, sociales, econ\u00f3micos y riesgos para la salud\" \/>\n<meta name=\"robots\" content=\"index, follow, max-snippet:-1, max-image-preview:large, max-video-preview:-1\" \/>\n<link rel=\"canonical\" href=\"https:\/\/www.ozono21.com\/blog\/salud\/graves-impactos-de-los-transgenicos\/\" \/>\n<meta property=\"og:locale\" content=\"es_ES\" \/>\n<meta property=\"og:type\" content=\"article\" \/>\n<meta property=\"og:title\" content=\"Graves impactos de los TRANSGENICOS\" \/>\n<meta property=\"og:description\" content=\"Graves impactos de los TRANSGENICOS Expertos exponen en Madrid los impactos ambientales, sociales, econ\u00f3micos y riesgos para la salud\" \/>\n<meta property=\"og:url\" content=\"https:\/\/www.ozono21.com\/blog\/salud\/graves-impactos-de-los-transgenicos\/\" \/>\n<meta property=\"og:site_name\" content=\"- Blog Ozono21\" \/>\n<meta property=\"article:published_time\" content=\"2012-01-22T13:32:41+00:00\" \/>\n<meta property=\"article:modified_time\" content=\"2026-01-23T14:22:32+00:00\" \/>\n<meta property=\"og:image\" content=\"https:\/\/www.ozono21.com\/blog\/wp-content\/uploads\/2012\/01\/trangenicos_alimentos_ue_permitidos-e1454406059503.jpg\" \/>\n\t<meta property=\"og:image:width\" content=\"235\" \/>\n\t<meta property=\"og:image:height\" content=\"224\" \/>\n\t<meta property=\"og:image:type\" content=\"image\/jpeg\" \/>\n<meta name=\"author\" content=\"INVESTIGACION Ozono21\" \/>\n<meta name=\"twitter:label1\" content=\"Escrito por\" \/>\n\t<meta name=\"twitter:data1\" content=\"INVESTIGACION Ozono21\" \/>\n\t<meta name=\"twitter:label2\" content=\"Tiempo de lectura\" \/>\n\t<meta name=\"twitter:data2\" content=\"3 minutos\" \/>\n<script type=\"application\/ld+json\" class=\"yoast-schema-graph\">{\"@context\":\"https:\\\/\\\/schema.org\",\"@graph\":[{\"@type\":\"Article\",\"@id\":\"https:\\\/\\\/www.ozono21.com\\\/blog\\\/salud\\\/graves-impactos-de-los-transgenicos\\\/#article\",\"isPartOf\":{\"@id\":\"https:\\\/\\\/www.ozono21.com\\\/blog\\\/salud\\\/graves-impactos-de-los-transgenicos\\\/\"},\"author\":{\"name\":\"INVESTIGACION Ozono21\",\"@id\":\"https:\\\/\\\/www.ozono21.com\\\/blog\\\/#\\\/schema\\\/person\\\/16639932c214a173193498aee8204d12\"},\"headline\":\"Cient\u00edficos confirman los graves impactos de los transg\u00e9nicos\",\"datePublished\":\"2012-01-22T13:32:41+00:00\",\"dateModified\":\"2026-01-23T14:22:32+00:00\",\"mainEntityOfPage\":{\"@id\":\"https:\\\/\\\/www.ozono21.com\\\/blog\\\/salud\\\/graves-impactos-de-los-transgenicos\\\/\"},\"wordCount\":688,\"commentCount\":0,\"image\":{\"@id\":\"https:\\\/\\\/www.ozono21.com\\\/blog\\\/salud\\\/graves-impactos-de-los-transgenicos\\\/#primaryimage\"},\"thumbnailUrl\":\"https:\\\/\\\/www.ozono21.com\\\/blog\\\/wp-content\\\/uploads\\\/2012\\\/01\\\/trangenicos_alimentos_ue_permitidos-e1454406059503.jpg\",\"keywords\":[\"Alimentos\",\"Ecol\u00f3gico\",\"Salud\"],\"articleSection\":[\"Alimentos\",\"Ecol\u00f3gico\",\"MedioAmbiente\",\"Salud\"],\"inLanguage\":\"es\",\"potentialAction\":[{\"@type\":\"CommentAction\",\"name\":\"Comment\",\"target\":[\"https:\\\/\\\/www.ozono21.com\\\/blog\\\/salud\\\/graves-impactos-de-los-transgenicos\\\/#respond\"]}]},{\"@type\":\"WebPage\",\"@id\":\"https:\\\/\\\/www.ozono21.com\\\/blog\\\/salud\\\/graves-impactos-de-los-transgenicos\\\/\",\"url\":\"https:\\\/\\\/www.ozono21.com\\\/blog\\\/salud\\\/graves-impactos-de-los-transgenicos\\\/\",\"name\":\"Graves impactos de los TRANSGENICOS\",\"isPartOf\":{\"@id\":\"https:\\\/\\\/www.ozono21.com\\\/blog\\\/#website\"},\"primaryImageOfPage\":{\"@id\":\"https:\\\/\\\/www.ozono21.com\\\/blog\\\/salud\\\/graves-impactos-de-los-transgenicos\\\/#primaryimage\"},\"image\":{\"@id\":\"https:\\\/\\\/www.ozono21.com\\\/blog\\\/salud\\\/graves-impactos-de-los-transgenicos\\\/#primaryimage\"},\"thumbnailUrl\":\"https:\\\/\\\/www.ozono21.com\\\/blog\\\/wp-content\\\/uploads\\\/2012\\\/01\\\/trangenicos_alimentos_ue_permitidos-e1454406059503.jpg\",\"datePublished\":\"2012-01-22T13:32:41+00:00\",\"dateModified\":\"2026-01-23T14:22:32+00:00\",\"author\":{\"@id\":\"https:\\\/\\\/www.ozono21.com\\\/blog\\\/#\\\/schema\\\/person\\\/16639932c214a173193498aee8204d12\"},\"description\":\"Graves impactos de los TRANSGENICOS Expertos exponen en Madrid los impactos ambientales, sociales, econ\u00f3micos y riesgos para la salud\",\"breadcrumb\":{\"@id\":\"https:\\\/\\\/www.ozono21.com\\\/blog\\\/salud\\\/graves-impactos-de-los-transgenicos\\\/#breadcrumb\"},\"inLanguage\":\"es\",\"potentialAction\":[{\"@type\":\"ReadAction\",\"target\":[\"https:\\\/\\\/www.ozono21.com\\\/blog\\\/salud\\\/graves-impactos-de-los-transgenicos\\\/\"]}]},{\"@type\":\"ImageObject\",\"inLanguage\":\"es\",\"@id\":\"https:\\\/\\\/www.ozono21.com\\\/blog\\\/salud\\\/graves-impactos-de-los-transgenicos\\\/#primaryimage\",\"url\":\"https:\\\/\\\/www.ozono21.com\\\/blog\\\/wp-content\\\/uploads\\\/2012\\\/01\\\/trangenicos_alimentos_ue_permitidos-e1454406059503.jpg\",\"contentUrl\":\"https:\\\/\\\/www.ozono21.com\\\/blog\\\/wp-content\\\/uploads\\\/2012\\\/01\\\/trangenicos_alimentos_ue_permitidos-e1454406059503.jpg\",\"width\":235,\"height\":224},{\"@type\":\"BreadcrumbList\",\"@id\":\"https:\\\/\\\/www.ozono21.com\\\/blog\\\/salud\\\/graves-impactos-de-los-transgenicos\\\/#breadcrumb\",\"itemListElement\":[{\"@type\":\"ListItem\",\"position\":1,\"name\":\"Portada\",\"item\":\"https:\\\/\\\/www.ozono21.com\\\/blog\\\/\"},{\"@type\":\"ListItem\",\"position\":2,\"name\":\"Cient\u00edficos confirman los graves impactos de los transg\u00e9nicos\"}]},{\"@type\":\"WebSite\",\"@id\":\"https:\\\/\\\/www.ozono21.com\\\/blog\\\/#website\",\"url\":\"https:\\\/\\\/www.ozono21.com\\\/blog\\\/\",\"name\":\"Blog Ozono21\",\"description\":\" - Blog Ozono21\",\"potentialAction\":[{\"@type\":\"SearchAction\",\"target\":{\"@type\":\"EntryPoint\",\"urlTemplate\":\"https:\\\/\\\/www.ozono21.com\\\/blog\\\/?s={search_term_string}\"},\"query-input\":{\"@type\":\"PropertyValueSpecification\",\"valueRequired\":true,\"valueName\":\"search_term_string\"}}],\"inLanguage\":\"es\"},{\"@type\":\"Person\",\"@id\":\"https:\\\/\\\/www.ozono21.com\\\/blog\\\/#\\\/schema\\\/person\\\/16639932c214a173193498aee8204d12\",\"name\":\"INVESTIGACION Ozono21\",\"image\":{\"@type\":\"ImageObject\",\"inLanguage\":\"es\",\"@id\":\"https:\\\/\\\/secure.gravatar.com\\\/avatar\\\/f00ed9ac57a3eea6b9830d73dc9f9214775648c7763edcb20475eb83509b31fd?s=96&d=mm&r=g\",\"url\":\"https:\\\/\\\/secure.gravatar.com\\\/avatar\\\/f00ed9ac57a3eea6b9830d73dc9f9214775648c7763edcb20475eb83509b31fd?s=96&d=mm&r=g\",\"contentUrl\":\"https:\\\/\\\/secure.gravatar.com\\\/avatar\\\/f00ed9ac57a3eea6b9830d73dc9f9214775648c7763edcb20475eb83509b31fd?s=96&d=mm&r=g\",\"caption\":\"INVESTIGACION Ozono21\"}}]}<\/script>\n<!-- \/ Yoast SEO plugin. -->","yoast_head_json":{"title":"Graves impactos de los TRANSGENICOS","description":"Graves impactos de los TRANSGENICOS Expertos exponen en Madrid los impactos ambientales, sociales, econ\u00f3micos y riesgos para la salud","robots":{"index":"index","follow":"follow","max-snippet":"max-snippet:-1","max-image-preview":"max-image-preview:large","max-video-preview":"max-video-preview:-1"},"canonical":"https:\/\/www.ozono21.com\/blog\/salud\/graves-impactos-de-los-transgenicos\/","og_locale":"es_ES","og_type":"article","og_title":"Graves impactos de los TRANSGENICOS","og_description":"Graves impactos de los TRANSGENICOS Expertos exponen en Madrid los impactos ambientales, sociales, econ\u00f3micos y riesgos para la salud","og_url":"https:\/\/www.ozono21.com\/blog\/salud\/graves-impactos-de-los-transgenicos\/","og_site_name":"- Blog Ozono21","article_published_time":"2012-01-22T13:32:41+00:00","article_modified_time":"2026-01-23T14:22:32+00:00","og_image":[{"width":235,"height":224,"url":"https:\/\/www.ozono21.com\/blog\/wp-content\/uploads\/2012\/01\/trangenicos_alimentos_ue_permitidos-e1454406059503.jpg","type":"image\/jpeg"}],"author":"INVESTIGACION Ozono21","twitter_misc":{"Escrito por":"INVESTIGACION Ozono21","Tiempo de lectura":"3 minutos"},"schema":{"@context":"https:\/\/schema.org","@graph":[{"@type":"Article","@id":"https:\/\/www.ozono21.com\/blog\/salud\/graves-impactos-de-los-transgenicos\/#article","isPartOf":{"@id":"https:\/\/www.ozono21.com\/blog\/salud\/graves-impactos-de-los-transgenicos\/"},"author":{"name":"INVESTIGACION Ozono21","@id":"https:\/\/www.ozono21.com\/blog\/#\/schema\/person\/16639932c214a173193498aee8204d12"},"headline":"Cient\u00edficos confirman los graves impactos de los transg\u00e9nicos","datePublished":"2012-01-22T13:32:41+00:00","dateModified":"2026-01-23T14:22:32+00:00","mainEntityOfPage":{"@id":"https:\/\/www.ozono21.com\/blog\/salud\/graves-impactos-de-los-transgenicos\/"},"wordCount":688,"commentCount":0,"image":{"@id":"https:\/\/www.ozono21.com\/blog\/salud\/graves-impactos-de-los-transgenicos\/#primaryimage"},"thumbnailUrl":"https:\/\/www.ozono21.com\/blog\/wp-content\/uploads\/2012\/01\/trangenicos_alimentos_ue_permitidos-e1454406059503.jpg","keywords":["Alimentos","Ecol\u00f3gico","Salud"],"articleSection":["Alimentos","Ecol\u00f3gico","MedioAmbiente","Salud"],"inLanguage":"es","potentialAction":[{"@type":"CommentAction","name":"Comment","target":["https:\/\/www.ozono21.com\/blog\/salud\/graves-impactos-de-los-transgenicos\/#respond"]}]},{"@type":"WebPage","@id":"https:\/\/www.ozono21.com\/blog\/salud\/graves-impactos-de-los-transgenicos\/","url":"https:\/\/www.ozono21.com\/blog\/salud\/graves-impactos-de-los-transgenicos\/","name":"Graves impactos de los TRANSGENICOS","isPartOf":{"@id":"https:\/\/www.ozono21.com\/blog\/#website"},"primaryImageOfPage":{"@id":"https:\/\/www.ozono21.com\/blog\/salud\/graves-impactos-de-los-transgenicos\/#primaryimage"},"image":{"@id":"https:\/\/www.ozono21.com\/blog\/salud\/graves-impactos-de-los-transgenicos\/#primaryimage"},"thumbnailUrl":"https:\/\/www.ozono21.com\/blog\/wp-content\/uploads\/2012\/01\/trangenicos_alimentos_ue_permitidos-e1454406059503.jpg","datePublished":"2012-01-22T13:32:41+00:00","dateModified":"2026-01-23T14:22:32+00:00","author":{"@id":"https:\/\/www.ozono21.com\/blog\/#\/schema\/person\/16639932c214a173193498aee8204d12"},"description":"Graves impactos de los TRANSGENICOS Expertos exponen en Madrid los impactos ambientales, sociales, econ\u00f3micos y riesgos para la salud","breadcrumb":{"@id":"https:\/\/www.ozono21.com\/blog\/salud\/graves-impactos-de-los-transgenicos\/#breadcrumb"},"inLanguage":"es","potentialAction":[{"@type":"ReadAction","target":["https:\/\/www.ozono21.com\/blog\/salud\/graves-impactos-de-los-transgenicos\/"]}]},{"@type":"ImageObject","inLanguage":"es","@id":"https:\/\/www.ozono21.com\/blog\/salud\/graves-impactos-de-los-transgenicos\/#primaryimage","url":"https:\/\/www.ozono21.com\/blog\/wp-content\/uploads\/2012\/01\/trangenicos_alimentos_ue_permitidos-e1454406059503.jpg","contentUrl":"https:\/\/www.ozono21.com\/blog\/wp-content\/uploads\/2012\/01\/trangenicos_alimentos_ue_permitidos-e1454406059503.jpg","width":235,"height":224},{"@type":"BreadcrumbList","@id":"https:\/\/www.ozono21.com\/blog\/salud\/graves-impactos-de-los-transgenicos\/#breadcrumb","itemListElement":[{"@type":"ListItem","position":1,"name":"Portada","item":"https:\/\/www.ozono21.com\/blog\/"},{"@type":"ListItem","position":2,"name":"Cient\u00edficos confirman los graves impactos de los transg\u00e9nicos"}]},{"@type":"WebSite","@id":"https:\/\/www.ozono21.com\/blog\/#website","url":"https:\/\/www.ozono21.com\/blog\/","name":"Blog Ozono21","description":" - Blog Ozono21","potentialAction":[{"@type":"SearchAction","target":{"@type":"EntryPoint","urlTemplate":"https:\/\/www.ozono21.com\/blog\/?s={search_term_string}"},"query-input":{"@type":"PropertyValueSpecification","valueRequired":true,"valueName":"search_term_string"}}],"inLanguage":"es"},{"@type":"Person","@id":"https:\/\/www.ozono21.com\/blog\/#\/schema\/person\/16639932c214a173193498aee8204d12","name":"INVESTIGACION Ozono21","image":{"@type":"ImageObject","inLanguage":"es","@id":"https:\/\/secure.gravatar.com\/avatar\/f00ed9ac57a3eea6b9830d73dc9f9214775648c7763edcb20475eb83509b31fd?s=96&d=mm&r=g","url":"https:\/\/secure.gravatar.com\/avatar\/f00ed9ac57a3eea6b9830d73dc9f9214775648c7763edcb20475eb83509b31fd?s=96&d=mm&r=g","contentUrl":"https:\/\/secure.gravatar.com\/avatar\/f00ed9ac57a3eea6b9830d73dc9f9214775648c7763edcb20475eb83509b31fd?s=96&d=mm&r=g","caption":"INVESTIGACION Ozono21"}}]}},"jetpack_publicize_connections":[],"jetpack_featured_media_url":"https:\/\/www.ozono21.com\/blog\/wp-content\/uploads\/2012\/01\/trangenicos_alimentos_ue_permitidos-e1454406059503.jpg","jetpack_sharing_enabled":true,"_links":{"self":[{"href":"https:\/\/www.ozono21.com\/blog\/wp-json\/wp\/v2\/posts\/5194624","targetHints":{"allow":["GET"]}}],"collection":[{"href":"https:\/\/www.ozono21.com\/blog\/wp-json\/wp\/v2\/posts"}],"about":[{"href":"https:\/\/www.ozono21.com\/blog\/wp-json\/wp\/v2\/types\/post"}],"author":[{"embeddable":true,"href":"https:\/\/www.ozono21.com\/blog\/wp-json\/wp\/v2\/users\/1"}],"replies":[{"embeddable":true,"href":"https:\/\/www.ozono21.com\/blog\/wp-json\/wp\/v2\/comments?post=5194624"}],"version-history":[{"count":0,"href":"https:\/\/www.ozono21.com\/blog\/wp-json\/wp\/v2\/posts\/5194624\/revisions"}],"wp:featuredmedia":[{"embeddable":true,"href":"https:\/\/www.ozono21.com\/blog\/wp-json\/wp\/v2\/media\/5194625"}],"wp:attachment":[{"href":"https:\/\/www.ozono21.com\/blog\/wp-json\/wp\/v2\/media?parent=5194624"}],"wp:term":[{"taxonomy":"category","embeddable":true,"href":"https:\/\/www.ozono21.com\/blog\/wp-json\/wp\/v2\/categories?post=5194624"},{"taxonomy":"post_tag","embeddable":true,"href":"https:\/\/www.ozono21.com\/blog\/wp-json\/wp\/v2\/tags?post=5194624"}],"curies":[{"name":"wp","href":"https:\/\/api.w.org\/{rel}","templated":true}]}}