{"id":5193317,"date":"2011-10-31T21:08:10","date_gmt":"2011-10-31T19:08:10","guid":{"rendered":"https:\/\/www.ozono21.com\/blog\/?p=5193317"},"modified":"2026-02-12T14:28:33","modified_gmt":"2026-02-12T12:28:33","slug":"cambio-climatico-destruye-capa-de-ozono","status":"publish","type":"post","link":"https:\/\/www.ozono21.com\/blog\/bacterias\/cambio-climatico-destruye-capa-de-ozono\/","title":{"rendered":"El cambio clim\u00e1tico destruye la capa de ozono, pero tambi\u00e9n la econom\u00eda y la salud"},"content":{"rendered":"<p style=\"text-align: justify;\">\n<h2 style=\"text-align: justify;\"><strong><img loading=\"lazy\" decoding=\"async\" src=\"https:\/\/www.ozono21.com\/blog\/wp-content\/uploads\/2015\/02\/El-cambio-clim\u00e1tico-destruye-la-capa-de-ozono-pero-tambi\u00e9n-la-econom\u00eda-y-la-salud-150x150.jpg\" alt=\"El cambio clim\u00e1tico destruye la capa de ozono, pero tambi\u00e9n la econom\u00eda y la salud\" title=\"El cambio clim\u00e1tico destruye la capa de ozono, pero tambi\u00e9n la econom\u00eda y la salud\" width=\"150\" height=\"150\" class=\"alignleft size-thumbnail wp-image-5212429\" style=\"margin: 10px 5px 10px 0px; cursor: hand; border: 0px;\" srcset=\"https:\/\/www.ozono21.com\/blog\/wp-content\/uploads\/2015\/02\/El-cambio-clim\u00e1tico-destruye-la-capa-de-ozono-pero-tambi\u00e9n-la-econom\u00eda-y-la-salud-150x150.jpg 150w, https:\/\/www.ozono21.com\/blog\/wp-content\/uploads\/2015\/02\/El-cambio-clim\u00e1tico-destruye-la-capa-de-ozono-pero-tambi\u00e9n-la-econom\u00eda-y-la-salud-100x100.jpg 100w, https:\/\/www.ozono21.com\/blog\/wp-content\/uploads\/2015\/02\/El-cambio-clim\u00e1tico-destruye-la-capa-de-ozono-pero-tambi\u00e9n-la-econom\u00eda-y-la-salud.jpg 300w, https:\/\/www.ozono21.com\/blog\/wp-content\/uploads\/2015\/02\/El-cambio-clim\u00e1tico-destruye-la-capa-de-ozono-pero-tambi\u00e9n-la-econom\u00eda-y-la-salud-50x50.jpg 50w\" sizes=\"auto, (max-width: 150px) 100vw, 150px\" \/><a title=\"Ozono21 capa de ozono\" href=\"https:\/\/www.ozono21.com\/ozono.php\" target=\"_blank\" rel=\"noopener noreferrer\">El cambio clim\u00e1tico destruye la capa de ozono, pero tambi\u00e9n la econom\u00eda y la salud<\/p>\n<p> El cambio clim\u00e1tico es una \u00abrealidad cient\u00edfica\u00bb que, adem\u00e1s de destruir la capa de ozono, tambi\u00e9n tiene repercusiones econ\u00f3micas y para la salud, seg\u00fan los estudios recogidos por el proyecto Clamer.<\/a><\/strong><\/h2>\n<p><\/P><\/p>\n<p style=\"text-align: justify;\">\n<h2 style=\"text-align: justify;\"><strong><a target=\"_blank\" title=\"Capa de Ozono\" href=\"https:\/\/www.ozono21.com\/\" rel=\"noopener noreferrer\">La subida del nivel del mar, la erosi\u00f3n costera, el deshielo, la frecuencia de tormentas y su intensidad, los cambios f\u00edsicos y los cambios en los patrones de la vida marina son algunos de ellos que como impacto \u00faltimo tienen a los seres humanos.<\/a><\/strong><\/h2>\n<p><\/P><\/p>\n<p>Fuente: EFE (14\/09\/2011)<\/p>\n<p style=\"text-align: justify;\">\u00abHemos acumulado pruebas convincentes e inquietantes\u00bb, asegura el doctor Carlo Heip, director del Royal Netherlands Institute of Sea Research y coordinador del Proyecto Clamer.<\/p>\n<p style=\"text-align: justify;\">\u00a0<strong>\u00abTodos tenemos que prestar atenci\u00f3n a las claras advertencias de los peligros que enfrentamos\u00bb, en particular respecto al medio marino, cuyos cambios f\u00edsicos, qu\u00edmicos y biol\u00f3gicos tienen \u00abgrave consecuencias\u00bb.<\/strong><\/p>\n<p style=\"text-align: justify;\"><strong>\u00abSi la temperatura del mar aumenta, esto puede traer consigo m\u00e1s bacterias que pueden afectar a la salud\u00bb, advirti\u00f3 Heip, quien subray\u00f3 la necesidad que tiene la comunidad cient\u00edfica de comunicar mejor estas \u00abevidencias\u00bb para crear m\u00e1s conciencia entre el publico.<\/strong><\/p>\n<p style=\"text-align: justify;\">El estudio se\u00f1ala, por ejemplo, los altos costes para los sistemas sanitarios que puede tener una intoxicaci\u00f3n masiva por ingerir productos de mar contaminados por agentes pat\u00f3genos transmitidos por el agua.<\/p>\n<p style=\"text-align: justify;\">\u00abLas condiciones clim\u00e1ticas juegan un papel cada vez m\u00e1s importante en el transmisi\u00f3n de estas enfermedades\u00bb, advierte el estudio, que se\u00f1ala tambi\u00e9n el incremento de infecciones respiratorias que se han detectado de un tiempo a esta parte.<\/p>\n<p style=\"text-align: justify;\">La promoci\u00f3n de las energ\u00edas verdes y la reducci\u00f3n de las emisiones de CO2 est\u00e1n entre las soluciones. Heip dijo que pa\u00edses como China e India, que est\u00e1n envueltos en un desarrollo industrial sin precedentes, no tienen la conciencia medioambiental suficiente.<\/p>\n<p style=\"text-align: justify;\"><strong>\u00abLas consecuencias se ver\u00e1n dentro de 30 \u00f3 40 a\u00f1os\u00bb. Por eso, hay que \u00abtratar de parar ahora (las emisiones) antes de que se nos vaya por completo de las manos\u00bb.<\/strong><\/p>\n<p style=\"text-align: justify;\">Estados Unidos tambi\u00e9n podr\u00eda hacer m\u00e1s, seg\u00fan Heip, quien se\u00f1al\u00f3 que a pesar de que el presidente Barack Obama ha tratado de legislar en este sentido no ha tenido mucho \u00e9xito.<\/p>\n<p style=\"text-align: justify;\">En cuanto a aquellos que todav\u00eda dudan de que el cambio clim\u00e1tico exista, Heip asegur\u00f3 que hay hechos cient\u00edficos que lo prueban y tambi\u00e9n que, aunque hay otros factores como las manchas solares que afectan a la capa de ozono, el 95 por ciento es causa del hombre.<\/p>\n<p style=\"text-align: justify;\"><strong>El proyecto Clamer, que elaboran 17 institutos marinos europeos, ha recopilado y sintetizado m\u00e1s de 100 estudios financiados por la Uni\u00f3n Europea en los \u00faltimos 10 a\u00f1os sobre el cambio clim\u00e1tico y sus efectos sobre los oc\u00e9anos, mares europeos y la capa de ozono.<\/strong><\/p>\n<p style=\"text-align: justify;\">La s\u00edntesis de 200 p\u00e1ginas se divulgar\u00e1 en una reuni\u00f3n que mantendr\u00e1n entre el 14 y el 15 de septiembre en Bruselas, donde, adem\u00e1s, presentar\u00e1n un documental sobre el cambio clim\u00e1tico sobre la capa de ozono.<\/p>\n<table border=\"3\" cellspacing=\"0\" cellpadding=\"0\">\n<tbody>\n<tr>\n<td bgcolor=\"#3b7cff\" height=\"25\" width=\"600\" align=\"center\"><strong><a title=\"Actualidad ACCION del OZONO\" href=\"https:\/\/www.ozono21.com\/actualidad-interna\/accion-del-ozono\/423\/\" target=\"_blank\" rel=\"noopener noreferrer\"><img loading=\"lazy\" decoding=\"async\" src=\"https:\/\/www.ozono21.com\/blog\/wp-content\/uploads\/2014\/06\/Noticias-Relacionadas.png\" alt=\"Noticias Relacionadas\" width=\"600\" height=\"25\" border=\"0\" \/><\/a><\/strong>\n<\/td>\n<\/tr>\n<\/tbody>\n<\/table>\n<p><big><\/p>\n<table border=\"0\" cellspacing=\"0\" cellpadding=\"0\">\n<tbody>\n<tr>\n<td width=\"150\" height=\"150\" ><a title=\"Capa de Ozono da\u00f1o sustancias quimicas\" href=\"https:\/\/www.ozono21.com\/blog\/medioambiente\/capa-de-ozono-sustancias-destructoras\/\" target=\"_blank\" rel=\"noopener noreferrer\"><img loading=\"lazy\" decoding=\"async\" src=\"https:\/\/www.ozono21.com\/blog\/wp-content\/uploads\/2015\/02\/Capa-de-Ozono-da\u00f1o-sustancias-quimicas-150x150.jpg\" alt=\" Capa de Ozono da\u00f1o sustancias quimicas\" width=\"150\" height=\"150\"  style=\"margin: 10px 10px 0px 20px; cursor: hand; border: 0px;\" \/><\/a><\/td>\n<td width=\"300\" height=\"150\" style=\"text-align: left; vertical-align: middle;\"><strong><a title=\"Capa de Ozono da\u00f1o sustancias destructoras\" href=\"https:\/\/www.ozono21.com\/blog\/medioambiente\/capa-de-ozono-sustancias-destructoras\/\" target=\"_blank\" rel=\"noopener noreferrer\">Capa de Ozono da\u00f1o sustancias destructoras<\/a><\/strong><\/li>\n<\/td>\n<\/tr>\n<tr>\n<td width=\"150\" height=\"150\" ><a title=\"Futura Amenaza Para la Capa de Ozono del Lanzamiento de Veh\u00edculos Espaciales\" href=\"https:\/\/www.ozono21.com\/blog\/toxinas\/futura-amenaza-para-la-capa-de-ozono-del-lanzamiento-de-vehiculos-espaciales\/\" target=\"_blank\" rel=\"noopener noreferrer\"><img loading=\"lazy\" decoding=\"async\" src=\"https:\/\/www.ozono21.com\/blog\/wp-content\/uploads\/2015\/02\/Futura-Amenaza-Para-la-Capa-de-Ozono-del-Lanzamiento-de-Veh\u00edculos-Espaciales-150x150.jpg\" alt=\"Futura Amenaza Para la Capa de Ozono del Lanzamiento de Veh\u00edculos Espaciales\" width=\"150\" height=\"150\"  style=\"margin: 10px 10px 0px 20px; cursor: hand; border: 0px;\" \/><\/a><\/td>\n<td width=\"300\" height=\"150\" style=\"text-align: left; vertical-align: middle;\"><strong><a title=\"Futura Amenaza Para la Capa de Ozono del Lanzamiento de Veh\u00edculos Espaciales\" href=\"https:\/\/www.ozono21.com\/blog\/toxinas\/futura-amenaza-para-la-capa-de-ozono-del-lanzamiento-de-vehiculos-espaciales\/\" target=\"_blank\" rel=\"noopener noreferrer\">Futura Amenaza Para la Capa de Ozono del Lanzamiento de Veh\u00edculos Espaciales<\/a><\/strong><\/li>\n<\/td>\n<\/tr>\n<\/tbody>\n<\/table>\n<p><\/big><\/p>\n<table border=\"3\" cellspacing=\"0\" cellpadding=\"0\">\n<tbody>\n<tr>\n<td bgcolor=\"#3b7cff\" height=\"25\" width=\"600\" align=\"center\"><strong><a title=\"Videos YouTube\" target=\"_blank\" href=\"https:\/\/www.youtube.com\/user\/ozono21\/videos?sort=p&amp;view=0&amp;flow=grid\" rel=\"noopener noreferrer\"><img loading=\"lazy\" decoding=\"async\" src=\"https:\/\/www.ozono21.com\/blog\/wp-content\/uploads\/2014\/06\/Videos-Youtube.png\" alt=\"Videos Youtube\" width=\"600\" height=\"25\" border=\"0\" \/><\/a><\/strong>\n<\/td>\n<\/tr>\n<\/tbody>\n<\/table>\n<p>&nbsp;<\/p>\n<p style=\"text-align: center;\"><iframe loading=\"lazy\" width=\"640\" height=\"480\" src=\"https:\/\/www.youtube.com\/embed\/sWfBaIZgkM0\" frameborder=\"0\" allow=\"accelerometer; autoplay; encrypted-media; gyroscope; picture-in-picture\" allowfullscreen><\/iframe><\/p>\n<div class=\"pvc_clear\"><\/div>\n<p id=\"pvc_stats_5193317\" class=\"pvc_stats total_only  \" data-element-id=\"5193317\" style=\"\"><i class=\"pvc-stats-icon small\" aria-hidden=\"true\"><svg aria-hidden=\"true\" focusable=\"false\" data-prefix=\"far\" data-icon=\"chart-bar\" role=\"img\" xmlns=\"http:\/\/www.w3.org\/2000\/svg\" viewBox=\"0 0 512 512\" class=\"svg-inline--fa fa-chart-bar fa-w-16 fa-2x\"><path fill=\"currentColor\" d=\"M396.8 352h22.4c6.4 0 12.8-6.4 12.8-12.8V108.8c0-6.4-6.4-12.8-12.8-12.8h-22.4c-6.4 0-12.8 6.4-12.8 12.8v230.4c0 6.4 6.4 12.8 12.8 12.8zm-192 0h22.4c6.4 0 12.8-6.4 12.8-12.8V140.8c0-6.4-6.4-12.8-12.8-12.8h-22.4c-6.4 0-12.8 6.4-12.8 12.8v198.4c0 6.4 6.4 12.8 12.8 12.8zm96 0h22.4c6.4 0 12.8-6.4 12.8-12.8V204.8c0-6.4-6.4-12.8-12.8-12.8h-22.4c-6.4 0-12.8 6.4-12.8 12.8v134.4c0 6.4 6.4 12.8 12.8 12.8zM496 400H48V80c0-8.84-7.16-16-16-16H16C7.16 64 0 71.16 0 80v336c0 17.67 14.33 32 32 32h464c8.84 0 16-7.16 16-16v-16c0-8.84-7.16-16-16-16zm-387.2-48h22.4c6.4 0 12.8-6.4 12.8-12.8v-70.4c0-6.4-6.4-12.8-12.8-12.8h-22.4c-6.4 0-12.8 6.4-12.8 12.8v70.4c0 6.4 6.4 12.8 12.8 12.8z\" class=\"\"><\/path><\/svg><\/i> <img loading=\"lazy\" decoding=\"async\" width=\"16\" height=\"16\" alt=\"Loading\" src=\"https:\/\/www.ozono21.com\/blog\/wp-content\/plugins\/page-views-count\/ajax-loader-2x.gif\" border=0 \/><\/p>\n<div class=\"pvc_clear\"><\/div>\n","protected":false},"excerpt":{"rendered":"<p>El cambio clim\u00e1tico destruye la capa de ozono, pero tambi\u00e9n la econom\u00eda y la salud El cambio clim\u00e1tico es una \u00abrealidad cient\u00edfica\u00bb que, adem\u00e1s de destruir la capa de ozono, tambi\u00e9n tiene repercusiones econ\u00f3micas y para la salud, seg\u00fan los &hellip; <a href=\"https:\/\/www.ozono21.com\/blog\/bacterias\/cambio-climatico-destruye-capa-de-ozono\/\">Sigue leyendo <span class=\"meta-nav\">&rarr;<\/span><\/a><\/p>\n<div class=\"pvc_clear\"><\/div>\n<p id=\"pvc_stats_5193317\" class=\"pvc_stats total_only  \" data-element-id=\"5193317\" style=\"\"><i class=\"pvc-stats-icon small\" aria-hidden=\"true\"><svg aria-hidden=\"true\" focusable=\"false\" data-prefix=\"far\" data-icon=\"chart-bar\" role=\"img\" xmlns=\"http:\/\/www.w3.org\/2000\/svg\" viewBox=\"0 0 512 512\" class=\"svg-inline--fa fa-chart-bar fa-w-16 fa-2x\"><path fill=\"currentColor\" d=\"M396.8 352h22.4c6.4 0 12.8-6.4 12.8-12.8V108.8c0-6.4-6.4-12.8-12.8-12.8h-22.4c-6.4 0-12.8 6.4-12.8 12.8v230.4c0 6.4 6.4 12.8 12.8 12.8zm-192 0h22.4c6.4 0 12.8-6.4 12.8-12.8V140.8c0-6.4-6.4-12.8-12.8-12.8h-22.4c-6.4 0-12.8 6.4-12.8 12.8v198.4c0 6.4 6.4 12.8 12.8 12.8zm96 0h22.4c6.4 0 12.8-6.4 12.8-12.8V204.8c0-6.4-6.4-12.8-12.8-12.8h-22.4c-6.4 0-12.8 6.4-12.8 12.8v134.4c0 6.4 6.4 12.8 12.8 12.8zM496 400H48V80c0-8.84-7.16-16-16-16H16C7.16 64 0 71.16 0 80v336c0 17.67 14.33 32 32 32h464c8.84 0 16-7.16 16-16v-16c0-8.84-7.16-16-16-16zm-387.2-48h22.4c6.4 0 12.8-6.4 12.8-12.8v-70.4c0-6.4-6.4-12.8-12.8-12.8h-22.4c-6.4 0-12.8 6.4-12.8 12.8v70.4c0 6.4 6.4 12.8 12.8 12.8z\" class=\"\"><\/path><\/svg><\/i> <img loading=\"lazy\" decoding=\"async\" width=\"16\" height=\"16\" alt=\"Loading\" src=\"https:\/\/www.ozono21.com\/blog\/wp-content\/plugins\/page-views-count\/ajax-loader-2x.gif\" border=0 \/><\/p>\n<div class=\"pvc_clear\"><\/div>\n","protected":false},"author":1,"featured_media":5193318,"comment_status":"open","ping_status":"open","sticky":false,"template":"","format":"standard","meta":{"_exactmetrics_skip_tracking":false,"_exactmetrics_sitenote_active":false,"_exactmetrics_sitenote_note":"","_exactmetrics_sitenote_category":0,"_jetpack_memberships_contains_paid_content":false,"footnotes":"","jetpack_publicize_message":"","jetpack_publicize_feature_enabled":true,"jetpack_social_post_already_shared":false,"jetpack_social_options":{"image_generator_settings":{"template":"highway","default_image_id":0,"font":"","enabled":false},"version":2}},"categories":[6,8,5,17,13,14,7],"tags":[74,77,72,21],"class_list":["post-5193317","post","type-post","status-publish","format-standard","has-post-thumbnail","hentry","category-agua","category-aire","category-bacterias","category-contaminacion","category-medioambiente","category-ozono","category-salud","tag-medioambiente","tag-ozono","tag-ozono21","tag-salud-2"],"a3_pvc":{"activated":true,"total_views":4032,"today_views":0},"yoast_head":"<!-- This site is optimized with the Yoast SEO plugin v27.5 - https:\/\/yoast.com\/product\/yoast-seo-wordpress\/ -->\n<title>Capa de OZONO cambio clim\u00e1tico<\/title>\n<meta name=\"description\" content=\"Capa de ozono. El cambio clim\u00e1tico es una realidad cient\u00edfica, destruye la capa de ozono y tiene repercusiones econ\u00f3micas y para la salud\" \/>\n<meta name=\"robots\" content=\"index, follow, max-snippet:-1, max-image-preview:large, max-video-preview:-1\" \/>\n<link rel=\"canonical\" href=\"https:\/\/www.ozono21.com\/blog\/bacterias\/cambio-climatico-destruye-capa-de-ozono\/\" \/>\n<meta property=\"og:locale\" content=\"es_ES\" \/>\n<meta property=\"og:type\" content=\"article\" \/>\n<meta property=\"og:title\" content=\"Capa de OZONO cambio clim\u00e1tico\" \/>\n<meta property=\"og:description\" content=\"Capa de ozono. El cambio clim\u00e1tico es una realidad cient\u00edfica, destruye la capa de ozono y tiene repercusiones econ\u00f3micas y para la salud\" \/>\n<meta property=\"og:url\" content=\"https:\/\/www.ozono21.com\/blog\/bacterias\/cambio-climatico-destruye-capa-de-ozono\/\" \/>\n<meta property=\"og:site_name\" content=\"- Blog Ozono21\" \/>\n<meta property=\"article:published_time\" content=\"2011-10-31T19:08:10+00:00\" \/>\n<meta property=\"article:modified_time\" content=\"2026-02-12T12:28:33+00:00\" \/>\n<meta property=\"og:image\" content=\"https:\/\/www.ozono21.com\/blog\/wp-content\/uploads\/2011\/10\/cambio-climatico-e1459409778781.jpg\" \/>\n\t<meta property=\"og:image:width\" content=\"300\" \/>\n\t<meta property=\"og:image:height\" content=\"300\" \/>\n\t<meta property=\"og:image:type\" content=\"image\/jpeg\" \/>\n<meta name=\"author\" content=\"INVESTIGACION Ozono21\" \/>\n<meta name=\"twitter:label1\" content=\"Escrito por\" \/>\n\t<meta name=\"twitter:data1\" content=\"INVESTIGACION Ozono21\" \/>\n\t<meta name=\"twitter:label2\" content=\"Tiempo de lectura\" \/>\n\t<meta name=\"twitter:data2\" content=\"3 minutos\" \/>\n<script type=\"application\/ld+json\" class=\"yoast-schema-graph\">{\"@context\":\"https:\\\/\\\/schema.org\",\"@graph\":[{\"@type\":\"Article\",\"@id\":\"https:\\\/\\\/www.ozono21.com\\\/blog\\\/bacterias\\\/cambio-climatico-destruye-capa-de-ozono\\\/#article\",\"isPartOf\":{\"@id\":\"https:\\\/\\\/www.ozono21.com\\\/blog\\\/bacterias\\\/cambio-climatico-destruye-capa-de-ozono\\\/\"},\"author\":{\"name\":\"INVESTIGACION Ozono21\",\"@id\":\"https:\\\/\\\/www.ozono21.com\\\/blog\\\/#\\\/schema\\\/person\\\/16639932c214a173193498aee8204d12\"},\"headline\":\"El cambio clim\u00e1tico destruye la capa de ozono, pero tambi\u00e9n la econom\u00eda y la salud\",\"datePublished\":\"2011-10-31T19:08:10+00:00\",\"dateModified\":\"2026-02-12T12:28:33+00:00\",\"mainEntityOfPage\":{\"@id\":\"https:\\\/\\\/www.ozono21.com\\\/blog\\\/bacterias\\\/cambio-climatico-destruye-capa-de-ozono\\\/\"},\"wordCount\":569,\"commentCount\":1,\"image\":{\"@id\":\"https:\\\/\\\/www.ozono21.com\\\/blog\\\/bacterias\\\/cambio-climatico-destruye-capa-de-ozono\\\/#primaryimage\"},\"thumbnailUrl\":\"https:\\\/\\\/www.ozono21.com\\\/blog\\\/wp-content\\\/uploads\\\/2011\\\/10\\\/cambio-climatico-e1459409778781.jpg\",\"keywords\":[\"MedioAmbiente\",\"OZONO\",\"Ozono21\",\"Salud\"],\"articleSection\":[\"Agua\",\"Aire\",\"Bacterias\",\"Contaminaci\u00f3n\",\"MedioAmbiente\",\"OZONO\",\"Salud\"],\"inLanguage\":\"es\",\"potentialAction\":[{\"@type\":\"CommentAction\",\"name\":\"Comment\",\"target\":[\"https:\\\/\\\/www.ozono21.com\\\/blog\\\/bacterias\\\/cambio-climatico-destruye-capa-de-ozono\\\/#respond\"]}]},{\"@type\":\"WebPage\",\"@id\":\"https:\\\/\\\/www.ozono21.com\\\/blog\\\/bacterias\\\/cambio-climatico-destruye-capa-de-ozono\\\/\",\"url\":\"https:\\\/\\\/www.ozono21.com\\\/blog\\\/bacterias\\\/cambio-climatico-destruye-capa-de-ozono\\\/\",\"name\":\"Capa de OZONO cambio clim\u00e1tico\",\"isPartOf\":{\"@id\":\"https:\\\/\\\/www.ozono21.com\\\/blog\\\/#website\"},\"primaryImageOfPage\":{\"@id\":\"https:\\\/\\\/www.ozono21.com\\\/blog\\\/bacterias\\\/cambio-climatico-destruye-capa-de-ozono\\\/#primaryimage\"},\"image\":{\"@id\":\"https:\\\/\\\/www.ozono21.com\\\/blog\\\/bacterias\\\/cambio-climatico-destruye-capa-de-ozono\\\/#primaryimage\"},\"thumbnailUrl\":\"https:\\\/\\\/www.ozono21.com\\\/blog\\\/wp-content\\\/uploads\\\/2011\\\/10\\\/cambio-climatico-e1459409778781.jpg\",\"datePublished\":\"2011-10-31T19:08:10+00:00\",\"dateModified\":\"2026-02-12T12:28:33+00:00\",\"author\":{\"@id\":\"https:\\\/\\\/www.ozono21.com\\\/blog\\\/#\\\/schema\\\/person\\\/16639932c214a173193498aee8204d12\"},\"description\":\"Capa de ozono. El cambio clim\u00e1tico es una realidad cient\u00edfica, destruye la capa de ozono y tiene repercusiones econ\u00f3micas y para la salud\",\"breadcrumb\":{\"@id\":\"https:\\\/\\\/www.ozono21.com\\\/blog\\\/bacterias\\\/cambio-climatico-destruye-capa-de-ozono\\\/#breadcrumb\"},\"inLanguage\":\"es\",\"potentialAction\":[{\"@type\":\"ReadAction\",\"target\":[\"https:\\\/\\\/www.ozono21.com\\\/blog\\\/bacterias\\\/cambio-climatico-destruye-capa-de-ozono\\\/\"]}]},{\"@type\":\"ImageObject\",\"inLanguage\":\"es\",\"@id\":\"https:\\\/\\\/www.ozono21.com\\\/blog\\\/bacterias\\\/cambio-climatico-destruye-capa-de-ozono\\\/#primaryimage\",\"url\":\"https:\\\/\\\/www.ozono21.com\\\/blog\\\/wp-content\\\/uploads\\\/2011\\\/10\\\/cambio-climatico-e1459409778781.jpg\",\"contentUrl\":\"https:\\\/\\\/www.ozono21.com\\\/blog\\\/wp-content\\\/uploads\\\/2011\\\/10\\\/cambio-climatico-e1459409778781.jpg\",\"width\":300,\"height\":300},{\"@type\":\"BreadcrumbList\",\"@id\":\"https:\\\/\\\/www.ozono21.com\\\/blog\\\/bacterias\\\/cambio-climatico-destruye-capa-de-ozono\\\/#breadcrumb\",\"itemListElement\":[{\"@type\":\"ListItem\",\"position\":1,\"name\":\"Portada\",\"item\":\"https:\\\/\\\/www.ozono21.com\\\/blog\\\/\"},{\"@type\":\"ListItem\",\"position\":2,\"name\":\"El cambio clim\u00e1tico destruye la capa de ozono, pero tambi\u00e9n la econom\u00eda y la salud\"}]},{\"@type\":\"WebSite\",\"@id\":\"https:\\\/\\\/www.ozono21.com\\\/blog\\\/#website\",\"url\":\"https:\\\/\\\/www.ozono21.com\\\/blog\\\/\",\"name\":\"Blog Ozono21\",\"description\":\" - Blog Ozono21\",\"potentialAction\":[{\"@type\":\"SearchAction\",\"target\":{\"@type\":\"EntryPoint\",\"urlTemplate\":\"https:\\\/\\\/www.ozono21.com\\\/blog\\\/?s={search_term_string}\"},\"query-input\":{\"@type\":\"PropertyValueSpecification\",\"valueRequired\":true,\"valueName\":\"search_term_string\"}}],\"inLanguage\":\"es\"},{\"@type\":\"Person\",\"@id\":\"https:\\\/\\\/www.ozono21.com\\\/blog\\\/#\\\/schema\\\/person\\\/16639932c214a173193498aee8204d12\",\"name\":\"INVESTIGACION Ozono21\",\"image\":{\"@type\":\"ImageObject\",\"inLanguage\":\"es\",\"@id\":\"https:\\\/\\\/secure.gravatar.com\\\/avatar\\\/f00ed9ac57a3eea6b9830d73dc9f9214775648c7763edcb20475eb83509b31fd?s=96&d=mm&r=g\",\"url\":\"https:\\\/\\\/secure.gravatar.com\\\/avatar\\\/f00ed9ac57a3eea6b9830d73dc9f9214775648c7763edcb20475eb83509b31fd?s=96&d=mm&r=g\",\"contentUrl\":\"https:\\\/\\\/secure.gravatar.com\\\/avatar\\\/f00ed9ac57a3eea6b9830d73dc9f9214775648c7763edcb20475eb83509b31fd?s=96&d=mm&r=g\",\"caption\":\"INVESTIGACION Ozono21\"}}]}<\/script>\n<!-- \/ Yoast SEO plugin. -->","yoast_head_json":{"title":"Capa de OZONO cambio clim\u00e1tico","description":"Capa de ozono. El cambio clim\u00e1tico es una realidad cient\u00edfica, destruye la capa de ozono y tiene repercusiones econ\u00f3micas y para la salud","robots":{"index":"index","follow":"follow","max-snippet":"max-snippet:-1","max-image-preview":"max-image-preview:large","max-video-preview":"max-video-preview:-1"},"canonical":"https:\/\/www.ozono21.com\/blog\/bacterias\/cambio-climatico-destruye-capa-de-ozono\/","og_locale":"es_ES","og_type":"article","og_title":"Capa de OZONO cambio clim\u00e1tico","og_description":"Capa de ozono. El cambio clim\u00e1tico es una realidad cient\u00edfica, destruye la capa de ozono y tiene repercusiones econ\u00f3micas y para la salud","og_url":"https:\/\/www.ozono21.com\/blog\/bacterias\/cambio-climatico-destruye-capa-de-ozono\/","og_site_name":"- Blog Ozono21","article_published_time":"2011-10-31T19:08:10+00:00","article_modified_time":"2026-02-12T12:28:33+00:00","og_image":[{"width":300,"height":300,"url":"https:\/\/www.ozono21.com\/blog\/wp-content\/uploads\/2011\/10\/cambio-climatico-e1459409778781.jpg","type":"image\/jpeg"}],"author":"INVESTIGACION Ozono21","twitter_misc":{"Escrito por":"INVESTIGACION Ozono21","Tiempo de lectura":"3 minutos"},"schema":{"@context":"https:\/\/schema.org","@graph":[{"@type":"Article","@id":"https:\/\/www.ozono21.com\/blog\/bacterias\/cambio-climatico-destruye-capa-de-ozono\/#article","isPartOf":{"@id":"https:\/\/www.ozono21.com\/blog\/bacterias\/cambio-climatico-destruye-capa-de-ozono\/"},"author":{"name":"INVESTIGACION Ozono21","@id":"https:\/\/www.ozono21.com\/blog\/#\/schema\/person\/16639932c214a173193498aee8204d12"},"headline":"El cambio clim\u00e1tico destruye la capa de ozono, pero tambi\u00e9n la econom\u00eda y la salud","datePublished":"2011-10-31T19:08:10+00:00","dateModified":"2026-02-12T12:28:33+00:00","mainEntityOfPage":{"@id":"https:\/\/www.ozono21.com\/blog\/bacterias\/cambio-climatico-destruye-capa-de-ozono\/"},"wordCount":569,"commentCount":1,"image":{"@id":"https:\/\/www.ozono21.com\/blog\/bacterias\/cambio-climatico-destruye-capa-de-ozono\/#primaryimage"},"thumbnailUrl":"https:\/\/www.ozono21.com\/blog\/wp-content\/uploads\/2011\/10\/cambio-climatico-e1459409778781.jpg","keywords":["MedioAmbiente","OZONO","Ozono21","Salud"],"articleSection":["Agua","Aire","Bacterias","Contaminaci\u00f3n","MedioAmbiente","OZONO","Salud"],"inLanguage":"es","potentialAction":[{"@type":"CommentAction","name":"Comment","target":["https:\/\/www.ozono21.com\/blog\/bacterias\/cambio-climatico-destruye-capa-de-ozono\/#respond"]}]},{"@type":"WebPage","@id":"https:\/\/www.ozono21.com\/blog\/bacterias\/cambio-climatico-destruye-capa-de-ozono\/","url":"https:\/\/www.ozono21.com\/blog\/bacterias\/cambio-climatico-destruye-capa-de-ozono\/","name":"Capa de OZONO cambio clim\u00e1tico","isPartOf":{"@id":"https:\/\/www.ozono21.com\/blog\/#website"},"primaryImageOfPage":{"@id":"https:\/\/www.ozono21.com\/blog\/bacterias\/cambio-climatico-destruye-capa-de-ozono\/#primaryimage"},"image":{"@id":"https:\/\/www.ozono21.com\/blog\/bacterias\/cambio-climatico-destruye-capa-de-ozono\/#primaryimage"},"thumbnailUrl":"https:\/\/www.ozono21.com\/blog\/wp-content\/uploads\/2011\/10\/cambio-climatico-e1459409778781.jpg","datePublished":"2011-10-31T19:08:10+00:00","dateModified":"2026-02-12T12:28:33+00:00","author":{"@id":"https:\/\/www.ozono21.com\/blog\/#\/schema\/person\/16639932c214a173193498aee8204d12"},"description":"Capa de ozono. El cambio clim\u00e1tico es una realidad cient\u00edfica, destruye la capa de ozono y tiene repercusiones econ\u00f3micas y para la salud","breadcrumb":{"@id":"https:\/\/www.ozono21.com\/blog\/bacterias\/cambio-climatico-destruye-capa-de-ozono\/#breadcrumb"},"inLanguage":"es","potentialAction":[{"@type":"ReadAction","target":["https:\/\/www.ozono21.com\/blog\/bacterias\/cambio-climatico-destruye-capa-de-ozono\/"]}]},{"@type":"ImageObject","inLanguage":"es","@id":"https:\/\/www.ozono21.com\/blog\/bacterias\/cambio-climatico-destruye-capa-de-ozono\/#primaryimage","url":"https:\/\/www.ozono21.com\/blog\/wp-content\/uploads\/2011\/10\/cambio-climatico-e1459409778781.jpg","contentUrl":"https:\/\/www.ozono21.com\/blog\/wp-content\/uploads\/2011\/10\/cambio-climatico-e1459409778781.jpg","width":300,"height":300},{"@type":"BreadcrumbList","@id":"https:\/\/www.ozono21.com\/blog\/bacterias\/cambio-climatico-destruye-capa-de-ozono\/#breadcrumb","itemListElement":[{"@type":"ListItem","position":1,"name":"Portada","item":"https:\/\/www.ozono21.com\/blog\/"},{"@type":"ListItem","position":2,"name":"El cambio clim\u00e1tico destruye la capa de ozono, pero tambi\u00e9n la econom\u00eda y la salud"}]},{"@type":"WebSite","@id":"https:\/\/www.ozono21.com\/blog\/#website","url":"https:\/\/www.ozono21.com\/blog\/","name":"Blog Ozono21","description":" - Blog Ozono21","potentialAction":[{"@type":"SearchAction","target":{"@type":"EntryPoint","urlTemplate":"https:\/\/www.ozono21.com\/blog\/?s={search_term_string}"},"query-input":{"@type":"PropertyValueSpecification","valueRequired":true,"valueName":"search_term_string"}}],"inLanguage":"es"},{"@type":"Person","@id":"https:\/\/www.ozono21.com\/blog\/#\/schema\/person\/16639932c214a173193498aee8204d12","name":"INVESTIGACION Ozono21","image":{"@type":"ImageObject","inLanguage":"es","@id":"https:\/\/secure.gravatar.com\/avatar\/f00ed9ac57a3eea6b9830d73dc9f9214775648c7763edcb20475eb83509b31fd?s=96&d=mm&r=g","url":"https:\/\/secure.gravatar.com\/avatar\/f00ed9ac57a3eea6b9830d73dc9f9214775648c7763edcb20475eb83509b31fd?s=96&d=mm&r=g","contentUrl":"https:\/\/secure.gravatar.com\/avatar\/f00ed9ac57a3eea6b9830d73dc9f9214775648c7763edcb20475eb83509b31fd?s=96&d=mm&r=g","caption":"INVESTIGACION Ozono21"}}]}},"jetpack_publicize_connections":[],"jetpack_featured_media_url":"https:\/\/www.ozono21.com\/blog\/wp-content\/uploads\/2011\/10\/cambio-climatico-e1459409778781.jpg","jetpack_sharing_enabled":true,"_links":{"self":[{"href":"https:\/\/www.ozono21.com\/blog\/wp-json\/wp\/v2\/posts\/5193317","targetHints":{"allow":["GET"]}}],"collection":[{"href":"https:\/\/www.ozono21.com\/blog\/wp-json\/wp\/v2\/posts"}],"about":[{"href":"https:\/\/www.ozono21.com\/blog\/wp-json\/wp\/v2\/types\/post"}],"author":[{"embeddable":true,"href":"https:\/\/www.ozono21.com\/blog\/wp-json\/wp\/v2\/users\/1"}],"replies":[{"embeddable":true,"href":"https:\/\/www.ozono21.com\/blog\/wp-json\/wp\/v2\/comments?post=5193317"}],"version-history":[{"count":0,"href":"https:\/\/www.ozono21.com\/blog\/wp-json\/wp\/v2\/posts\/5193317\/revisions"}],"wp:featuredmedia":[{"embeddable":true,"href":"https:\/\/www.ozono21.com\/blog\/wp-json\/wp\/v2\/media\/5193318"}],"wp:attachment":[{"href":"https:\/\/www.ozono21.com\/blog\/wp-json\/wp\/v2\/media?parent=5193317"}],"wp:term":[{"taxonomy":"category","embeddable":true,"href":"https:\/\/www.ozono21.com\/blog\/wp-json\/wp\/v2\/categories?post=5193317"},{"taxonomy":"post_tag","embeddable":true,"href":"https:\/\/www.ozono21.com\/blog\/wp-json\/wp\/v2\/tags?post=5193317"}],"curies":[{"name":"wp","href":"https:\/\/api.w.org\/{rel}","templated":true}]}}