{"id":373,"date":"2011-01-13T22:44:00","date_gmt":"2011-01-13T20:44:00","guid":{"rendered":"https:\/\/www.ozono21.com\/blog\/373\/sin-categoria\/cambios-climaticos-originan-aparicion-nuevas-enfermedades-mortales-para-fresa\/"},"modified":"2026-02-18T21:44:26","modified_gmt":"2026-02-18T19:44:26","slug":"cambios-climaticos-enfermedades-fresa","status":"publish","type":"post","link":"https:\/\/www.ozono21.com\/blog\/frutas-y-verduras\/cambios-climaticos-enfermedades-fresa\/","title":{"rendered":"Cambios clim\u00e1ticos originan aparici\u00f3n nuevas enfermedades mortales para fresa"},"content":{"rendered":"<p style=\"text-align: justify;\"><big><strong><img decoding=\"async\"  class=\"alignright\" style=\"margin: 0px 0px 0px 20px; border: 0px;\" src=\"https:\/\/1.bp.blogspot.com\/_IBPlVqONz58\/TS9msVW2FoI\/AAAAAAAABdU\/rieOU9FadPg\/s1600\/fresas3.jpg\" border=\"0\" alt=\"  fresa \" title=\"Cambios clim\u00e1ticos originan aparici\u00f3n nuevas enfermedades mortales para fresa \"  \/>La abundancia de lluvias y las altas temperaturas de campa\u00f1as agr\u00edcolas como la pasada han originado la aparici\u00f3n de nuevos pat\u00f3genos de suelo que generan enfermedades hasta ahora pr\u00e1cticamente inexistentes en el cultivo de la fresa y que provocan la muerte de la planta.<\/strong><\/big><\/p>\n<p>Fuente: EFE (19\/11\/2010)<\/p>\n<p style=\"text-align: justify;\">\n<h2 style=\"text-align: justify;\"><strong><a title=\"Ozono en AGRICULTURA\" href=\"https:\/\/www.ozono21.com\/actualidad-interna\/el-ozono-sustituto-herbicidas\/314\/\" target=\"_blank\" rel=\"noopener noreferrer\">As\u00ed la precisado en declaraciones a Efe,la investigadora del centro del Ifapa Las Torres y Tomejil, Berta de los Santos Garc\u00eda, estos nuevos hongos -Macrophomina phaseolina y Fusarium oxysporum-, se hab\u00edan detectado antes, en el a\u00f1o 2005, pero \u00abno con una incidencia tan alta en los cultivos como ahora, cuando han producido la muerte de l fresa\u00bb.<\/a><\/strong><\/h2>\n<\/p>\n<p style=\"text-align: justify;\">El Fusarium oxysporum \u00abes un pat\u00f3geno considerado subletal y que se manten\u00eda en los suelos a pesar de las desinfecciones, pero nunca hab\u00eda ocasionado muerte de plantas\u00bb.<\/p>\n<p style=\"text-align: justify;\">Para controlarlos, hay productos qu\u00edmicos como la cloridripina que \u00abva muy bien\u00bb, ha precisado y alternativas biol\u00f3gicas como la denominada biosolarizaci\u00f3n.<\/p>\n<p style=\"text-align: justify;\">La biosolarizaci\u00f3n consiste la aplicaci\u00f3n al suelo, durante mediados de julio, de gran cantidad de materia org\u00e1nica -esti\u00e9rcol de gallina- y una vez preparado se procede a cubrirlo con un pl\u00e1stico transparente. <\/p>\n<p style=\"text-align: justify;\">La descomposici\u00f3n de los gases es desinfectante y el propio calor del sol al penetrar en el pl\u00e1stico produce la pasteurizaci\u00f3n del suelo prepar\u00e1ndolo para el cultivo en condiciones adecuadas.<\/p>\n<p style=\"text-align: justify;\"><big><strong><a title=\"Alternativas al uso de fungicidas\" href=\"https:\/\/www.ozono21.com\/actualidad-interna\/alternativas-uso-fungicidas\/471\/\" target=\"_blank\" rel=\"noopener noreferrer\">El OZONO favorece la oxigenaci\u00f3n del suelo y facilita adem\u00e1s la asimilaci\u00f3n de nitr\u00f3geno al cultivo.<\/a><\/strong><\/big><\/p>\n<p style=\"text-align: justify;\">\u00abEl <strong>OZONO es una mol\u00e9cula completamente natural<\/strong>, compuesta de tres \u00e1tomos de ox\u00edgeno, que aplicado a la agricultura favorece la oxigenaci\u00f3n de las ra\u00edces, la mejor calidad del producto y act\u00faa para prevenir las enfermedades o plagas\u00bb, explica el ingeniero agr\u00f3nomo de la cooperativa, Manuel J. Mart\u00ednez.<\/p>\n<p style=\"text-align: justify;\">A\u00f1ade que <big><strong><a title=\"El Itagra investiga la efectividad del OZONO en la desinfecci\u00f3n de suelos agr\u00edcolas\" href=\"https:\/\/www.ozono21.com\/actualidad-interna\/el-itagra-investiga-efectividad-del-ozono-desinfeccion-suelos-agricolas\/215\/\" target=\"_blank\" rel=\"noopener noreferrer\">\u00abact\u00faa como un ANTIBIOTICO NATURAL, reduciendo la mortandad de plantas y desinfect\u00e1ndola de bacterias, favoreciendo adem\u00e1s la oxigenaci\u00f3n del suelo y facilitando la asimilaci\u00f3n de nitr\u00f3geno al cultivo\u00bb.<\/a><\/strong><\/big><\/p>\n<table border=\"3\" cellspacing=\"0\" cellpadding=\"0\">\n<tbody>\n<tr>\n<td bgcolor=\"#3b7cff\" height=\"25\" width=\"600\" align=\"center\"><strong><a title=\"Actualidad ACCION del OZONO\" href=\"https:\/\/www.ozono21.com\/actualidad-interna\/accion-del-ozono\/423\/\" target=\"_blank\" rel=\"noopener noreferrer\"><img loading=\"lazy\" decoding=\"async\" src=\"https:\/\/www.ozono21.com\/blog\/wp-content\/uploads\/2014\/06\/Noticias-Relacionadas.png\" alt=\"Noticias Relacionadas\" width=\"600\" height=\"25\" border=\"0\" \/><\/a><\/strong>\n<\/td>\n<\/tr>\n<\/tbody>\n<\/table>\n<p><big><\/p>\n<table border=\"0\" cellspacing=\"0\" cellpadding=\"0\">\n<tbody>\n<tr>\n<td height=\"150\" width=\"150\" align=\"center\"><a title=\"FRESAS\" target=\"_blank\" href=\"https:\/\/www.ozono21.com\/blog\/?s=FRESAS\" rel=\"noopener noreferrer\"><img loading=\"lazy\" decoding=\"async\" src=\"https:\/\/1.bp.blogspot.com\/_IBPlVqONz58\/TS9msVW2FoI\/AAAAAAAABdU\/rieOU9FadPg\/s1600\/fresas3.jpg\" alt=\"FRESAS\" width=\"150\" height=\"150\"  style=\"margin: 10px 10px 0px 30px; border: 0px;\"  \/><\/a><\/td>\n<td height=\"150\" width=\"350\" style=\"text-align: left; vertical-align: middle;\"><strong><a title=\"FRESAS\" target=\"_blank\" href=\"https:\/\/www.ozono21.com\/blog\/?s=FRESAS\" rel=\"noopener noreferrer\">FRESAS<\/a><\/strong> <\/td>\n<\/tr>\n<\/tbody>\n<\/table>\n<p><\/big><\/p>\n<table border=\"3\" cellspacing=\"0\" cellpadding=\"0\">\n<tbody>\n<tr>\n<td bgcolor=\"#3b7cff\" height=\"25\" width=\"600\" align=\"center\"><strong><a title=\"Videos YouTube\" target=\"_blank\" href=\"https:\/\/www.youtube.com\/user\/ozono21\/videos?sort=p&amp;view=0&amp;flow=grid\" rel=\"noopener noreferrer\"><img loading=\"lazy\" decoding=\"async\" border=\"0\" alt=\"Videos Youtube\" width=\"600\" height=\"25\" src=\"\/blog\/wp-content\/uploads\/2014\/06\/Videos-Youtube.png\" \/><\/a><\/strong><\/td>\n<\/tr>\n<\/tbody>\n<\/table>\n<p>&nbsp;<\/p>\n<p style=\"text-align: center;\"><iframe loading=\"lazy\" width=\"640\" height=\"480\" src=\"https:\/\/www.youtube.com\/embed\/D8VOI1VL8bY\" frameborder=\"0\" allow=\"accelerometer; autoplay; encrypted-media; gyroscope; picture-in-picture\" allowfullscreen><\/iframe><\/p>\n<div class=\"pvc_clear\"><\/div>\n<p id=\"pvc_stats_373\" class=\"pvc_stats total_only  \" data-element-id=\"373\" style=\"\"><i class=\"pvc-stats-icon small\" aria-hidden=\"true\"><svg aria-hidden=\"true\" focusable=\"false\" data-prefix=\"far\" data-icon=\"chart-bar\" role=\"img\" xmlns=\"http:\/\/www.w3.org\/2000\/svg\" viewBox=\"0 0 512 512\" class=\"svg-inline--fa fa-chart-bar fa-w-16 fa-2x\"><path fill=\"currentColor\" d=\"M396.8 352h22.4c6.4 0 12.8-6.4 12.8-12.8V108.8c0-6.4-6.4-12.8-12.8-12.8h-22.4c-6.4 0-12.8 6.4-12.8 12.8v230.4c0 6.4 6.4 12.8 12.8 12.8zm-192 0h22.4c6.4 0 12.8-6.4 12.8-12.8V140.8c0-6.4-6.4-12.8-12.8-12.8h-22.4c-6.4 0-12.8 6.4-12.8 12.8v198.4c0 6.4 6.4 12.8 12.8 12.8zm96 0h22.4c6.4 0 12.8-6.4 12.8-12.8V204.8c0-6.4-6.4-12.8-12.8-12.8h-22.4c-6.4 0-12.8 6.4-12.8 12.8v134.4c0 6.4 6.4 12.8 12.8 12.8zM496 400H48V80c0-8.84-7.16-16-16-16H16C7.16 64 0 71.16 0 80v336c0 17.67 14.33 32 32 32h464c8.84 0 16-7.16 16-16v-16c0-8.84-7.16-16-16-16zm-387.2-48h22.4c6.4 0 12.8-6.4 12.8-12.8v-70.4c0-6.4-6.4-12.8-12.8-12.8h-22.4c-6.4 0-12.8 6.4-12.8 12.8v70.4c0 6.4 6.4 12.8 12.8 12.8z\" class=\"\"><\/path><\/svg><\/i> <img loading=\"lazy\" decoding=\"async\" width=\"16\" height=\"16\" alt=\"Loading\" src=\"https:\/\/www.ozono21.com\/blog\/wp-content\/plugins\/page-views-count\/ajax-loader-2x.gif\" border=0 \/><\/p>\n<div class=\"pvc_clear\"><\/div>\n","protected":false},"excerpt":{"rendered":"<p>La abundancia de lluvias y las altas temperaturas de campa\u00f1as agr\u00edcolas como la pasada han originado la aparici\u00f3n de nuevos pat\u00f3genos de suelo que generan enfermedades hasta ahora pr\u00e1cticamente inexistentes en el cultivo de la fresa y que provocan la &hellip; <a href=\"https:\/\/www.ozono21.com\/blog\/frutas-y-verduras\/cambios-climaticos-enfermedades-fresa\/\">Sigue leyendo <span class=\"meta-nav\">&rarr;<\/span><\/a><\/p>\n<div class=\"pvc_clear\"><\/div>\n<p id=\"pvc_stats_373\" class=\"pvc_stats total_only  \" data-element-id=\"373\" style=\"\"><i class=\"pvc-stats-icon small\" aria-hidden=\"true\"><svg aria-hidden=\"true\" focusable=\"false\" data-prefix=\"far\" data-icon=\"chart-bar\" role=\"img\" xmlns=\"http:\/\/www.w3.org\/2000\/svg\" viewBox=\"0 0 512 512\" class=\"svg-inline--fa fa-chart-bar fa-w-16 fa-2x\"><path fill=\"currentColor\" d=\"M396.8 352h22.4c6.4 0 12.8-6.4 12.8-12.8V108.8c0-6.4-6.4-12.8-12.8-12.8h-22.4c-6.4 0-12.8 6.4-12.8 12.8v230.4c0 6.4 6.4 12.8 12.8 12.8zm-192 0h22.4c6.4 0 12.8-6.4 12.8-12.8V140.8c0-6.4-6.4-12.8-12.8-12.8h-22.4c-6.4 0-12.8 6.4-12.8 12.8v198.4c0 6.4 6.4 12.8 12.8 12.8zm96 0h22.4c6.4 0 12.8-6.4 12.8-12.8V204.8c0-6.4-6.4-12.8-12.8-12.8h-22.4c-6.4 0-12.8 6.4-12.8 12.8v134.4c0 6.4 6.4 12.8 12.8 12.8zM496 400H48V80c0-8.84-7.16-16-16-16H16C7.16 64 0 71.16 0 80v336c0 17.67 14.33 32 32 32h464c8.84 0 16-7.16 16-16v-16c0-8.84-7.16-16-16-16zm-387.2-48h22.4c6.4 0 12.8-6.4 12.8-12.8v-70.4c0-6.4-6.4-12.8-12.8-12.8h-22.4c-6.4 0-12.8 6.4-12.8 12.8v70.4c0 6.4 6.4 12.8 12.8 12.8z\" class=\"\"><\/path><\/svg><\/i> <img loading=\"lazy\" decoding=\"async\" width=\"16\" height=\"16\" alt=\"Loading\" src=\"https:\/\/www.ozono21.com\/blog\/wp-content\/plugins\/page-views-count\/ajax-loader-2x.gif\" border=0 \/><\/p>\n<div class=\"pvc_clear\"><\/div>\n","protected":false},"author":1,"featured_media":5193581,"comment_status":"open","ping_status":"open","sticky":false,"template":"","format":"standard","meta":{"_exactmetrics_skip_tracking":false,"_exactmetrics_sitenote_active":false,"_exactmetrics_sitenote_note":"","_exactmetrics_sitenote_category":0,"_jetpack_memberships_contains_paid_content":false,"footnotes":"","jetpack_publicize_message":"","jetpack_publicize_feature_enabled":true,"jetpack_social_post_already_shared":false,"jetpack_social_options":{"image_generator_settings":{"template":"highway","default_image_id":0,"font":"","enabled":false},"version":2}},"categories":[28],"tags":[30,74],"class_list":["post-373","post","type-post","status-publish","format-standard","has-post-thumbnail","hentry","category-frutas-y-verduras","tag-frutas-verduras","tag-medioambiente"],"a3_pvc":{"activated":true,"total_views":3463,"today_views":0},"yoast_head":"<!-- This site is optimized with the Yoast SEO plugin v27.4 - https:\/\/yoast.com\/product\/yoast-seo-wordpress\/ -->\n<title>FRESA nuevas enfermedades mortales a la fresa<\/title>\n<meta name=\"description\" content=\"Cambios clim\u00e1ticos originan aparici\u00f3n nuevas enfermedades mortales para fresa. Nuevos pat\u00f3genos\u00a0que generan enfermedades\u00a0al cultivo de fresa\" \/>\n<meta name=\"robots\" content=\"index, follow, max-snippet:-1, max-image-preview:large, max-video-preview:-1\" \/>\n<link rel=\"canonical\" href=\"https:\/\/www.ozono21.com\/blog\/frutas-y-verduras\/cambios-climaticos-enfermedades-fresa\/\" \/>\n<meta property=\"og:locale\" content=\"es_ES\" \/>\n<meta property=\"og:type\" content=\"article\" \/>\n<meta property=\"og:title\" content=\"FRESA nuevas enfermedades mortales a la fresa\" \/>\n<meta property=\"og:description\" content=\"Cambios clim\u00e1ticos originan aparici\u00f3n nuevas enfermedades mortales para fresa. Nuevos pat\u00f3genos\u00a0que generan enfermedades\u00a0al cultivo de fresa\" \/>\n<meta property=\"og:url\" content=\"https:\/\/www.ozono21.com\/blog\/frutas-y-verduras\/cambios-climaticos-enfermedades-fresa\/\" \/>\n<meta property=\"og:site_name\" content=\"- Blog Ozono21\" \/>\n<meta property=\"article:published_time\" content=\"2011-01-13T20:44:00+00:00\" \/>\n<meta property=\"article:modified_time\" content=\"2026-02-18T19:44:26+00:00\" \/>\n<meta property=\"og:image\" content=\"https:\/\/www.ozono21.com\/blog\/wp-content\/uploads\/2011\/11\/fresas21.jpg\" \/>\n\t<meta property=\"og:image:width\" content=\"106\" \/>\n\t<meta property=\"og:image:height\" content=\"86\" \/>\n\t<meta property=\"og:image:type\" content=\"image\/jpeg\" \/>\n<meta name=\"author\" content=\"INVESTIGACION Ozono21\" \/>\n<meta name=\"twitter:label1\" content=\"Escrito por\" \/>\n\t<meta name=\"twitter:data1\" content=\"INVESTIGACION Ozono21\" \/>\n\t<meta name=\"twitter:label2\" content=\"Tiempo de lectura\" \/>\n\t<meta name=\"twitter:data2\" content=\"2 minutos\" \/>\n<script type=\"application\/ld+json\" class=\"yoast-schema-graph\">{\"@context\":\"https:\\\/\\\/schema.org\",\"@graph\":[{\"@type\":\"Article\",\"@id\":\"https:\\\/\\\/www.ozono21.com\\\/blog\\\/frutas-y-verduras\\\/cambios-climaticos-enfermedades-fresa\\\/#article\",\"isPartOf\":{\"@id\":\"https:\\\/\\\/www.ozono21.com\\\/blog\\\/frutas-y-verduras\\\/cambios-climaticos-enfermedades-fresa\\\/\"},\"author\":{\"name\":\"INVESTIGACION Ozono21\",\"@id\":\"https:\\\/\\\/www.ozono21.com\\\/blog\\\/#\\\/schema\\\/person\\\/16639932c214a173193498aee8204d12\"},\"headline\":\"Cambios clim\u00e1ticos originan aparici\u00f3n nuevas enfermedades mortales para fresa\",\"datePublished\":\"2011-01-13T20:44:00+00:00\",\"dateModified\":\"2026-02-18T19:44:26+00:00\",\"mainEntityOfPage\":{\"@id\":\"https:\\\/\\\/www.ozono21.com\\\/blog\\\/frutas-y-verduras\\\/cambios-climaticos-enfermedades-fresa\\\/\"},\"wordCount\":360,\"commentCount\":0,\"image\":{\"@id\":\"https:\\\/\\\/www.ozono21.com\\\/blog\\\/frutas-y-verduras\\\/cambios-climaticos-enfermedades-fresa\\\/#primaryimage\"},\"thumbnailUrl\":\"https:\\\/\\\/www.ozono21.com\\\/blog\\\/wp-content\\\/uploads\\\/2011\\\/11\\\/fresas21.jpg\",\"keywords\":[\"Frutas y Verduras\",\"MedioAmbiente\"],\"articleSection\":[\"Frutas y Verduras\"],\"inLanguage\":\"es\",\"potentialAction\":[{\"@type\":\"CommentAction\",\"name\":\"Comment\",\"target\":[\"https:\\\/\\\/www.ozono21.com\\\/blog\\\/frutas-y-verduras\\\/cambios-climaticos-enfermedades-fresa\\\/#respond\"]}]},{\"@type\":\"WebPage\",\"@id\":\"https:\\\/\\\/www.ozono21.com\\\/blog\\\/frutas-y-verduras\\\/cambios-climaticos-enfermedades-fresa\\\/\",\"url\":\"https:\\\/\\\/www.ozono21.com\\\/blog\\\/frutas-y-verduras\\\/cambios-climaticos-enfermedades-fresa\\\/\",\"name\":\"FRESA nuevas enfermedades mortales a la fresa\",\"isPartOf\":{\"@id\":\"https:\\\/\\\/www.ozono21.com\\\/blog\\\/#website\"},\"primaryImageOfPage\":{\"@id\":\"https:\\\/\\\/www.ozono21.com\\\/blog\\\/frutas-y-verduras\\\/cambios-climaticos-enfermedades-fresa\\\/#primaryimage\"},\"image\":{\"@id\":\"https:\\\/\\\/www.ozono21.com\\\/blog\\\/frutas-y-verduras\\\/cambios-climaticos-enfermedades-fresa\\\/#primaryimage\"},\"thumbnailUrl\":\"https:\\\/\\\/www.ozono21.com\\\/blog\\\/wp-content\\\/uploads\\\/2011\\\/11\\\/fresas21.jpg\",\"datePublished\":\"2011-01-13T20:44:00+00:00\",\"dateModified\":\"2026-02-18T19:44:26+00:00\",\"author\":{\"@id\":\"https:\\\/\\\/www.ozono21.com\\\/blog\\\/#\\\/schema\\\/person\\\/16639932c214a173193498aee8204d12\"},\"description\":\"Cambios clim\u00e1ticos originan aparici\u00f3n nuevas enfermedades mortales para fresa. Nuevos pat\u00f3genos\u00a0que generan enfermedades\u00a0al cultivo de fresa\",\"breadcrumb\":{\"@id\":\"https:\\\/\\\/www.ozono21.com\\\/blog\\\/frutas-y-verduras\\\/cambios-climaticos-enfermedades-fresa\\\/#breadcrumb\"},\"inLanguage\":\"es\",\"potentialAction\":[{\"@type\":\"ReadAction\",\"target\":[\"https:\\\/\\\/www.ozono21.com\\\/blog\\\/frutas-y-verduras\\\/cambios-climaticos-enfermedades-fresa\\\/\"]}]},{\"@type\":\"ImageObject\",\"inLanguage\":\"es\",\"@id\":\"https:\\\/\\\/www.ozono21.com\\\/blog\\\/frutas-y-verduras\\\/cambios-climaticos-enfermedades-fresa\\\/#primaryimage\",\"url\":\"https:\\\/\\\/www.ozono21.com\\\/blog\\\/wp-content\\\/uploads\\\/2011\\\/11\\\/fresas21.jpg\",\"contentUrl\":\"https:\\\/\\\/www.ozono21.com\\\/blog\\\/wp-content\\\/uploads\\\/2011\\\/11\\\/fresas21.jpg\",\"width\":106,\"height\":86},{\"@type\":\"BreadcrumbList\",\"@id\":\"https:\\\/\\\/www.ozono21.com\\\/blog\\\/frutas-y-verduras\\\/cambios-climaticos-enfermedades-fresa\\\/#breadcrumb\",\"itemListElement\":[{\"@type\":\"ListItem\",\"position\":1,\"name\":\"Portada\",\"item\":\"https:\\\/\\\/www.ozono21.com\\\/blog\\\/\"},{\"@type\":\"ListItem\",\"position\":2,\"name\":\"Cambios clim\u00e1ticos originan aparici\u00f3n nuevas enfermedades mortales para fresa\"}]},{\"@type\":\"WebSite\",\"@id\":\"https:\\\/\\\/www.ozono21.com\\\/blog\\\/#website\",\"url\":\"https:\\\/\\\/www.ozono21.com\\\/blog\\\/\",\"name\":\"Blog Ozono21\",\"description\":\" - Blog Ozono21\",\"potentialAction\":[{\"@type\":\"SearchAction\",\"target\":{\"@type\":\"EntryPoint\",\"urlTemplate\":\"https:\\\/\\\/www.ozono21.com\\\/blog\\\/?s={search_term_string}\"},\"query-input\":{\"@type\":\"PropertyValueSpecification\",\"valueRequired\":true,\"valueName\":\"search_term_string\"}}],\"inLanguage\":\"es\"},{\"@type\":\"Person\",\"@id\":\"https:\\\/\\\/www.ozono21.com\\\/blog\\\/#\\\/schema\\\/person\\\/16639932c214a173193498aee8204d12\",\"name\":\"INVESTIGACION Ozono21\",\"image\":{\"@type\":\"ImageObject\",\"inLanguage\":\"es\",\"@id\":\"https:\\\/\\\/secure.gravatar.com\\\/avatar\\\/f00ed9ac57a3eea6b9830d73dc9f9214775648c7763edcb20475eb83509b31fd?s=96&d=mm&r=g\",\"url\":\"https:\\\/\\\/secure.gravatar.com\\\/avatar\\\/f00ed9ac57a3eea6b9830d73dc9f9214775648c7763edcb20475eb83509b31fd?s=96&d=mm&r=g\",\"contentUrl\":\"https:\\\/\\\/secure.gravatar.com\\\/avatar\\\/f00ed9ac57a3eea6b9830d73dc9f9214775648c7763edcb20475eb83509b31fd?s=96&d=mm&r=g\",\"caption\":\"INVESTIGACION Ozono21\"}}]}<\/script>\n<!-- \/ Yoast SEO plugin. -->","yoast_head_json":{"title":"FRESA nuevas enfermedades mortales a la fresa","description":"Cambios clim\u00e1ticos originan aparici\u00f3n nuevas enfermedades mortales para fresa. Nuevos pat\u00f3genos\u00a0que generan enfermedades\u00a0al cultivo de fresa","robots":{"index":"index","follow":"follow","max-snippet":"max-snippet:-1","max-image-preview":"max-image-preview:large","max-video-preview":"max-video-preview:-1"},"canonical":"https:\/\/www.ozono21.com\/blog\/frutas-y-verduras\/cambios-climaticos-enfermedades-fresa\/","og_locale":"es_ES","og_type":"article","og_title":"FRESA nuevas enfermedades mortales a la fresa","og_description":"Cambios clim\u00e1ticos originan aparici\u00f3n nuevas enfermedades mortales para fresa. Nuevos pat\u00f3genos\u00a0que generan enfermedades\u00a0al cultivo de fresa","og_url":"https:\/\/www.ozono21.com\/blog\/frutas-y-verduras\/cambios-climaticos-enfermedades-fresa\/","og_site_name":"- Blog Ozono21","article_published_time":"2011-01-13T20:44:00+00:00","article_modified_time":"2026-02-18T19:44:26+00:00","og_image":[{"width":106,"height":86,"url":"https:\/\/www.ozono21.com\/blog\/wp-content\/uploads\/2011\/11\/fresas21.jpg","type":"image\/jpeg"}],"author":"INVESTIGACION Ozono21","twitter_misc":{"Escrito por":"INVESTIGACION Ozono21","Tiempo de lectura":"2 minutos"},"schema":{"@context":"https:\/\/schema.org","@graph":[{"@type":"Article","@id":"https:\/\/www.ozono21.com\/blog\/frutas-y-verduras\/cambios-climaticos-enfermedades-fresa\/#article","isPartOf":{"@id":"https:\/\/www.ozono21.com\/blog\/frutas-y-verduras\/cambios-climaticos-enfermedades-fresa\/"},"author":{"name":"INVESTIGACION Ozono21","@id":"https:\/\/www.ozono21.com\/blog\/#\/schema\/person\/16639932c214a173193498aee8204d12"},"headline":"Cambios clim\u00e1ticos originan aparici\u00f3n nuevas enfermedades mortales para fresa","datePublished":"2011-01-13T20:44:00+00:00","dateModified":"2026-02-18T19:44:26+00:00","mainEntityOfPage":{"@id":"https:\/\/www.ozono21.com\/blog\/frutas-y-verduras\/cambios-climaticos-enfermedades-fresa\/"},"wordCount":360,"commentCount":0,"image":{"@id":"https:\/\/www.ozono21.com\/blog\/frutas-y-verduras\/cambios-climaticos-enfermedades-fresa\/#primaryimage"},"thumbnailUrl":"https:\/\/www.ozono21.com\/blog\/wp-content\/uploads\/2011\/11\/fresas21.jpg","keywords":["Frutas y Verduras","MedioAmbiente"],"articleSection":["Frutas y Verduras"],"inLanguage":"es","potentialAction":[{"@type":"CommentAction","name":"Comment","target":["https:\/\/www.ozono21.com\/blog\/frutas-y-verduras\/cambios-climaticos-enfermedades-fresa\/#respond"]}]},{"@type":"WebPage","@id":"https:\/\/www.ozono21.com\/blog\/frutas-y-verduras\/cambios-climaticos-enfermedades-fresa\/","url":"https:\/\/www.ozono21.com\/blog\/frutas-y-verduras\/cambios-climaticos-enfermedades-fresa\/","name":"FRESA nuevas enfermedades mortales a la fresa","isPartOf":{"@id":"https:\/\/www.ozono21.com\/blog\/#website"},"primaryImageOfPage":{"@id":"https:\/\/www.ozono21.com\/blog\/frutas-y-verduras\/cambios-climaticos-enfermedades-fresa\/#primaryimage"},"image":{"@id":"https:\/\/www.ozono21.com\/blog\/frutas-y-verduras\/cambios-climaticos-enfermedades-fresa\/#primaryimage"},"thumbnailUrl":"https:\/\/www.ozono21.com\/blog\/wp-content\/uploads\/2011\/11\/fresas21.jpg","datePublished":"2011-01-13T20:44:00+00:00","dateModified":"2026-02-18T19:44:26+00:00","author":{"@id":"https:\/\/www.ozono21.com\/blog\/#\/schema\/person\/16639932c214a173193498aee8204d12"},"description":"Cambios clim\u00e1ticos originan aparici\u00f3n nuevas enfermedades mortales para fresa. Nuevos pat\u00f3genos\u00a0que generan enfermedades\u00a0al cultivo de fresa","breadcrumb":{"@id":"https:\/\/www.ozono21.com\/blog\/frutas-y-verduras\/cambios-climaticos-enfermedades-fresa\/#breadcrumb"},"inLanguage":"es","potentialAction":[{"@type":"ReadAction","target":["https:\/\/www.ozono21.com\/blog\/frutas-y-verduras\/cambios-climaticos-enfermedades-fresa\/"]}]},{"@type":"ImageObject","inLanguage":"es","@id":"https:\/\/www.ozono21.com\/blog\/frutas-y-verduras\/cambios-climaticos-enfermedades-fresa\/#primaryimage","url":"https:\/\/www.ozono21.com\/blog\/wp-content\/uploads\/2011\/11\/fresas21.jpg","contentUrl":"https:\/\/www.ozono21.com\/blog\/wp-content\/uploads\/2011\/11\/fresas21.jpg","width":106,"height":86},{"@type":"BreadcrumbList","@id":"https:\/\/www.ozono21.com\/blog\/frutas-y-verduras\/cambios-climaticos-enfermedades-fresa\/#breadcrumb","itemListElement":[{"@type":"ListItem","position":1,"name":"Portada","item":"https:\/\/www.ozono21.com\/blog\/"},{"@type":"ListItem","position":2,"name":"Cambios clim\u00e1ticos originan aparici\u00f3n nuevas enfermedades mortales para fresa"}]},{"@type":"WebSite","@id":"https:\/\/www.ozono21.com\/blog\/#website","url":"https:\/\/www.ozono21.com\/blog\/","name":"Blog Ozono21","description":" - Blog Ozono21","potentialAction":[{"@type":"SearchAction","target":{"@type":"EntryPoint","urlTemplate":"https:\/\/www.ozono21.com\/blog\/?s={search_term_string}"},"query-input":{"@type":"PropertyValueSpecification","valueRequired":true,"valueName":"search_term_string"}}],"inLanguage":"es"},{"@type":"Person","@id":"https:\/\/www.ozono21.com\/blog\/#\/schema\/person\/16639932c214a173193498aee8204d12","name":"INVESTIGACION Ozono21","image":{"@type":"ImageObject","inLanguage":"es","@id":"https:\/\/secure.gravatar.com\/avatar\/f00ed9ac57a3eea6b9830d73dc9f9214775648c7763edcb20475eb83509b31fd?s=96&d=mm&r=g","url":"https:\/\/secure.gravatar.com\/avatar\/f00ed9ac57a3eea6b9830d73dc9f9214775648c7763edcb20475eb83509b31fd?s=96&d=mm&r=g","contentUrl":"https:\/\/secure.gravatar.com\/avatar\/f00ed9ac57a3eea6b9830d73dc9f9214775648c7763edcb20475eb83509b31fd?s=96&d=mm&r=g","caption":"INVESTIGACION Ozono21"}}]}},"jetpack_publicize_connections":[],"jetpack_featured_media_url":"https:\/\/www.ozono21.com\/blog\/wp-content\/uploads\/2011\/11\/fresas21.jpg","jetpack_sharing_enabled":true,"_links":{"self":[{"href":"https:\/\/www.ozono21.com\/blog\/wp-json\/wp\/v2\/posts\/373","targetHints":{"allow":["GET"]}}],"collection":[{"href":"https:\/\/www.ozono21.com\/blog\/wp-json\/wp\/v2\/posts"}],"about":[{"href":"https:\/\/www.ozono21.com\/blog\/wp-json\/wp\/v2\/types\/post"}],"author":[{"embeddable":true,"href":"https:\/\/www.ozono21.com\/blog\/wp-json\/wp\/v2\/users\/1"}],"replies":[{"embeddable":true,"href":"https:\/\/www.ozono21.com\/blog\/wp-json\/wp\/v2\/comments?post=373"}],"version-history":[{"count":0,"href":"https:\/\/www.ozono21.com\/blog\/wp-json\/wp\/v2\/posts\/373\/revisions"}],"wp:featuredmedia":[{"embeddable":true,"href":"https:\/\/www.ozono21.com\/blog\/wp-json\/wp\/v2\/media\/5193581"}],"wp:attachment":[{"href":"https:\/\/www.ozono21.com\/blog\/wp-json\/wp\/v2\/media?parent=373"}],"wp:term":[{"taxonomy":"category","embeddable":true,"href":"https:\/\/www.ozono21.com\/blog\/wp-json\/wp\/v2\/categories?post=373"},{"taxonomy":"post_tag","embeddable":true,"href":"https:\/\/www.ozono21.com\/blog\/wp-json\/wp\/v2\/tags?post=373"}],"curies":[{"name":"wp","href":"https:\/\/api.w.org\/{rel}","templated":true}]}}