{"id":362,"date":"2010-12-11T21:24:00","date_gmt":"2010-12-11T19:24:00","guid":{"rendered":"https:\/\/www.ozono21.com\/blog\/362\/sin-categoria\/fruta-y-verdura-ecologica-para-los-enfermos-cronicos\/"},"modified":"2026-01-26T13:16:28","modified_gmt":"2026-01-26T11:16:28","slug":"fruta-y-verduras-ecologicos-enfermos-cronicos","status":"publish","type":"post","link":"https:\/\/www.ozono21.com\/blog\/salud\/fruta-y-verduras-ecologicos-enfermos-cronicos\/","title":{"rendered":"Fruta y verduras ECOLOGICOS para los enfermos CRONICOS"},"content":{"rendered":"<p style=\"text-align: justify;\">\n<h2 style=\"text-align: justify;\"><img loading=\"lazy\" decoding=\"async\"  class=\"alignleft\" style=\"margin: 0px 5px 0px 0px; cursor: hand; border: 0px;\"   src=\"https:\/\/1.bp.blogspot.com\/_IBPlVqONz58\/TQPWVe9OWSI\/AAAAAAAABcQ\/A1dkMBKnQb8\/s320\/Frutas-y-Verduras.jpg\" border=\"0\" alt=\" Fruta y Verduras ECOLOGICOS\" width=\"320\" height=\"202\" \/>Fruta y verduras ECOLOGICOS para los enfermos CRONICOS<\/p>\n<p><a title=\"Ozono para la Fruta y Verduras\" href=\"https:\/\/www.ozono21.com\/sectores-pagina\/empresariales\/frutas-verduras\/11\/\" target=\"_blank\" rel=\"noopener noreferrer\">\u00abSi las intolerancias alimenticias est\u00e1n detr\u00e1s del 80% de enfermedades cr\u00f3nicas como la fibromialgia, una alimentaci\u00f3n libre de t\u00f3xicos debe ser parte fundamental del tratamiento\u00bb.<\/p>\n<p>A partir de esta idea, la Asociaci\u00f3n de Fibromialgia de Navarra (AFINA) promueve una dieta rica en alimentos ecol\u00f3gicos como Fruta y Verduras ECOLOGICOS en el tratamiento de las personas afectadas.<\/p>\n<p>Personas que ven como, en unos meses, remiten s\u00edntomas como la fatiga, el dolor generalizado y otros trastornos que les limitan la realizaci\u00f3n de las actividades de vida diaria.<\/a><\/h2>\n<p><\/P><\/p>\n<p>Fuente: cocemfe.es (05\/11\/2010)<\/p>\n<p style=\"text-align: justify;\">AFINA ha ampliado su centro de distribuci\u00f3n de productos ecol\u00f3gicos a afectados por otras enfermedades cr\u00f3nicas. <strong>\u00abNo se trata de naturismo, sino de ciencia. Los \u00faltimos estudios relacionan directamente alimentaci\u00f3n y enfermedades cr\u00f3nicas en la fatiga cr\u00f3nica o la fibromialgia, que se caracteriza por un dolor generalizado y afecta a 3.000 navarros\u00bb, aclara Jokin Espinazo, presidente de AFINA.<\/strong><\/p>\n<p style=\"text-align: justify;\">De hecho, <big><strong><a title=\"Frutas y OZONO frente al c\u00e1ncer\" href=\"https:\/\/www.ozono21.com\/actualidad-interna\/frutas-ozono-frente-cancer\/173\/\" target=\"_blank\" rel=\"noopener noreferrer\"> ocho de cada diez casos de Fibromialgia pueden estar provocados por la intolerancia a alimentos como la lactosa y por intoxicaciones qu\u00edmicas, <\/a><\/strong><\/big>seg\u00fan inform\u00f3 recientemente el experto en esta afecci\u00f3n, Jos\u00e9 Rodr\u00edguez Moyano. <strong>Una estimaci\u00f3n similar a la apuntada por la Sociedad Andaluza para el Estudio de las Enfermedades por Alimentos,<\/strong> tras una investigaci\u00f3n realizada durante 30 a\u00f1os por m\u00e9dicos de 20 especialidades diferentes.<\/p>\n<p style=\"text-align: justify;\"><strong>Jokin Espinazo advierte la \u00abconexi\u00f3n directa\u00bb entre alimentaci\u00f3n y enfermedad <\/strong>en dos im\u00e1genes, el estado de salud con el que llama a la puerta la persona afectada y c\u00f3mo lo hace siete meses despu\u00e9s. \u00abEstudiamos el sistema org\u00e1nico y detectamos una recuperaci\u00f3n de salud, en gran parte, al \u00e9xito de la alimentaci\u00f3n terap\u00e9utica. Detectamos una recuperaci\u00f3n f\u00edsica, una mejora del descanso, una mayor relajaci\u00f3n y reducci\u00f3n de parte del dolor. Algo muy importante en personas que pueden sufrir dolor s\u00f3lo con agarrar una sart\u00e9n\u00bb, explica el presidente de la asociaci\u00f3n, que combina la dieta con apoyo psicol\u00f3gico y fisioterapia como l\u00edneas de intervenci\u00f3n multidisciplinar.<\/p>\n<p style=\"text-align: justify;\"><img loading=\"lazy\" decoding=\"async\" src=\"https:\/\/www.ozono21.com\/blog\/wp-content\/uploads\/2013\/08\/consumidor_ecologico_2-150x150.jpg\" alt=\"Fruta y Verduras ECOLOGICOS \" width=\"150\" height=\"150\" class=\"alignleft size-thumbnail wp-image-5203476\"  border=\"0\" style=\"margin: 0px 20px 10px 0px; cursor: hand; border: 0px;\"  \/>La Asociaci\u00f3n programa \u00abun trabajo espec\u00edfico de alimentaci\u00f3n dirigido por un doctor para recuperar \u00f3rganos como el h\u00edgado y mejorar problemas como el colon irritable\u00bb. <big><strong><a title=\"Ozono21 Alimentos y Cocina\" href=\"https:\/\/www.ozono21.com\/sectores-pagina\/domesticos\/alimentos-cocina\/30\/\" target=\"_blank\" rel=\"noopener noreferrer\">Fruta y Verduras ECOLOGICOS son parte esencial de la dieta de las personas afectadas, que acuden semanalmente a la sede a recoger su cesta de productos libre de qu\u00edmicos.<\/a><\/strong><\/big><\/p>\n<p style=\"text-align: justify;\">\u00abSon los productos de mayor riesgo ya que tienen un alto nivel de agua y mantienen los qu\u00edmicos, especialmente nocivos para colectivos d\u00e9biles como enfermos cr\u00f3nicos.<strong> Adem\u00e1s, est\u00e1 comprobado que los productos qu\u00edmicos permanecen en el suelo y el organismo humano varios a\u00f1os\u00bb.<\/strong><\/p>\n<p style=\"text-align: justify;\">Los beneficios de una \u00abalimentaci\u00f3n terap\u00e9utica\u00bb ya se han abierto paso en las consultas de la sanidad p\u00fablica, explica Espinazo. \u00abLos profesionales sanitarios introducen recomendaciones sobre alimentaci\u00f3n a los afectados por enfermedades cr\u00f3nicas\u00bb.<\/p>\n<p style=\"text-align: justify;\">Este respaldo de la sanidad p\u00fablica ha sido el \u00abempuj\u00f3n\u00bb que necesitaba AFINA para ampliar el servicio y la informaci\u00f3n a los afectados por otras enfermedades cr\u00f3nicas. <strong>\u00abLos estudios m\u00e9dicos est\u00e1n justificando la experiencia de 12 a\u00f1os de trabajo de AFINA. Advierten que la alimentaci\u00f3n est\u00e1 presente tanto en la causa de algunos males cr\u00f3nicos como en la mejora de salud de sus afectados.<\/strong> Se han creado las condiciones de credibilidad necesarias para ampliar el centro de distribuci\u00f3n de alimentos ecol\u00f3gicos. Ahora podr\u00e1n beneficiarse los afectados por otras patolog\u00edas en las que la alimentaci\u00f3n pueda ser un elemento de mejora\u00bb, indica el presidente de Afina.<\/p>\n<p style=\"text-align: justify;\">Espinazo quiere concienciar a estas personas de que la alimentaci\u00f3n \u00abforma parte del tratamiento\u00bb, pero sobre todo dar \u00abun toque de atenci\u00f3n\u00bb a la sociedad en general\u00bb. <big><strong><a title=\"Ozono21 Alimentos y Cocina\" href=\"https:\/\/www.ozono21.com\/sectores-pagina\/domesticos\/alimentos-cocina\/30\/\" target=\"_blank\" rel=\"noopener noreferrer\">\u00abNosotros hemos enfermado primero, pero alertamos al resto de la sociedad y a las instituciones de que la alimentaci\u00f3n forma parte de la salud. Y con la salud no se juega\u00bb.<\/a><\/strong><\/big><\/p>\n<table border=\"3\" cellspacing=\"0\" cellpadding=\"0\">\n<tbody>\n<tr>\n<td bgcolor=\"#3b7cff\" height=\"25\" width=\"600\" align=\"center\"><strong><a title=\"Actualidad de OZONO\" href=\"https:\/\/www.ozono21.com\/actualidad\" target=\"_blank\" rel=\"noopener noreferrer\"><img loading=\"lazy\" decoding=\"async\" src=\"https:\/\/www.ozono21.com\/blog\/wp-content\/uploads\/2014\/06\/Noticias-Relacionadas.png\" alt=\"Noticias Relacionadas\" width=\"600\" height=\"25\" border=\"0\" \/><\/a><\/strong>\n<\/td>\n<\/tr>\n<\/tbody>\n<\/table>\n<p><big><\/p>\n<table border=\"0\" cellspacing=\"0\" cellpadding=\"0\">\n<tbody>\n<tr>\n<td height=\"150\" width=\"150\" align=\"center\"><a  title=\"Fruta y Verduras ECOLOGICOS\" href=\"https:\/\/www.ozono21.com\/blog\/?s=alimentos+ecologicos\"><img loading=\"lazy\" decoding=\"async\" src=\"https:\/\/www.ozono21.com\/blog\/wp-content\/uploads\/2013\/08\/consumidor_ecologico_2-150x150.jpg\" alt=\"Fruta y Verduras ECOLOGICOS\" width=\"130\" height=\"130\" style=\"margin: 10px 10px 0px 30px; border: 0px;\"   \/><\/a><\/td>\n<td height=\"150\" width=\"300\" style=\"text-align: left; vertical-align: middle;\"><strong><a title=\"Fruta y Verduras ECOLOGICOS\" target=\"_blank\" href=\"https:\/\/www.ozono21.com\/blog\/?s=alimentos+ecologicos\" rel=\"noopener noreferrer\">Fruta y Verduras ECOLOGICOS<\/a><\/strong><\/td>\n<\/tr>\n<\/tbody>\n<\/table>\n<p><\/big><\/p>\n<table border=\"3\" cellspacing=\"0\" cellpadding=\"0\">\n<tbody>\n<tr>\n<td bgcolor=\"#3b7cff\" height=\"25\" width=\"600\" align=\"center\"><strong><a title=\"Videos YouTube\" target=\"_blank\" href=\"https:\/\/www.youtube.com\/user\/ozono21\/videos?sort=p&amp;view=0&amp;flow=grid\" rel=\"noopener noreferrer\"><img loading=\"lazy\" decoding=\"async\" src=\"https:\/\/www.ozono21.com\/blog\/wp-content\/uploads\/2014\/06\/Videos-Youtube.png\" alt=\"Videos Youtube\" width=\"600\" height=\"25\" border=\"0\" \/><\/a><\/strong>\n<\/td>\n<\/tr>\n<\/tbody>\n<\/table>\n<p>&nbsp;<\/p>\n<p style=\"text-align: center;\"><iframe loading=\"lazy\" width=\"640\" height=\"480\" src=\"https:\/\/www.youtube.com\/embed\/oXbbfD2sHAA\" frameborder=\"0\" allow=\"accelerometer; autoplay; encrypted-media; gyroscope; picture-in-picture\" allowfullscreen><\/iframe><\/p>\n<div class=\"pvc_clear\"><\/div>\n<p id=\"pvc_stats_362\" class=\"pvc_stats total_only  \" data-element-id=\"362\" style=\"\"><i class=\"pvc-stats-icon small\" aria-hidden=\"true\"><svg aria-hidden=\"true\" focusable=\"false\" data-prefix=\"far\" data-icon=\"chart-bar\" role=\"img\" xmlns=\"http:\/\/www.w3.org\/2000\/svg\" viewBox=\"0 0 512 512\" class=\"svg-inline--fa fa-chart-bar fa-w-16 fa-2x\"><path fill=\"currentColor\" d=\"M396.8 352h22.4c6.4 0 12.8-6.4 12.8-12.8V108.8c0-6.4-6.4-12.8-12.8-12.8h-22.4c-6.4 0-12.8 6.4-12.8 12.8v230.4c0 6.4 6.4 12.8 12.8 12.8zm-192 0h22.4c6.4 0 12.8-6.4 12.8-12.8V140.8c0-6.4-6.4-12.8-12.8-12.8h-22.4c-6.4 0-12.8 6.4-12.8 12.8v198.4c0 6.4 6.4 12.8 12.8 12.8zm96 0h22.4c6.4 0 12.8-6.4 12.8-12.8V204.8c0-6.4-6.4-12.8-12.8-12.8h-22.4c-6.4 0-12.8 6.4-12.8 12.8v134.4c0 6.4 6.4 12.8 12.8 12.8zM496 400H48V80c0-8.84-7.16-16-16-16H16C7.16 64 0 71.16 0 80v336c0 17.67 14.33 32 32 32h464c8.84 0 16-7.16 16-16v-16c0-8.84-7.16-16-16-16zm-387.2-48h22.4c6.4 0 12.8-6.4 12.8-12.8v-70.4c0-6.4-6.4-12.8-12.8-12.8h-22.4c-6.4 0-12.8 6.4-12.8 12.8v70.4c0 6.4 6.4 12.8 12.8 12.8z\" class=\"\"><\/path><\/svg><\/i> <img loading=\"lazy\" decoding=\"async\" width=\"16\" height=\"16\" alt=\"Loading\" src=\"https:\/\/www.ozono21.com\/blog\/wp-content\/plugins\/page-views-count\/ajax-loader-2x.gif\" border=0 \/><\/p>\n<div class=\"pvc_clear\"><\/div>\n","protected":false},"excerpt":{"rendered":"<p>Fruta y verduras ECOLOGICOS para los enfermos CRONICOS \u00abSi las intolerancias alimenticias est\u00e1n detr\u00e1s del 80% de enfermedades cr\u00f3nicas como la fibromialgia, una alimentaci\u00f3n libre de t\u00f3xicos debe ser parte fundamental del tratamiento\u00bb. A partir de esta idea, la Asociaci\u00f3n &hellip; <a href=\"https:\/\/www.ozono21.com\/blog\/salud\/fruta-y-verduras-ecologicos-enfermos-cronicos\/\">Sigue leyendo <span class=\"meta-nav\">&rarr;<\/span><\/a><\/p>\n<div class=\"pvc_clear\"><\/div>\n<p id=\"pvc_stats_362\" class=\"pvc_stats total_only  \" data-element-id=\"362\" style=\"\"><i class=\"pvc-stats-icon small\" aria-hidden=\"true\"><svg aria-hidden=\"true\" focusable=\"false\" data-prefix=\"far\" data-icon=\"chart-bar\" role=\"img\" xmlns=\"http:\/\/www.w3.org\/2000\/svg\" viewBox=\"0 0 512 512\" class=\"svg-inline--fa fa-chart-bar fa-w-16 fa-2x\"><path fill=\"currentColor\" d=\"M396.8 352h22.4c6.4 0 12.8-6.4 12.8-12.8V108.8c0-6.4-6.4-12.8-12.8-12.8h-22.4c-6.4 0-12.8 6.4-12.8 12.8v230.4c0 6.4 6.4 12.8 12.8 12.8zm-192 0h22.4c6.4 0 12.8-6.4 12.8-12.8V140.8c0-6.4-6.4-12.8-12.8-12.8h-22.4c-6.4 0-12.8 6.4-12.8 12.8v198.4c0 6.4 6.4 12.8 12.8 12.8zm96 0h22.4c6.4 0 12.8-6.4 12.8-12.8V204.8c0-6.4-6.4-12.8-12.8-12.8h-22.4c-6.4 0-12.8 6.4-12.8 12.8v134.4c0 6.4 6.4 12.8 12.8 12.8zM496 400H48V80c0-8.84-7.16-16-16-16H16C7.16 64 0 71.16 0 80v336c0 17.67 14.33 32 32 32h464c8.84 0 16-7.16 16-16v-16c0-8.84-7.16-16-16-16zm-387.2-48h22.4c6.4 0 12.8-6.4 12.8-12.8v-70.4c0-6.4-6.4-12.8-12.8-12.8h-22.4c-6.4 0-12.8 6.4-12.8 12.8v70.4c0 6.4 6.4 12.8 12.8 12.8z\" class=\"\"><\/path><\/svg><\/i> <img loading=\"lazy\" decoding=\"async\" width=\"16\" height=\"16\" alt=\"Loading\" src=\"https:\/\/www.ozono21.com\/blog\/wp-content\/plugins\/page-views-count\/ajax-loader-2x.gif\" border=0 \/><\/p>\n<div class=\"pvc_clear\"><\/div>\n","protected":false},"author":1,"featured_media":5215092,"comment_status":"open","ping_status":"open","sticky":false,"template":"","format":"standard","meta":{"_exactmetrics_skip_tracking":false,"_exactmetrics_sitenote_active":false,"_exactmetrics_sitenote_note":"","_exactmetrics_sitenote_category":0,"_jetpack_memberships_contains_paid_content":false,"footnotes":"","jetpack_publicize_message":"","jetpack_publicize_feature_enabled":true,"jetpack_social_post_already_shared":false,"jetpack_social_options":{"image_generator_settings":{"template":"highway","default_image_id":0,"font":"","enabled":false},"version":2}},"categories":[9,28,14,7],"tags":[30,77,21],"class_list":["post-362","post","type-post","status-publish","format-standard","has-post-thumbnail","hentry","category-alimentos","category-frutas-y-verduras","category-ozono","category-salud","tag-frutas-verduras","tag-ozono","tag-salud-2"],"a3_pvc":{"activated":true,"total_views":4027,"today_views":0},"yoast_head":"<!-- This site is optimized with the Yoast SEO plugin v27.4 - https:\/\/yoast.com\/product\/yoast-seo-wordpress\/ -->\n<title>Fruta y Verduras ECOLOGICOS para los enfermos cr\u00f3nicos<\/title>\n<meta name=\"description\" content=\"Alimentos de Fruta y Verduras ECOLOGICOS para personas afectadas r\u00e1pido remite la fatiga, el dolor y trastornos que limitan su vida diaria\" \/>\n<meta name=\"robots\" content=\"index, follow, max-snippet:-1, max-image-preview:large, max-video-preview:-1\" \/>\n<link rel=\"canonical\" href=\"https:\/\/www.ozono21.com\/blog\/salud\/fruta-y-verduras-ecologicos-enfermos-cronicos\/\" \/>\n<meta property=\"og:locale\" content=\"es_ES\" \/>\n<meta property=\"og:type\" content=\"article\" \/>\n<meta property=\"og:title\" content=\"Fruta y Verduras ECOLOGICOS para los enfermos cr\u00f3nicos\" \/>\n<meta property=\"og:description\" content=\"Alimentos de Fruta y Verduras ECOLOGICOS para personas afectadas r\u00e1pido remite la fatiga, el dolor y trastornos que limitan su vida diaria\" \/>\n<meta property=\"og:url\" content=\"https:\/\/www.ozono21.com\/blog\/salud\/fruta-y-verduras-ecologicos-enfermos-cronicos\/\" \/>\n<meta property=\"og:site_name\" content=\"- Blog Ozono21\" \/>\n<meta property=\"article:published_time\" content=\"2010-12-11T19:24:00+00:00\" \/>\n<meta property=\"article:modified_time\" content=\"2026-01-26T11:16:28+00:00\" \/>\n<meta property=\"og:image\" content=\"https:\/\/www.ozono21.com\/blog\/wp-content\/uploads\/2007\/11\/FRUTAS-y-HORATLIZAS-e1457910427388.png\" \/>\n\t<meta property=\"og:image:width\" content=\"505\" \/>\n\t<meta property=\"og:image:height\" content=\"470\" \/>\n\t<meta property=\"og:image:type\" content=\"image\/png\" \/>\n<meta name=\"author\" content=\"INVESTIGACION Ozono21\" \/>\n<meta name=\"twitter:label1\" content=\"Escrito por\" \/>\n\t<meta name=\"twitter:data1\" content=\"INVESTIGACION Ozono21\" \/>\n\t<meta name=\"twitter:label2\" content=\"Tiempo de lectura\" \/>\n\t<meta name=\"twitter:data2\" content=\"3 minutos\" \/>\n<script type=\"application\/ld+json\" class=\"yoast-schema-graph\">{\"@context\":\"https:\\\/\\\/schema.org\",\"@graph\":[{\"@type\":\"Article\",\"@id\":\"https:\\\/\\\/www.ozono21.com\\\/blog\\\/salud\\\/fruta-y-verduras-ecologicos-enfermos-cronicos\\\/#article\",\"isPartOf\":{\"@id\":\"https:\\\/\\\/www.ozono21.com\\\/blog\\\/salud\\\/fruta-y-verduras-ecologicos-enfermos-cronicos\\\/\"},\"author\":{\"name\":\"INVESTIGACION Ozono21\",\"@id\":\"https:\\\/\\\/www.ozono21.com\\\/blog\\\/#\\\/schema\\\/person\\\/16639932c214a173193498aee8204d12\"},\"headline\":\"Fruta y verduras ECOLOGICOS para los enfermos CRONICOS\",\"datePublished\":\"2010-12-11T19:24:00+00:00\",\"dateModified\":\"2026-01-26T11:16:28+00:00\",\"mainEntityOfPage\":{\"@id\":\"https:\\\/\\\/www.ozono21.com\\\/blog\\\/salud\\\/fruta-y-verduras-ecologicos-enfermos-cronicos\\\/\"},\"wordCount\":700,\"commentCount\":1,\"image\":{\"@id\":\"https:\\\/\\\/www.ozono21.com\\\/blog\\\/salud\\\/fruta-y-verduras-ecologicos-enfermos-cronicos\\\/#primaryimage\"},\"thumbnailUrl\":\"https:\\\/\\\/www.ozono21.com\\\/blog\\\/wp-content\\\/uploads\\\/2007\\\/11\\\/FRUTAS-y-HORATLIZAS-e1457910427388.png\",\"keywords\":[\"Frutas y Verduras\",\"OZONO\",\"Salud\"],\"articleSection\":[\"Alimentos\",\"Frutas y Verduras\",\"OZONO\",\"Salud\"],\"inLanguage\":\"es\",\"potentialAction\":[{\"@type\":\"CommentAction\",\"name\":\"Comment\",\"target\":[\"https:\\\/\\\/www.ozono21.com\\\/blog\\\/salud\\\/fruta-y-verduras-ecologicos-enfermos-cronicos\\\/#respond\"]}]},{\"@type\":\"WebPage\",\"@id\":\"https:\\\/\\\/www.ozono21.com\\\/blog\\\/salud\\\/fruta-y-verduras-ecologicos-enfermos-cronicos\\\/\",\"url\":\"https:\\\/\\\/www.ozono21.com\\\/blog\\\/salud\\\/fruta-y-verduras-ecologicos-enfermos-cronicos\\\/\",\"name\":\"Fruta y Verduras ECOLOGICOS para los enfermos cr\u00f3nicos\",\"isPartOf\":{\"@id\":\"https:\\\/\\\/www.ozono21.com\\\/blog\\\/#website\"},\"primaryImageOfPage\":{\"@id\":\"https:\\\/\\\/www.ozono21.com\\\/blog\\\/salud\\\/fruta-y-verduras-ecologicos-enfermos-cronicos\\\/#primaryimage\"},\"image\":{\"@id\":\"https:\\\/\\\/www.ozono21.com\\\/blog\\\/salud\\\/fruta-y-verduras-ecologicos-enfermos-cronicos\\\/#primaryimage\"},\"thumbnailUrl\":\"https:\\\/\\\/www.ozono21.com\\\/blog\\\/wp-content\\\/uploads\\\/2007\\\/11\\\/FRUTAS-y-HORATLIZAS-e1457910427388.png\",\"datePublished\":\"2010-12-11T19:24:00+00:00\",\"dateModified\":\"2026-01-26T11:16:28+00:00\",\"author\":{\"@id\":\"https:\\\/\\\/www.ozono21.com\\\/blog\\\/#\\\/schema\\\/person\\\/16639932c214a173193498aee8204d12\"},\"description\":\"Alimentos de Fruta y Verduras ECOLOGICOS para personas afectadas r\u00e1pido remite la fatiga, el dolor y trastornos que limitan su vida diaria\",\"breadcrumb\":{\"@id\":\"https:\\\/\\\/www.ozono21.com\\\/blog\\\/salud\\\/fruta-y-verduras-ecologicos-enfermos-cronicos\\\/#breadcrumb\"},\"inLanguage\":\"es\",\"potentialAction\":[{\"@type\":\"ReadAction\",\"target\":[\"https:\\\/\\\/www.ozono21.com\\\/blog\\\/salud\\\/fruta-y-verduras-ecologicos-enfermos-cronicos\\\/\"]}]},{\"@type\":\"ImageObject\",\"inLanguage\":\"es\",\"@id\":\"https:\\\/\\\/www.ozono21.com\\\/blog\\\/salud\\\/fruta-y-verduras-ecologicos-enfermos-cronicos\\\/#primaryimage\",\"url\":\"https:\\\/\\\/www.ozono21.com\\\/blog\\\/wp-content\\\/uploads\\\/2007\\\/11\\\/FRUTAS-y-HORATLIZAS-e1457910427388.png\",\"contentUrl\":\"https:\\\/\\\/www.ozono21.com\\\/blog\\\/wp-content\\\/uploads\\\/2007\\\/11\\\/FRUTAS-y-HORATLIZAS-e1457910427388.png\",\"width\":505,\"height\":470},{\"@type\":\"BreadcrumbList\",\"@id\":\"https:\\\/\\\/www.ozono21.com\\\/blog\\\/salud\\\/fruta-y-verduras-ecologicos-enfermos-cronicos\\\/#breadcrumb\",\"itemListElement\":[{\"@type\":\"ListItem\",\"position\":1,\"name\":\"Portada\",\"item\":\"https:\\\/\\\/www.ozono21.com\\\/blog\\\/\"},{\"@type\":\"ListItem\",\"position\":2,\"name\":\"Fruta y verduras ECOLOGICOS para los enfermos CRONICOS\"}]},{\"@type\":\"WebSite\",\"@id\":\"https:\\\/\\\/www.ozono21.com\\\/blog\\\/#website\",\"url\":\"https:\\\/\\\/www.ozono21.com\\\/blog\\\/\",\"name\":\"Blog Ozono21\",\"description\":\" - Blog Ozono21\",\"potentialAction\":[{\"@type\":\"SearchAction\",\"target\":{\"@type\":\"EntryPoint\",\"urlTemplate\":\"https:\\\/\\\/www.ozono21.com\\\/blog\\\/?s={search_term_string}\"},\"query-input\":{\"@type\":\"PropertyValueSpecification\",\"valueRequired\":true,\"valueName\":\"search_term_string\"}}],\"inLanguage\":\"es\"},{\"@type\":\"Person\",\"@id\":\"https:\\\/\\\/www.ozono21.com\\\/blog\\\/#\\\/schema\\\/person\\\/16639932c214a173193498aee8204d12\",\"name\":\"INVESTIGACION Ozono21\",\"image\":{\"@type\":\"ImageObject\",\"inLanguage\":\"es\",\"@id\":\"https:\\\/\\\/secure.gravatar.com\\\/avatar\\\/f00ed9ac57a3eea6b9830d73dc9f9214775648c7763edcb20475eb83509b31fd?s=96&d=mm&r=g\",\"url\":\"https:\\\/\\\/secure.gravatar.com\\\/avatar\\\/f00ed9ac57a3eea6b9830d73dc9f9214775648c7763edcb20475eb83509b31fd?s=96&d=mm&r=g\",\"contentUrl\":\"https:\\\/\\\/secure.gravatar.com\\\/avatar\\\/f00ed9ac57a3eea6b9830d73dc9f9214775648c7763edcb20475eb83509b31fd?s=96&d=mm&r=g\",\"caption\":\"INVESTIGACION Ozono21\"}}]}<\/script>\n<!-- \/ Yoast SEO plugin. -->","yoast_head_json":{"title":"Fruta y Verduras ECOLOGICOS para los enfermos cr\u00f3nicos","description":"Alimentos de Fruta y Verduras ECOLOGICOS para personas afectadas r\u00e1pido remite la fatiga, el dolor y trastornos que limitan su vida diaria","robots":{"index":"index","follow":"follow","max-snippet":"max-snippet:-1","max-image-preview":"max-image-preview:large","max-video-preview":"max-video-preview:-1"},"canonical":"https:\/\/www.ozono21.com\/blog\/salud\/fruta-y-verduras-ecologicos-enfermos-cronicos\/","og_locale":"es_ES","og_type":"article","og_title":"Fruta y Verduras ECOLOGICOS para los enfermos cr\u00f3nicos","og_description":"Alimentos de Fruta y Verduras ECOLOGICOS para personas afectadas r\u00e1pido remite la fatiga, el dolor y trastornos que limitan su vida diaria","og_url":"https:\/\/www.ozono21.com\/blog\/salud\/fruta-y-verduras-ecologicos-enfermos-cronicos\/","og_site_name":"- Blog Ozono21","article_published_time":"2010-12-11T19:24:00+00:00","article_modified_time":"2026-01-26T11:16:28+00:00","og_image":[{"width":505,"height":470,"url":"https:\/\/www.ozono21.com\/blog\/wp-content\/uploads\/2007\/11\/FRUTAS-y-HORATLIZAS-e1457910427388.png","type":"image\/png"}],"author":"INVESTIGACION Ozono21","twitter_misc":{"Escrito por":"INVESTIGACION Ozono21","Tiempo de lectura":"3 minutos"},"schema":{"@context":"https:\/\/schema.org","@graph":[{"@type":"Article","@id":"https:\/\/www.ozono21.com\/blog\/salud\/fruta-y-verduras-ecologicos-enfermos-cronicos\/#article","isPartOf":{"@id":"https:\/\/www.ozono21.com\/blog\/salud\/fruta-y-verduras-ecologicos-enfermos-cronicos\/"},"author":{"name":"INVESTIGACION Ozono21","@id":"https:\/\/www.ozono21.com\/blog\/#\/schema\/person\/16639932c214a173193498aee8204d12"},"headline":"Fruta y verduras ECOLOGICOS para los enfermos CRONICOS","datePublished":"2010-12-11T19:24:00+00:00","dateModified":"2026-01-26T11:16:28+00:00","mainEntityOfPage":{"@id":"https:\/\/www.ozono21.com\/blog\/salud\/fruta-y-verduras-ecologicos-enfermos-cronicos\/"},"wordCount":700,"commentCount":1,"image":{"@id":"https:\/\/www.ozono21.com\/blog\/salud\/fruta-y-verduras-ecologicos-enfermos-cronicos\/#primaryimage"},"thumbnailUrl":"https:\/\/www.ozono21.com\/blog\/wp-content\/uploads\/2007\/11\/FRUTAS-y-HORATLIZAS-e1457910427388.png","keywords":["Frutas y Verduras","OZONO","Salud"],"articleSection":["Alimentos","Frutas y Verduras","OZONO","Salud"],"inLanguage":"es","potentialAction":[{"@type":"CommentAction","name":"Comment","target":["https:\/\/www.ozono21.com\/blog\/salud\/fruta-y-verduras-ecologicos-enfermos-cronicos\/#respond"]}]},{"@type":"WebPage","@id":"https:\/\/www.ozono21.com\/blog\/salud\/fruta-y-verduras-ecologicos-enfermos-cronicos\/","url":"https:\/\/www.ozono21.com\/blog\/salud\/fruta-y-verduras-ecologicos-enfermos-cronicos\/","name":"Fruta y Verduras ECOLOGICOS para los enfermos cr\u00f3nicos","isPartOf":{"@id":"https:\/\/www.ozono21.com\/blog\/#website"},"primaryImageOfPage":{"@id":"https:\/\/www.ozono21.com\/blog\/salud\/fruta-y-verduras-ecologicos-enfermos-cronicos\/#primaryimage"},"image":{"@id":"https:\/\/www.ozono21.com\/blog\/salud\/fruta-y-verduras-ecologicos-enfermos-cronicos\/#primaryimage"},"thumbnailUrl":"https:\/\/www.ozono21.com\/blog\/wp-content\/uploads\/2007\/11\/FRUTAS-y-HORATLIZAS-e1457910427388.png","datePublished":"2010-12-11T19:24:00+00:00","dateModified":"2026-01-26T11:16:28+00:00","author":{"@id":"https:\/\/www.ozono21.com\/blog\/#\/schema\/person\/16639932c214a173193498aee8204d12"},"description":"Alimentos de Fruta y Verduras ECOLOGICOS para personas afectadas r\u00e1pido remite la fatiga, el dolor y trastornos que limitan su vida diaria","breadcrumb":{"@id":"https:\/\/www.ozono21.com\/blog\/salud\/fruta-y-verduras-ecologicos-enfermos-cronicos\/#breadcrumb"},"inLanguage":"es","potentialAction":[{"@type":"ReadAction","target":["https:\/\/www.ozono21.com\/blog\/salud\/fruta-y-verduras-ecologicos-enfermos-cronicos\/"]}]},{"@type":"ImageObject","inLanguage":"es","@id":"https:\/\/www.ozono21.com\/blog\/salud\/fruta-y-verduras-ecologicos-enfermos-cronicos\/#primaryimage","url":"https:\/\/www.ozono21.com\/blog\/wp-content\/uploads\/2007\/11\/FRUTAS-y-HORATLIZAS-e1457910427388.png","contentUrl":"https:\/\/www.ozono21.com\/blog\/wp-content\/uploads\/2007\/11\/FRUTAS-y-HORATLIZAS-e1457910427388.png","width":505,"height":470},{"@type":"BreadcrumbList","@id":"https:\/\/www.ozono21.com\/blog\/salud\/fruta-y-verduras-ecologicos-enfermos-cronicos\/#breadcrumb","itemListElement":[{"@type":"ListItem","position":1,"name":"Portada","item":"https:\/\/www.ozono21.com\/blog\/"},{"@type":"ListItem","position":2,"name":"Fruta y verduras ECOLOGICOS para los enfermos CRONICOS"}]},{"@type":"WebSite","@id":"https:\/\/www.ozono21.com\/blog\/#website","url":"https:\/\/www.ozono21.com\/blog\/","name":"Blog Ozono21","description":" - Blog Ozono21","potentialAction":[{"@type":"SearchAction","target":{"@type":"EntryPoint","urlTemplate":"https:\/\/www.ozono21.com\/blog\/?s={search_term_string}"},"query-input":{"@type":"PropertyValueSpecification","valueRequired":true,"valueName":"search_term_string"}}],"inLanguage":"es"},{"@type":"Person","@id":"https:\/\/www.ozono21.com\/blog\/#\/schema\/person\/16639932c214a173193498aee8204d12","name":"INVESTIGACION Ozono21","image":{"@type":"ImageObject","inLanguage":"es","@id":"https:\/\/secure.gravatar.com\/avatar\/f00ed9ac57a3eea6b9830d73dc9f9214775648c7763edcb20475eb83509b31fd?s=96&d=mm&r=g","url":"https:\/\/secure.gravatar.com\/avatar\/f00ed9ac57a3eea6b9830d73dc9f9214775648c7763edcb20475eb83509b31fd?s=96&d=mm&r=g","contentUrl":"https:\/\/secure.gravatar.com\/avatar\/f00ed9ac57a3eea6b9830d73dc9f9214775648c7763edcb20475eb83509b31fd?s=96&d=mm&r=g","caption":"INVESTIGACION Ozono21"}}]}},"jetpack_publicize_connections":[],"jetpack_featured_media_url":"https:\/\/www.ozono21.com\/blog\/wp-content\/uploads\/2007\/11\/FRUTAS-y-HORATLIZAS-e1457910427388.png","jetpack_sharing_enabled":true,"_links":{"self":[{"href":"https:\/\/www.ozono21.com\/blog\/wp-json\/wp\/v2\/posts\/362","targetHints":{"allow":["GET"]}}],"collection":[{"href":"https:\/\/www.ozono21.com\/blog\/wp-json\/wp\/v2\/posts"}],"about":[{"href":"https:\/\/www.ozono21.com\/blog\/wp-json\/wp\/v2\/types\/post"}],"author":[{"embeddable":true,"href":"https:\/\/www.ozono21.com\/blog\/wp-json\/wp\/v2\/users\/1"}],"replies":[{"embeddable":true,"href":"https:\/\/www.ozono21.com\/blog\/wp-json\/wp\/v2\/comments?post=362"}],"version-history":[{"count":0,"href":"https:\/\/www.ozono21.com\/blog\/wp-json\/wp\/v2\/posts\/362\/revisions"}],"wp:featuredmedia":[{"embeddable":true,"href":"https:\/\/www.ozono21.com\/blog\/wp-json\/wp\/v2\/media\/5215092"}],"wp:attachment":[{"href":"https:\/\/www.ozono21.com\/blog\/wp-json\/wp\/v2\/media?parent=362"}],"wp:term":[{"taxonomy":"category","embeddable":true,"href":"https:\/\/www.ozono21.com\/blog\/wp-json\/wp\/v2\/categories?post=362"},{"taxonomy":"post_tag","embeddable":true,"href":"https:\/\/www.ozono21.com\/blog\/wp-json\/wp\/v2\/tags?post=362"}],"curies":[{"name":"wp","href":"https:\/\/api.w.org\/{rel}","templated":true}]}}