{"id":357,"date":"2010-11-25T20:52:00","date_gmt":"2010-11-25T18:52:00","guid":{"rendered":"https:\/\/www.ozono21.com\/blog\/357\/sin-categoria\/prevenir-enfermedades-alimentarias-derivadas-de-frutas-y-verduras\/"},"modified":"2026-01-26T13:58:19","modified_gmt":"2026-01-26T11:58:19","slug":"enfermedades-alimentarias-frutas-verduras","status":"publish","type":"post","link":"https:\/\/www.ozono21.com\/blog\/frutas-y-verduras\/enfermedades-alimentarias-frutas-verduras\/","title":{"rendered":"Prevenir enfermedades alimentarias derivadas de frutas y verduras"},"content":{"rendered":"<p style=\"text-align: justify;\">\n<h2 style=\"text-align: justify;\"><strong><img loading=\"lazy\" decoding=\"async\" class=\"alignleft\" src=\"https:\/\/2.bp.blogspot.com\/_IBPlVqONz58\/TO65Icc0OoI\/AAAAAAAABb8\/S9D1ZtJyPQc\/s320\/Frutas-y-Verduras.jpg\"  alt=\"Prevenir enfermedades alimentarias derivadas de frutas y verduras\" tITLE=\"Prevenir enfermedades alimentarias derivadas de frutas y verduras\" width=\"290\" height=\"213\" style=\"margin: 0px 10px 10px 0px; cursor: hand; border: 0px;\"   \/><a title=\"Ozono Frutas y Verduras. El OZONO en el aire o disuelto en el agua de lavado de frutas y verduras es una herramienta eficaz en la descontaminaci\u00f3n de frutas, verduras y sus embalajes\" href=\"https:\/\/www.ozono21.com\/sectores-pagina\/empresariales\/frutas-verduras\/11\/\" target=\"_blank\" rel=\"noopener noreferrer\">Prevenir enfermedades alimentarias derivadas de frutas y verduras<\/A><\/strong><\/h2>\n<p><\/P><\/p>\n<p>Alrededor de un 2% de las enfermedades alimentarias por v\u00eda alimentaria que se registran al a\u00f1o en Espa\u00f1a tienen su origen en frutas y verduras<\/p>\n<p style=\"text-align: justify;\">\n<h2 style=\"text-align: justify;\"><strong><a title=\"Ozono Frutas y Verduras. El OZONO en el aire o disuelto en el agua de lavado de frutas y verduras es una herramienta eficaz en la descontaminaci\u00f3n de frutas, verduras y sus embalajes\" href=\"https:\/\/www.ozono21.com\/sectores-pagina\/empresariales\/frutas-verduras\/11\/\" target=\"_blank\" rel=\"noopener noreferrer\">Frutas y verduras constituyen la base de una alimentaci\u00f3n sana y equilibrada, por lo que en la dieta diaria deben incluirse, seg\u00fan los nutricionistas, al menos cinco raciones de estos productos.<\/p>\n<p>Sin embargo, tambi\u00e9n pueden ser fuente de enfermedades alimentarias de transmisi\u00f3n alimentaria, si bien s\u00f3lo 2 de cada 100 patolog\u00edas desarrolladas a trav\u00e9s de los alimentos en Espa\u00f1a tienen su origen en ellas debido, al parecer, a una deficiente manipulaci\u00f3n tras la recolecci\u00f3n.<\/A><\/strong><\/h2>\n<\/p>\n<p>Fuente: consumer (21 de octubre de 2010)<br \/>\nPor MAITE PELAYO<\/p>\n<p style=\"text-align: justify;\"><strong>Los problemas derivados del uso de plaguicidas son los m\u00e1s f\u00e1ciles de controlar y suponen menos riesgos, mientras que los casos asociados a los microorganismos pat\u00f3genos, como salmonella, preocupan de forma especial. <\/strong>Los estudios realizados en este sentido demuestran que frutas y verduras no \u00e1cidas (manzana madura o lechuga) son m\u00e1s susceptibles de desarrollar una carga de microorganismos frente a otras m\u00e1s \u00e1cidas (naranjas o tomates), donde es m\u00e1s dif\u00edcil que los microorganismos se multipliquen.<\/P><\/p>\n<p style=\"text-align: justify;\">Sin embargo, a\u00fan est\u00e1n presentes casos tan llamativos como el ocurrido en 2008 en EE.UU., cuando se registr\u00f3 un importante brote de intoxicaci\u00f3n alimentaria por salmonella en tomates y cuya fuente de contaminaci\u00f3n, al parecer, tuvo su origen en agua contaminada. Microorganismos como salmonella o E. coli se relacionan a menudo s\u00f3lo con alimentos de origen animal y, sin embargo, son causa frecuente de toxiinfecciones en las que intervienen alimentos como frutas o verduras.<\/P><\/p>\n<p style=\"text-align: justify;\"><big><strong><a target=\"_blank\" title=\"La mejor inversi\u00f3n es usar las propiedades y virtudes, que nos ofrece un generador de OZONO. APLICACIONES Y USO DEL OZONO EN LA INDUSTRIA ALIMENTARIA\" href=\"https:\/\/www.ozono21.com\/sectores\/industriales\/industria-alimentaria\/18\/\" rel=\"noopener noreferrer\">Factores claves<\/A><\/strong><\/big><\/p>\n<p style=\"text-align: justify;\"><big><strong><a target=\"_blank\" title=\"La mejor inversi\u00f3n es usar las propiedades y virtudes, que nos ofrece un generador de OZONO. APLICACIONES Y USO DEL OZONO EN LA INDUSTRIA ALIMENTARIA\" href=\"https:\/\/www.ozono21.com\/sectores\/industriales\/industria-alimentaria\/18\/\" rel=\"noopener noreferrer\">La recolecci\u00f3n y la formaci\u00f3n de las personas encargadas de este proceso son claves para prevenir riesgos en frutas y verduras<\/A><\/strong><\/big><\/p>\n<p style=\"text-align: justify;\">Como medida de prevenci\u00f3n para evitar estos riesgos, expertos en seguridad alimentaria reunidos en las XX Jornadas Nacionales de Inspecci\u00f3n de la Carne y Seguridad Alimentaria, apuntan la necesidad de implantar medidas de formaci\u00f3n y educaci\u00f3n de las personas que intervienen tanto en los procesos de recolecci\u00f3n como en etapas posteriores. Esta medida, que se califica como fundamental para garantizar la seguridad alimentaria de los productos, se enmarca en un entorno laboral en el que los recolectores son personas desplazadas a los puntos de recogida, en ocasiones desde lugares remotos, y sin una formaci\u00f3n s\u00f3lida en materia de higiene. Tambi\u00e9n se hace especial hincapi\u00e9 en la importancia de la disponibilidad de lugares concebidos para que estas personas puedan lavarse las manos de forma peri\u00f3dica y tengan acceso a servicios higi\u00e9nicos adecuados.<\/P><\/p>\n<p style=\"text-align: justify;\"><strong>Tambi\u00e9n los factores ambientales, como la calidad del agua de riego o la posible presencia de metales pesados en la zona de cultivo, as\u00ed como la utilizaci\u00f3n adecuada de los productos fitosanitarios, resultan claves en la valoraci\u00f3n final del riesgo asociado al consumo de frutas y verduras.<\/strong> Una vez que \u00e9stas llegan al hogar, hay que lavarlas, ya que a trav\u00e9s de este sencillo proceso se elimina casi por completo la posibilidad de una contaminaci\u00f3n microbiana. Casi todas las frutas y muchas verduras se consumen crudas y, por tanto, no se someten a un proceso de higienizaci\u00f3n a trav\u00e9s del calor. <strong>En ocasiones, es necesario aplicar un procedimiento adecuado de limpieza, desinfecci\u00f3n, aclarado y escurrido de los vegetales destinados a consumo en crudo y respetar los pasos siguientes:<\/strong><\/p>\n<p style=\"text-align: justify;\">\u2022 Eliminar las partes externas sucias, as\u00ed como los ejemplares podridos, agrietados o rotos.<\/p>\n<p style=\"text-align: justify;\">\u2022 Lavar con abundante agua potable.<\/p>\n<p style=\"text-align: justify;\">\u2022 Eliminar el agua de lavado.<\/p>\n<p style=\"text-align: justify;\">\u2022 Sumergir en agua con unas gotas de lej\u00eda \u00abapta para desinfectar el agua de bebida\u00bb. La cantidad depender\u00e1 de la concentraci\u00f3n del desinfectante. Si la lej\u00eda es de 35gr\/l, la cantidad que se a\u00f1adir\u00e1 ser\u00e1 de 2 ml por litro de agua.<\/p>\n<p style=\"text-align: justify;\">\u2022 Dejar en reposo durante unos 15 minutos.<\/p>\n<p style=\"text-align: justify;\">\u2022 Aclarar con abundante agua potable y escurrir.<\/p>\n<p style=\"text-align: justify;\"><strong>Otras recomendaciones para preservar la calidad higi\u00e9nico-sanitaria de frutas y verduras son:<\/strong><\/p>\n<p style=\"text-align: justify;\">\u2022 Consumir las de temporada, en su punto \u00f3ptimo de maduraci\u00f3n, frescas y sin magulladuras.<\/p>\n<p style=\"text-align: justify;\">\u2022 Mantener en una zona fresca, bien ventilada y sin humedad, a poder ser con repisas de acero inoxidable. Son muy pocas las frutas y verduras que requieren refrigeraci\u00f3n para almacenarlas, sobre todo, si se compran a diario. Cuando se lleve a cabo este proceso, puesto que el fr\u00edo puede aumentar su duraci\u00f3n, es posible refrigerar a temperaturas no muy bajas (6-8 \u00baC). Tambi\u00e9n se pueden mantener en refrigeraci\u00f3n tras lavarlas, secarlas y envasarlas al vac\u00edo. En el caso de los pl\u00e1tanos, nunca se han de mantener en nevera, sino a temperaturas de 12-14 \u00baC para evitar el \u00abda\u00f1o por fr\u00edo\u00bb.<\/p>\n<p style=\"text-align: justify;\">\u2022 Almacenar fuera de bolsas de pl\u00e1stico (a no ser que est\u00e9 agujereada), ya que algunos \u00abrespiran\u00bb y almacenan humedad.<\/p>\n<p style=\"text-align: justify;\">\u2022 No es aconsejable almacenar juntas diferentes frutas o frutas y hortalizas porque unas pueden influir en la maduraci\u00f3n de otras.<\/p>\n<p style=\"text-align: justify;\">\u2022 Debe establecerse una inspecci\u00f3n cuidadosa y diaria de su estado, ya que estos productos se deterioran de forma muy r\u00e1pida.<\/p>\n<p><big><strong><a title=\"Generadores de Ozono21. SALUD de las personas y se puede UTILIZAR en el Hogar, Oficinas, Restaurantes, Hoteles, Hospitales e Industria\" href=\"https:\/\/www.ozono21.com\/productos-ozono\" target=\"_blank\" rel=\"noopener noreferrer\">LA PIEL, \u00bfCOMESTIBLE?<\/A><\/strong><\/big><\/p>\n<p style=\"text-align: justify;\"><strong>Seg\u00fan manifiesta la Agencia Espa\u00f1ola de Seguridad Alimentaria (AESAN), ingerir frutas peladas o con piel no se puede considerar una cuesti\u00f3n relativa a la seguridad alimentaria. El consumo de frutas sin pelar es una situaci\u00f3n contemplada en la evaluaci\u00f3n de riesgos que se realiza de manera obligatoria y previa al uso de plaguicidas en alimentos y en la fijaci\u00f3n del correspondiente Limite M\u00e1ximo de Residuos (LMR).<\/strong><\/span> La autorizaci\u00f3n para usar un producto fitosanitario requiere la evaluaci\u00f3n previa de las consecuencias que ello conlleva para la salud de los consumidores.<\/P><\/p>\n<p style=\"text-align: justify;\">En la mencionada valoraci\u00f3n se tienen en cuenta los efectos a corto y largo plazo de esa ingesta, as\u00ed como las consecuencias en los grupos m\u00e1s vulnerables de la poblaci\u00f3n, como los ni\u00f1os, desde un enfoque del \u00abpeor caso posible\u00bb, es decir, la situaci\u00f3n en la que, tras realizar ensayos supervisados, se ha detectado la mayor presencia de residuos en la fruta. S\u00f3lo en el caso de las frutas de piel no comestible (como naranjas, kiwi o pl\u00e1tanos) pueden, si es necesario, evaluarse y recordar que la cantidad te\u00f3rica m\u00e1xima de residuos que se podr\u00edan ingerir est\u00e1 reducida, ya que se ha eliminado la piel, que a menudo retiene la mayor parte de los residuos de las sustancias qu\u00edmicas empleadas.<\/p>\n<p style=\"text-align: justify;\"><strong>S\u00f3lo cuando se ha realizado esta evaluaci\u00f3n de riesgos se puede autorizar el uso del plaguicida y en unas condiciones que sean las necesarias para asegurar la protecci\u00f3n fitosanitaria sin comprometer la salud del consumidor. <\/strong><\/span>S\u00f3lo pueden comercializarse las frutas que cumplen con este L\u00edmite M\u00e1ximo de Residuos.<\/P><\/p>\n<p style=\"text-align: justify;\"><strong>Al margen de lo expuesto, si por cuestiones relativas a los valores nutricionales, sobre todo por su alto contenido en fibra, se opta por consumir la piel de la fruta, se recomienda siempre lavarla.<\/strong><\/span> La finalidad es eliminar tanto residuos de plaguicidas como suciedades y restos de tierra que pueden aportar al alimento bacterias, virus, par\u00e1sitos y otros contaminantes como el plomo. Las frutas y verduras deben lavarse bajo un chorro de agua potable. Si est\u00e1n muy sucias, pueden sumergirse o emplearse desinfectantes como la lej\u00eda de uso alimentario y despu\u00e9s aclararse con agua limpia.<\/P><\/p>\n<table border=\"3\" cellspacing=\"0\" cellpadding=\"0\">\n<tbody>\n<tr>\n<td bgcolor=\"#3b7cff\" height=\"25\" width=\"600\" align=\"center\"><strong><a title=\"Actualidad ACCION del OZONO\" href=\"https:\/\/www.ozono21.com\/actualidad-interna\/accion-del-ozono\/423\/\" target=\"_blank\" rel=\"noopener noreferrer\"><img loading=\"lazy\" decoding=\"async\" src=\"https:\/\/www.ozono21.com\/blog\/wp-content\/uploads\/2014\/06\/Noticias-Relacionadas.png\" alt=\"Noticias Relacionadas\" width=\"600\" height=\"25\" border=\"0\" \/><\/a><\/strong>\n<\/td>\n<\/tr>\n<\/tbody>\n<\/table>\n<p><big><strong><\/p>\n<table border=\"0\" cellspacing=\"0\" cellpadding=\"0\">\n<tbody>\n<tr>\n<td height=\"150\" width=\"250\" align=\"center\"><a title=\"Post sobre ESCHERICHIA COLI\" target=\"_blank\" href=\"https:\/\/www.ozono21.com\/blog\/?s=E+COLI\" rel=\"noopener noreferrer\"><img loading=\"lazy\" decoding=\"async\" src=\"https:\/\/www.ozono21.com\/blog\/wp-content\/uploads\/2012\/04\/ecoli-e1454412722520-300x278.jpg\" alt=\"enfermedades alimentarias\" width=\"140\" height=\"130\" style=\"margin: 10px 10px 0px 30px; border: 0px;\"  \/><\/a><\/td>\n<td height=\"150\" width=\"350\" style=\"text-align: left; vertical-align: middle;\"><strong><a title=\"Post sobre ESCHERICHIA COLI\" target=\"_blank\" href=\"https:\/\/www.ozono21.com\/blog\/?s=E+COLI\" rel=\"noopener noreferrer\">Post sobre ESCHERICHIA COLI<\/a><\/strong> <\/td>\n<\/tr>\n<\/tbody>\n<\/table>\n<p><\/strong><\/big><\/p>\n<table border=\"3\" cellspacing=\"0\" cellpadding=\"0\">\n<tbody>\n<tr>\n<td bgcolor=\"#3b7cff\" height=\"25\" width=\"600\" align=\"center\"><strong><a title=\"Videos YouTube\" target=\"_blank\" href=\"https:\/\/www.youtube.com\/user\/ozono21\/videos?sort=p&amp;view=0&amp;flow=grid\" rel=\"noopener noreferrer\"><img loading=\"lazy\" decoding=\"async\" src=\"https:\/\/www.ozono21.com\/blog\/wp-content\/uploads\/2014\/06\/Videos-Youtube.png\" alt=\"Videos Youtube\" width=\"600\" height=\"25\" border=\"0\" \/><\/a><\/strong>\n<\/td>\n<\/tr>\n<\/tbody>\n<\/table>\n<p>&nbsp;<\/p>\n<p style=\"TEXT-ALIGN: center\"><iframe loading=\"lazy\" width=\"732\" height=\"412\" src=\"https:\/\/www.youtube.com\/embed\/T9kR12ly0wo\" frameborder=\"0\" allow=\"accelerometer; autoplay; encrypted-media; gyroscope; picture-in-picture\" allowfullscreen><\/iframe><\/p>\n<p>&nbsp;<\/p>\n<p style=\"TEXT-ALIGN: center\"><iframe loading=\"lazy\" width=\"732\" height=\"412\" src=\"https:\/\/www.youtube.com\/embed\/YMGR7gyTWxk\" frameborder=\"0\" allow=\"accelerometer; autoplay; encrypted-media; gyroscope; picture-in-picture\" allowfullscreen><\/iframe><\/p>\n<div class=\"pvc_clear\"><\/div>\n<p id=\"pvc_stats_357\" class=\"pvc_stats total_only  \" data-element-id=\"357\" style=\"\"><i class=\"pvc-stats-icon small\" aria-hidden=\"true\"><svg aria-hidden=\"true\" focusable=\"false\" data-prefix=\"far\" data-icon=\"chart-bar\" role=\"img\" xmlns=\"http:\/\/www.w3.org\/2000\/svg\" viewBox=\"0 0 512 512\" class=\"svg-inline--fa fa-chart-bar fa-w-16 fa-2x\"><path fill=\"currentColor\" d=\"M396.8 352h22.4c6.4 0 12.8-6.4 12.8-12.8V108.8c0-6.4-6.4-12.8-12.8-12.8h-22.4c-6.4 0-12.8 6.4-12.8 12.8v230.4c0 6.4 6.4 12.8 12.8 12.8zm-192 0h22.4c6.4 0 12.8-6.4 12.8-12.8V140.8c0-6.4-6.4-12.8-12.8-12.8h-22.4c-6.4 0-12.8 6.4-12.8 12.8v198.4c0 6.4 6.4 12.8 12.8 12.8zm96 0h22.4c6.4 0 12.8-6.4 12.8-12.8V204.8c0-6.4-6.4-12.8-12.8-12.8h-22.4c-6.4 0-12.8 6.4-12.8 12.8v134.4c0 6.4 6.4 12.8 12.8 12.8zM496 400H48V80c0-8.84-7.16-16-16-16H16C7.16 64 0 71.16 0 80v336c0 17.67 14.33 32 32 32h464c8.84 0 16-7.16 16-16v-16c0-8.84-7.16-16-16-16zm-387.2-48h22.4c6.4 0 12.8-6.4 12.8-12.8v-70.4c0-6.4-6.4-12.8-12.8-12.8h-22.4c-6.4 0-12.8 6.4-12.8 12.8v70.4c0 6.4 6.4 12.8 12.8 12.8z\" class=\"\"><\/path><\/svg><\/i> <img loading=\"lazy\" decoding=\"async\" width=\"16\" height=\"16\" alt=\"Loading\" src=\"https:\/\/www.ozono21.com\/blog\/wp-content\/plugins\/page-views-count\/ajax-loader-2x.gif\" border=0 \/><\/p>\n<div class=\"pvc_clear\"><\/div>\n","protected":false},"excerpt":{"rendered":"<p>Prevenir enfermedades alimentarias derivadas de frutas y verduras Alrededor de un 2% de las enfermedades alimentarias por v\u00eda alimentaria que se registran al a\u00f1o en Espa\u00f1a tienen su origen en frutas y verduras Frutas y verduras constituyen la base de &hellip; <a href=\"https:\/\/www.ozono21.com\/blog\/frutas-y-verduras\/enfermedades-alimentarias-frutas-verduras\/\">Sigue leyendo <span class=\"meta-nav\">&rarr;<\/span><\/a><\/p>\n<div class=\"pvc_clear\"><\/div>\n<p id=\"pvc_stats_357\" class=\"pvc_stats total_only  \" data-element-id=\"357\" style=\"\"><i class=\"pvc-stats-icon small\" aria-hidden=\"true\"><svg aria-hidden=\"true\" focusable=\"false\" data-prefix=\"far\" data-icon=\"chart-bar\" role=\"img\" xmlns=\"http:\/\/www.w3.org\/2000\/svg\" viewBox=\"0 0 512 512\" class=\"svg-inline--fa fa-chart-bar fa-w-16 fa-2x\"><path fill=\"currentColor\" d=\"M396.8 352h22.4c6.4 0 12.8-6.4 12.8-12.8V108.8c0-6.4-6.4-12.8-12.8-12.8h-22.4c-6.4 0-12.8 6.4-12.8 12.8v230.4c0 6.4 6.4 12.8 12.8 12.8zm-192 0h22.4c6.4 0 12.8-6.4 12.8-12.8V140.8c0-6.4-6.4-12.8-12.8-12.8h-22.4c-6.4 0-12.8 6.4-12.8 12.8v198.4c0 6.4 6.4 12.8 12.8 12.8zm96 0h22.4c6.4 0 12.8-6.4 12.8-12.8V204.8c0-6.4-6.4-12.8-12.8-12.8h-22.4c-6.4 0-12.8 6.4-12.8 12.8v134.4c0 6.4 6.4 12.8 12.8 12.8zM496 400H48V80c0-8.84-7.16-16-16-16H16C7.16 64 0 71.16 0 80v336c0 17.67 14.33 32 32 32h464c8.84 0 16-7.16 16-16v-16c0-8.84-7.16-16-16-16zm-387.2-48h22.4c6.4 0 12.8-6.4 12.8-12.8v-70.4c0-6.4-6.4-12.8-12.8-12.8h-22.4c-6.4 0-12.8 6.4-12.8 12.8v70.4c0 6.4 6.4 12.8 12.8 12.8z\" class=\"\"><\/path><\/svg><\/i> <img loading=\"lazy\" decoding=\"async\" width=\"16\" height=\"16\" alt=\"Loading\" src=\"https:\/\/www.ozono21.com\/blog\/wp-content\/plugins\/page-views-count\/ajax-loader-2x.gif\" border=0 \/><\/p>\n<div class=\"pvc_clear\"><\/div>\n","protected":false},"author":1,"featured_media":5197292,"comment_status":"open","ping_status":"open","sticky":false,"template":"","format":"standard","meta":{"_exactmetrics_skip_tracking":false,"_exactmetrics_sitenote_active":false,"_exactmetrics_sitenote_note":"","_exactmetrics_sitenote_category":0,"_jetpack_memberships_contains_paid_content":false,"footnotes":"","jetpack_publicize_message":"","jetpack_publicize_feature_enabled":true,"jetpack_social_post_already_shared":false,"jetpack_social_options":{"image_generator_settings":{"template":"highway","default_image_id":0,"font":"","enabled":false},"version":2}},"categories":[28],"tags":[19,30,21],"class_list":["post-357","post","type-post","status-publish","format-standard","has-post-thumbnail","hentry","category-frutas-y-verduras","tag-bacterias-2","tag-frutas-verduras","tag-salud-2"],"a3_pvc":{"activated":true,"total_views":3104,"today_views":0},"yoast_head":"<!-- This site is optimized with the Yoast SEO plugin v27.5 - https:\/\/yoast.com\/product\/yoast-seo-wordpress\/ -->\n<title>Enfermedades alimentarias por frutas y verduras<\/title>\n<meta name=\"description\" content=\"Prevenir enfermedades alimentarias por frutas y verduras. El 2% de enfermedades alimentarias en Espa\u00f1a su origen son frutas y verduras\" \/>\n<meta name=\"robots\" content=\"index, follow, max-snippet:-1, max-image-preview:large, max-video-preview:-1\" \/>\n<link rel=\"canonical\" href=\"https:\/\/www.ozono21.com\/blog\/frutas-y-verduras\/enfermedades-alimentarias-frutas-verduras\/\" \/>\n<meta property=\"og:locale\" content=\"es_ES\" \/>\n<meta property=\"og:type\" content=\"article\" \/>\n<meta property=\"og:title\" content=\"Enfermedades alimentarias por frutas y verduras\" \/>\n<meta property=\"og:description\" content=\"Prevenir enfermedades alimentarias por frutas y verduras. El 2% de enfermedades alimentarias en Espa\u00f1a su origen son frutas y verduras\" \/>\n<meta property=\"og:url\" content=\"https:\/\/www.ozono21.com\/blog\/frutas-y-verduras\/enfermedades-alimentarias-frutas-verduras\/\" \/>\n<meta property=\"og:site_name\" content=\"- Blog Ozono21\" \/>\n<meta property=\"article:published_time\" content=\"2010-11-25T18:52:00+00:00\" \/>\n<meta property=\"article:modified_time\" content=\"2026-01-26T11:58:19+00:00\" \/>\n<meta property=\"og:image\" content=\"https:\/\/www.ozono21.com\/blog\/wp-content\/uploads\/2012\/08\/verduras_2-e1458212562514.jpg\" \/>\n\t<meta property=\"og:image:width\" content=\"202\" \/>\n\t<meta property=\"og:image:height\" content=\"249\" \/>\n\t<meta property=\"og:image:type\" content=\"image\/jpeg\" \/>\n<meta name=\"author\" content=\"INVESTIGACION Ozono21\" \/>\n<meta name=\"twitter:label1\" content=\"Escrito por\" \/>\n\t<meta name=\"twitter:data1\" content=\"INVESTIGACION Ozono21\" \/>\n\t<meta name=\"twitter:label2\" content=\"Tiempo de lectura\" \/>\n\t<meta name=\"twitter:data2\" content=\"6 minutos\" \/>\n<script type=\"application\/ld+json\" class=\"yoast-schema-graph\">{\"@context\":\"https:\\\/\\\/schema.org\",\"@graph\":[{\"@type\":\"Article\",\"@id\":\"https:\\\/\\\/www.ozono21.com\\\/blog\\\/frutas-y-verduras\\\/enfermedades-alimentarias-frutas-verduras\\\/#article\",\"isPartOf\":{\"@id\":\"https:\\\/\\\/www.ozono21.com\\\/blog\\\/frutas-y-verduras\\\/enfermedades-alimentarias-frutas-verduras\\\/\"},\"author\":{\"name\":\"INVESTIGACION Ozono21\",\"@id\":\"https:\\\/\\\/www.ozono21.com\\\/blog\\\/#\\\/schema\\\/person\\\/16639932c214a173193498aee8204d12\"},\"headline\":\"Prevenir enfermedades alimentarias derivadas de frutas y verduras\",\"datePublished\":\"2010-11-25T18:52:00+00:00\",\"dateModified\":\"2026-01-26T11:58:19+00:00\",\"mainEntityOfPage\":{\"@id\":\"https:\\\/\\\/www.ozono21.com\\\/blog\\\/frutas-y-verduras\\\/enfermedades-alimentarias-frutas-verduras\\\/\"},\"wordCount\":1269,\"commentCount\":0,\"image\":{\"@id\":\"https:\\\/\\\/www.ozono21.com\\\/blog\\\/frutas-y-verduras\\\/enfermedades-alimentarias-frutas-verduras\\\/#primaryimage\"},\"thumbnailUrl\":\"https:\\\/\\\/www.ozono21.com\\\/blog\\\/wp-content\\\/uploads\\\/2012\\\/08\\\/verduras_2-e1458212562514.jpg\",\"keywords\":[\"Bacterias\",\"Frutas y Verduras\",\"Salud\"],\"articleSection\":[\"Frutas y Verduras\"],\"inLanguage\":\"es\",\"potentialAction\":[{\"@type\":\"CommentAction\",\"name\":\"Comment\",\"target\":[\"https:\\\/\\\/www.ozono21.com\\\/blog\\\/frutas-y-verduras\\\/enfermedades-alimentarias-frutas-verduras\\\/#respond\"]}]},{\"@type\":\"WebPage\",\"@id\":\"https:\\\/\\\/www.ozono21.com\\\/blog\\\/frutas-y-verduras\\\/enfermedades-alimentarias-frutas-verduras\\\/\",\"url\":\"https:\\\/\\\/www.ozono21.com\\\/blog\\\/frutas-y-verduras\\\/enfermedades-alimentarias-frutas-verduras\\\/\",\"name\":\"Enfermedades alimentarias por frutas y verduras\",\"isPartOf\":{\"@id\":\"https:\\\/\\\/www.ozono21.com\\\/blog\\\/#website\"},\"primaryImageOfPage\":{\"@id\":\"https:\\\/\\\/www.ozono21.com\\\/blog\\\/frutas-y-verduras\\\/enfermedades-alimentarias-frutas-verduras\\\/#primaryimage\"},\"image\":{\"@id\":\"https:\\\/\\\/www.ozono21.com\\\/blog\\\/frutas-y-verduras\\\/enfermedades-alimentarias-frutas-verduras\\\/#primaryimage\"},\"thumbnailUrl\":\"https:\\\/\\\/www.ozono21.com\\\/blog\\\/wp-content\\\/uploads\\\/2012\\\/08\\\/verduras_2-e1458212562514.jpg\",\"datePublished\":\"2010-11-25T18:52:00+00:00\",\"dateModified\":\"2026-01-26T11:58:19+00:00\",\"author\":{\"@id\":\"https:\\\/\\\/www.ozono21.com\\\/blog\\\/#\\\/schema\\\/person\\\/16639932c214a173193498aee8204d12\"},\"description\":\"Prevenir enfermedades alimentarias por frutas y verduras. El 2% de enfermedades alimentarias en Espa\u00f1a su origen son frutas y verduras\",\"breadcrumb\":{\"@id\":\"https:\\\/\\\/www.ozono21.com\\\/blog\\\/frutas-y-verduras\\\/enfermedades-alimentarias-frutas-verduras\\\/#breadcrumb\"},\"inLanguage\":\"es\",\"potentialAction\":[{\"@type\":\"ReadAction\",\"target\":[\"https:\\\/\\\/www.ozono21.com\\\/blog\\\/frutas-y-verduras\\\/enfermedades-alimentarias-frutas-verduras\\\/\"]}]},{\"@type\":\"ImageObject\",\"inLanguage\":\"es\",\"@id\":\"https:\\\/\\\/www.ozono21.com\\\/blog\\\/frutas-y-verduras\\\/enfermedades-alimentarias-frutas-verduras\\\/#primaryimage\",\"url\":\"https:\\\/\\\/www.ozono21.com\\\/blog\\\/wp-content\\\/uploads\\\/2012\\\/08\\\/verduras_2-e1458212562514.jpg\",\"contentUrl\":\"https:\\\/\\\/www.ozono21.com\\\/blog\\\/wp-content\\\/uploads\\\/2012\\\/08\\\/verduras_2-e1458212562514.jpg\",\"width\":202,\"height\":249},{\"@type\":\"BreadcrumbList\",\"@id\":\"https:\\\/\\\/www.ozono21.com\\\/blog\\\/frutas-y-verduras\\\/enfermedades-alimentarias-frutas-verduras\\\/#breadcrumb\",\"itemListElement\":[{\"@type\":\"ListItem\",\"position\":1,\"name\":\"Portada\",\"item\":\"https:\\\/\\\/www.ozono21.com\\\/blog\\\/\"},{\"@type\":\"ListItem\",\"position\":2,\"name\":\"Prevenir enfermedades alimentarias derivadas de frutas y verduras\"}]},{\"@type\":\"WebSite\",\"@id\":\"https:\\\/\\\/www.ozono21.com\\\/blog\\\/#website\",\"url\":\"https:\\\/\\\/www.ozono21.com\\\/blog\\\/\",\"name\":\"Blog Ozono21\",\"description\":\" - Blog Ozono21\",\"potentialAction\":[{\"@type\":\"SearchAction\",\"target\":{\"@type\":\"EntryPoint\",\"urlTemplate\":\"https:\\\/\\\/www.ozono21.com\\\/blog\\\/?s={search_term_string}\"},\"query-input\":{\"@type\":\"PropertyValueSpecification\",\"valueRequired\":true,\"valueName\":\"search_term_string\"}}],\"inLanguage\":\"es\"},{\"@type\":\"Person\",\"@id\":\"https:\\\/\\\/www.ozono21.com\\\/blog\\\/#\\\/schema\\\/person\\\/16639932c214a173193498aee8204d12\",\"name\":\"INVESTIGACION Ozono21\",\"image\":{\"@type\":\"ImageObject\",\"inLanguage\":\"es\",\"@id\":\"https:\\\/\\\/secure.gravatar.com\\\/avatar\\\/f00ed9ac57a3eea6b9830d73dc9f9214775648c7763edcb20475eb83509b31fd?s=96&d=mm&r=g\",\"url\":\"https:\\\/\\\/secure.gravatar.com\\\/avatar\\\/f00ed9ac57a3eea6b9830d73dc9f9214775648c7763edcb20475eb83509b31fd?s=96&d=mm&r=g\",\"contentUrl\":\"https:\\\/\\\/secure.gravatar.com\\\/avatar\\\/f00ed9ac57a3eea6b9830d73dc9f9214775648c7763edcb20475eb83509b31fd?s=96&d=mm&r=g\",\"caption\":\"INVESTIGACION Ozono21\"}}]}<\/script>\n<!-- \/ Yoast SEO plugin. -->","yoast_head_json":{"title":"Enfermedades alimentarias por frutas y verduras","description":"Prevenir enfermedades alimentarias por frutas y verduras. El 2% de enfermedades alimentarias en Espa\u00f1a su origen son frutas y verduras","robots":{"index":"index","follow":"follow","max-snippet":"max-snippet:-1","max-image-preview":"max-image-preview:large","max-video-preview":"max-video-preview:-1"},"canonical":"https:\/\/www.ozono21.com\/blog\/frutas-y-verduras\/enfermedades-alimentarias-frutas-verduras\/","og_locale":"es_ES","og_type":"article","og_title":"Enfermedades alimentarias por frutas y verduras","og_description":"Prevenir enfermedades alimentarias por frutas y verduras. El 2% de enfermedades alimentarias en Espa\u00f1a su origen son frutas y verduras","og_url":"https:\/\/www.ozono21.com\/blog\/frutas-y-verduras\/enfermedades-alimentarias-frutas-verduras\/","og_site_name":"- Blog Ozono21","article_published_time":"2010-11-25T18:52:00+00:00","article_modified_time":"2026-01-26T11:58:19+00:00","og_image":[{"width":202,"height":249,"url":"https:\/\/www.ozono21.com\/blog\/wp-content\/uploads\/2012\/08\/verduras_2-e1458212562514.jpg","type":"image\/jpeg"}],"author":"INVESTIGACION Ozono21","twitter_misc":{"Escrito por":"INVESTIGACION Ozono21","Tiempo de lectura":"6 minutos"},"schema":{"@context":"https:\/\/schema.org","@graph":[{"@type":"Article","@id":"https:\/\/www.ozono21.com\/blog\/frutas-y-verduras\/enfermedades-alimentarias-frutas-verduras\/#article","isPartOf":{"@id":"https:\/\/www.ozono21.com\/blog\/frutas-y-verduras\/enfermedades-alimentarias-frutas-verduras\/"},"author":{"name":"INVESTIGACION Ozono21","@id":"https:\/\/www.ozono21.com\/blog\/#\/schema\/person\/16639932c214a173193498aee8204d12"},"headline":"Prevenir enfermedades alimentarias derivadas de frutas y verduras","datePublished":"2010-11-25T18:52:00+00:00","dateModified":"2026-01-26T11:58:19+00:00","mainEntityOfPage":{"@id":"https:\/\/www.ozono21.com\/blog\/frutas-y-verduras\/enfermedades-alimentarias-frutas-verduras\/"},"wordCount":1269,"commentCount":0,"image":{"@id":"https:\/\/www.ozono21.com\/blog\/frutas-y-verduras\/enfermedades-alimentarias-frutas-verduras\/#primaryimage"},"thumbnailUrl":"https:\/\/www.ozono21.com\/blog\/wp-content\/uploads\/2012\/08\/verduras_2-e1458212562514.jpg","keywords":["Bacterias","Frutas y Verduras","Salud"],"articleSection":["Frutas y Verduras"],"inLanguage":"es","potentialAction":[{"@type":"CommentAction","name":"Comment","target":["https:\/\/www.ozono21.com\/blog\/frutas-y-verduras\/enfermedades-alimentarias-frutas-verduras\/#respond"]}]},{"@type":"WebPage","@id":"https:\/\/www.ozono21.com\/blog\/frutas-y-verduras\/enfermedades-alimentarias-frutas-verduras\/","url":"https:\/\/www.ozono21.com\/blog\/frutas-y-verduras\/enfermedades-alimentarias-frutas-verduras\/","name":"Enfermedades alimentarias por frutas y verduras","isPartOf":{"@id":"https:\/\/www.ozono21.com\/blog\/#website"},"primaryImageOfPage":{"@id":"https:\/\/www.ozono21.com\/blog\/frutas-y-verduras\/enfermedades-alimentarias-frutas-verduras\/#primaryimage"},"image":{"@id":"https:\/\/www.ozono21.com\/blog\/frutas-y-verduras\/enfermedades-alimentarias-frutas-verduras\/#primaryimage"},"thumbnailUrl":"https:\/\/www.ozono21.com\/blog\/wp-content\/uploads\/2012\/08\/verduras_2-e1458212562514.jpg","datePublished":"2010-11-25T18:52:00+00:00","dateModified":"2026-01-26T11:58:19+00:00","author":{"@id":"https:\/\/www.ozono21.com\/blog\/#\/schema\/person\/16639932c214a173193498aee8204d12"},"description":"Prevenir enfermedades alimentarias por frutas y verduras. El 2% de enfermedades alimentarias en Espa\u00f1a su origen son frutas y verduras","breadcrumb":{"@id":"https:\/\/www.ozono21.com\/blog\/frutas-y-verduras\/enfermedades-alimentarias-frutas-verduras\/#breadcrumb"},"inLanguage":"es","potentialAction":[{"@type":"ReadAction","target":["https:\/\/www.ozono21.com\/blog\/frutas-y-verduras\/enfermedades-alimentarias-frutas-verduras\/"]}]},{"@type":"ImageObject","inLanguage":"es","@id":"https:\/\/www.ozono21.com\/blog\/frutas-y-verduras\/enfermedades-alimentarias-frutas-verduras\/#primaryimage","url":"https:\/\/www.ozono21.com\/blog\/wp-content\/uploads\/2012\/08\/verduras_2-e1458212562514.jpg","contentUrl":"https:\/\/www.ozono21.com\/blog\/wp-content\/uploads\/2012\/08\/verduras_2-e1458212562514.jpg","width":202,"height":249},{"@type":"BreadcrumbList","@id":"https:\/\/www.ozono21.com\/blog\/frutas-y-verduras\/enfermedades-alimentarias-frutas-verduras\/#breadcrumb","itemListElement":[{"@type":"ListItem","position":1,"name":"Portada","item":"https:\/\/www.ozono21.com\/blog\/"},{"@type":"ListItem","position":2,"name":"Prevenir enfermedades alimentarias derivadas de frutas y verduras"}]},{"@type":"WebSite","@id":"https:\/\/www.ozono21.com\/blog\/#website","url":"https:\/\/www.ozono21.com\/blog\/","name":"Blog Ozono21","description":" - Blog Ozono21","potentialAction":[{"@type":"SearchAction","target":{"@type":"EntryPoint","urlTemplate":"https:\/\/www.ozono21.com\/blog\/?s={search_term_string}"},"query-input":{"@type":"PropertyValueSpecification","valueRequired":true,"valueName":"search_term_string"}}],"inLanguage":"es"},{"@type":"Person","@id":"https:\/\/www.ozono21.com\/blog\/#\/schema\/person\/16639932c214a173193498aee8204d12","name":"INVESTIGACION Ozono21","image":{"@type":"ImageObject","inLanguage":"es","@id":"https:\/\/secure.gravatar.com\/avatar\/f00ed9ac57a3eea6b9830d73dc9f9214775648c7763edcb20475eb83509b31fd?s=96&d=mm&r=g","url":"https:\/\/secure.gravatar.com\/avatar\/f00ed9ac57a3eea6b9830d73dc9f9214775648c7763edcb20475eb83509b31fd?s=96&d=mm&r=g","contentUrl":"https:\/\/secure.gravatar.com\/avatar\/f00ed9ac57a3eea6b9830d73dc9f9214775648c7763edcb20475eb83509b31fd?s=96&d=mm&r=g","caption":"INVESTIGACION Ozono21"}}]}},"jetpack_publicize_connections":[],"jetpack_featured_media_url":"https:\/\/www.ozono21.com\/blog\/wp-content\/uploads\/2012\/08\/verduras_2-e1458212562514.jpg","jetpack_sharing_enabled":true,"_links":{"self":[{"href":"https:\/\/www.ozono21.com\/blog\/wp-json\/wp\/v2\/posts\/357","targetHints":{"allow":["GET"]}}],"collection":[{"href":"https:\/\/www.ozono21.com\/blog\/wp-json\/wp\/v2\/posts"}],"about":[{"href":"https:\/\/www.ozono21.com\/blog\/wp-json\/wp\/v2\/types\/post"}],"author":[{"embeddable":true,"href":"https:\/\/www.ozono21.com\/blog\/wp-json\/wp\/v2\/users\/1"}],"replies":[{"embeddable":true,"href":"https:\/\/www.ozono21.com\/blog\/wp-json\/wp\/v2\/comments?post=357"}],"version-history":[{"count":0,"href":"https:\/\/www.ozono21.com\/blog\/wp-json\/wp\/v2\/posts\/357\/revisions"}],"wp:featuredmedia":[{"embeddable":true,"href":"https:\/\/www.ozono21.com\/blog\/wp-json\/wp\/v2\/media\/5197292"}],"wp:attachment":[{"href":"https:\/\/www.ozono21.com\/blog\/wp-json\/wp\/v2\/media?parent=357"}],"wp:term":[{"taxonomy":"category","embeddable":true,"href":"https:\/\/www.ozono21.com\/blog\/wp-json\/wp\/v2\/categories?post=357"},{"taxonomy":"post_tag","embeddable":true,"href":"https:\/\/www.ozono21.com\/blog\/wp-json\/wp\/v2\/tags?post=357"}],"curies":[{"name":"wp","href":"https:\/\/api.w.org\/{rel}","templated":true}]}}