{"id":3327187,"date":"2008-07-14T21:37:02","date_gmt":"2008-07-14T22:37:02","guid":{"rendered":"https:\/\/www.ozono21.com\/blog\/3327187\/sin-categoria\/el-condor-andino-el-gigante-del-cielo-esta-al-borde-de-la-extincion\/"},"modified":"2026-01-31T19:13:47","modified_gmt":"2026-01-31T17:13:47","slug":"condor-andino-gigante-cielo-extincion","status":"publish","type":"post","link":"https:\/\/www.ozono21.com\/blog\/medioambiente\/condor-andino-gigante-cielo-extincion\/","title":{"rendered":"CONDOR andino el gigante del cielo est\u00e1 al borde de la extinci\u00f3n"},"content":{"rendered":"<p style=\"text-align: justify;\">\n<h2 style=\"text-align: justify;\"><strong><img loading=\"lazy\" decoding=\"async\" style=\"margin: 5px 0px 0px 5px; cursor: hand; border: 0px;\" class=\"alignright\"  title=\"CONDOR andino el gigante del cielo est\u00e1 al borde de la extinci\u00f3n\" src=\"https:\/\/www.ozono21.com\/blog\/wp-content\/uploads\/2008\/07\/c\u00f3ndor-andino-el-gigante-del-cielo-est\u00e1-al-borde-de-la-extinci\u00f3n-300x200.jpg\" alt=\"CONDOR \" width=\"300\" height=\"200\" \/><a target=\"_blank\" title=\"Ozono para Cr\u00eda de Animales. Las malas condiciones del aire y el agua pueden tener efectos nocivos en los animales de cr\u00eda\" href=\"https:\/\/www.ozono21.com\/sectores\/industriales\/cria-animal\/22\/\" rel=\"noopener noreferrer\">CONDOR andino el gigante del cielo est\u00e1 al borde de la extinci\u00f3n <BR\/><BR\/>El m\u00edtico CONDOR andino, el ave voladora m\u00e1s grande del planeta, lucha por sobrevivir en las altas cumbres sudamericanas entre las torres de alta tensi\u00f3n y la persecuci\u00f3n humana, que lo han colocado al borde de la extinci\u00f3n.<\/a><\/strong><\/H2><\/P><\/p>\n<p>Fuente: efe-yahoo.com\u00a0(13\/06\/08)<\/p>\n<p style=\"text-align: justify;\">\n<h2 style=\"text-align: justify;\"><strong><a target=\"_blank\" title=\"Ozono para Cr\u00eda de Animales. Las malas condiciones del aire y el agua pueden tener efectos nocivos en los animales de cr\u00eda\" href=\"https:\/\/www.ozono21.com\/sectores\/industriales\/cria-animal\/22\/\" rel=\"noopener noreferrer\">Este animal mitol\u00f3gico, cuya forma de planear deja sin aliento a quienes tienen la posibilidad de avistarlo, habita y anida en los Andes, desde Venezuela al Cabo de Hornos, pasando por Ecuador, Per\u00fa, Bolivia, Chile y Argentina, entre los 400 y 4.500 metros de latitud.<\/strong> Pero la especie se ha reducido paulatinamente, pese a ser s\u00edmbolo nacional de cuatro pa\u00edses (Bolivia, Chile, Colombia y Ecuador), que lo tienen representado en sus respectivas banderas y escudos.Seg\u00fan uno de los escasos estudios sobre este animal, publicado por USAID en el 2007, la poblaci\u00f3n total rondar\u00eda los 6.200 ejemplares, de los que alrededor de dos tercios estar\u00edan en Argentina y Chile.<\/a><\/strong><\/H2><\/P><\/p>\n<p style=\"text-align: justify;\">El <strong>\u00abvultur griphus\u00bb, su nombre cient\u00edfico,<\/strong> ha desaparecido pr\u00e1cticamente de Venezuela y Colombia, mientras en Per\u00fa, Bolivia y Ecuador no hay cifras, agrega el informe facilitado a Efe por el Instituto de Recursos Naturales (INRENA) de Per\u00fa.<\/p>\n<p style=\"text-align: justify;\">Estos datos han puesto en alerta a los ambientalistas, en disputa sobre si se deben habilitar espacios para que los turistas disfruten de su avistamiento, como ocurre en el Ca\u00f1\u00f3n del Colca, el segundo m\u00e1s hondo del mundo con casi 100 kil\u00f3metros de longitud y una profundidad de 3.400 metros.<\/p>\n<p style=\"text-align: justify;\">All\u00ed, a unos 1.000 kil\u00f3metros <strong>al sur de Lima, viajeros llegados de todo el mundo se maravillan ante el cercano, silencioso y perfecto vuelo de la veintena de c\u00f3ndores que habitan el lugar.<\/strong><\/P><\/p>\n<p style=\"text-align: justify;\">Esta cercan\u00eda al hombre es uno de los motivos que ha puesto en peligro al ave gigante, explica en una entrevista con Efe el <strong>bi\u00f3logo del INRENA Arturo Cornejo.<\/strong><\/P><\/p>\n<p style=\"text-align: justify;\">Pero hay <strong>amenazas mayores, como los postes de alta tensi\u00f3n, la persecuci\u00f3n con fines comerciales, los pesticidas y la progresiva p\u00e9rdida del h\u00e1bitat.<\/strong><\/P><\/p>\n<p style=\"text-align: justify;\">\u00abEl hombre se ha acercado cada vez m\u00e1s y ha ocasionado alteraciones por el impacto que tienen las torres de alta tensi\u00f3n; en algunos lugares los c\u00f3ndores han muerto electrocutados (&#8230;); se utilizan pesticidas en zonas agr\u00edcolas y los animales pueden morir\u00bb, aclara Cornejo.<\/p>\n<p style=\"text-align: justify;\">\u00abEn algunas localidades creen que los c\u00f3ndores matan a su ganado, a las cr\u00edas, por eso colocan veneno para eliminarlos\u00bb, agrega el bi\u00f3logo.A\u00fan as\u00ed, Cornejo cree que \u00abs\u00ed es posible desarrollar un turismo sostenible de observaci\u00f3n de aves, pero cumpliendo con los est\u00e1ndares internacionales\u00bb y ello pasa por la creaci\u00f3n de \u00abrefugios adecuados para que el ave no se sienta intimidada\u00bb.<\/p>\n<p style=\"text-align: justify;\"><strong><\/strong>Los adultos son negros, con collar y plumas blancas en la parte dorsal de sus alas, mientras los j\u00f3venes son marrones. Los m\u00e1s llamativos son los machos por su prominente cresta y papada.<\/p>\n<p style=\"text-align: justify;\"><strong>El CONDOR andino es un ave gregaria y carro\u00f1era, cuyo cuerpo mide entre 100 y 120 cent\u00edmetros, aunque la envergadura de sus alas puede alcanzar los 3,5 metros.<\/strong><\/p>\n<p style=\"text-align: justify;\">Estos animales pueden planear largas distancias en un solo d\u00eda; en el caso de los c\u00f3ndores del Colca vuelan hasta la costa peruana, a unos 200 kil\u00f3metros, s\u00f3lo para devorar lobos marinos muertos y regresar a su morada al anochecer.<\/p>\n<p style=\"text-align: justify;\">Es, asimismo, el m\u00e1s venerado de los animales que forman la sagrada trinidad incaica, formada por el c\u00f3ndor, el puma y la serpiente.<\/p>\n<p style=\"text-align: justify;\"><strong>La relaci\u00f3n del hombre andino con el CONDOR data de tiempos prehisp\u00e1nicos y su significado mitol\u00f3gico se refleja en una abundante representaci\u00f3n en cer\u00e1micas, tejidos y construcciones.<\/strong><\/p>\n<p style=\"text-align: justify;\">Una impactante celebraci\u00f3n peruana es conocida como <strong>\u00abYawar Fiesta\u00bb (Fiesta de Sangre)<\/strong>, en la que atan un CONDOR a un toro para dar paso a una lucha que finaliza con la muerte de uno de los contrincantes.<\/p>\n<p style=\"text-align: justify;\"><strong>El CONDOR representa al comunero originario de los Andes y el toro al conquistador espa\u00f1ol o hacendado. La casi siempre victoria del ave m\u00edtica lleva al cl\u00edmax en un espect\u00e1culo que los protectores de animales condenan sin tapujos.<\/strong><\/p>\n<table border=\"3\" cellspacing=\"0\" cellpadding=\"0\">\n<tbody>\n<tr>\n<td bgcolor=\"#3b7cff\" height=\"25\" width=\"600\" align=\"center\"><strong><a title=\"Actualidad de OZONO\" href=\"https:\/\/www.ozono21.com\/actualidad-interna\/accion-del-ozono\/423\/\" target=\"_blank\" rel=\"noopener noreferrer\"><img loading=\"lazy\" decoding=\"async\" src=\"https:\/\/www.ozono21.com\/blog\/wp-content\/uploads\/2014\/06\/Noticias-Relacionadas.png\" alt=\"Noticias Relacionadas\" width=\"600\" height=\"25\" border=\"0\" \/><\/a><\/strong>\n<\/td>\n<\/tr>\n<\/tbody>\n<\/table>\n<p><big><\/p>\n<table border=\"0\" cellspacing=\"0\" cellpadding=\"0\">\n<tbody>\n<tr>\n<td width=\"150\" height=\"150\" align=\"center\"><a title=\"PAJAROS\" href=\"https:\/\/www.ozono21.com\/blog\/?s=PAJAROS\" target=\"_blank\" rel=\"noopener noreferrer\"><img loading=\"lazy\" decoding=\"async\" src=\"https:\/\/www.ozono21.com\/blog\/wp-content\/uploads\/2008\/07\/c\u00f3ndor-andino-el-gigante-del-cielo-est\u00e1-al-borde-de-la-extinci\u00f3n-300x200.jpg\" alt=\"CONDOR\" width=\"145\" height=\"145\" class=\"alignright size-full wp-image-5207224\"  style=\"margin: 20px 10px 10px 0px; cursor: hand; border: 0px;\" border=\"0\" \/><\/a><\/td>\n<td width=\"300\" height=\"150\" style=\"text-align: left; vertical-align: middle;\"><strong><a title=\"Animales y CONEJOS\" href=\"https:\/\/www.ozono21.com\/blog\/?s=PAJAROS\" target=\"_blank\" rel=\"noopener noreferrer\">PAJAROS<\/a><\/strong>\n<\/td>\n<\/tr>\n<\/tbody>\n<\/table>\n<p><\/big><\/p>\n<table border=\"3\" cellspacing=\"0\" cellpadding=\"0\">\n<tbody>\n<tr>\n<td bgcolor=\"#3b7cff\" height=\"25\" width=\"600\" align=\"center\"><strong><a title=\"Videos YouTube\" target=\"_blank\" href=\"http:\/\/www.youtube.com\/user\/ozono21\/videos?sort=p&amp;view=0&amp;flow=grid\" rel=\"noopener noreferrer\"><img loading=\"lazy\" decoding=\"async\" src=\"https:\/\/www.ozono21.com\/blog\/wp-content\/uploads\/2014\/06\/Videos-Youtube.png\" alt=\"Videos Youtube\" width=\"600\" height=\"25\" style=\"margin: 0px 0px 0px 0px; cursor: hand; border: 0px;\"><\/a><\/strong>\n<\/td>\n<\/tr>\n<\/tbody>\n<\/table>\n<p style=\"text-align: center;\"><iframe loading=\"lazy\" width=\"640\" height=\"480\" src=\"https:\/\/www.youtube.com\/embed\/cvUJfdVrpLA\" frameborder=\"0\" allow=\"accelerometer; autoplay; encrypted-media; gyroscope; picture-in-picture\" allowfullscreen><\/iframe><\/p>\n<div class=\"pvc_clear\"><\/div>\n<p id=\"pvc_stats_3327187\" class=\"pvc_stats total_only  \" data-element-id=\"3327187\" style=\"\"><i class=\"pvc-stats-icon small\" aria-hidden=\"true\"><svg aria-hidden=\"true\" focusable=\"false\" data-prefix=\"far\" data-icon=\"chart-bar\" role=\"img\" xmlns=\"http:\/\/www.w3.org\/2000\/svg\" viewBox=\"0 0 512 512\" class=\"svg-inline--fa fa-chart-bar fa-w-16 fa-2x\"><path fill=\"currentColor\" d=\"M396.8 352h22.4c6.4 0 12.8-6.4 12.8-12.8V108.8c0-6.4-6.4-12.8-12.8-12.8h-22.4c-6.4 0-12.8 6.4-12.8 12.8v230.4c0 6.4 6.4 12.8 12.8 12.8zm-192 0h22.4c6.4 0 12.8-6.4 12.8-12.8V140.8c0-6.4-6.4-12.8-12.8-12.8h-22.4c-6.4 0-12.8 6.4-12.8 12.8v198.4c0 6.4 6.4 12.8 12.8 12.8zm96 0h22.4c6.4 0 12.8-6.4 12.8-12.8V204.8c0-6.4-6.4-12.8-12.8-12.8h-22.4c-6.4 0-12.8 6.4-12.8 12.8v134.4c0 6.4 6.4 12.8 12.8 12.8zM496 400H48V80c0-8.84-7.16-16-16-16H16C7.16 64 0 71.16 0 80v336c0 17.67 14.33 32 32 32h464c8.84 0 16-7.16 16-16v-16c0-8.84-7.16-16-16-16zm-387.2-48h22.4c6.4 0 12.8-6.4 12.8-12.8v-70.4c0-6.4-6.4-12.8-12.8-12.8h-22.4c-6.4 0-12.8 6.4-12.8 12.8v70.4c0 6.4 6.4 12.8 12.8 12.8z\" class=\"\"><\/path><\/svg><\/i> <img loading=\"lazy\" decoding=\"async\" width=\"16\" height=\"16\" alt=\"Loading\" src=\"https:\/\/www.ozono21.com\/blog\/wp-content\/plugins\/page-views-count\/ajax-loader-2x.gif\" border=0 \/><\/p>\n<div class=\"pvc_clear\"><\/div>\n","protected":false},"excerpt":{"rendered":"<p>CONDOR andino el gigante del cielo est\u00e1 al borde de la extinci\u00f3n El m\u00edtico CONDOR andino, el ave voladora m\u00e1s grande del planeta, lucha por sobrevivir en las altas cumbres sudamericanas entre las torres de alta tensi\u00f3n y la persecuci\u00f3n &hellip; <a href=\"https:\/\/www.ozono21.com\/blog\/medioambiente\/condor-andino-gigante-cielo-extincion\/\">Sigue leyendo <span class=\"meta-nav\">&rarr;<\/span><\/a><\/p>\n<div class=\"pvc_clear\"><\/div>\n<p id=\"pvc_stats_3327187\" class=\"pvc_stats total_only  \" data-element-id=\"3327187\" style=\"\"><i class=\"pvc-stats-icon small\" aria-hidden=\"true\"><svg aria-hidden=\"true\" focusable=\"false\" data-prefix=\"far\" data-icon=\"chart-bar\" role=\"img\" xmlns=\"http:\/\/www.w3.org\/2000\/svg\" viewBox=\"0 0 512 512\" class=\"svg-inline--fa fa-chart-bar fa-w-16 fa-2x\"><path fill=\"currentColor\" d=\"M396.8 352h22.4c6.4 0 12.8-6.4 12.8-12.8V108.8c0-6.4-6.4-12.8-12.8-12.8h-22.4c-6.4 0-12.8 6.4-12.8 12.8v230.4c0 6.4 6.4 12.8 12.8 12.8zm-192 0h22.4c6.4 0 12.8-6.4 12.8-12.8V140.8c0-6.4-6.4-12.8-12.8-12.8h-22.4c-6.4 0-12.8 6.4-12.8 12.8v198.4c0 6.4 6.4 12.8 12.8 12.8zm96 0h22.4c6.4 0 12.8-6.4 12.8-12.8V204.8c0-6.4-6.4-12.8-12.8-12.8h-22.4c-6.4 0-12.8 6.4-12.8 12.8v134.4c0 6.4 6.4 12.8 12.8 12.8zM496 400H48V80c0-8.84-7.16-16-16-16H16C7.16 64 0 71.16 0 80v336c0 17.67 14.33 32 32 32h464c8.84 0 16-7.16 16-16v-16c0-8.84-7.16-16-16-16zm-387.2-48h22.4c6.4 0 12.8-6.4 12.8-12.8v-70.4c0-6.4-6.4-12.8-12.8-12.8h-22.4c-6.4 0-12.8 6.4-12.8 12.8v70.4c0 6.4 6.4 12.8 12.8 12.8z\" class=\"\"><\/path><\/svg><\/i> <img loading=\"lazy\" decoding=\"async\" width=\"16\" height=\"16\" alt=\"Loading\" src=\"https:\/\/www.ozono21.com\/blog\/wp-content\/plugins\/page-views-count\/ajax-loader-2x.gif\" border=0 \/><\/p>\n<div class=\"pvc_clear\"><\/div>\n","protected":false},"author":1,"featured_media":5193909,"comment_status":"open","ping_status":"open","sticky":false,"template":"","format":"standard","meta":{"_exactmetrics_skip_tracking":false,"_exactmetrics_sitenote_active":false,"_exactmetrics_sitenote_note":"","_exactmetrics_sitenote_category":0,"_jetpack_memberships_contains_paid_content":false,"footnotes":"","jetpack_publicize_message":"","jetpack_publicize_feature_enabled":true,"jetpack_social_post_already_shared":false,"jetpack_social_options":{"image_generator_settings":{"template":"highway","default_image_id":0,"font":"","enabled":false},"version":2}},"categories":[75,13],"tags":[69,23,72],"class_list":["post-3327187","post","type-post","status-publish","format-standard","has-post-thumbnail","hentry","category-animales","category-medioambiente","tag-aire","tag-animales","tag-ozono21"],"a3_pvc":{"activated":true,"total_views":4025,"today_views":0},"yoast_head":"<!-- This site is optimized with the Yoast SEO plugin v27.5 - https:\/\/yoast.com\/product\/yoast-seo-wordpress\/ -->\n<title>CONDOR andino gigante del cielo extinci\u00f3n<\/title>\n<meta name=\"description\" content=\"CONDOR andino el gigante del cielo est\u00e1 al borde de extinci\u00f3n. Ave voladora m\u00e1s grande EXTINCION por torres alta tensi\u00f3n y persecuci\u00f3n humana\" \/>\n<meta name=\"robots\" content=\"index, follow, max-snippet:-1, max-image-preview:large, max-video-preview:-1\" \/>\n<link rel=\"canonical\" href=\"https:\/\/www.ozono21.com\/blog\/medioambiente\/condor-andino-gigante-cielo-extincion\/\" \/>\n<meta property=\"og:locale\" content=\"es_ES\" \/>\n<meta property=\"og:type\" content=\"article\" \/>\n<meta property=\"og:title\" content=\"CONDOR andino gigante del cielo extinci\u00f3n\" \/>\n<meta property=\"og:description\" content=\"CONDOR andino el gigante del cielo est\u00e1 al borde de extinci\u00f3n. Ave voladora m\u00e1s grande EXTINCION por torres alta tensi\u00f3n y persecuci\u00f3n humana\" \/>\n<meta property=\"og:url\" content=\"https:\/\/www.ozono21.com\/blog\/medioambiente\/condor-andino-gigante-cielo-extincion\/\" \/>\n<meta property=\"og:site_name\" content=\"- Blog Ozono21\" \/>\n<meta property=\"article:published_time\" content=\"2008-07-14T22:37:02+00:00\" \/>\n<meta property=\"article:modified_time\" content=\"2026-01-31T17:13:47+00:00\" \/>\n<meta property=\"og:image\" content=\"https:\/\/www.ozono21.com\/blog\/wp-content\/uploads\/2008\/07\/c\u00f3ndor-andino-el-gigante-del-cielo-est\u00e1-al-borde-de-la-extinci\u00f3n-e1456663057506.jpg\" \/>\n\t<meta property=\"og:image:width\" content=\"600\" \/>\n\t<meta property=\"og:image:height\" content=\"400\" \/>\n\t<meta property=\"og:image:type\" content=\"image\/jpeg\" \/>\n<meta name=\"author\" content=\"INVESTIGACION Ozono21\" \/>\n<meta name=\"twitter:label1\" content=\"Escrito por\" \/>\n\t<meta name=\"twitter:data1\" content=\"INVESTIGACION Ozono21\" \/>\n\t<meta name=\"twitter:label2\" content=\"Tiempo de lectura\" \/>\n\t<meta name=\"twitter:data2\" content=\"4 minutos\" \/>\n<script type=\"application\/ld+json\" class=\"yoast-schema-graph\">{\"@context\":\"https:\\\/\\\/schema.org\",\"@graph\":[{\"@type\":\"Article\",\"@id\":\"https:\\\/\\\/www.ozono21.com\\\/blog\\\/medioambiente\\\/condor-andino-gigante-cielo-extincion\\\/#article\",\"isPartOf\":{\"@id\":\"https:\\\/\\\/www.ozono21.com\\\/blog\\\/medioambiente\\\/condor-andino-gigante-cielo-extincion\\\/\"},\"author\":{\"name\":\"INVESTIGACION Ozono21\",\"@id\":\"https:\\\/\\\/www.ozono21.com\\\/blog\\\/#\\\/schema\\\/person\\\/16639932c214a173193498aee8204d12\"},\"headline\":\"CONDOR andino el gigante del cielo est\u00e1 al borde de la extinci\u00f3n\",\"datePublished\":\"2008-07-14T22:37:02+00:00\",\"dateModified\":\"2026-01-31T17:13:47+00:00\",\"mainEntityOfPage\":{\"@id\":\"https:\\\/\\\/www.ozono21.com\\\/blog\\\/medioambiente\\\/condor-andino-gigante-cielo-extincion\\\/\"},\"wordCount\":725,\"commentCount\":0,\"image\":{\"@id\":\"https:\\\/\\\/www.ozono21.com\\\/blog\\\/medioambiente\\\/condor-andino-gigante-cielo-extincion\\\/#primaryimage\"},\"thumbnailUrl\":\"https:\\\/\\\/www.ozono21.com\\\/blog\\\/wp-content\\\/uploads\\\/2008\\\/07\\\/c\u00f3ndor-andino-el-gigante-del-cielo-est\u00e1-al-borde-de-la-extinci\u00f3n-e1456663057506.jpg\",\"keywords\":[\"Aire\",\"Animales\",\"Ozono21\"],\"articleSection\":[\"Animales\",\"MedioAmbiente\"],\"inLanguage\":\"es\",\"potentialAction\":[{\"@type\":\"CommentAction\",\"name\":\"Comment\",\"target\":[\"https:\\\/\\\/www.ozono21.com\\\/blog\\\/medioambiente\\\/condor-andino-gigante-cielo-extincion\\\/#respond\"]}]},{\"@type\":\"WebPage\",\"@id\":\"https:\\\/\\\/www.ozono21.com\\\/blog\\\/medioambiente\\\/condor-andino-gigante-cielo-extincion\\\/\",\"url\":\"https:\\\/\\\/www.ozono21.com\\\/blog\\\/medioambiente\\\/condor-andino-gigante-cielo-extincion\\\/\",\"name\":\"CONDOR andino gigante del cielo extinci\u00f3n\",\"isPartOf\":{\"@id\":\"https:\\\/\\\/www.ozono21.com\\\/blog\\\/#website\"},\"primaryImageOfPage\":{\"@id\":\"https:\\\/\\\/www.ozono21.com\\\/blog\\\/medioambiente\\\/condor-andino-gigante-cielo-extincion\\\/#primaryimage\"},\"image\":{\"@id\":\"https:\\\/\\\/www.ozono21.com\\\/blog\\\/medioambiente\\\/condor-andino-gigante-cielo-extincion\\\/#primaryimage\"},\"thumbnailUrl\":\"https:\\\/\\\/www.ozono21.com\\\/blog\\\/wp-content\\\/uploads\\\/2008\\\/07\\\/c\u00f3ndor-andino-el-gigante-del-cielo-est\u00e1-al-borde-de-la-extinci\u00f3n-e1456663057506.jpg\",\"datePublished\":\"2008-07-14T22:37:02+00:00\",\"dateModified\":\"2026-01-31T17:13:47+00:00\",\"author\":{\"@id\":\"https:\\\/\\\/www.ozono21.com\\\/blog\\\/#\\\/schema\\\/person\\\/16639932c214a173193498aee8204d12\"},\"description\":\"CONDOR andino el gigante del cielo est\u00e1 al borde de extinci\u00f3n. Ave voladora m\u00e1s grande EXTINCION por torres alta tensi\u00f3n y persecuci\u00f3n humana\",\"breadcrumb\":{\"@id\":\"https:\\\/\\\/www.ozono21.com\\\/blog\\\/medioambiente\\\/condor-andino-gigante-cielo-extincion\\\/#breadcrumb\"},\"inLanguage\":\"es\",\"potentialAction\":[{\"@type\":\"ReadAction\",\"target\":[\"https:\\\/\\\/www.ozono21.com\\\/blog\\\/medioambiente\\\/condor-andino-gigante-cielo-extincion\\\/\"]}]},{\"@type\":\"ImageObject\",\"inLanguage\":\"es\",\"@id\":\"https:\\\/\\\/www.ozono21.com\\\/blog\\\/medioambiente\\\/condor-andino-gigante-cielo-extincion\\\/#primaryimage\",\"url\":\"https:\\\/\\\/www.ozono21.com\\\/blog\\\/wp-content\\\/uploads\\\/2008\\\/07\\\/c\u00f3ndor-andino-el-gigante-del-cielo-est\u00e1-al-borde-de-la-extinci\u00f3n-e1456663057506.jpg\",\"contentUrl\":\"https:\\\/\\\/www.ozono21.com\\\/blog\\\/wp-content\\\/uploads\\\/2008\\\/07\\\/c\u00f3ndor-andino-el-gigante-del-cielo-est\u00e1-al-borde-de-la-extinci\u00f3n-e1456663057506.jpg\",\"width\":600,\"height\":400},{\"@type\":\"BreadcrumbList\",\"@id\":\"https:\\\/\\\/www.ozono21.com\\\/blog\\\/medioambiente\\\/condor-andino-gigante-cielo-extincion\\\/#breadcrumb\",\"itemListElement\":[{\"@type\":\"ListItem\",\"position\":1,\"name\":\"Portada\",\"item\":\"https:\\\/\\\/www.ozono21.com\\\/blog\\\/\"},{\"@type\":\"ListItem\",\"position\":2,\"name\":\"CONDOR andino el gigante del cielo est\u00e1 al borde de la extinci\u00f3n\"}]},{\"@type\":\"WebSite\",\"@id\":\"https:\\\/\\\/www.ozono21.com\\\/blog\\\/#website\",\"url\":\"https:\\\/\\\/www.ozono21.com\\\/blog\\\/\",\"name\":\"Blog Ozono21\",\"description\":\" - Blog Ozono21\",\"potentialAction\":[{\"@type\":\"SearchAction\",\"target\":{\"@type\":\"EntryPoint\",\"urlTemplate\":\"https:\\\/\\\/www.ozono21.com\\\/blog\\\/?s={search_term_string}\"},\"query-input\":{\"@type\":\"PropertyValueSpecification\",\"valueRequired\":true,\"valueName\":\"search_term_string\"}}],\"inLanguage\":\"es\"},{\"@type\":\"Person\",\"@id\":\"https:\\\/\\\/www.ozono21.com\\\/blog\\\/#\\\/schema\\\/person\\\/16639932c214a173193498aee8204d12\",\"name\":\"INVESTIGACION Ozono21\",\"image\":{\"@type\":\"ImageObject\",\"inLanguage\":\"es\",\"@id\":\"https:\\\/\\\/secure.gravatar.com\\\/avatar\\\/f00ed9ac57a3eea6b9830d73dc9f9214775648c7763edcb20475eb83509b31fd?s=96&d=mm&r=g\",\"url\":\"https:\\\/\\\/secure.gravatar.com\\\/avatar\\\/f00ed9ac57a3eea6b9830d73dc9f9214775648c7763edcb20475eb83509b31fd?s=96&d=mm&r=g\",\"contentUrl\":\"https:\\\/\\\/secure.gravatar.com\\\/avatar\\\/f00ed9ac57a3eea6b9830d73dc9f9214775648c7763edcb20475eb83509b31fd?s=96&d=mm&r=g\",\"caption\":\"INVESTIGACION Ozono21\"}}]}<\/script>\n<!-- \/ Yoast SEO plugin. -->","yoast_head_json":{"title":"CONDOR andino gigante del cielo extinci\u00f3n","description":"CONDOR andino el gigante del cielo est\u00e1 al borde de extinci\u00f3n. Ave voladora m\u00e1s grande EXTINCION por torres alta tensi\u00f3n y persecuci\u00f3n humana","robots":{"index":"index","follow":"follow","max-snippet":"max-snippet:-1","max-image-preview":"max-image-preview:large","max-video-preview":"max-video-preview:-1"},"canonical":"https:\/\/www.ozono21.com\/blog\/medioambiente\/condor-andino-gigante-cielo-extincion\/","og_locale":"es_ES","og_type":"article","og_title":"CONDOR andino gigante del cielo extinci\u00f3n","og_description":"CONDOR andino el gigante del cielo est\u00e1 al borde de extinci\u00f3n. Ave voladora m\u00e1s grande EXTINCION por torres alta tensi\u00f3n y persecuci\u00f3n humana","og_url":"https:\/\/www.ozono21.com\/blog\/medioambiente\/condor-andino-gigante-cielo-extincion\/","og_site_name":"- Blog Ozono21","article_published_time":"2008-07-14T22:37:02+00:00","article_modified_time":"2026-01-31T17:13:47+00:00","og_image":[{"width":600,"height":400,"url":"https:\/\/www.ozono21.com\/blog\/wp-content\/uploads\/2008\/07\/c\u00f3ndor-andino-el-gigante-del-cielo-est\u00e1-al-borde-de-la-extinci\u00f3n-e1456663057506.jpg","type":"image\/jpeg"}],"author":"INVESTIGACION Ozono21","twitter_misc":{"Escrito por":"INVESTIGACION Ozono21","Tiempo de lectura":"4 minutos"},"schema":{"@context":"https:\/\/schema.org","@graph":[{"@type":"Article","@id":"https:\/\/www.ozono21.com\/blog\/medioambiente\/condor-andino-gigante-cielo-extincion\/#article","isPartOf":{"@id":"https:\/\/www.ozono21.com\/blog\/medioambiente\/condor-andino-gigante-cielo-extincion\/"},"author":{"name":"INVESTIGACION Ozono21","@id":"https:\/\/www.ozono21.com\/blog\/#\/schema\/person\/16639932c214a173193498aee8204d12"},"headline":"CONDOR andino el gigante del cielo est\u00e1 al borde de la extinci\u00f3n","datePublished":"2008-07-14T22:37:02+00:00","dateModified":"2026-01-31T17:13:47+00:00","mainEntityOfPage":{"@id":"https:\/\/www.ozono21.com\/blog\/medioambiente\/condor-andino-gigante-cielo-extincion\/"},"wordCount":725,"commentCount":0,"image":{"@id":"https:\/\/www.ozono21.com\/blog\/medioambiente\/condor-andino-gigante-cielo-extincion\/#primaryimage"},"thumbnailUrl":"https:\/\/www.ozono21.com\/blog\/wp-content\/uploads\/2008\/07\/c\u00f3ndor-andino-el-gigante-del-cielo-est\u00e1-al-borde-de-la-extinci\u00f3n-e1456663057506.jpg","keywords":["Aire","Animales","Ozono21"],"articleSection":["Animales","MedioAmbiente"],"inLanguage":"es","potentialAction":[{"@type":"CommentAction","name":"Comment","target":["https:\/\/www.ozono21.com\/blog\/medioambiente\/condor-andino-gigante-cielo-extincion\/#respond"]}]},{"@type":"WebPage","@id":"https:\/\/www.ozono21.com\/blog\/medioambiente\/condor-andino-gigante-cielo-extincion\/","url":"https:\/\/www.ozono21.com\/blog\/medioambiente\/condor-andino-gigante-cielo-extincion\/","name":"CONDOR andino gigante del cielo extinci\u00f3n","isPartOf":{"@id":"https:\/\/www.ozono21.com\/blog\/#website"},"primaryImageOfPage":{"@id":"https:\/\/www.ozono21.com\/blog\/medioambiente\/condor-andino-gigante-cielo-extincion\/#primaryimage"},"image":{"@id":"https:\/\/www.ozono21.com\/blog\/medioambiente\/condor-andino-gigante-cielo-extincion\/#primaryimage"},"thumbnailUrl":"https:\/\/www.ozono21.com\/blog\/wp-content\/uploads\/2008\/07\/c\u00f3ndor-andino-el-gigante-del-cielo-est\u00e1-al-borde-de-la-extinci\u00f3n-e1456663057506.jpg","datePublished":"2008-07-14T22:37:02+00:00","dateModified":"2026-01-31T17:13:47+00:00","author":{"@id":"https:\/\/www.ozono21.com\/blog\/#\/schema\/person\/16639932c214a173193498aee8204d12"},"description":"CONDOR andino el gigante del cielo est\u00e1 al borde de extinci\u00f3n. Ave voladora m\u00e1s grande EXTINCION por torres alta tensi\u00f3n y persecuci\u00f3n humana","breadcrumb":{"@id":"https:\/\/www.ozono21.com\/blog\/medioambiente\/condor-andino-gigante-cielo-extincion\/#breadcrumb"},"inLanguage":"es","potentialAction":[{"@type":"ReadAction","target":["https:\/\/www.ozono21.com\/blog\/medioambiente\/condor-andino-gigante-cielo-extincion\/"]}]},{"@type":"ImageObject","inLanguage":"es","@id":"https:\/\/www.ozono21.com\/blog\/medioambiente\/condor-andino-gigante-cielo-extincion\/#primaryimage","url":"https:\/\/www.ozono21.com\/blog\/wp-content\/uploads\/2008\/07\/c\u00f3ndor-andino-el-gigante-del-cielo-est\u00e1-al-borde-de-la-extinci\u00f3n-e1456663057506.jpg","contentUrl":"https:\/\/www.ozono21.com\/blog\/wp-content\/uploads\/2008\/07\/c\u00f3ndor-andino-el-gigante-del-cielo-est\u00e1-al-borde-de-la-extinci\u00f3n-e1456663057506.jpg","width":600,"height":400},{"@type":"BreadcrumbList","@id":"https:\/\/www.ozono21.com\/blog\/medioambiente\/condor-andino-gigante-cielo-extincion\/#breadcrumb","itemListElement":[{"@type":"ListItem","position":1,"name":"Portada","item":"https:\/\/www.ozono21.com\/blog\/"},{"@type":"ListItem","position":2,"name":"CONDOR andino el gigante del cielo est\u00e1 al borde de la extinci\u00f3n"}]},{"@type":"WebSite","@id":"https:\/\/www.ozono21.com\/blog\/#website","url":"https:\/\/www.ozono21.com\/blog\/","name":"Blog Ozono21","description":" - Blog Ozono21","potentialAction":[{"@type":"SearchAction","target":{"@type":"EntryPoint","urlTemplate":"https:\/\/www.ozono21.com\/blog\/?s={search_term_string}"},"query-input":{"@type":"PropertyValueSpecification","valueRequired":true,"valueName":"search_term_string"}}],"inLanguage":"es"},{"@type":"Person","@id":"https:\/\/www.ozono21.com\/blog\/#\/schema\/person\/16639932c214a173193498aee8204d12","name":"INVESTIGACION Ozono21","image":{"@type":"ImageObject","inLanguage":"es","@id":"https:\/\/secure.gravatar.com\/avatar\/f00ed9ac57a3eea6b9830d73dc9f9214775648c7763edcb20475eb83509b31fd?s=96&d=mm&r=g","url":"https:\/\/secure.gravatar.com\/avatar\/f00ed9ac57a3eea6b9830d73dc9f9214775648c7763edcb20475eb83509b31fd?s=96&d=mm&r=g","contentUrl":"https:\/\/secure.gravatar.com\/avatar\/f00ed9ac57a3eea6b9830d73dc9f9214775648c7763edcb20475eb83509b31fd?s=96&d=mm&r=g","caption":"INVESTIGACION Ozono21"}}]}},"jetpack_publicize_connections":[],"jetpack_featured_media_url":"https:\/\/www.ozono21.com\/blog\/wp-content\/uploads\/2008\/07\/c\u00f3ndor-andino-el-gigante-del-cielo-est\u00e1-al-borde-de-la-extinci\u00f3n-e1456663057506.jpg","jetpack_sharing_enabled":true,"_links":{"self":[{"href":"https:\/\/www.ozono21.com\/blog\/wp-json\/wp\/v2\/posts\/3327187","targetHints":{"allow":["GET"]}}],"collection":[{"href":"https:\/\/www.ozono21.com\/blog\/wp-json\/wp\/v2\/posts"}],"about":[{"href":"https:\/\/www.ozono21.com\/blog\/wp-json\/wp\/v2\/types\/post"}],"author":[{"embeddable":true,"href":"https:\/\/www.ozono21.com\/blog\/wp-json\/wp\/v2\/users\/1"}],"replies":[{"embeddable":true,"href":"https:\/\/www.ozono21.com\/blog\/wp-json\/wp\/v2\/comments?post=3327187"}],"version-history":[{"count":0,"href":"https:\/\/www.ozono21.com\/blog\/wp-json\/wp\/v2\/posts\/3327187\/revisions"}],"wp:featuredmedia":[{"embeddable":true,"href":"https:\/\/www.ozono21.com\/blog\/wp-json\/wp\/v2\/media\/5193909"}],"wp:attachment":[{"href":"https:\/\/www.ozono21.com\/blog\/wp-json\/wp\/v2\/media?parent=3327187"}],"wp:term":[{"taxonomy":"category","embeddable":true,"href":"https:\/\/www.ozono21.com\/blog\/wp-json\/wp\/v2\/categories?post=3327187"},{"taxonomy":"post_tag","embeddable":true,"href":"https:\/\/www.ozono21.com\/blog\/wp-json\/wp\/v2\/tags?post=3327187"}],"curies":[{"name":"wp","href":"https:\/\/api.w.org\/{rel}","templated":true}]}}