{"id":3150225,"date":"2008-05-24T21:50:27","date_gmt":"2008-05-24T22:50:27","guid":{"rendered":"https:\/\/www.ozono21.com\/blog\/3150225\/sin-categoria\/la-dificil-convivencia-entre-aves-y-hombres\/"},"modified":"2026-02-01T15:36:44","modified_gmt":"2026-02-01T13:36:44","slug":"la-dificil-convivencia-entre-aves-y-hombres","status":"publish","type":"post","link":"https:\/\/www.ozono21.com\/blog\/medioambiente\/la-dificil-convivencia-entre-aves-y-hombres\/","title":{"rendered":"La dif\u00edcil convivencia entre aves y hombres"},"content":{"rendered":"<p style=\"text-align: justify;\"><big><strong><img loading=\"lazy\" decoding=\"async\" class=\"alignleft\" style=\"margin: 60px 10px 60px 0px; cursor: hand; border: 0px;\"   title=\"La dif\u00edcil convivencia entre aves y hombres \" src=\"https:\/\/www.ozono21.com\/blog\/wp-content\/uploads\/2008\/05\/aves-migracion.gif\" alt=\" aves y hombres \" width=\"150\" height=\"191\" \/><a title=\"Animales y Hombres\" target=\"_blank\"   href=\"https:\/\/www.ozono21.com\/actualidad-interna\/los-ecologistas-denuncian-muerte-animales-producida-por-clorofacinona\/30\/\" rel=\"noopener noreferrer\">Los p\u00e1jaros m\u00e1s comunes tambi\u00e9n est\u00e1n amenazados por la presi\u00f3n humana<\/a><\/strong><\/big><\/P><\/p>\n<p style=\"text-align: justify;\"><strong><a title=\"Animales y Hombres\" href=\"https:\/\/www.ozono21.com\/actualidad-interna\/los-ecologistas-denuncian-muerte-animales-producida-por-clorofacinona\/30\/\"> No aparecen en las portadas de las revistas por su exotismo, pero son igualmente importantes en el equilibrio de los ecosistemas. Son las aves comunes, que viven cerca o conviven con el hombre. La presi\u00f3n humana amenaza a algunas de estas especies; otras, se benefician en parte de la urbanizaci\u00f3n, aunque la adaptaci\u00f3n implica cambios en su conducta o en su alimentaci\u00f3n.<\/a><\/strong><\/P><\/p>\n<p style=\"text-align: justify;\">Fuente: consumer (30 de abril de 2008)<BR \/>Autor: Por MERC\u00c8 FERN\u00c1NDEZ<\/P><\/p>\n<p><big><strong>Conocer la evoluci\u00f3n de las aves comunes<\/strong><\/big><\/p>\n<p style=\"text-align: justify;\">Entre mediados de abril y de junio, varios centenares de voluntarios de SEO\/Birdlife llevan a cabo una nueva campa\u00f1a de SACRE (Seguimiento de Aves Comunes Reproductoras), que forma parte del <a href=\"http:\/\/www.ebcc.info\/index.php?a=cat.13\">programa europeo de Monitorizaci\u00f3n de Aves Comunes<\/a> (PECBM en sus siglas en ingl\u00e9s) y en el que participan hasta 36 pa\u00edses. Desde 1998, esta iniciativa trata de obtener informaci\u00f3n sobre la evoluci\u00f3n de las aves comunes vinculadas a diferentes medios (forestal, agr\u00edcola y urbano) como una forma de evaluar la biodiversidad y el estado de conservaci\u00f3n de esos ecosistemas.<\/p>\n<p style=\"text-align: justify;\">Para ello, los voluntarios realizan, desde el amanecer y hasta poco antes de mediod\u00eda, un recorrido por la zona que tienen asignada (de unos 10 kil\u00f3metros de ancho por 10 de largo), deteni\u00e9ndose cinco minutos en cada uno de los veinte puntos seleccionados para realizar el censo. En cada parada se toma nota de las aves detectadas, tanto de la especie como del n\u00famero de individuos. Esta operaci\u00f3n se realiza dos d\u00edas cada a\u00f1o y actualmente cubre unas 700 \u00e1reas de cien kil\u00f3metros cuadrados cada una.<\/p>\n<p style=\"text-align: justify;\">La ambici\u00f3n de <strong><a href=\"http:\/\/www.seo.org\/\">SEO\/Birdlife<\/a><\/strong> es llegar a censar aves de m\u00e1s zonas. Pero faltan voluntarios. Los internautas, explican desde esta organizaci\u00f3n, han pedido que se censen las aves de hasta casi unas 5.600 zonas &#8211; para ello, la organizaci\u00f3n tiene en su web un mapa de Espa\u00f1a con una cuadr\u00edcula, donde cada cuadro corresponde a una zona de censo.<\/p>\n<p style=\"text-align: justify;\"><strong>Las 19 especies calificadas como agr\u00edcolas a escala europea han disminuido su poblaci\u00f3n, en n\u00famero de individuos, en un 45% respecto a 1998 <\/strong><\/p>\n<p style=\"text-align: justify;\">Este censo ha permitido descubrir que se est\u00e1 dando un descenso general de las aves vinculadas a medios agr\u00edcolas, como la golondrina, la codorniz o la alondra, \u00abdebido los cambios que se han producido en la agricultura en los \u00faltimos a\u00f1os en toda Europa\u00bb, explica Virginia Escandell, de SEO\/Birdlife. Entre las especies m\u00e1s amenazadas en Espa\u00f1a est\u00e1n la alondra (con casi un 40% menos de poblaci\u00f3n respecto a 1998), el gorri\u00f3n molinero (un 33,5 % menos), el jilguero (un 18% menos) o la calandria (un 15% menos), seg\u00fan los datos m\u00e1s recientes.<\/p>\n<p style=\"text-align: justify;\">Tomadas en conjunto, las 19 especies calificadas como agr\u00edcolas a escala europea han disminuido su poblaci\u00f3n, en n\u00famero de individuos, en un 45% respecto a 1998. Todo lo contrario de lo que sucede con las aves de medios urbanos, que se mantienen estables, y las aves de medios forestales, que est\u00e1n en aumento debido a \u00abun aumento de la masa forestal en nuestro pa\u00eds\u00bb, seg\u00fan detallan desde SEO\/Birdlife. Esto, que resulta chocante cuando una constante anual son los incendios, se explica en parte por el n\u00famero creciente de \u00e1reas de pastoreo que est\u00e1n siendo abandonadas.<\/p>\n<p><big><strong>Conservar la biodiversidad<\/strong><\/big><\/p>\n<p style=\"text-align: justify;\">Hay un doble inter\u00e9s en el programa SACRE. Por un lado, el censo de las propias aves. Por otro, como un indicador del estado del ecosistema y la biodiversidad: las aves son sensibles a los cambios en el medio y se conoce m\u00e1s de ellas que de otras especies; la alteraci\u00f3n del n\u00famero de individuos en sus poblaciones es una se\u00f1al inequ\u00edvoca de que se est\u00e1n dando cambios en el ecosistema. La Uni\u00f3n Europea tiene el compromiso de detener la p\u00e9rdida de biodiversidad antes del a\u00f1o 2010, y programas como \u00e9ste son una herramienta indispensable para detectar esos cambios y sus causas.<\/p>\n<p style=\"text-align: justify;\">En este sentido, <strong>una de las tendencias futuras que se ven con precauci\u00f3n a nivel europeo es el aumento de los cultivos destinados a biodiesel<\/strong>. Se sabe que las aves se adaptan a los cultivos de la zona en la que viven y que, adem\u00e1s, las lindes entre los diferentes campos agr\u00edcolas son un buen refugio para ellas, ya que cuentan con una vegetaci\u00f3n silvestre diversa. Las grandes extensiones destinadas a cultivos energ\u00e9ticos no s\u00f3lo implican un monocultivo intensivo sino la posible p\u00e9rdida de esas lindes.<\/p>\n<p style=\"text-align: justify;\">La urbanizaci\u00f3n creciente es otra amenaza para las aves de medios agr\u00edcolas, apuntan desde <a href=\"http:\/\/www.grefa.org\/\">GREFA<\/a> (Grupo de Rehabilitaci\u00f3n de la Fauna Aut\u00f3ctona y su h\u00e1bitat). Hay dos tendencias, detalla Jimena L\u00f3pez, de GREFA, las aves m\u00e1s cosmopolitas, a las que la presencia del hombre les puede incluso beneficiar, como el estornino o la urraca, y las aves insect\u00edvoras, como las golondrinas o los vencejos, m\u00e1s sensibles a la presencia del hombre y cada vez m\u00e1s amenazadas.<\/p>\n<p><big><strong>Unas seis cr\u00edas de golondrina pueden comer durante 21 d\u00edas m\u00e1s de 75.000 insectos<\/strong><\/big><\/p>\n<p style=\"text-align: justify;\">\u00abHay gente que acude a nosotros diciendo que quiere quitar de su casa los nidos de golondrina del chalet\u00bb, relata Jimena L\u00f3pez. Las golondrinas son aves protegidas, lo que no evita sin embargo los casos de destrucci\u00f3n ilegal de nidos. Al centro de recuperaci\u00f3n de GREFA, explica Jim\u00e9nez, han llegado nidadas enteras de golondrina, mientras que la pareja de progenitores, una vez destruido el nido, \u00abse queda perdida, no sabe qu\u00e9 hacer\u00bb. Si el nido realmente molesta, a\u00f1ade, hay que saber en qu\u00e9 momento del ciclo hay que actuar, no cuando est\u00e1n instalados los polluelos. \u00abTambi\u00e9n hay que pensar un poco a la inversa y en las molestias que nosotros les provocamos a las aves\u00bb, afirma tajante. No hay que olvidar que tambi\u00e9n reportan beneficios. Aves insect\u00edvoras como las golondrinas son vitales para el control de plagas de insectos: se ha calculado que unas seis cr\u00edas de golondrina pueden comer durante 21 d\u00edas m\u00e1s de 75.000 insectos. Apreciar el valor de las aves y del ecosistema, explica L\u00f3pez, pasa por la educaci\u00f3n y es algo que debe ense\u00f1arse desde la infancia.<\/p>\n<p><big><strong>Adaptarse al hombre<\/strong><\/big><\/p>\n<p style=\"text-align: justify;\">Otra ave \u00aburbana\u00bb amenazada es el cern\u00edcalo primilla, habitual en poblaciones peque\u00f1as, que suele anidar en ruinas, y a la que la presi\u00f3n urban\u00edstica esta perjudicando. En cambio, los estorninos se adaptan con una gran facilidad a la convivencia con el hombre. La mayor extensi\u00f3n y densidad de zonas urbanas tambi\u00e9n tiene efectos sobre estas aves. Los estorninos se agrupan buscando el calor para pernoctar y las ciudades grandes son una gran fuente de calor, por lo que se dirigen a ellas al atardecer. Y cuando las poblaciones son muy densas y con pocos espacios abiertos, es f\u00e1cil que estas bandadas, que re\u00fanen a varios centenares o m\u00e1s de individuos, acaben siendo una molestia para los ciudadanos.<\/p>\n<p style=\"text-align: justify;\">Otro ejemplo de adaptaci\u00f3n se puede ver en poblaciones de aves marinas que, ante la falta de pesca en ciudades portuarias, est\u00e1n aliment\u00e1ndose de basura, mucho m\u00e1s f\u00e1cil de obtener, o de otras aves. En ciudades como Barcelona no es dif\u00edcil ver a gaviotas cada vez m\u00e1s acostumbradas a alimentarse de restos de paloma, lo que da alas a muchos ciudadanos para justificar cualquier acci\u00f3n no respetuosa con estas aves.<\/p>\n<p style=\"text-align: justify;\"><BIG><strong><a title=\"AVES  Acu\u00e1ticas\" href=\"https:\/\/www.ozono21.com\/blog\/medioambiente\/el-calentamiento-global-expulsara-a-las-aves-acuaticas-de-europa\/\"> La mejor forma de proteger las aves marinas pasa por dejar que se recuperen los recursos pesqueros y por tener en cuenta todo el ecosistema<\/A><\/strong><\/BIG><\/p>\n<p style=\"text-align: justify;\">En esa l\u00ednea apuntaba hace unos a\u00f1os <a href=\"http:\/\/www.nature.com\/nature\/journal\/v427\/n6976\/abs\/nature02315.html\">un trabajo publicado<\/a> por la Universidad de Glasgow (Reino Unido) en la revista Nature. Los investigadores mostraban c\u00f3mo a lo largo de 30 a\u00f1os el p\u00e1galo grande, una ave marina, se estaba alimentando cada vez m\u00e1s de otras aves, que a su vez estaban en declive. La causa estaba en las restricciones que se hab\u00edan impuesto a la pesca, tras a\u00f1os de gran presi\u00f3n pesquera que hab\u00eda beneficiado a la especie (acostumbrada a alimentarse de la pesca descartada que arrojaban los barcos y que hab\u00eda multiplicado su poblaci\u00f3n). Ante la falta repentina de esos restos y con un mar sobreexplotado, las aves hambrientas se convirtieron en predadoras de otras. El problema no era s\u00f3lo que pon\u00edan en peligro a las otras especies sino que, tem\u00edan los investigadores, tambi\u00e9n pod\u00eda poner a la gente en contra del p\u00e1galo grande y hacer que pidiera su eliminaci\u00f3n parcial.<\/p>\n<p style=\"text-align: justify;\">La mejor forma de proteger las aves marinas, explicaban expertos de la Royal Society para la Protecci\u00f3n de las Aves (Reino Unido), pasa por dejar que se recuperen los recursos pesqueros y por tener en cuenta todo el ecosistema a la hora de establecer pol\u00edticas como las relacionadas con la pesca, porque tambi\u00e9n eso, como cualquier acci\u00f3n humana, tiene efectos sobre el ecosistema. Si el ser humano cuida el entorno, explicaban, entonces las aves podr\u00e1n cuidarse solas.<\/p>\n<p><big><strong>Voluntarios para salvar polluelos<\/strong><\/big><\/p>\n<p style=\"text-align: justify;\">Este a\u00f1o tambi\u00e9n se pone en marcha la campa\u00f1a \u00abSalva un pollo\u00bb de GREFA, Grupo de Rehabilitaci\u00f3n de la Fauna Aut\u00f3ctona y su h\u00e1bitat. Este centro de Madrid puede recoger hasta 700 polluelos ca\u00eddos del nido y aves heridas en s\u00f3lo dos meses, durante el per\u00edodo comprendido entre mayo y julio. Cada a\u00f1o cientos de aves salvan la vida gracias a voluntarios que recogen las aves y las llevan a los centros de recuperaci\u00f3n, desde cig\u00fce\u00f1as o lechuzas, hasta mirlos, t\u00f3rtolas o vencejos. No hay ninguna discriminaci\u00f3n en cuanto a los animales que recogen; la \u00fanica prioridad que establecen es la urgencia: recoger un buitre con un ala rota, que es dif\u00edcil de manejar por una persona sola, es m\u00e1s urgente que si se trata de un gorri\u00f3n, por ejemplo.<\/p>\n<p style=\"text-align: justify;\">Desde esta organizaci\u00f3n indican que, ante el hallazgo de un polluelo herido, lo primero que debe hacerse es esperar y observar, desde una cierta distancia, a fin de confirmar que efectivamente est\u00e1 perdido (es posible que los padres est\u00e9n cerca). Si es as\u00ed y el pollito est\u00e1 abandonado, hay que depositarlo en una caja de cart\u00f3n con agujeros y llevarlo al centro de recuperaci\u00f3n o veterinario m\u00e1s cercano. Si no es posible, se puede llamar a GREFA o a cualquier otro centro de recuperaci\u00f3n cercano para recibir informaci\u00f3n sobre c\u00f3mo actuar. \u00abLo que no hay que hacer es darles de comer porque la sangre se concentra hacia el estomago y si el ave est\u00e1 deshidratada es mucho peor\u00bb.<\/p>\n<p style=\"text-align: justify;\">La gran mayor\u00eda de los animales que recogen est\u00e1n malheridos por causas relacionadas con la actividad humana (atropellos, disparos, colisiones con cables o con vallas&#8230;). Un 35% del total de animales recogidos (1.956 animales en el a\u00f1o 2006) son polluelos, debido a la gran cantidad de ellos que caen de los nidos o quedan hu\u00e9rfanos en \u00e9poca de cr\u00eda.<\/p>\n<table border=\"3\" cellspacing=\"0\" cellpadding=\"0\">\n<tbody>\n<tr>\n<td bgcolor=\"#3b7cff\" height=\"25\" width=\"600\" align=\"center\"><strong><a title=\"Actualidad ACCION del OZONO\" href=\"https:\/\/www.ozono21.com\/actualidad-interna\/accion-del-ozono\/423\/\" target=\"_blank\" rel=\"noopener noreferrer\"><img loading=\"lazy\" decoding=\"async\" src=\"https:\/\/www.ozono21.com\/blog\/wp-content\/uploads\/2014\/06\/Noticias-Relacionadas.png\" alt=\"Noticias Relacionadas\" width=\"600\" height=\"25\" style=\"margin: 0px 0px 0px 0px; cursor: hand; border: 0px;\"><\/a><\/strong>\n<\/td>\n<\/tr>\n<\/tbody>\n<\/table>\n<p><big><\/p>\n<ul>\n<li><strong><a title=\"La contaminaci\u00f3n ac\u00fastica reduce la presencia de p\u00e1jaros en las ciudades\" href=\"https:\/\/www.ozono21.com\/blog\/medioambiente\/la-contaminacion-acustica-reduce-la-presencia-de-pajaros-en-las-ciudades\/\" target=\"_blank\" rel=\"noopener noreferrer\">La contaminaci\u00f3n ac\u00fastica reduce la presencia de p\u00e1jaros en las ciudades<\/a><\/strong><\/li>\n<li><strong><a title=\"El calentamiento global expulsar\u00e1 a las aves acu\u00e1ticas de Europa\" href=\"https:\/\/www.ozono21.com\/blog\/medioambiente\/el-calentamiento-global-expulsara-a-las-aves-acuaticas-de-europa\/\" target=\"_blank\" rel=\"noopener noreferrer\">El calentamiento global expulsar\u00e1 a las aves acu\u00e1ticas de Europa<\/a><\/strong><\/li>\n<li><strong><a title=\"El ruido provocado por el hombre fragmenta las poblaciones de aves\" href=\"https:\/\/www.ozono21.com\/blog\/medioambiente\/ruido-fragmenta-poblaciones-aves\/\" target=\"_blank\" rel=\"noopener noreferrer\">El ruido provocado por el hombre fragmenta las poblaciones de aves<\/a><\/strong><\/li>\n<\/ul>\n<p><\/big><\/p>\n<table border=\"3\" cellspacing=\"0\" cellpadding=\"0\">\n<tbody>\n<tr>\n<td bgcolor=\"#3b7cff\" height=\"25\" width=\"600\" align=\"center\"><strong><a title=\"Videos YouTube\" target=\"_blank\"     href=\"http:\/\/www.youtube.com\/user\/ozono21\/videos?sort=p&amp;view=0&amp;flow=grid\" rel=\"noopener noreferrer\"><img loading=\"lazy\" decoding=\"async\" src=\"https:\/\/www.ozono21.com\/blog\/wp-content\/uploads\/2014\/06\/Videos-Youtube.png\" alt=\"Videos Youtube\" width=\"600\" height=\"25\" border=\"0\" \/><\/a><\/strong>\n<\/td>\n<\/tr>\n<\/tbody>\n<\/table>\n<p>&nbsp;<\/p>\n<p style=\"TEXT-ALIGN: center\"><iframe loading=\"lazy\" width=\"640\" height=\"480\" src=\"https:\/\/www.youtube.com\/embed\/cvUJfdVrpLA\" frameborder=\"0\" allow=\"accelerometer; autoplay; encrypted-media; gyroscope; picture-in-picture\" allowfullscreen><\/iframe><\/p>\n<div class=\"pvc_clear\"><\/div>\n<p id=\"pvc_stats_3150225\" class=\"pvc_stats total_only  \" data-element-id=\"3150225\" style=\"\"><i class=\"pvc-stats-icon small\" aria-hidden=\"true\"><svg aria-hidden=\"true\" focusable=\"false\" data-prefix=\"far\" data-icon=\"chart-bar\" role=\"img\" xmlns=\"http:\/\/www.w3.org\/2000\/svg\" viewBox=\"0 0 512 512\" class=\"svg-inline--fa fa-chart-bar fa-w-16 fa-2x\"><path fill=\"currentColor\" d=\"M396.8 352h22.4c6.4 0 12.8-6.4 12.8-12.8V108.8c0-6.4-6.4-12.8-12.8-12.8h-22.4c-6.4 0-12.8 6.4-12.8 12.8v230.4c0 6.4 6.4 12.8 12.8 12.8zm-192 0h22.4c6.4 0 12.8-6.4 12.8-12.8V140.8c0-6.4-6.4-12.8-12.8-12.8h-22.4c-6.4 0-12.8 6.4-12.8 12.8v198.4c0 6.4 6.4 12.8 12.8 12.8zm96 0h22.4c6.4 0 12.8-6.4 12.8-12.8V204.8c0-6.4-6.4-12.8-12.8-12.8h-22.4c-6.4 0-12.8 6.4-12.8 12.8v134.4c0 6.4 6.4 12.8 12.8 12.8zM496 400H48V80c0-8.84-7.16-16-16-16H16C7.16 64 0 71.16 0 80v336c0 17.67 14.33 32 32 32h464c8.84 0 16-7.16 16-16v-16c0-8.84-7.16-16-16-16zm-387.2-48h22.4c6.4 0 12.8-6.4 12.8-12.8v-70.4c0-6.4-6.4-12.8-12.8-12.8h-22.4c-6.4 0-12.8 6.4-12.8 12.8v70.4c0 6.4 6.4 12.8 12.8 12.8z\" class=\"\"><\/path><\/svg><\/i> <img loading=\"lazy\" decoding=\"async\" width=\"16\" height=\"16\" alt=\"Loading\" src=\"https:\/\/www.ozono21.com\/blog\/wp-content\/plugins\/page-views-count\/ajax-loader-2x.gif\" border=0 \/><\/p>\n<div class=\"pvc_clear\"><\/div>\n","protected":false},"excerpt":{"rendered":"<p>Los p\u00e1jaros m\u00e1s comunes tambi\u00e9n est\u00e1n amenazados por la presi\u00f3n humana No aparecen en las portadas de las revistas por su exotismo, pero son igualmente importantes en el equilibrio de los ecosistemas. Son las aves comunes, que viven cerca o &hellip; <a href=\"https:\/\/www.ozono21.com\/blog\/medioambiente\/la-dificil-convivencia-entre-aves-y-hombres\/\">Sigue leyendo <span class=\"meta-nav\">&rarr;<\/span><\/a><\/p>\n<div class=\"pvc_clear\"><\/div>\n<p id=\"pvc_stats_3150225\" class=\"pvc_stats total_only  \" data-element-id=\"3150225\" style=\"\"><i class=\"pvc-stats-icon small\" aria-hidden=\"true\"><svg aria-hidden=\"true\" focusable=\"false\" data-prefix=\"far\" data-icon=\"chart-bar\" role=\"img\" xmlns=\"http:\/\/www.w3.org\/2000\/svg\" viewBox=\"0 0 512 512\" class=\"svg-inline--fa fa-chart-bar fa-w-16 fa-2x\"><path fill=\"currentColor\" d=\"M396.8 352h22.4c6.4 0 12.8-6.4 12.8-12.8V108.8c0-6.4-6.4-12.8-12.8-12.8h-22.4c-6.4 0-12.8 6.4-12.8 12.8v230.4c0 6.4 6.4 12.8 12.8 12.8zm-192 0h22.4c6.4 0 12.8-6.4 12.8-12.8V140.8c0-6.4-6.4-12.8-12.8-12.8h-22.4c-6.4 0-12.8 6.4-12.8 12.8v198.4c0 6.4 6.4 12.8 12.8 12.8zm96 0h22.4c6.4 0 12.8-6.4 12.8-12.8V204.8c0-6.4-6.4-12.8-12.8-12.8h-22.4c-6.4 0-12.8 6.4-12.8 12.8v134.4c0 6.4 6.4 12.8 12.8 12.8zM496 400H48V80c0-8.84-7.16-16-16-16H16C7.16 64 0 71.16 0 80v336c0 17.67 14.33 32 32 32h464c8.84 0 16-7.16 16-16v-16c0-8.84-7.16-16-16-16zm-387.2-48h22.4c6.4 0 12.8-6.4 12.8-12.8v-70.4c0-6.4-6.4-12.8-12.8-12.8h-22.4c-6.4 0-12.8 6.4-12.8 12.8v70.4c0 6.4 6.4 12.8 12.8 12.8z\" class=\"\"><\/path><\/svg><\/i> <img loading=\"lazy\" decoding=\"async\" width=\"16\" height=\"16\" alt=\"Loading\" src=\"https:\/\/www.ozono21.com\/blog\/wp-content\/plugins\/page-views-count\/ajax-loader-2x.gif\" border=0 \/><\/p>\n<div class=\"pvc_clear\"><\/div>\n","protected":false},"author":1,"featured_media":5195266,"comment_status":"open","ping_status":"open","sticky":false,"template":"","format":"standard","meta":{"_exactmetrics_skip_tracking":false,"_exactmetrics_sitenote_active":false,"_exactmetrics_sitenote_note":"","_exactmetrics_sitenote_category":0,"_jetpack_memberships_contains_paid_content":false,"footnotes":"","jetpack_publicize_message":"","jetpack_publicize_feature_enabled":true,"jetpack_social_post_already_shared":false,"jetpack_social_options":{"image_generator_settings":{"template":"highway","default_image_id":0,"font":"","enabled":false},"version":2}},"categories":[75,13],"tags":[23,20,71,25,74],"class_list":["post-3150225","post","type-post","status-publish","format-standard","has-post-thumbnail","hentry","category-animales","category-medioambiente","tag-animales","tag-contaminacion-2","tag-higiene","tag-insectos","tag-medioambiente"],"a3_pvc":{"activated":true,"total_views":4021,"today_views":0},"yoast_head":"<!-- This site is optimized with the Yoast SEO plugin v27.5 - https:\/\/yoast.com\/product\/yoast-seo-wordpress\/ -->\n<title>La dif\u00edcil convivencia entre aves y hombres<\/title>\n<meta name=\"description\" content=\"La dif\u00edcil convivencia entre aves y hombres Los p\u00e1jaros m\u00e1s comunes tambi\u00e9n est\u00e1n muy amenazados por la presi\u00f3n gran humana\" \/>\n<meta name=\"robots\" content=\"index, follow, max-snippet:-1, max-image-preview:large, max-video-preview:-1\" \/>\n<link rel=\"canonical\" href=\"https:\/\/www.ozono21.com\/blog\/medioambiente\/la-dificil-convivencia-entre-aves-y-hombres\/\" \/>\n<meta property=\"og:locale\" content=\"es_ES\" \/>\n<meta property=\"og:type\" content=\"article\" \/>\n<meta property=\"og:title\" content=\"La dif\u00edcil convivencia entre aves y hombres\" \/>\n<meta property=\"og:description\" content=\"La dif\u00edcil convivencia entre aves y hombres Los p\u00e1jaros m\u00e1s comunes tambi\u00e9n est\u00e1n muy amenazados por la presi\u00f3n gran humana\" \/>\n<meta property=\"og:url\" content=\"https:\/\/www.ozono21.com\/blog\/medioambiente\/la-dificil-convivencia-entre-aves-y-hombres\/\" \/>\n<meta property=\"og:site_name\" content=\"- Blog Ozono21\" \/>\n<meta property=\"article:published_time\" content=\"2008-05-24T22:50:27+00:00\" \/>\n<meta property=\"article:modified_time\" content=\"2026-02-01T13:36:44+00:00\" \/>\n<meta property=\"og:image\" content=\"https:\/\/www.ozono21.com\/blog\/wp-content\/uploads\/2008\/05\/aves-migracion.gif\" \/>\n\t<meta property=\"og:image:width\" content=\"112\" \/>\n\t<meta property=\"og:image:height\" content=\"108\" \/>\n\t<meta property=\"og:image:type\" content=\"image\/gif\" \/>\n<meta name=\"author\" content=\"INVESTIGACION Ozono21\" \/>\n<meta name=\"twitter:label1\" content=\"Escrito por\" \/>\n\t<meta name=\"twitter:data1\" content=\"INVESTIGACION Ozono21\" \/>\n\t<meta name=\"twitter:label2\" content=\"Tiempo de lectura\" \/>\n\t<meta name=\"twitter:data2\" content=\"10 minutos\" \/>\n<script type=\"application\/ld+json\" class=\"yoast-schema-graph\">{\"@context\":\"https:\\\/\\\/schema.org\",\"@graph\":[{\"@type\":\"Article\",\"@id\":\"https:\\\/\\\/www.ozono21.com\\\/blog\\\/medioambiente\\\/la-dificil-convivencia-entre-aves-y-hombres\\\/#article\",\"isPartOf\":{\"@id\":\"https:\\\/\\\/www.ozono21.com\\\/blog\\\/medioambiente\\\/la-dificil-convivencia-entre-aves-y-hombres\\\/\"},\"author\":{\"name\":\"INVESTIGACION Ozono21\",\"@id\":\"https:\\\/\\\/www.ozono21.com\\\/blog\\\/#\\\/schema\\\/person\\\/16639932c214a173193498aee8204d12\"},\"headline\":\"La dif\u00edcil convivencia entre aves y hombres\",\"datePublished\":\"2008-05-24T22:50:27+00:00\",\"dateModified\":\"2026-02-01T13:36:44+00:00\",\"mainEntityOfPage\":{\"@id\":\"https:\\\/\\\/www.ozono21.com\\\/blog\\\/medioambiente\\\/la-dificil-convivencia-entre-aves-y-hombres\\\/\"},\"wordCount\":1941,\"commentCount\":0,\"image\":{\"@id\":\"https:\\\/\\\/www.ozono21.com\\\/blog\\\/medioambiente\\\/la-dificil-convivencia-entre-aves-y-hombres\\\/#primaryimage\"},\"thumbnailUrl\":\"https:\\\/\\\/www.ozono21.com\\\/blog\\\/wp-content\\\/uploads\\\/2008\\\/05\\\/aves-migracion.gif\",\"keywords\":[\"Animales\",\"Contaminaci\u00f3n\",\"Higiene\",\"Insectos\",\"MedioAmbiente\"],\"articleSection\":[\"Animales\",\"MedioAmbiente\"],\"inLanguage\":\"es\",\"potentialAction\":[{\"@type\":\"CommentAction\",\"name\":\"Comment\",\"target\":[\"https:\\\/\\\/www.ozono21.com\\\/blog\\\/medioambiente\\\/la-dificil-convivencia-entre-aves-y-hombres\\\/#respond\"]}]},{\"@type\":\"WebPage\",\"@id\":\"https:\\\/\\\/www.ozono21.com\\\/blog\\\/medioambiente\\\/la-dificil-convivencia-entre-aves-y-hombres\\\/\",\"url\":\"https:\\\/\\\/www.ozono21.com\\\/blog\\\/medioambiente\\\/la-dificil-convivencia-entre-aves-y-hombres\\\/\",\"name\":\"La dif\u00edcil convivencia entre aves y hombres\",\"isPartOf\":{\"@id\":\"https:\\\/\\\/www.ozono21.com\\\/blog\\\/#website\"},\"primaryImageOfPage\":{\"@id\":\"https:\\\/\\\/www.ozono21.com\\\/blog\\\/medioambiente\\\/la-dificil-convivencia-entre-aves-y-hombres\\\/#primaryimage\"},\"image\":{\"@id\":\"https:\\\/\\\/www.ozono21.com\\\/blog\\\/medioambiente\\\/la-dificil-convivencia-entre-aves-y-hombres\\\/#primaryimage\"},\"thumbnailUrl\":\"https:\\\/\\\/www.ozono21.com\\\/blog\\\/wp-content\\\/uploads\\\/2008\\\/05\\\/aves-migracion.gif\",\"datePublished\":\"2008-05-24T22:50:27+00:00\",\"dateModified\":\"2026-02-01T13:36:44+00:00\",\"author\":{\"@id\":\"https:\\\/\\\/www.ozono21.com\\\/blog\\\/#\\\/schema\\\/person\\\/16639932c214a173193498aee8204d12\"},\"description\":\"La dif\u00edcil convivencia entre aves y hombres Los p\u00e1jaros m\u00e1s comunes tambi\u00e9n est\u00e1n muy amenazados por la presi\u00f3n gran humana\",\"breadcrumb\":{\"@id\":\"https:\\\/\\\/www.ozono21.com\\\/blog\\\/medioambiente\\\/la-dificil-convivencia-entre-aves-y-hombres\\\/#breadcrumb\"},\"inLanguage\":\"es\",\"potentialAction\":[{\"@type\":\"ReadAction\",\"target\":[\"https:\\\/\\\/www.ozono21.com\\\/blog\\\/medioambiente\\\/la-dificil-convivencia-entre-aves-y-hombres\\\/\"]}]},{\"@type\":\"ImageObject\",\"inLanguage\":\"es\",\"@id\":\"https:\\\/\\\/www.ozono21.com\\\/blog\\\/medioambiente\\\/la-dificil-convivencia-entre-aves-y-hombres\\\/#primaryimage\",\"url\":\"https:\\\/\\\/www.ozono21.com\\\/blog\\\/wp-content\\\/uploads\\\/2008\\\/05\\\/aves-migracion.gif\",\"contentUrl\":\"https:\\\/\\\/www.ozono21.com\\\/blog\\\/wp-content\\\/uploads\\\/2008\\\/05\\\/aves-migracion.gif\",\"width\":112,\"height\":108},{\"@type\":\"BreadcrumbList\",\"@id\":\"https:\\\/\\\/www.ozono21.com\\\/blog\\\/medioambiente\\\/la-dificil-convivencia-entre-aves-y-hombres\\\/#breadcrumb\",\"itemListElement\":[{\"@type\":\"ListItem\",\"position\":1,\"name\":\"Portada\",\"item\":\"https:\\\/\\\/www.ozono21.com\\\/blog\\\/\"},{\"@type\":\"ListItem\",\"position\":2,\"name\":\"La dif\u00edcil convivencia entre aves y hombres\"}]},{\"@type\":\"WebSite\",\"@id\":\"https:\\\/\\\/www.ozono21.com\\\/blog\\\/#website\",\"url\":\"https:\\\/\\\/www.ozono21.com\\\/blog\\\/\",\"name\":\"Blog Ozono21\",\"description\":\" - Blog Ozono21\",\"potentialAction\":[{\"@type\":\"SearchAction\",\"target\":{\"@type\":\"EntryPoint\",\"urlTemplate\":\"https:\\\/\\\/www.ozono21.com\\\/blog\\\/?s={search_term_string}\"},\"query-input\":{\"@type\":\"PropertyValueSpecification\",\"valueRequired\":true,\"valueName\":\"search_term_string\"}}],\"inLanguage\":\"es\"},{\"@type\":\"Person\",\"@id\":\"https:\\\/\\\/www.ozono21.com\\\/blog\\\/#\\\/schema\\\/person\\\/16639932c214a173193498aee8204d12\",\"name\":\"INVESTIGACION Ozono21\",\"image\":{\"@type\":\"ImageObject\",\"inLanguage\":\"es\",\"@id\":\"https:\\\/\\\/secure.gravatar.com\\\/avatar\\\/f00ed9ac57a3eea6b9830d73dc9f9214775648c7763edcb20475eb83509b31fd?s=96&d=mm&r=g\",\"url\":\"https:\\\/\\\/secure.gravatar.com\\\/avatar\\\/f00ed9ac57a3eea6b9830d73dc9f9214775648c7763edcb20475eb83509b31fd?s=96&d=mm&r=g\",\"contentUrl\":\"https:\\\/\\\/secure.gravatar.com\\\/avatar\\\/f00ed9ac57a3eea6b9830d73dc9f9214775648c7763edcb20475eb83509b31fd?s=96&d=mm&r=g\",\"caption\":\"INVESTIGACION Ozono21\"}}]}<\/script>\n<!-- \/ Yoast SEO plugin. -->","yoast_head_json":{"title":"La dif\u00edcil convivencia entre aves y hombres","description":"La dif\u00edcil convivencia entre aves y hombres Los p\u00e1jaros m\u00e1s comunes tambi\u00e9n est\u00e1n muy amenazados por la presi\u00f3n gran humana","robots":{"index":"index","follow":"follow","max-snippet":"max-snippet:-1","max-image-preview":"max-image-preview:large","max-video-preview":"max-video-preview:-1"},"canonical":"https:\/\/www.ozono21.com\/blog\/medioambiente\/la-dificil-convivencia-entre-aves-y-hombres\/","og_locale":"es_ES","og_type":"article","og_title":"La dif\u00edcil convivencia entre aves y hombres","og_description":"La dif\u00edcil convivencia entre aves y hombres Los p\u00e1jaros m\u00e1s comunes tambi\u00e9n est\u00e1n muy amenazados por la presi\u00f3n gran humana","og_url":"https:\/\/www.ozono21.com\/blog\/medioambiente\/la-dificil-convivencia-entre-aves-y-hombres\/","og_site_name":"- Blog Ozono21","article_published_time":"2008-05-24T22:50:27+00:00","article_modified_time":"2026-02-01T13:36:44+00:00","og_image":[{"width":112,"height":108,"url":"https:\/\/www.ozono21.com\/blog\/wp-content\/uploads\/2008\/05\/aves-migracion.gif","type":"image\/gif"}],"author":"INVESTIGACION Ozono21","twitter_misc":{"Escrito por":"INVESTIGACION Ozono21","Tiempo de lectura":"10 minutos"},"schema":{"@context":"https:\/\/schema.org","@graph":[{"@type":"Article","@id":"https:\/\/www.ozono21.com\/blog\/medioambiente\/la-dificil-convivencia-entre-aves-y-hombres\/#article","isPartOf":{"@id":"https:\/\/www.ozono21.com\/blog\/medioambiente\/la-dificil-convivencia-entre-aves-y-hombres\/"},"author":{"name":"INVESTIGACION Ozono21","@id":"https:\/\/www.ozono21.com\/blog\/#\/schema\/person\/16639932c214a173193498aee8204d12"},"headline":"La dif\u00edcil convivencia entre aves y hombres","datePublished":"2008-05-24T22:50:27+00:00","dateModified":"2026-02-01T13:36:44+00:00","mainEntityOfPage":{"@id":"https:\/\/www.ozono21.com\/blog\/medioambiente\/la-dificil-convivencia-entre-aves-y-hombres\/"},"wordCount":1941,"commentCount":0,"image":{"@id":"https:\/\/www.ozono21.com\/blog\/medioambiente\/la-dificil-convivencia-entre-aves-y-hombres\/#primaryimage"},"thumbnailUrl":"https:\/\/www.ozono21.com\/blog\/wp-content\/uploads\/2008\/05\/aves-migracion.gif","keywords":["Animales","Contaminaci\u00f3n","Higiene","Insectos","MedioAmbiente"],"articleSection":["Animales","MedioAmbiente"],"inLanguage":"es","potentialAction":[{"@type":"CommentAction","name":"Comment","target":["https:\/\/www.ozono21.com\/blog\/medioambiente\/la-dificil-convivencia-entre-aves-y-hombres\/#respond"]}]},{"@type":"WebPage","@id":"https:\/\/www.ozono21.com\/blog\/medioambiente\/la-dificil-convivencia-entre-aves-y-hombres\/","url":"https:\/\/www.ozono21.com\/blog\/medioambiente\/la-dificil-convivencia-entre-aves-y-hombres\/","name":"La dif\u00edcil convivencia entre aves y hombres","isPartOf":{"@id":"https:\/\/www.ozono21.com\/blog\/#website"},"primaryImageOfPage":{"@id":"https:\/\/www.ozono21.com\/blog\/medioambiente\/la-dificil-convivencia-entre-aves-y-hombres\/#primaryimage"},"image":{"@id":"https:\/\/www.ozono21.com\/blog\/medioambiente\/la-dificil-convivencia-entre-aves-y-hombres\/#primaryimage"},"thumbnailUrl":"https:\/\/www.ozono21.com\/blog\/wp-content\/uploads\/2008\/05\/aves-migracion.gif","datePublished":"2008-05-24T22:50:27+00:00","dateModified":"2026-02-01T13:36:44+00:00","author":{"@id":"https:\/\/www.ozono21.com\/blog\/#\/schema\/person\/16639932c214a173193498aee8204d12"},"description":"La dif\u00edcil convivencia entre aves y hombres Los p\u00e1jaros m\u00e1s comunes tambi\u00e9n est\u00e1n muy amenazados por la presi\u00f3n gran humana","breadcrumb":{"@id":"https:\/\/www.ozono21.com\/blog\/medioambiente\/la-dificil-convivencia-entre-aves-y-hombres\/#breadcrumb"},"inLanguage":"es","potentialAction":[{"@type":"ReadAction","target":["https:\/\/www.ozono21.com\/blog\/medioambiente\/la-dificil-convivencia-entre-aves-y-hombres\/"]}]},{"@type":"ImageObject","inLanguage":"es","@id":"https:\/\/www.ozono21.com\/blog\/medioambiente\/la-dificil-convivencia-entre-aves-y-hombres\/#primaryimage","url":"https:\/\/www.ozono21.com\/blog\/wp-content\/uploads\/2008\/05\/aves-migracion.gif","contentUrl":"https:\/\/www.ozono21.com\/blog\/wp-content\/uploads\/2008\/05\/aves-migracion.gif","width":112,"height":108},{"@type":"BreadcrumbList","@id":"https:\/\/www.ozono21.com\/blog\/medioambiente\/la-dificil-convivencia-entre-aves-y-hombres\/#breadcrumb","itemListElement":[{"@type":"ListItem","position":1,"name":"Portada","item":"https:\/\/www.ozono21.com\/blog\/"},{"@type":"ListItem","position":2,"name":"La dif\u00edcil convivencia entre aves y hombres"}]},{"@type":"WebSite","@id":"https:\/\/www.ozono21.com\/blog\/#website","url":"https:\/\/www.ozono21.com\/blog\/","name":"Blog Ozono21","description":" - Blog Ozono21","potentialAction":[{"@type":"SearchAction","target":{"@type":"EntryPoint","urlTemplate":"https:\/\/www.ozono21.com\/blog\/?s={search_term_string}"},"query-input":{"@type":"PropertyValueSpecification","valueRequired":true,"valueName":"search_term_string"}}],"inLanguage":"es"},{"@type":"Person","@id":"https:\/\/www.ozono21.com\/blog\/#\/schema\/person\/16639932c214a173193498aee8204d12","name":"INVESTIGACION Ozono21","image":{"@type":"ImageObject","inLanguage":"es","@id":"https:\/\/secure.gravatar.com\/avatar\/f00ed9ac57a3eea6b9830d73dc9f9214775648c7763edcb20475eb83509b31fd?s=96&d=mm&r=g","url":"https:\/\/secure.gravatar.com\/avatar\/f00ed9ac57a3eea6b9830d73dc9f9214775648c7763edcb20475eb83509b31fd?s=96&d=mm&r=g","contentUrl":"https:\/\/secure.gravatar.com\/avatar\/f00ed9ac57a3eea6b9830d73dc9f9214775648c7763edcb20475eb83509b31fd?s=96&d=mm&r=g","caption":"INVESTIGACION Ozono21"}}]}},"jetpack_publicize_connections":[],"jetpack_featured_media_url":"https:\/\/www.ozono21.com\/blog\/wp-content\/uploads\/2008\/05\/aves-migracion.gif","jetpack_sharing_enabled":true,"_links":{"self":[{"href":"https:\/\/www.ozono21.com\/blog\/wp-json\/wp\/v2\/posts\/3150225","targetHints":{"allow":["GET"]}}],"collection":[{"href":"https:\/\/www.ozono21.com\/blog\/wp-json\/wp\/v2\/posts"}],"about":[{"href":"https:\/\/www.ozono21.com\/blog\/wp-json\/wp\/v2\/types\/post"}],"author":[{"embeddable":true,"href":"https:\/\/www.ozono21.com\/blog\/wp-json\/wp\/v2\/users\/1"}],"replies":[{"embeddable":true,"href":"https:\/\/www.ozono21.com\/blog\/wp-json\/wp\/v2\/comments?post=3150225"}],"version-history":[{"count":0,"href":"https:\/\/www.ozono21.com\/blog\/wp-json\/wp\/v2\/posts\/3150225\/revisions"}],"wp:featuredmedia":[{"embeddable":true,"href":"https:\/\/www.ozono21.com\/blog\/wp-json\/wp\/v2\/media\/5195266"}],"wp:attachment":[{"href":"https:\/\/www.ozono21.com\/blog\/wp-json\/wp\/v2\/media?parent=3150225"}],"wp:term":[{"taxonomy":"category","embeddable":true,"href":"https:\/\/www.ozono21.com\/blog\/wp-json\/wp\/v2\/categories?post=3150225"},{"taxonomy":"post_tag","embeddable":true,"href":"https:\/\/www.ozono21.com\/blog\/wp-json\/wp\/v2\/tags?post=3150225"}],"curies":[{"name":"wp","href":"https:\/\/api.w.org\/{rel}","templated":true}]}}