{"id":31,"date":"2007-08-24T14:30:00","date_gmt":"2007-08-24T12:30:00","guid":{"rendered":"https:\/\/www.ozono21.com\/blog\/31\/sin-categoria\/la-respiracion-del-aire\/"},"modified":"2026-02-02T21:23:58","modified_gmt":"2026-02-02T19:23:58","slug":"la-respiracion-del-aire","status":"publish","type":"post","link":"https:\/\/www.ozono21.com\/blog\/salud\/la-respiracion-del-aire\/","title":{"rendered":"La respiraci\u00f3n del aire"},"content":{"rendered":"<p style=\"text-align: justify;\">\n<h2 style=\"text-align: justify;\"><img loading=\"lazy\" decoding=\"async\" id=\"BLOGGER_PHOTO_ID_5102246070078072770\" class=\"alignleft\" style=\"margin: 10px 15px 10px 0px; cursor: hand; border: 0px;\" src=\"https:\/\/3.bp.blogspot.com\/_IBPlVqONz58\/Rs7RxJOi58I\/AAAAAAAAAD0\/aJkm0SiOoh8\/s320\/1171223407_0.jpg\" border=\"0\" alt=\"La respiraci\u00f3n del aire\" title=\"La respiraci\u00f3n del aire\"  width=\"300\" height=\"202\" \/><a title=\"Post sobre el AIRE \" href=\"https:\/\/www.ozono21.com\/blog\/category\/aire\/\" target=\"_blank\" rel=\"noopener noreferrer\">La respiraci\u00f3n del aire <\/p>\n<p>Para enfrentarnos al cambio clim\u00e1tico, tendremos que saber comprender mejor qu\u00e9 es el aire<\/p>\n<p>La vida es capic\u00faa. Por tanto, podemos y debemos leerla en ambas direcciones sin que var\u00ede su sentido, prop\u00f3sito y su contenido. <\/a><\/h2>\n<\/p>\n<p style=\"text-align: justify;\">Solo nosotros, los dotados de capacidades matem\u00e1ticas, nos empe\u00f1amos en leerlo casi todo al derecho, o al rev\u00e9s. Ser unidireccionales desata muchos de los atroces comportamientos que lo mismo nos destruyen como esquilman la riqueza natural.<\/p>\n<p>Fuente: elmundo.es (12 de febrero de 2007)<br \/>Autor: JOAQU\u00cdN ARA\u00daJO<\/p>\n<p style=\"text-align: justify;\">En los otros seres vivos, en sus ambientes, en los procesos y en los ciclos casi todo es rec\u00edproco.<\/p>\n<p style=\"text-align: justify;\">Todo es pregunta y respuesta al mismo tiempo. De ah\u00ed que, de cara al denominado cambio clim\u00e1tico, nos resulte tan necesario comprender algo tan crucial como el t\u00edtulo de este texto.<\/p>\n<p style=\"text-align: justify;\">Creo, sinceramente, que cuando se entiende que los elementos son part\u00edcipes directos, cuando no constructores, de lo que ellos mismos se proporcionan y nos proporcionan, las cosas comienzan a funcionar mejor. Quiero decir que el aire respira, el agua bebe, la luz ve y la tierra come, sino que por hacerlo es posible que nosotros inhalemos una parte de la atm\u00f3sfera, bebamos la frescura l\u00edquida, podamos admirar el mundo y nutrirnos.<\/p>\n<p style=\"text-align: justify;\"><strong>Dejar que el aire respire pasa por saber lo que le estamos haciendo respirar. Y no s\u00f3lo se trata del ya m\u00e1s que famoso CO2. A la atm\u00f3sfera van a parar decenas de otros gases bastante m\u00e1s peligrosos: humos de incendio, aerosoles, part\u00edculas de todo tipo y condici\u00f3n, radiactividad, tierra, polvo, todo ello entreverado de mol\u00e9culas de todos los metales pesados, que es lo m\u00e1s peligroso que el ser humano pone en libertad no deseada. En suma, todo el repertorio imaginable de lo sucio, peligroso y hasta letal.<\/strong><\/p>\n<p style=\"text-align: justify;\">Con el agravante de que nuestro primer alimento es precisamente ese leve prodigio envolvente y amparador que llamamos aire. Materia, po\u00e9tica donde las haya, ya que lo es de los suspiros, de la palabra pronunciada, de la espuma y, por supuesto, de ese ingente azul llamado cielo que tenemos sobre nuestras cabezas. Pero no menos, insisto, esos 14 kilogramos diarios que cada persona inhala para que todos sus motores la muevan.<\/p>\n<p style=\"text-align: justify;\"><big><strong><a title=\"Generadores de Ozono21\" href=\"https:\/\/www.ozono21.com\/productos-ozono\" target=\"_blank\" rel=\"noopener noreferrer\">Cuando comencemos a dejar que el aire respire su propia identidad: esa leve, suave, vivificante combinaci\u00f3n de gases, tambi\u00e9n se habr\u00e1 iniciado el pago de la descomunal deuda contra\u00edda con la base de la vida por no haber querido reconocer que la mejor conducta es aquella que devuelve, una vez dadas las gracias, lo mismo que ha recibido.<\/A><\/strong><\/big><\/p>\n<p style=\"text-align: justify;\">En este caso: TRANSPARENCIA.<\/p>\n<p style=\"text-align: justify;\">\u00abLa atm\u00f3sfera comparte su dulzura con todos\u00bb Jorge Guill\u00e9n (1893-1984)<\/p>\n<table border=\"3\" cellspacing=\"0\" cellpadding=\"0\">\n<tbody>\n<tr>\n<td bgcolor=\"#3b7cff\" height=\"25\" width=\"600\" align=\"center\"><strong><a title=\"Actualidad ACCION del OZONO\" href=\"https:\/\/www.ozono21.com\/actualidad-interna\/accion-del-ozono\/423\/\" target=\"_blank\" rel=\"noopener noreferrer\"><img loading=\"lazy\" decoding=\"async\" src=\"https:\/\/www.ozono21.com\/blog\/wp-content\/uploads\/2014\/06\/Noticias-Relacionadas.png\" alt=\"Noticias Relacionadas\" width=\"600\" height=\"25\" style=\"margin: 0px 0px 0px 0px; cursor: hand; border: 0px;\"><\/a><\/strong>\n<\/td>\n<\/tr>\n<\/tbody>\n<\/table>\n<p><big><\/p>\n<table border=\"0\" cellspacing=\"0\" cellpadding=\"0\">\n<tbody>\n<tr>\n<td align=\"center\" width=\"150\" height=\"150\"> <a title=\" Post sobre el AIRE \" href=\"https:\/\/www.ozono21.com\/blog\/category\/aire\/\" target=\"_blank\"   rel=\"noopener noreferrer\"><img loading=\"lazy\" decoding=\"async\" class=\"alignleft size-thumbnail wp-image-5212354\"  style=\"margin: 10px 10px 0px 10px; border: 0px;\" src=\"https:\/\/3.bp.blogspot.com\/_IBPlVqONz58\/Rs7RxJOi58I\/AAAAAAAAAD0\/aJkm0SiOoh8\/s320\/1171223407_0.jpg\" alt=\"Post sobre el AIRE \" title=\"Post sobre el AIRE \"  width=\"150\" height=\"150\" \/><\/a><\/td>\n<td style=\"text-align: left; vertical-align: middle;\" width=\"300\" height=\"150\"><strong><a title=\"Post sobre el AIRE \" href=\"https:\/\/www.ozono21.com\/blog\/category\/aire\/\" target=\"_blank\" rel=\"noopener noreferrer\">Post sobre el AIRE <\/a><\/strong><\/td>\n<\/tr>\n<\/tbody>\n<\/table>\n<p><\/big><\/p>\n<table border=\"3\" cellspacing=\"0\" cellpadding=\"0\">\n<tbody>\n<tr>\n<td bgcolor=\"#3b7cff\" height=\"25\" width=\"600\" align=\"center\"><strong><a title=\"Videos YouTube\" target=\"_blank\" href=\"http:\/\/www.youtube.com\/user\/ozono21\/videos?sort=p&amp;view=0&amp;flow=grid\" rel=\"noopener noreferrer\"><img loading=\"lazy\" decoding=\"async\" src=\"https:\/\/www.ozono21.com\/blog\/wp-content\/uploads\/2014\/06\/Videos-Youtube.png\" alt=\"Videos Youtube\" width=\"600\" height=\"25\" style=\"margin: 0px 0px 0px 0px; cursor: hand; border: 0px;\"><\/a><\/strong>\n<\/td>\n<\/tr>\n<\/tbody>\n<\/table>\n<p>&nbsp;<\/P><\/p>\n<p style=\"text-align: center;\"><iframe loading=\"lazy\" width=\"640\" height=\"480\" src=\"https:\/\/www.youtube.com\/embed\/Lcv2xcWmsMU\" frameborder=\"0\" allow=\"accelerometer; autoplay; encrypted-media; gyroscope; picture-in-picture\" allowfullscreen><\/iframe><\/p>\n<div class=\"pvc_clear\"><\/div>\n<p id=\"pvc_stats_31\" class=\"pvc_stats total_only  \" data-element-id=\"31\" style=\"\"><i class=\"pvc-stats-icon small\" aria-hidden=\"true\"><svg aria-hidden=\"true\" focusable=\"false\" data-prefix=\"far\" data-icon=\"chart-bar\" role=\"img\" xmlns=\"http:\/\/www.w3.org\/2000\/svg\" viewBox=\"0 0 512 512\" class=\"svg-inline--fa fa-chart-bar fa-w-16 fa-2x\"><path fill=\"currentColor\" d=\"M396.8 352h22.4c6.4 0 12.8-6.4 12.8-12.8V108.8c0-6.4-6.4-12.8-12.8-12.8h-22.4c-6.4 0-12.8 6.4-12.8 12.8v230.4c0 6.4 6.4 12.8 12.8 12.8zm-192 0h22.4c6.4 0 12.8-6.4 12.8-12.8V140.8c0-6.4-6.4-12.8-12.8-12.8h-22.4c-6.4 0-12.8 6.4-12.8 12.8v198.4c0 6.4 6.4 12.8 12.8 12.8zm96 0h22.4c6.4 0 12.8-6.4 12.8-12.8V204.8c0-6.4-6.4-12.8-12.8-12.8h-22.4c-6.4 0-12.8 6.4-12.8 12.8v134.4c0 6.4 6.4 12.8 12.8 12.8zM496 400H48V80c0-8.84-7.16-16-16-16H16C7.16 64 0 71.16 0 80v336c0 17.67 14.33 32 32 32h464c8.84 0 16-7.16 16-16v-16c0-8.84-7.16-16-16-16zm-387.2-48h22.4c6.4 0 12.8-6.4 12.8-12.8v-70.4c0-6.4-6.4-12.8-12.8-12.8h-22.4c-6.4 0-12.8 6.4-12.8 12.8v70.4c0 6.4 6.4 12.8 12.8 12.8z\" class=\"\"><\/path><\/svg><\/i> <img loading=\"lazy\" decoding=\"async\" width=\"16\" height=\"16\" alt=\"Loading\" src=\"https:\/\/www.ozono21.com\/blog\/wp-content\/plugins\/page-views-count\/ajax-loader-2x.gif\" border=0 \/><\/p>\n<div class=\"pvc_clear\"><\/div>\n","protected":false},"excerpt":{"rendered":"<p>La respiraci\u00f3n del aire Para enfrentarnos al cambio clim\u00e1tico, tendremos que saber comprender mejor qu\u00e9 es el aire La vida es capic\u00faa. Por tanto, podemos y debemos leerla en ambas direcciones sin que var\u00ede su sentido, prop\u00f3sito y su contenido. &hellip; <a href=\"https:\/\/www.ozono21.com\/blog\/salud\/la-respiracion-del-aire\/\">Sigue leyendo <span class=\"meta-nav\">&rarr;<\/span><\/a><\/p>\n<div class=\"pvc_clear\"><\/div>\n<p id=\"pvc_stats_31\" class=\"pvc_stats total_only  \" data-element-id=\"31\" style=\"\"><i class=\"pvc-stats-icon small\" aria-hidden=\"true\"><svg aria-hidden=\"true\" focusable=\"false\" data-prefix=\"far\" data-icon=\"chart-bar\" role=\"img\" xmlns=\"http:\/\/www.w3.org\/2000\/svg\" viewBox=\"0 0 512 512\" class=\"svg-inline--fa fa-chart-bar fa-w-16 fa-2x\"><path fill=\"currentColor\" d=\"M396.8 352h22.4c6.4 0 12.8-6.4 12.8-12.8V108.8c0-6.4-6.4-12.8-12.8-12.8h-22.4c-6.4 0-12.8 6.4-12.8 12.8v230.4c0 6.4 6.4 12.8 12.8 12.8zm-192 0h22.4c6.4 0 12.8-6.4 12.8-12.8V140.8c0-6.4-6.4-12.8-12.8-12.8h-22.4c-6.4 0-12.8 6.4-12.8 12.8v198.4c0 6.4 6.4 12.8 12.8 12.8zm96 0h22.4c6.4 0 12.8-6.4 12.8-12.8V204.8c0-6.4-6.4-12.8-12.8-12.8h-22.4c-6.4 0-12.8 6.4-12.8 12.8v134.4c0 6.4 6.4 12.8 12.8 12.8zM496 400H48V80c0-8.84-7.16-16-16-16H16C7.16 64 0 71.16 0 80v336c0 17.67 14.33 32 32 32h464c8.84 0 16-7.16 16-16v-16c0-8.84-7.16-16-16-16zm-387.2-48h22.4c6.4 0 12.8-6.4 12.8-12.8v-70.4c0-6.4-6.4-12.8-12.8-12.8h-22.4c-6.4 0-12.8 6.4-12.8 12.8v70.4c0 6.4 6.4 12.8 12.8 12.8z\" class=\"\"><\/path><\/svg><\/i> <img loading=\"lazy\" decoding=\"async\" width=\"16\" height=\"16\" alt=\"Loading\" src=\"https:\/\/www.ozono21.com\/blog\/wp-content\/plugins\/page-views-count\/ajax-loader-2x.gif\" border=0 \/><\/p>\n<div class=\"pvc_clear\"><\/div>\n","protected":false},"author":1,"featured_media":5214371,"comment_status":"open","ping_status":"open","sticky":false,"template":"","format":"standard","meta":{"_exactmetrics_skip_tracking":false,"_exactmetrics_sitenote_active":false,"_exactmetrics_sitenote_note":"","_exactmetrics_sitenote_category":0,"_jetpack_memberships_contains_paid_content":false,"footnotes":"","jetpack_publicize_message":"","jetpack_publicize_feature_enabled":true,"jetpack_social_post_already_shared":false,"jetpack_social_options":{"image_generator_settings":{"template":"highway","default_image_id":0,"font":"","enabled":false},"version":2}},"categories":[8,17,13,14,10,12,7],"tags":[69,18,73,21,36],"class_list":["post-31","post","type-post","status-publish","format-standard","has-post-thumbnail","hentry","category-aire","category-contaminacion","category-medioambiente","category-ozono","category-ozono21","category-polucion","category-salud","tag-aire","tag-asepsia","tag-polucion","tag-salud-2","tag-toxinas-2"],"a3_pvc":{"activated":true,"total_views":3588,"today_views":51},"yoast_head":"<!-- This site is optimized with the Yoast SEO plugin v27.5 - https:\/\/yoast.com\/product\/yoast-seo-wordpress\/ -->\n<title>AIRE La respiraci\u00f3n del aire<\/title>\n<meta name=\"description\" content=\"respiraci\u00f3n del aire. Para enfrentarnos al cambio clim\u00e1tico, necesario comprender mejor qu\u00e9 es el aire. Sin AIRE con Ox\u00edgeno no hay vida\" \/>\n<meta name=\"robots\" content=\"index, follow, max-snippet:-1, max-image-preview:large, max-video-preview:-1\" \/>\n<link rel=\"canonical\" href=\"https:\/\/www.ozono21.com\/blog\/salud\/la-respiracion-del-aire\/\" \/>\n<meta property=\"og:locale\" content=\"es_ES\" \/>\n<meta property=\"og:type\" content=\"article\" \/>\n<meta property=\"og:title\" content=\"AIRE La respiraci\u00f3n del aire\" \/>\n<meta property=\"og:description\" content=\"respiraci\u00f3n del aire. Para enfrentarnos al cambio clim\u00e1tico, necesario comprender mejor qu\u00e9 es el aire. Sin AIRE con Ox\u00edgeno no hay vida\" \/>\n<meta property=\"og:url\" content=\"https:\/\/www.ozono21.com\/blog\/salud\/la-respiracion-del-aire\/\" \/>\n<meta property=\"og:site_name\" content=\"- Blog Ozono21\" \/>\n<meta property=\"article:published_time\" content=\"2007-08-24T12:30:00+00:00\" \/>\n<meta property=\"article:modified_time\" content=\"2026-02-02T19:23:58+00:00\" \/>\n<meta property=\"og:image\" content=\"https:\/\/www.ozono21.com\/blog\/wp-content\/uploads\/2007\/08\/La-respiraci\u00f3n-del-aire.jpg\" \/>\n\t<meta property=\"og:image:width\" content=\"300\" \/>\n\t<meta property=\"og:image:height\" content=\"237\" \/>\n\t<meta property=\"og:image:type\" content=\"image\/jpeg\" \/>\n<meta name=\"author\" content=\"INVESTIGACION Ozono21\" \/>\n<meta name=\"twitter:label1\" content=\"Escrito por\" \/>\n\t<meta name=\"twitter:data1\" content=\"INVESTIGACION Ozono21\" \/>\n\t<meta name=\"twitter:label2\" content=\"Tiempo de lectura\" \/>\n\t<meta name=\"twitter:data2\" content=\"2 minutos\" \/>\n<script type=\"application\/ld+json\" class=\"yoast-schema-graph\">{\"@context\":\"https:\\\/\\\/schema.org\",\"@graph\":[{\"@type\":\"Article\",\"@id\":\"https:\\\/\\\/www.ozono21.com\\\/blog\\\/salud\\\/la-respiracion-del-aire\\\/#article\",\"isPartOf\":{\"@id\":\"https:\\\/\\\/www.ozono21.com\\\/blog\\\/salud\\\/la-respiracion-del-aire\\\/\"},\"author\":{\"name\":\"INVESTIGACION Ozono21\",\"@id\":\"https:\\\/\\\/www.ozono21.com\\\/blog\\\/#\\\/schema\\\/person\\\/16639932c214a173193498aee8204d12\"},\"headline\":\"La respiraci\u00f3n del aire\",\"datePublished\":\"2007-08-24T12:30:00+00:00\",\"dateModified\":\"2026-02-02T19:23:58+00:00\",\"mainEntityOfPage\":{\"@id\":\"https:\\\/\\\/www.ozono21.com\\\/blog\\\/salud\\\/la-respiracion-del-aire\\\/\"},\"wordCount\":476,\"commentCount\":0,\"image\":{\"@id\":\"https:\\\/\\\/www.ozono21.com\\\/blog\\\/salud\\\/la-respiracion-del-aire\\\/#primaryimage\"},\"thumbnailUrl\":\"https:\\\/\\\/www.ozono21.com\\\/blog\\\/wp-content\\\/uploads\\\/2007\\\/08\\\/La-respiraci\u00f3n-del-aire.jpg\",\"keywords\":[\"Aire\",\"Asepsia\",\"Poluci\u00f3n\",\"Salud\",\"Toxinas\"],\"articleSection\":[\"Aire\",\"Contaminaci\u00f3n\",\"MedioAmbiente\",\"OZONO\",\"Ozono21\",\"Poluci\u00f3n\",\"Salud\"],\"inLanguage\":\"es\",\"potentialAction\":[{\"@type\":\"CommentAction\",\"name\":\"Comment\",\"target\":[\"https:\\\/\\\/www.ozono21.com\\\/blog\\\/salud\\\/la-respiracion-del-aire\\\/#respond\"]}]},{\"@type\":\"WebPage\",\"@id\":\"https:\\\/\\\/www.ozono21.com\\\/blog\\\/salud\\\/la-respiracion-del-aire\\\/\",\"url\":\"https:\\\/\\\/www.ozono21.com\\\/blog\\\/salud\\\/la-respiracion-del-aire\\\/\",\"name\":\"AIRE La respiraci\u00f3n del aire\",\"isPartOf\":{\"@id\":\"https:\\\/\\\/www.ozono21.com\\\/blog\\\/#website\"},\"primaryImageOfPage\":{\"@id\":\"https:\\\/\\\/www.ozono21.com\\\/blog\\\/salud\\\/la-respiracion-del-aire\\\/#primaryimage\"},\"image\":{\"@id\":\"https:\\\/\\\/www.ozono21.com\\\/blog\\\/salud\\\/la-respiracion-del-aire\\\/#primaryimage\"},\"thumbnailUrl\":\"https:\\\/\\\/www.ozono21.com\\\/blog\\\/wp-content\\\/uploads\\\/2007\\\/08\\\/La-respiraci\u00f3n-del-aire.jpg\",\"datePublished\":\"2007-08-24T12:30:00+00:00\",\"dateModified\":\"2026-02-02T19:23:58+00:00\",\"author\":{\"@id\":\"https:\\\/\\\/www.ozono21.com\\\/blog\\\/#\\\/schema\\\/person\\\/16639932c214a173193498aee8204d12\"},\"description\":\"respiraci\u00f3n del aire. Para enfrentarnos al cambio clim\u00e1tico, necesario comprender mejor qu\u00e9 es el aire. Sin AIRE con Ox\u00edgeno no hay vida\",\"breadcrumb\":{\"@id\":\"https:\\\/\\\/www.ozono21.com\\\/blog\\\/salud\\\/la-respiracion-del-aire\\\/#breadcrumb\"},\"inLanguage\":\"es\",\"potentialAction\":[{\"@type\":\"ReadAction\",\"target\":[\"https:\\\/\\\/www.ozono21.com\\\/blog\\\/salud\\\/la-respiracion-del-aire\\\/\"]}]},{\"@type\":\"ImageObject\",\"inLanguage\":\"es\",\"@id\":\"https:\\\/\\\/www.ozono21.com\\\/blog\\\/salud\\\/la-respiracion-del-aire\\\/#primaryimage\",\"url\":\"https:\\\/\\\/www.ozono21.com\\\/blog\\\/wp-content\\\/uploads\\\/2007\\\/08\\\/La-respiraci\u00f3n-del-aire.jpg\",\"contentUrl\":\"https:\\\/\\\/www.ozono21.com\\\/blog\\\/wp-content\\\/uploads\\\/2007\\\/08\\\/La-respiraci\u00f3n-del-aire.jpg\",\"width\":300,\"height\":237},{\"@type\":\"BreadcrumbList\",\"@id\":\"https:\\\/\\\/www.ozono21.com\\\/blog\\\/salud\\\/la-respiracion-del-aire\\\/#breadcrumb\",\"itemListElement\":[{\"@type\":\"ListItem\",\"position\":1,\"name\":\"Portada\",\"item\":\"https:\\\/\\\/www.ozono21.com\\\/blog\\\/\"},{\"@type\":\"ListItem\",\"position\":2,\"name\":\"La respiraci\u00f3n del aire\"}]},{\"@type\":\"WebSite\",\"@id\":\"https:\\\/\\\/www.ozono21.com\\\/blog\\\/#website\",\"url\":\"https:\\\/\\\/www.ozono21.com\\\/blog\\\/\",\"name\":\"Blog Ozono21\",\"description\":\" - Blog Ozono21\",\"potentialAction\":[{\"@type\":\"SearchAction\",\"target\":{\"@type\":\"EntryPoint\",\"urlTemplate\":\"https:\\\/\\\/www.ozono21.com\\\/blog\\\/?s={search_term_string}\"},\"query-input\":{\"@type\":\"PropertyValueSpecification\",\"valueRequired\":true,\"valueName\":\"search_term_string\"}}],\"inLanguage\":\"es\"},{\"@type\":\"Person\",\"@id\":\"https:\\\/\\\/www.ozono21.com\\\/blog\\\/#\\\/schema\\\/person\\\/16639932c214a173193498aee8204d12\",\"name\":\"INVESTIGACION Ozono21\",\"image\":{\"@type\":\"ImageObject\",\"inLanguage\":\"es\",\"@id\":\"https:\\\/\\\/secure.gravatar.com\\\/avatar\\\/f00ed9ac57a3eea6b9830d73dc9f9214775648c7763edcb20475eb83509b31fd?s=96&d=mm&r=g\",\"url\":\"https:\\\/\\\/secure.gravatar.com\\\/avatar\\\/f00ed9ac57a3eea6b9830d73dc9f9214775648c7763edcb20475eb83509b31fd?s=96&d=mm&r=g\",\"contentUrl\":\"https:\\\/\\\/secure.gravatar.com\\\/avatar\\\/f00ed9ac57a3eea6b9830d73dc9f9214775648c7763edcb20475eb83509b31fd?s=96&d=mm&r=g\",\"caption\":\"INVESTIGACION Ozono21\"}}]}<\/script>\n<!-- \/ Yoast SEO plugin. -->","yoast_head_json":{"title":"AIRE La respiraci\u00f3n del aire","description":"respiraci\u00f3n del aire. Para enfrentarnos al cambio clim\u00e1tico, necesario comprender mejor qu\u00e9 es el aire. Sin AIRE con Ox\u00edgeno no hay vida","robots":{"index":"index","follow":"follow","max-snippet":"max-snippet:-1","max-image-preview":"max-image-preview:large","max-video-preview":"max-video-preview:-1"},"canonical":"https:\/\/www.ozono21.com\/blog\/salud\/la-respiracion-del-aire\/","og_locale":"es_ES","og_type":"article","og_title":"AIRE La respiraci\u00f3n del aire","og_description":"respiraci\u00f3n del aire. Para enfrentarnos al cambio clim\u00e1tico, necesario comprender mejor qu\u00e9 es el aire. Sin AIRE con Ox\u00edgeno no hay vida","og_url":"https:\/\/www.ozono21.com\/blog\/salud\/la-respiracion-del-aire\/","og_site_name":"- Blog Ozono21","article_published_time":"2007-08-24T12:30:00+00:00","article_modified_time":"2026-02-02T19:23:58+00:00","og_image":[{"width":300,"height":237,"url":"https:\/\/www.ozono21.com\/blog\/wp-content\/uploads\/2007\/08\/La-respiraci\u00f3n-del-aire.jpg","type":"image\/jpeg"}],"author":"INVESTIGACION Ozono21","twitter_misc":{"Escrito por":"INVESTIGACION Ozono21","Tiempo de lectura":"2 minutos"},"schema":{"@context":"https:\/\/schema.org","@graph":[{"@type":"Article","@id":"https:\/\/www.ozono21.com\/blog\/salud\/la-respiracion-del-aire\/#article","isPartOf":{"@id":"https:\/\/www.ozono21.com\/blog\/salud\/la-respiracion-del-aire\/"},"author":{"name":"INVESTIGACION Ozono21","@id":"https:\/\/www.ozono21.com\/blog\/#\/schema\/person\/16639932c214a173193498aee8204d12"},"headline":"La respiraci\u00f3n del aire","datePublished":"2007-08-24T12:30:00+00:00","dateModified":"2026-02-02T19:23:58+00:00","mainEntityOfPage":{"@id":"https:\/\/www.ozono21.com\/blog\/salud\/la-respiracion-del-aire\/"},"wordCount":476,"commentCount":0,"image":{"@id":"https:\/\/www.ozono21.com\/blog\/salud\/la-respiracion-del-aire\/#primaryimage"},"thumbnailUrl":"https:\/\/www.ozono21.com\/blog\/wp-content\/uploads\/2007\/08\/La-respiraci\u00f3n-del-aire.jpg","keywords":["Aire","Asepsia","Poluci\u00f3n","Salud","Toxinas"],"articleSection":["Aire","Contaminaci\u00f3n","MedioAmbiente","OZONO","Ozono21","Poluci\u00f3n","Salud"],"inLanguage":"es","potentialAction":[{"@type":"CommentAction","name":"Comment","target":["https:\/\/www.ozono21.com\/blog\/salud\/la-respiracion-del-aire\/#respond"]}]},{"@type":"WebPage","@id":"https:\/\/www.ozono21.com\/blog\/salud\/la-respiracion-del-aire\/","url":"https:\/\/www.ozono21.com\/blog\/salud\/la-respiracion-del-aire\/","name":"AIRE La respiraci\u00f3n del aire","isPartOf":{"@id":"https:\/\/www.ozono21.com\/blog\/#website"},"primaryImageOfPage":{"@id":"https:\/\/www.ozono21.com\/blog\/salud\/la-respiracion-del-aire\/#primaryimage"},"image":{"@id":"https:\/\/www.ozono21.com\/blog\/salud\/la-respiracion-del-aire\/#primaryimage"},"thumbnailUrl":"https:\/\/www.ozono21.com\/blog\/wp-content\/uploads\/2007\/08\/La-respiraci\u00f3n-del-aire.jpg","datePublished":"2007-08-24T12:30:00+00:00","dateModified":"2026-02-02T19:23:58+00:00","author":{"@id":"https:\/\/www.ozono21.com\/blog\/#\/schema\/person\/16639932c214a173193498aee8204d12"},"description":"respiraci\u00f3n del aire. Para enfrentarnos al cambio clim\u00e1tico, necesario comprender mejor qu\u00e9 es el aire. Sin AIRE con Ox\u00edgeno no hay vida","breadcrumb":{"@id":"https:\/\/www.ozono21.com\/blog\/salud\/la-respiracion-del-aire\/#breadcrumb"},"inLanguage":"es","potentialAction":[{"@type":"ReadAction","target":["https:\/\/www.ozono21.com\/blog\/salud\/la-respiracion-del-aire\/"]}]},{"@type":"ImageObject","inLanguage":"es","@id":"https:\/\/www.ozono21.com\/blog\/salud\/la-respiracion-del-aire\/#primaryimage","url":"https:\/\/www.ozono21.com\/blog\/wp-content\/uploads\/2007\/08\/La-respiraci\u00f3n-del-aire.jpg","contentUrl":"https:\/\/www.ozono21.com\/blog\/wp-content\/uploads\/2007\/08\/La-respiraci\u00f3n-del-aire.jpg","width":300,"height":237},{"@type":"BreadcrumbList","@id":"https:\/\/www.ozono21.com\/blog\/salud\/la-respiracion-del-aire\/#breadcrumb","itemListElement":[{"@type":"ListItem","position":1,"name":"Portada","item":"https:\/\/www.ozono21.com\/blog\/"},{"@type":"ListItem","position":2,"name":"La respiraci\u00f3n del aire"}]},{"@type":"WebSite","@id":"https:\/\/www.ozono21.com\/blog\/#website","url":"https:\/\/www.ozono21.com\/blog\/","name":"Blog Ozono21","description":" - Blog Ozono21","potentialAction":[{"@type":"SearchAction","target":{"@type":"EntryPoint","urlTemplate":"https:\/\/www.ozono21.com\/blog\/?s={search_term_string}"},"query-input":{"@type":"PropertyValueSpecification","valueRequired":true,"valueName":"search_term_string"}}],"inLanguage":"es"},{"@type":"Person","@id":"https:\/\/www.ozono21.com\/blog\/#\/schema\/person\/16639932c214a173193498aee8204d12","name":"INVESTIGACION Ozono21","image":{"@type":"ImageObject","inLanguage":"es","@id":"https:\/\/secure.gravatar.com\/avatar\/f00ed9ac57a3eea6b9830d73dc9f9214775648c7763edcb20475eb83509b31fd?s=96&d=mm&r=g","url":"https:\/\/secure.gravatar.com\/avatar\/f00ed9ac57a3eea6b9830d73dc9f9214775648c7763edcb20475eb83509b31fd?s=96&d=mm&r=g","contentUrl":"https:\/\/secure.gravatar.com\/avatar\/f00ed9ac57a3eea6b9830d73dc9f9214775648c7763edcb20475eb83509b31fd?s=96&d=mm&r=g","caption":"INVESTIGACION Ozono21"}}]}},"jetpack_publicize_connections":[],"jetpack_featured_media_url":"https:\/\/www.ozono21.com\/blog\/wp-content\/uploads\/2007\/08\/La-respiraci\u00f3n-del-aire.jpg","jetpack_sharing_enabled":true,"_links":{"self":[{"href":"https:\/\/www.ozono21.com\/blog\/wp-json\/wp\/v2\/posts\/31","targetHints":{"allow":["GET"]}}],"collection":[{"href":"https:\/\/www.ozono21.com\/blog\/wp-json\/wp\/v2\/posts"}],"about":[{"href":"https:\/\/www.ozono21.com\/blog\/wp-json\/wp\/v2\/types\/post"}],"author":[{"embeddable":true,"href":"https:\/\/www.ozono21.com\/blog\/wp-json\/wp\/v2\/users\/1"}],"replies":[{"embeddable":true,"href":"https:\/\/www.ozono21.com\/blog\/wp-json\/wp\/v2\/comments?post=31"}],"version-history":[{"count":0,"href":"https:\/\/www.ozono21.com\/blog\/wp-json\/wp\/v2\/posts\/31\/revisions"}],"wp:featuredmedia":[{"embeddable":true,"href":"https:\/\/www.ozono21.com\/blog\/wp-json\/wp\/v2\/media\/5214371"}],"wp:attachment":[{"href":"https:\/\/www.ozono21.com\/blog\/wp-json\/wp\/v2\/media?parent=31"}],"wp:term":[{"taxonomy":"category","embeddable":true,"href":"https:\/\/www.ozono21.com\/blog\/wp-json\/wp\/v2\/categories?post=31"},{"taxonomy":"post_tag","embeddable":true,"href":"https:\/\/www.ozono21.com\/blog\/wp-json\/wp\/v2\/tags?post=31"}],"curies":[{"name":"wp","href":"https:\/\/api.w.org\/{rel}","templated":true}]}}