{"id":2769457,"date":"2008-02-22T21:41:51","date_gmt":"2008-02-22T22:41:51","guid":{"rendered":"https:\/\/www.ozono21.com\/blog\/2769457\/sin-categoria\/la-granja-de-caracoles-ecologicos-de-orduna-produce-dos-toneladas-en-su-primer-ano\/"},"modified":"2026-02-01T21:44:41","modified_gmt":"2026-02-01T19:44:41","slug":"granja-de-caracoles-ecologicos","status":"publish","type":"post","link":"https:\/\/www.ozono21.com\/blog\/salud\/granja-de-caracoles-ecologicos\/","title":{"rendered":"Granja de caracoles ECOLOGICOS"},"content":{"rendered":"<p style=\"text-align: justify;\">\n<h2 style=\"text-align: justify;\"><strong><img loading=\"lazy\" decoding=\"async\" class=\"alignleft size-full wp-image-5194545\" style=\"border: 0px;\" title=\"caracoles_2\" src=\"https:\/\/www.ozono21.com\/blog\/wp-content\/uploads\/2008\/02\/caracoles_2.jpg\" alt=\"La granja de caracoles ECOLOGICOS de Ordu\u00f1a produce dos toneladas en su primer a\u00f1o\" width=\"202\" height=\"171\" \/><a target=\"_blank\"  title=\"Ozono para Cr\u00eda de Animales. Las malas condiciones del aire y el agua pueden tener efectos nocivos en los animales de cr\u00eda\"   href=\"https:\/\/www.ozono21.com\/sectores\/industriales\/cria-animal\/22\/\" rel=\"noopener noreferrer\">La granja de caracoles ECOLOGICOS de Ordu\u00f1a produce dos toneladas en su primer a\u00f1o.<BR \/><BR \/>Los responsables de esta explotaci\u00f3n, pionera en Euskadi, quieren triplicar su rendimiento durante 2008 y ampliar los puntos de venta.<\/a><\/strong><\/h2>\n<\/p>\n<p>Fuente: El Correo Digital (21\/02\/2008)<\/p>\n<p style=\"text-align: justify;\">Comer caracoles criados de manera ecol\u00f3gica es posible en el Pa\u00eds Vasco gracias a la pionera iniciativa de la granja Barraskibide, ubicada en Ordu\u00f1a. La explotaci\u00f3n cierra su primer balance anual con <strong>\u00abbuenas sensaciones\u00bb<\/strong> tras haber producido \u00abdos toneladas de unidades que se agotaron hace varios meses\u00bb. \u00abEsperamos llegar a las seis toneladas este a\u00f1o y alcanzar el 15 por ciento de la cuota de mercado en Vizcaya\u00bb, explica I\u00f1aki Cantero, art\u00edfice de la idea junto a su mujer, Ainhoa \u00c1lava.<\/P><\/p>\n<p style=\"text-align: justify;\">Ambos gestionan el negocio en una finca en la pedan\u00eda de Lendo\u00f1o de Abajo tras lograr el primer premio del concurso de ideas empresariales organizado por el Behargintza de Ordu\u00f1a y recibir el impulso del Servicio para el desarrollo de la agricultura ecol\u00f3gica, Ekoizpen Urdu\u00f1a. Tras conocer el negocio hace a\u00f1os en Catalu\u00f1a y Arag\u00f3n, donde existen al menos 26 explotaciones, se iniciaron en la helicicultura, un campo por desarrollar en Euskadi.<\/P><\/p>\n<p style=\"text-align: justify;\">Y los primeros resultados son \u00abmuy positivos\u00bb, a juicio de Cantero. <strong>\u00abM\u00e1s que la cantidad, el reto es mejorar la selecci\u00f3n del caracol, que todos tengan un tama\u00f1o uniforme y de calidad\u00bb<\/strong>. Los ejemplares de \u00abhelix aspersa muller\u00bb han comenzado a engordar en Ordu\u00f1a con los mimos de \u00c1lava y Cantero. <strong>\u00abLa diferencia con los silvestres es la calidad. Los caracoles de granja ecol\u00f3gica tienen la garant\u00eda de estar sanos, est\u00e1n criados con m\u00e9todos naturales y tienen un 35 por ciento m\u00e1s de carne\u00bb.<\/strong><\/P><\/p>\n<p style=\"text-align: justify;\">Los inicios no fueron f\u00e1ciles. La ola de fr\u00edo que azot\u00f3 Arag\u00f3n el pasado a\u00f1o limit\u00f3 la posibilidad de comprar ejemplares y la escasez de lluvia ha multiplicado las bacterias en Ordu\u00f1a. <strong>\u00abLos caracoles existen desde hace mucho, pero no hay un estudio veterinario profundo sobre ellos\u00bb<\/strong>, dicen.<\/P><\/p>\n<p><big><strong>Sello de calidad en mayo<\/strong><\/big><\/P><\/p>\n<p style=\"text-align: justify;\">A\u00fan as\u00ed, la idea \u00abha cuajado\u00bb. Pese a comprometer toda la producci\u00f3n a una empresa catalana, la pareja se ha animado a comercializar su propia marca en Euskadi entre restauradores y clientes particulares. Mientras esperan recibir el sello de calidad ecol\u00f3gica, \u00abque llegar\u00e1 sobre mayo\u00bb, y estudian expandirse hacia Madrid y Francia, buscan nuevos canales de comercializaci\u00f3n.<\/P><\/p>\n<p style=\"text-align: justify;\"><BIG><strong><a target=\"_blank\"  title=\"Ozono para Cr\u00eda de Animales. Las malas condiciones del aire y el agua pueden tener efectos nocivos en los animales de cr\u00eda\"  href=\"https:\/\/www.ozono21.com\/sectores-pagina\/industriales\/cria-animal\/22\/\" rel=\"noopener noreferrer\">Por ejemplo, las tiendas \u00abdelicatessen\u00bb, donde quieren ofrecer el producto \u00abembotado, cocido y listo para su consumo\u00bb, y en la modalidad de \u00abatm\u00f3sfera controlada\u00bb, proceso experimental \u00abque los mantiene frescos m\u00e1s tiempo\u00bb.<\/a><\/strong><\/BIG><\/P><\/p>\n<table border=\"3\" cellspacing=\"0\" cellpadding=\"0\">\n<tbody>\n<tr>\n<td bgcolor=\"#3b7cff\" height=\"25\" width=\"600\" align=\"center\"><strong><a title=\"Acci&oacute;n del OZONO\" target=\"_blank\" href=\"https:\/\/www.ozono21.com\/actualidad-interna\/accion-del-ozono\/423\/\" rel=\"noopener noreferrer\"><img loading=\"lazy\" decoding=\"async\" border=\"0\" alt=\"Noticias Relacionadas\" width=\"600\" height=\"25\" src=\"\/blog\/wp-content\/uploads\/2014\/06\/Noticias-Relacionadas.png\" \/><\/a><\/strong><\/td>\n<\/tr>\n<\/tbody>\n<\/table>\n<p><big><\/p>\n<table border=\"0\" cellspacing=\"0\" cellpadding=\"0\">\n<tbody>\n<tr>\n<td width=\"150\" height=\"150\" align=\"center\"><a title=\"CARACOL y CARACOL\" href=\"https:\/\/www.ozono21.com\/blog\/?s=caracoles\" target=\"_blank\" rel=\"noopener noreferrer\"><img loading=\"lazy\" decoding=\"async\" src=\"https:\/\/1.bp.blogspot.com\/_IBPlVqONz58\/SVAAwJxObbI\/AAAAAAAAAww\/QFL24bMq1M4\/s320\/caracoles3.gif\"  alt=\"CARACOL y CARACOL\" width=\"145\" height=\"145\" class=\"alignright size-full wp-image-5207224\"  style=\"margin: 10px 10px 10px 0px; cursor: hand; border: 0px;\" border=\"0\" \/><\/a><\/td>\n<td width=\"300\" height=\"150\" style=\"text-align: left; vertical-align: middle;\"><strong><a title=\"CARACOL y CARACOL\" href=\"https:\/\/www.ozono21.com\/blog\/?s=caracoles\" target=\"_blank\"  rel=\"noopener noreferrer\">CARACOL y CARACOL<\/a><\/strong>\n<\/td>\n<\/tr>\n<\/tbody>\n<\/table>\n<p><\/big><\/p>\n<table border=\"3\" cellspacing=\"0\" cellpadding=\"0\">\n<tbody>\n<tr>\n<td bgcolor=\"#3b7cff\" height=\"25\" width=\"600\" align=\"center\"><strong><a title=\"Videos YouTube\" target=\"_blank\"     href=\"https:\/\/www.youtube.com\/user\/ozono21\/videos?sort=p&amp;view=0&amp;flow=grid\" rel=\"noopener noreferrer\"><img loading=\"lazy\" decoding=\"async\" src=\"https:\/\/www.ozono21.com\/blog\/wp-content\/uploads\/2014\/06\/Videos-Youtube.png\" alt=\"Videos Youtube\" width=\"600\" height=\"25\" border=\"0\" \/><\/a><\/strong>\n<\/td>\n<\/tr>\n<\/tbody>\n<\/table>\n<p>&nbsp;<\/p>\n<p style=\"text-align: center;\"><iframe loading=\"lazy\" width=\"640\" height=\"480\" src=\"https:\/\/www.youtube.com\/embed\/XEUWKe8gFvo\" frameborder=\"0\" allow=\"accelerometer; autoplay; encrypted-media; gyroscope; picture-in-picture\" allowfullscreen><\/iframe><\/p>\n<div class=\"pvc_clear\"><\/div>\n<p id=\"pvc_stats_2769457\" class=\"pvc_stats total_only  \" data-element-id=\"2769457\" style=\"\"><i class=\"pvc-stats-icon small\" aria-hidden=\"true\"><svg aria-hidden=\"true\" focusable=\"false\" data-prefix=\"far\" data-icon=\"chart-bar\" role=\"img\" xmlns=\"http:\/\/www.w3.org\/2000\/svg\" viewBox=\"0 0 512 512\" class=\"svg-inline--fa fa-chart-bar fa-w-16 fa-2x\"><path fill=\"currentColor\" d=\"M396.8 352h22.4c6.4 0 12.8-6.4 12.8-12.8V108.8c0-6.4-6.4-12.8-12.8-12.8h-22.4c-6.4 0-12.8 6.4-12.8 12.8v230.4c0 6.4 6.4 12.8 12.8 12.8zm-192 0h22.4c6.4 0 12.8-6.4 12.8-12.8V140.8c0-6.4-6.4-12.8-12.8-12.8h-22.4c-6.4 0-12.8 6.4-12.8 12.8v198.4c0 6.4 6.4 12.8 12.8 12.8zm96 0h22.4c6.4 0 12.8-6.4 12.8-12.8V204.8c0-6.4-6.4-12.8-12.8-12.8h-22.4c-6.4 0-12.8 6.4-12.8 12.8v134.4c0 6.4 6.4 12.8 12.8 12.8zM496 400H48V80c0-8.84-7.16-16-16-16H16C7.16 64 0 71.16 0 80v336c0 17.67 14.33 32 32 32h464c8.84 0 16-7.16 16-16v-16c0-8.84-7.16-16-16-16zm-387.2-48h22.4c6.4 0 12.8-6.4 12.8-12.8v-70.4c0-6.4-6.4-12.8-12.8-12.8h-22.4c-6.4 0-12.8 6.4-12.8 12.8v70.4c0 6.4 6.4 12.8 12.8 12.8z\" class=\"\"><\/path><\/svg><\/i> <img loading=\"lazy\" decoding=\"async\" width=\"16\" height=\"16\" alt=\"Loading\" src=\"https:\/\/www.ozono21.com\/blog\/wp-content\/plugins\/page-views-count\/ajax-loader-2x.gif\" border=0 \/><\/p>\n<div class=\"pvc_clear\"><\/div>\n","protected":false},"excerpt":{"rendered":"<p>La granja de caracoles ECOLOGICOS de Ordu\u00f1a produce dos toneladas en su primer a\u00f1o.Los responsables de esta explotaci\u00f3n, pionera en Euskadi, quieren triplicar su rendimiento durante 2008 y ampliar los puntos de venta. Fuente: El Correo Digital (21\/02\/2008) Comer caracoles &hellip; <a href=\"https:\/\/www.ozono21.com\/blog\/salud\/granja-de-caracoles-ecologicos\/\">Sigue leyendo <span class=\"meta-nav\">&rarr;<\/span><\/a><\/p>\n<div class=\"pvc_clear\"><\/div>\n<p id=\"pvc_stats_2769457\" class=\"pvc_stats total_only  \" data-element-id=\"2769457\" style=\"\"><i class=\"pvc-stats-icon small\" aria-hidden=\"true\"><svg aria-hidden=\"true\" focusable=\"false\" data-prefix=\"far\" data-icon=\"chart-bar\" role=\"img\" xmlns=\"http:\/\/www.w3.org\/2000\/svg\" viewBox=\"0 0 512 512\" class=\"svg-inline--fa fa-chart-bar fa-w-16 fa-2x\"><path fill=\"currentColor\" d=\"M396.8 352h22.4c6.4 0 12.8-6.4 12.8-12.8V108.8c0-6.4-6.4-12.8-12.8-12.8h-22.4c-6.4 0-12.8 6.4-12.8 12.8v230.4c0 6.4 6.4 12.8 12.8 12.8zm-192 0h22.4c6.4 0 12.8-6.4 12.8-12.8V140.8c0-6.4-6.4-12.8-12.8-12.8h-22.4c-6.4 0-12.8 6.4-12.8 12.8v198.4c0 6.4 6.4 12.8 12.8 12.8zm96 0h22.4c6.4 0 12.8-6.4 12.8-12.8V204.8c0-6.4-6.4-12.8-12.8-12.8h-22.4c-6.4 0-12.8 6.4-12.8 12.8v134.4c0 6.4 6.4 12.8 12.8 12.8zM496 400H48V80c0-8.84-7.16-16-16-16H16C7.16 64 0 71.16 0 80v336c0 17.67 14.33 32 32 32h464c8.84 0 16-7.16 16-16v-16c0-8.84-7.16-16-16-16zm-387.2-48h22.4c6.4 0 12.8-6.4 12.8-12.8v-70.4c0-6.4-6.4-12.8-12.8-12.8h-22.4c-6.4 0-12.8 6.4-12.8 12.8v70.4c0 6.4 6.4 12.8 12.8 12.8z\" class=\"\"><\/path><\/svg><\/i> <img loading=\"lazy\" decoding=\"async\" width=\"16\" height=\"16\" alt=\"Loading\" src=\"https:\/\/www.ozono21.com\/blog\/wp-content\/plugins\/page-views-count\/ajax-loader-2x.gif\" border=0 \/><\/p>\n<div class=\"pvc_clear\"><\/div>\n","protected":false},"author":1,"featured_media":5194545,"comment_status":"open","ping_status":"open","sticky":false,"template":"","format":"standard","meta":{"_exactmetrics_skip_tracking":false,"_exactmetrics_sitenote_active":false,"_exactmetrics_sitenote_note":"","_exactmetrics_sitenote_category":0,"_jetpack_memberships_contains_paid_content":false,"footnotes":"","jetpack_publicize_message":"","jetpack_publicize_feature_enabled":true,"jetpack_social_post_already_shared":false,"jetpack_social_options":{"image_generator_settings":{"template":"highway","default_image_id":0,"font":"","enabled":false},"version":2}},"categories":[9,75,13,7],"tags":[24,23,77,72,21],"class_list":["post-2769457","post","type-post","status-publish","format-standard","has-post-thumbnail","hentry","category-alimentos","category-animales","category-medioambiente","category-salud","tag-alimentos-2","tag-animales","tag-ozono","tag-ozono21","tag-salud-2"],"a3_pvc":{"activated":true,"total_views":4027,"today_views":0},"yoast_head":"<!-- This site is optimized with the Yoast SEO plugin v27.5 - https:\/\/yoast.com\/product\/yoast-seo-wordpress\/ -->\n<title>Caracoles ECOLOGICOS en Granja<\/title>\n<meta name=\"description\" content=\"La granja de caracoles ECOLOGICOS de Ordu\u00f1a produce dos toneladas en su primer a\u00f1o. Comer caracoles criados de manera ecol\u00f3gica es posible.\" \/>\n<meta name=\"robots\" content=\"index, follow, max-snippet:-1, max-image-preview:large, max-video-preview:-1\" \/>\n<link rel=\"canonical\" href=\"https:\/\/www.ozono21.com\/blog\/salud\/granja-de-caracoles-ecologicos\/\" \/>\n<meta property=\"og:locale\" content=\"es_ES\" \/>\n<meta property=\"og:type\" content=\"article\" \/>\n<meta property=\"og:title\" content=\"Caracoles ECOLOGICOS en Granja\" \/>\n<meta property=\"og:description\" content=\"La granja de caracoles ECOLOGICOS de Ordu\u00f1a produce dos toneladas en su primer a\u00f1o. Comer caracoles criados de manera ecol\u00f3gica es posible.\" \/>\n<meta property=\"og:url\" content=\"https:\/\/www.ozono21.com\/blog\/salud\/granja-de-caracoles-ecologicos\/\" \/>\n<meta property=\"og:site_name\" content=\"- Blog Ozono21\" \/>\n<meta property=\"article:published_time\" content=\"2008-02-22T22:41:51+00:00\" \/>\n<meta property=\"article:modified_time\" content=\"2026-02-01T19:44:41+00:00\" \/>\n<meta property=\"og:image\" content=\"https:\/\/www.ozono21.com\/blog\/wp-content\/uploads\/2008\/02\/caracoles_2.jpg\" \/>\n\t<meta property=\"og:image:width\" content=\"249\" \/>\n\t<meta property=\"og:image:height\" content=\"159\" \/>\n\t<meta property=\"og:image:type\" content=\"image\/jpeg\" \/>\n<meta name=\"author\" content=\"INVESTIGACION Ozono21\" \/>\n<meta name=\"twitter:label1\" content=\"Escrito por\" \/>\n\t<meta name=\"twitter:data1\" content=\"INVESTIGACION Ozono21\" \/>\n\t<meta name=\"twitter:label2\" content=\"Tiempo de lectura\" \/>\n\t<meta name=\"twitter:data2\" content=\"2 minutos\" \/>\n<script type=\"application\/ld+json\" class=\"yoast-schema-graph\">{\"@context\":\"https:\\\/\\\/schema.org\",\"@graph\":[{\"@type\":\"Article\",\"@id\":\"https:\\\/\\\/www.ozono21.com\\\/blog\\\/salud\\\/granja-de-caracoles-ecologicos\\\/#article\",\"isPartOf\":{\"@id\":\"https:\\\/\\\/www.ozono21.com\\\/blog\\\/salud\\\/granja-de-caracoles-ecologicos\\\/\"},\"author\":{\"name\":\"INVESTIGACION Ozono21\",\"@id\":\"https:\\\/\\\/www.ozono21.com\\\/blog\\\/#\\\/schema\\\/person\\\/16639932c214a173193498aee8204d12\"},\"headline\":\"Granja de caracoles ECOLOGICOS\",\"datePublished\":\"2008-02-22T22:41:51+00:00\",\"dateModified\":\"2026-02-01T19:44:41+00:00\",\"mainEntityOfPage\":{\"@id\":\"https:\\\/\\\/www.ozono21.com\\\/blog\\\/salud\\\/granja-de-caracoles-ecologicos\\\/\"},\"wordCount\":459,\"commentCount\":0,\"image\":{\"@id\":\"https:\\\/\\\/www.ozono21.com\\\/blog\\\/salud\\\/granja-de-caracoles-ecologicos\\\/#primaryimage\"},\"thumbnailUrl\":\"https:\\\/\\\/www.ozono21.com\\\/blog\\\/wp-content\\\/uploads\\\/2008\\\/02\\\/caracoles_2.jpg\",\"keywords\":[\"Alimentos\",\"Animales\",\"OZONO\",\"Ozono21\",\"Salud\"],\"articleSection\":[\"Alimentos\",\"Animales\",\"MedioAmbiente\",\"Salud\"],\"inLanguage\":\"es\",\"potentialAction\":[{\"@type\":\"CommentAction\",\"name\":\"Comment\",\"target\":[\"https:\\\/\\\/www.ozono21.com\\\/blog\\\/salud\\\/granja-de-caracoles-ecologicos\\\/#respond\"]}]},{\"@type\":\"WebPage\",\"@id\":\"https:\\\/\\\/www.ozono21.com\\\/blog\\\/salud\\\/granja-de-caracoles-ecologicos\\\/\",\"url\":\"https:\\\/\\\/www.ozono21.com\\\/blog\\\/salud\\\/granja-de-caracoles-ecologicos\\\/\",\"name\":\"Caracoles ECOLOGICOS en Granja\",\"isPartOf\":{\"@id\":\"https:\\\/\\\/www.ozono21.com\\\/blog\\\/#website\"},\"primaryImageOfPage\":{\"@id\":\"https:\\\/\\\/www.ozono21.com\\\/blog\\\/salud\\\/granja-de-caracoles-ecologicos\\\/#primaryimage\"},\"image\":{\"@id\":\"https:\\\/\\\/www.ozono21.com\\\/blog\\\/salud\\\/granja-de-caracoles-ecologicos\\\/#primaryimage\"},\"thumbnailUrl\":\"https:\\\/\\\/www.ozono21.com\\\/blog\\\/wp-content\\\/uploads\\\/2008\\\/02\\\/caracoles_2.jpg\",\"datePublished\":\"2008-02-22T22:41:51+00:00\",\"dateModified\":\"2026-02-01T19:44:41+00:00\",\"author\":{\"@id\":\"https:\\\/\\\/www.ozono21.com\\\/blog\\\/#\\\/schema\\\/person\\\/16639932c214a173193498aee8204d12\"},\"description\":\"La granja de caracoles ECOLOGICOS de Ordu\u00f1a produce dos toneladas en su primer a\u00f1o. Comer caracoles criados de manera ecol\u00f3gica es posible.\",\"breadcrumb\":{\"@id\":\"https:\\\/\\\/www.ozono21.com\\\/blog\\\/salud\\\/granja-de-caracoles-ecologicos\\\/#breadcrumb\"},\"inLanguage\":\"es\",\"potentialAction\":[{\"@type\":\"ReadAction\",\"target\":[\"https:\\\/\\\/www.ozono21.com\\\/blog\\\/salud\\\/granja-de-caracoles-ecologicos\\\/\"]}]},{\"@type\":\"ImageObject\",\"inLanguage\":\"es\",\"@id\":\"https:\\\/\\\/www.ozono21.com\\\/blog\\\/salud\\\/granja-de-caracoles-ecologicos\\\/#primaryimage\",\"url\":\"https:\\\/\\\/www.ozono21.com\\\/blog\\\/wp-content\\\/uploads\\\/2008\\\/02\\\/caracoles_2.jpg\",\"contentUrl\":\"https:\\\/\\\/www.ozono21.com\\\/blog\\\/wp-content\\\/uploads\\\/2008\\\/02\\\/caracoles_2.jpg\",\"width\":249,\"height\":159},{\"@type\":\"BreadcrumbList\",\"@id\":\"https:\\\/\\\/www.ozono21.com\\\/blog\\\/salud\\\/granja-de-caracoles-ecologicos\\\/#breadcrumb\",\"itemListElement\":[{\"@type\":\"ListItem\",\"position\":1,\"name\":\"Portada\",\"item\":\"https:\\\/\\\/www.ozono21.com\\\/blog\\\/\"},{\"@type\":\"ListItem\",\"position\":2,\"name\":\"Granja de caracoles ECOLOGICOS\"}]},{\"@type\":\"WebSite\",\"@id\":\"https:\\\/\\\/www.ozono21.com\\\/blog\\\/#website\",\"url\":\"https:\\\/\\\/www.ozono21.com\\\/blog\\\/\",\"name\":\"Blog Ozono21\",\"description\":\" - Blog Ozono21\",\"potentialAction\":[{\"@type\":\"SearchAction\",\"target\":{\"@type\":\"EntryPoint\",\"urlTemplate\":\"https:\\\/\\\/www.ozono21.com\\\/blog\\\/?s={search_term_string}\"},\"query-input\":{\"@type\":\"PropertyValueSpecification\",\"valueRequired\":true,\"valueName\":\"search_term_string\"}}],\"inLanguage\":\"es\"},{\"@type\":\"Person\",\"@id\":\"https:\\\/\\\/www.ozono21.com\\\/blog\\\/#\\\/schema\\\/person\\\/16639932c214a173193498aee8204d12\",\"name\":\"INVESTIGACION Ozono21\",\"image\":{\"@type\":\"ImageObject\",\"inLanguage\":\"es\",\"@id\":\"https:\\\/\\\/secure.gravatar.com\\\/avatar\\\/f00ed9ac57a3eea6b9830d73dc9f9214775648c7763edcb20475eb83509b31fd?s=96&d=mm&r=g\",\"url\":\"https:\\\/\\\/secure.gravatar.com\\\/avatar\\\/f00ed9ac57a3eea6b9830d73dc9f9214775648c7763edcb20475eb83509b31fd?s=96&d=mm&r=g\",\"contentUrl\":\"https:\\\/\\\/secure.gravatar.com\\\/avatar\\\/f00ed9ac57a3eea6b9830d73dc9f9214775648c7763edcb20475eb83509b31fd?s=96&d=mm&r=g\",\"caption\":\"INVESTIGACION Ozono21\"}}]}<\/script>\n<!-- \/ Yoast SEO plugin. -->","yoast_head_json":{"title":"Caracoles ECOLOGICOS en Granja","description":"La granja de caracoles ECOLOGICOS de Ordu\u00f1a produce dos toneladas en su primer a\u00f1o. Comer caracoles criados de manera ecol\u00f3gica es posible.","robots":{"index":"index","follow":"follow","max-snippet":"max-snippet:-1","max-image-preview":"max-image-preview:large","max-video-preview":"max-video-preview:-1"},"canonical":"https:\/\/www.ozono21.com\/blog\/salud\/granja-de-caracoles-ecologicos\/","og_locale":"es_ES","og_type":"article","og_title":"Caracoles ECOLOGICOS en Granja","og_description":"La granja de caracoles ECOLOGICOS de Ordu\u00f1a produce dos toneladas en su primer a\u00f1o. Comer caracoles criados de manera ecol\u00f3gica es posible.","og_url":"https:\/\/www.ozono21.com\/blog\/salud\/granja-de-caracoles-ecologicos\/","og_site_name":"- Blog Ozono21","article_published_time":"2008-02-22T22:41:51+00:00","article_modified_time":"2026-02-01T19:44:41+00:00","og_image":[{"width":249,"height":159,"url":"https:\/\/www.ozono21.com\/blog\/wp-content\/uploads\/2008\/02\/caracoles_2.jpg","type":"image\/jpeg"}],"author":"INVESTIGACION Ozono21","twitter_misc":{"Escrito por":"INVESTIGACION Ozono21","Tiempo de lectura":"2 minutos"},"schema":{"@context":"https:\/\/schema.org","@graph":[{"@type":"Article","@id":"https:\/\/www.ozono21.com\/blog\/salud\/granja-de-caracoles-ecologicos\/#article","isPartOf":{"@id":"https:\/\/www.ozono21.com\/blog\/salud\/granja-de-caracoles-ecologicos\/"},"author":{"name":"INVESTIGACION Ozono21","@id":"https:\/\/www.ozono21.com\/blog\/#\/schema\/person\/16639932c214a173193498aee8204d12"},"headline":"Granja de caracoles ECOLOGICOS","datePublished":"2008-02-22T22:41:51+00:00","dateModified":"2026-02-01T19:44:41+00:00","mainEntityOfPage":{"@id":"https:\/\/www.ozono21.com\/blog\/salud\/granja-de-caracoles-ecologicos\/"},"wordCount":459,"commentCount":0,"image":{"@id":"https:\/\/www.ozono21.com\/blog\/salud\/granja-de-caracoles-ecologicos\/#primaryimage"},"thumbnailUrl":"https:\/\/www.ozono21.com\/blog\/wp-content\/uploads\/2008\/02\/caracoles_2.jpg","keywords":["Alimentos","Animales","OZONO","Ozono21","Salud"],"articleSection":["Alimentos","Animales","MedioAmbiente","Salud"],"inLanguage":"es","potentialAction":[{"@type":"CommentAction","name":"Comment","target":["https:\/\/www.ozono21.com\/blog\/salud\/granja-de-caracoles-ecologicos\/#respond"]}]},{"@type":"WebPage","@id":"https:\/\/www.ozono21.com\/blog\/salud\/granja-de-caracoles-ecologicos\/","url":"https:\/\/www.ozono21.com\/blog\/salud\/granja-de-caracoles-ecologicos\/","name":"Caracoles ECOLOGICOS en Granja","isPartOf":{"@id":"https:\/\/www.ozono21.com\/blog\/#website"},"primaryImageOfPage":{"@id":"https:\/\/www.ozono21.com\/blog\/salud\/granja-de-caracoles-ecologicos\/#primaryimage"},"image":{"@id":"https:\/\/www.ozono21.com\/blog\/salud\/granja-de-caracoles-ecologicos\/#primaryimage"},"thumbnailUrl":"https:\/\/www.ozono21.com\/blog\/wp-content\/uploads\/2008\/02\/caracoles_2.jpg","datePublished":"2008-02-22T22:41:51+00:00","dateModified":"2026-02-01T19:44:41+00:00","author":{"@id":"https:\/\/www.ozono21.com\/blog\/#\/schema\/person\/16639932c214a173193498aee8204d12"},"description":"La granja de caracoles ECOLOGICOS de Ordu\u00f1a produce dos toneladas en su primer a\u00f1o. Comer caracoles criados de manera ecol\u00f3gica es posible.","breadcrumb":{"@id":"https:\/\/www.ozono21.com\/blog\/salud\/granja-de-caracoles-ecologicos\/#breadcrumb"},"inLanguage":"es","potentialAction":[{"@type":"ReadAction","target":["https:\/\/www.ozono21.com\/blog\/salud\/granja-de-caracoles-ecologicos\/"]}]},{"@type":"ImageObject","inLanguage":"es","@id":"https:\/\/www.ozono21.com\/blog\/salud\/granja-de-caracoles-ecologicos\/#primaryimage","url":"https:\/\/www.ozono21.com\/blog\/wp-content\/uploads\/2008\/02\/caracoles_2.jpg","contentUrl":"https:\/\/www.ozono21.com\/blog\/wp-content\/uploads\/2008\/02\/caracoles_2.jpg","width":249,"height":159},{"@type":"BreadcrumbList","@id":"https:\/\/www.ozono21.com\/blog\/salud\/granja-de-caracoles-ecologicos\/#breadcrumb","itemListElement":[{"@type":"ListItem","position":1,"name":"Portada","item":"https:\/\/www.ozono21.com\/blog\/"},{"@type":"ListItem","position":2,"name":"Granja de caracoles ECOLOGICOS"}]},{"@type":"WebSite","@id":"https:\/\/www.ozono21.com\/blog\/#website","url":"https:\/\/www.ozono21.com\/blog\/","name":"Blog Ozono21","description":" - Blog Ozono21","potentialAction":[{"@type":"SearchAction","target":{"@type":"EntryPoint","urlTemplate":"https:\/\/www.ozono21.com\/blog\/?s={search_term_string}"},"query-input":{"@type":"PropertyValueSpecification","valueRequired":true,"valueName":"search_term_string"}}],"inLanguage":"es"},{"@type":"Person","@id":"https:\/\/www.ozono21.com\/blog\/#\/schema\/person\/16639932c214a173193498aee8204d12","name":"INVESTIGACION Ozono21","image":{"@type":"ImageObject","inLanguage":"es","@id":"https:\/\/secure.gravatar.com\/avatar\/f00ed9ac57a3eea6b9830d73dc9f9214775648c7763edcb20475eb83509b31fd?s=96&d=mm&r=g","url":"https:\/\/secure.gravatar.com\/avatar\/f00ed9ac57a3eea6b9830d73dc9f9214775648c7763edcb20475eb83509b31fd?s=96&d=mm&r=g","contentUrl":"https:\/\/secure.gravatar.com\/avatar\/f00ed9ac57a3eea6b9830d73dc9f9214775648c7763edcb20475eb83509b31fd?s=96&d=mm&r=g","caption":"INVESTIGACION Ozono21"}}]}},"jetpack_publicize_connections":[],"jetpack_featured_media_url":"https:\/\/www.ozono21.com\/blog\/wp-content\/uploads\/2008\/02\/caracoles_2.jpg","jetpack_sharing_enabled":true,"_links":{"self":[{"href":"https:\/\/www.ozono21.com\/blog\/wp-json\/wp\/v2\/posts\/2769457","targetHints":{"allow":["GET"]}}],"collection":[{"href":"https:\/\/www.ozono21.com\/blog\/wp-json\/wp\/v2\/posts"}],"about":[{"href":"https:\/\/www.ozono21.com\/blog\/wp-json\/wp\/v2\/types\/post"}],"author":[{"embeddable":true,"href":"https:\/\/www.ozono21.com\/blog\/wp-json\/wp\/v2\/users\/1"}],"replies":[{"embeddable":true,"href":"https:\/\/www.ozono21.com\/blog\/wp-json\/wp\/v2\/comments?post=2769457"}],"version-history":[{"count":0,"href":"https:\/\/www.ozono21.com\/blog\/wp-json\/wp\/v2\/posts\/2769457\/revisions"}],"wp:featuredmedia":[{"embeddable":true,"href":"https:\/\/www.ozono21.com\/blog\/wp-json\/wp\/v2\/media\/5194545"}],"wp:attachment":[{"href":"https:\/\/www.ozono21.com\/blog\/wp-json\/wp\/v2\/media?parent=2769457"}],"wp:term":[{"taxonomy":"category","embeddable":true,"href":"https:\/\/www.ozono21.com\/blog\/wp-json\/wp\/v2\/categories?post=2769457"},{"taxonomy":"post_tag","embeddable":true,"href":"https:\/\/www.ozono21.com\/blog\/wp-json\/wp\/v2\/tags?post=2769457"}],"curies":[{"name":"wp","href":"https:\/\/api.w.org\/{rel}","templated":true}]}}