{"id":2586418,"date":"2008-01-29T21:10:24","date_gmt":"2008-01-29T22:10:24","guid":{"rendered":"https:\/\/www.ozono21.com\/blog\/2586418\/sin-categoria\/los-pajaros-invernantes-crecen-un-266-en-el-ebre-y-llegan-a-la-cifra-mas-alta-desde-1972\/"},"modified":"2026-02-20T16:56:44","modified_gmt":"2026-02-20T14:56:44","slug":"los-pajaros-invernantes-crecen","status":"publish","type":"post","link":"https:\/\/www.ozono21.com\/blog\/medioambiente\/los-pajaros-invernantes-crecen\/","title":{"rendered":"Los p\u00e1jaros invernantes crecen un 26,6% en el Ebre y llegan a la cifra m\u00e1s alta desde 1972"},"content":{"rendered":"<p style=\"text-align: justify;\"><big><strong><img loading=\"lazy\" decoding=\"async\" class=\"alignright size-full wp-image-5194514\" style=\"border: 0px;\" title=\"Los p\u00e1jaros invernantes crecen un 26,6% en el Ebre y llegan a la cifra m\u00e1s alta desde 1972\" src=\"https:\/\/www.ozono21.com\/blog\/wp-content\/uploads\/2008\/01\/p\u00e1jaros-invernantes.jpg\" alt=\" p\u00e1jaros invernantes \" width=\"260\" height=\"212\" \/><a title=\"Que es el OZONO\" href=\"https:\/\/www.ozono21.com\/ozono.php\" target=\"_blank\" rel=\"noopener noreferrer\">Los p\u00e1jaros invernantes crecieron un 26,6% este a\u00f1o en el Delta de l&#8217;Ebre, llegando a los 292.600 ejemplares de 91 especies distintas, la cifra m\u00e1s alta desde 1972, seg\u00fan el censo elaborado por la Conselleria de Medio Ambiente y Vivienda. En 2007, se contaron 229.000 aves en esta zona.<\/a><\/strong><\/big><\/p>\n<p>Fuente: EUROPA PRESS (21 de enero de 2008)<\/p>\n<p style=\"text-align: justify;\">Los resultados provisionales sobre los p\u00e1jaros invernantes tambi\u00e9n incluyen a las gaviotas, de las que se encontraron 45.700 ejemplares. Sumado al resto de especies, esto supone que en el Delta hay m\u00e1s de 338.300 aves censadas.<\/P><\/p>\n<p style=\"text-align: justify;\"><strong><em>El objetivo es conocer el estado de conservaci\u00f3n de estas especies a escala global, adem\u00e1s de evaluar la capacidad de acogida de las zonas h\u00famedas de las zonas estudiadas.<\/em><\/strong><\/p>\n<table border=\"3\" cellspacing=\"0\" cellpadding=\"0\">\n<tbody>\n<tr>\n<td align=\"center\" bgcolor=\"#3b7cff\" width=\"600\" height=\"25\"><strong><a title=\"Acci\u00f3n del OZONO\" href=\"\/actualidad-interna\/accion-del-ozono\/423\/\" target=\"_blank\" rel=\"noopener noreferrer\"><img loading=\"lazy\" decoding=\"async\" src=\"\/blog\/wp-content\/uploads\/2014\/06\/Noticias-Relacionadas.png\" alt=\"Noticias Relacionadas\" width=\"600\" height=\"25\" border=\"0\" \/><\/a><\/strong><\/td>\n<\/tr>\n<\/tbody>\n<\/table>\n<p><big><\/p>\n<ul>\n<li><strong><a title=\"El calentamiento global expulsar\u00e1 a las aves acu\u00e1ticas de Europa\"  href=\"https:\/\/www.ozono21.com\/blog\/medioambiente\/el-calentamiento-global-expulsara-a-las-aves-acuaticas-de-europa\/\" target=\"_blank\" rel=\"noopener noreferrer\">El calentamiento global expulsar\u00e1 a las aves acu\u00e1ticas de Europa<\/a><\/strong><\/li>\n<li><strong><a title=\"La dif\u00edcil convivencia entre aves y hombres\" href=\"https:\/\/www.ozono21.com\/blog\/medioambiente\/la-dificil-convivencia-entre-aves-y-hombres\/\" target=\"_blank\" rel=\"noopener noreferrer\">La dif\u00edcil convivencia entre aves y hombres<\/a><\/strong><\/li>\n<li><strong><a title=\"La CONTAMINACION ACUSTICA reduce la presencia de p\u00e1jaros en las ciudades\"  href=\"https:\/\/www.ozono21.com\/blog\/medioambiente\/contaminacion-acustica-sin-pajaros\/\" target=\"_blank\" rel=\"noopener noreferrer\">La CONTAMINACION ACUSTICA reduce la presencia de p\u00e1jaros en las ciudades<\/a><\/strong><\/li>\n<li><strong><a title=\"MUSCULOS Ultraveloces en P\u00e1jaros Cantores\"  href=\"https:\/\/www.ozono21.com\/blog\/medioambiente\/musculos-ultraveloces-en-pajaros-cantores\/\" target=\"_blank\" rel=\"noopener noreferrer\">MUSCULOS Ultraveloces en P\u00e1jaros Cantores<\/a><\/strong><\/li>\n<li><strong><a title=\"Los P\u00e1jaros Nos Miran a los Ojos Para Ver Si Les Estamos Observando\" href=\"https:\/\/www.ozono21.com\/blog\/animales\/los-pajaros-nos-miran-a-los-ojos-para-ver-si-les-estamos-observando\/\" target=\"_blank\" rel=\"noopener noreferrer\">Los P\u00e1jaros Nos Miran a los Ojos Para Ver Si Les Estamos Observando<\/a><\/strong><\/li>\n<li><strong><a title=\"El ruido provocado por el hombre fragmenta las poblaciones de aves\"  href=\"https:\/\/www.ozono21.com\/blog\/medioambiente\/ruido-fragmenta-poblaciones-aves\/\" target=\"_blank\" rel=\"noopener noreferrer\">El ruido provocado por el hombre fragmenta las poblaciones de aves<\/a><\/strong><\/li>\n<li><strong><a title=\"El d\u00eda en que la escasez de CACA de PAJARO casi acaba con la humanidad\"  href=\"https:\/\/www.ozono21.com\/blog\/salud\/caca-de-pajaro-casi-acaba-humanidad\/\" target=\"_blank\" rel=\"noopener noreferrer\">El d\u00eda en que la escasez de CACA de PAJARO casi acaba con la humanidad<\/a><\/strong><\/li>\n<li><strong><a title=\"Aves usan puertas temporales en las autopistas de viento\" href=\"https:\/\/www.ozono21.com\/blog\/medioambiente\/aves-autopistas-viento\/\" target=\"_blank\" rel=\"noopener noreferrer\">Aves usan puertas temporales en las autopistas de viento<\/a><\/strong><\/li>\n<\/ul>\n<p><\/big><\/p>\n<table border=\"3\" cellspacing=\"0\" cellpadding=\"0\">\n<tbody>\n<tr>\n<td align=\"center\" bgcolor=\"#3b7cff\" width=\"600\" height=\"25\"><strong><a title=\"Videos YouTube\" href=\"https:\/\/www.youtube.com\/user\/ozono21\/videos?sort=p&amp;view=0&amp;flow=grid\" target=\"_blank\" rel=\"noopener noreferrer\"><img loading=\"lazy\" decoding=\"async\" src=\"\/blog\/wp-content\/uploads\/2014\/06\/Videos-Youtube.png\" alt=\"Videos Youtube\" width=\"600\" height=\"25\" border=\"0\" \/><\/a><\/strong><\/td>\n<\/tr>\n<\/tbody>\n<\/table>\n<p>&nbsp;<\/P><\/p>\n<p style=\"text-align: center;\"><iframe loading=\"lazy\" width=\"640\" height=\"480\" src=\"https:\/\/www.youtube.com\/embed\/cvUJfdVrpLA\" frameborder=\"0\" allow=\"accelerometer; autoplay; encrypted-media; gyroscope; picture-in-picture\" allowfullscreen><\/iframe><\/p>\n<div class=\"pvc_clear\"><\/div>\n<p id=\"pvc_stats_2586418\" class=\"pvc_stats total_only  \" data-element-id=\"2586418\" style=\"\"><i class=\"pvc-stats-icon small\" aria-hidden=\"true\"><svg aria-hidden=\"true\" focusable=\"false\" data-prefix=\"far\" data-icon=\"chart-bar\" role=\"img\" xmlns=\"http:\/\/www.w3.org\/2000\/svg\" viewBox=\"0 0 512 512\" class=\"svg-inline--fa fa-chart-bar fa-w-16 fa-2x\"><path fill=\"currentColor\" d=\"M396.8 352h22.4c6.4 0 12.8-6.4 12.8-12.8V108.8c0-6.4-6.4-12.8-12.8-12.8h-22.4c-6.4 0-12.8 6.4-12.8 12.8v230.4c0 6.4 6.4 12.8 12.8 12.8zm-192 0h22.4c6.4 0 12.8-6.4 12.8-12.8V140.8c0-6.4-6.4-12.8-12.8-12.8h-22.4c-6.4 0-12.8 6.4-12.8 12.8v198.4c0 6.4 6.4 12.8 12.8 12.8zm96 0h22.4c6.4 0 12.8-6.4 12.8-12.8V204.8c0-6.4-6.4-12.8-12.8-12.8h-22.4c-6.4 0-12.8 6.4-12.8 12.8v134.4c0 6.4 6.4 12.8 12.8 12.8zM496 400H48V80c0-8.84-7.16-16-16-16H16C7.16 64 0 71.16 0 80v336c0 17.67 14.33 32 32 32h464c8.84 0 16-7.16 16-16v-16c0-8.84-7.16-16-16-16zm-387.2-48h22.4c6.4 0 12.8-6.4 12.8-12.8v-70.4c0-6.4-6.4-12.8-12.8-12.8h-22.4c-6.4 0-12.8 6.4-12.8 12.8v70.4c0 6.4 6.4 12.8 12.8 12.8z\" class=\"\"><\/path><\/svg><\/i> <img loading=\"lazy\" decoding=\"async\" width=\"16\" height=\"16\" alt=\"Loading\" src=\"https:\/\/www.ozono21.com\/blog\/wp-content\/plugins\/page-views-count\/ajax-loader-2x.gif\" border=0 \/><\/p>\n<div class=\"pvc_clear\"><\/div>\n","protected":false},"excerpt":{"rendered":"<p>Los p\u00e1jaros invernantes crecieron un 26,6% este a\u00f1o en el Delta de l&#8217;Ebre, llegando a los 292.600 ejemplares de 91 especies distintas, la cifra m\u00e1s alta desde 1972, seg\u00fan el censo elaborado por la Conselleria de Medio Ambiente y Vivienda. &hellip; <a href=\"https:\/\/www.ozono21.com\/blog\/medioambiente\/los-pajaros-invernantes-crecen\/\">Sigue leyendo <span class=\"meta-nav\">&rarr;<\/span><\/a><\/p>\n<div class=\"pvc_clear\"><\/div>\n<p id=\"pvc_stats_2586418\" class=\"pvc_stats total_only  \" data-element-id=\"2586418\" style=\"\"><i class=\"pvc-stats-icon small\" aria-hidden=\"true\"><svg aria-hidden=\"true\" focusable=\"false\" data-prefix=\"far\" data-icon=\"chart-bar\" role=\"img\" xmlns=\"http:\/\/www.w3.org\/2000\/svg\" viewBox=\"0 0 512 512\" class=\"svg-inline--fa fa-chart-bar fa-w-16 fa-2x\"><path fill=\"currentColor\" d=\"M396.8 352h22.4c6.4 0 12.8-6.4 12.8-12.8V108.8c0-6.4-6.4-12.8-12.8-12.8h-22.4c-6.4 0-12.8 6.4-12.8 12.8v230.4c0 6.4 6.4 12.8 12.8 12.8zm-192 0h22.4c6.4 0 12.8-6.4 12.8-12.8V140.8c0-6.4-6.4-12.8-12.8-12.8h-22.4c-6.4 0-12.8 6.4-12.8 12.8v198.4c0 6.4 6.4 12.8 12.8 12.8zm96 0h22.4c6.4 0 12.8-6.4 12.8-12.8V204.8c0-6.4-6.4-12.8-12.8-12.8h-22.4c-6.4 0-12.8 6.4-12.8 12.8v134.4c0 6.4 6.4 12.8 12.8 12.8zM496 400H48V80c0-8.84-7.16-16-16-16H16C7.16 64 0 71.16 0 80v336c0 17.67 14.33 32 32 32h464c8.84 0 16-7.16 16-16v-16c0-8.84-7.16-16-16-16zm-387.2-48h22.4c6.4 0 12.8-6.4 12.8-12.8v-70.4c0-6.4-6.4-12.8-12.8-12.8h-22.4c-6.4 0-12.8 6.4-12.8 12.8v70.4c0 6.4 6.4 12.8 12.8 12.8z\" class=\"\"><\/path><\/svg><\/i> <img loading=\"lazy\" decoding=\"async\" width=\"16\" height=\"16\" alt=\"Loading\" src=\"https:\/\/www.ozono21.com\/blog\/wp-content\/plugins\/page-views-count\/ajax-loader-2x.gif\" border=0 \/><\/p>\n<div class=\"pvc_clear\"><\/div>\n","protected":false},"author":1,"featured_media":5194514,"comment_status":"open","ping_status":"open","sticky":false,"template":"","format":"standard","meta":{"_exactmetrics_skip_tracking":false,"_exactmetrics_sitenote_active":false,"_exactmetrics_sitenote_note":"","_exactmetrics_sitenote_category":0,"_jetpack_memberships_contains_paid_content":false,"footnotes":"","jetpack_publicize_message":"","jetpack_publicize_feature_enabled":true,"jetpack_social_post_already_shared":false,"jetpack_social_options":{"image_generator_settings":{"template":"highway","default_image_id":0,"font":"","enabled":false},"version":2}},"categories":[75,13],"tags":[74,72],"class_list":["post-2586418","post","type-post","status-publish","format-standard","has-post-thumbnail","hentry","category-animales","category-medioambiente","tag-medioambiente","tag-ozono21"],"a3_pvc":{"activated":true,"total_views":4015,"today_views":0},"yoast_head":"<!-- This site is optimized with the Yoast SEO plugin v27.4 - https:\/\/yoast.com\/product\/yoast-seo-wordpress\/ -->\n<title>Los p\u00e1jaros invernantes crecen<\/title>\n<meta name=\"description\" content=\"Los p\u00e1jaros invernantes crecen un 26,6% en el Ebre y llegan a la cifra m\u00e1s alta desde 1972, seg\u00fan\u00a0censo de la\u00a0Conselleria de Medio Ambiente\" \/>\n<meta name=\"robots\" content=\"index, follow, max-snippet:-1, max-image-preview:large, max-video-preview:-1\" \/>\n<link rel=\"canonical\" href=\"https:\/\/www.ozono21.com\/blog\/medioambiente\/los-pajaros-invernantes-crecen\/\" \/>\n<meta property=\"og:locale\" content=\"es_ES\" \/>\n<meta property=\"og:type\" content=\"article\" \/>\n<meta property=\"og:title\" content=\"Los p\u00e1jaros invernantes crecen\" \/>\n<meta property=\"og:description\" content=\"Los p\u00e1jaros invernantes crecen un 26,6% en el Ebre y llegan a la cifra m\u00e1s alta desde 1972, seg\u00fan\u00a0censo de la\u00a0Conselleria de Medio Ambiente\" \/>\n<meta property=\"og:url\" content=\"https:\/\/www.ozono21.com\/blog\/medioambiente\/los-pajaros-invernantes-crecen\/\" \/>\n<meta property=\"og:site_name\" content=\"- Blog Ozono21\" \/>\n<meta property=\"article:published_time\" content=\"2008-01-29T22:10:24+00:00\" \/>\n<meta property=\"article:modified_time\" content=\"2026-02-20T14:56:44+00:00\" \/>\n<meta property=\"og:image\" content=\"https:\/\/www.ozono21.com\/blog\/wp-content\/uploads\/2008\/01\/p\u00e1jaros-invernantes-e1454339993541.jpg\" \/>\n\t<meta property=\"og:image:width\" content=\"260\" \/>\n\t<meta property=\"og:image:height\" content=\"194\" \/>\n\t<meta property=\"og:image:type\" content=\"image\/jpeg\" \/>\n<meta name=\"author\" content=\"INVESTIGACION Ozono21\" \/>\n<meta name=\"twitter:label1\" content=\"Escrito por\" \/>\n\t<meta name=\"twitter:data1\" content=\"INVESTIGACION Ozono21\" \/>\n\t<meta name=\"twitter:label2\" content=\"Tiempo de lectura\" \/>\n\t<meta name=\"twitter:data2\" content=\"1 minuto\" \/>\n<script type=\"application\/ld+json\" class=\"yoast-schema-graph\">{\"@context\":\"https:\\\/\\\/schema.org\",\"@graph\":[{\"@type\":\"Article\",\"@id\":\"https:\\\/\\\/www.ozono21.com\\\/blog\\\/medioambiente\\\/los-pajaros-invernantes-crecen\\\/#article\",\"isPartOf\":{\"@id\":\"https:\\\/\\\/www.ozono21.com\\\/blog\\\/medioambiente\\\/los-pajaros-invernantes-crecen\\\/\"},\"author\":{\"name\":\"INVESTIGACION Ozono21\",\"@id\":\"https:\\\/\\\/www.ozono21.com\\\/blog\\\/#\\\/schema\\\/person\\\/16639932c214a173193498aee8204d12\"},\"headline\":\"Los p\u00e1jaros invernantes crecen un 26,6% en el Ebre y llegan a la cifra m\u00e1s alta desde 1972\",\"datePublished\":\"2008-01-29T22:10:24+00:00\",\"dateModified\":\"2026-02-20T14:56:44+00:00\",\"mainEntityOfPage\":{\"@id\":\"https:\\\/\\\/www.ozono21.com\\\/blog\\\/medioambiente\\\/los-pajaros-invernantes-crecen\\\/\"},\"wordCount\":229,\"commentCount\":0,\"image\":{\"@id\":\"https:\\\/\\\/www.ozono21.com\\\/blog\\\/medioambiente\\\/los-pajaros-invernantes-crecen\\\/#primaryimage\"},\"thumbnailUrl\":\"https:\\\/\\\/www.ozono21.com\\\/blog\\\/wp-content\\\/uploads\\\/2008\\\/01\\\/p\u00e1jaros-invernantes-e1454339993541.jpg\",\"keywords\":[\"MedioAmbiente\",\"Ozono21\"],\"articleSection\":[\"Animales\",\"MedioAmbiente\"],\"inLanguage\":\"es\",\"potentialAction\":[{\"@type\":\"CommentAction\",\"name\":\"Comment\",\"target\":[\"https:\\\/\\\/www.ozono21.com\\\/blog\\\/medioambiente\\\/los-pajaros-invernantes-crecen\\\/#respond\"]}]},{\"@type\":\"WebPage\",\"@id\":\"https:\\\/\\\/www.ozono21.com\\\/blog\\\/medioambiente\\\/los-pajaros-invernantes-crecen\\\/\",\"url\":\"https:\\\/\\\/www.ozono21.com\\\/blog\\\/medioambiente\\\/los-pajaros-invernantes-crecen\\\/\",\"name\":\"Los p\u00e1jaros invernantes crecen\",\"isPartOf\":{\"@id\":\"https:\\\/\\\/www.ozono21.com\\\/blog\\\/#website\"},\"primaryImageOfPage\":{\"@id\":\"https:\\\/\\\/www.ozono21.com\\\/blog\\\/medioambiente\\\/los-pajaros-invernantes-crecen\\\/#primaryimage\"},\"image\":{\"@id\":\"https:\\\/\\\/www.ozono21.com\\\/blog\\\/medioambiente\\\/los-pajaros-invernantes-crecen\\\/#primaryimage\"},\"thumbnailUrl\":\"https:\\\/\\\/www.ozono21.com\\\/blog\\\/wp-content\\\/uploads\\\/2008\\\/01\\\/p\u00e1jaros-invernantes-e1454339993541.jpg\",\"datePublished\":\"2008-01-29T22:10:24+00:00\",\"dateModified\":\"2026-02-20T14:56:44+00:00\",\"author\":{\"@id\":\"https:\\\/\\\/www.ozono21.com\\\/blog\\\/#\\\/schema\\\/person\\\/16639932c214a173193498aee8204d12\"},\"description\":\"Los p\u00e1jaros invernantes crecen un 26,6% en el Ebre y llegan a la cifra m\u00e1s alta desde 1972, seg\u00fan\u00a0censo de la\u00a0Conselleria de Medio Ambiente\",\"breadcrumb\":{\"@id\":\"https:\\\/\\\/www.ozono21.com\\\/blog\\\/medioambiente\\\/los-pajaros-invernantes-crecen\\\/#breadcrumb\"},\"inLanguage\":\"es\",\"potentialAction\":[{\"@type\":\"ReadAction\",\"target\":[\"https:\\\/\\\/www.ozono21.com\\\/blog\\\/medioambiente\\\/los-pajaros-invernantes-crecen\\\/\"]}]},{\"@type\":\"ImageObject\",\"inLanguage\":\"es\",\"@id\":\"https:\\\/\\\/www.ozono21.com\\\/blog\\\/medioambiente\\\/los-pajaros-invernantes-crecen\\\/#primaryimage\",\"url\":\"https:\\\/\\\/www.ozono21.com\\\/blog\\\/wp-content\\\/uploads\\\/2008\\\/01\\\/p\u00e1jaros-invernantes-e1454339993541.jpg\",\"contentUrl\":\"https:\\\/\\\/www.ozono21.com\\\/blog\\\/wp-content\\\/uploads\\\/2008\\\/01\\\/p\u00e1jaros-invernantes-e1454339993541.jpg\",\"width\":260,\"height\":194},{\"@type\":\"BreadcrumbList\",\"@id\":\"https:\\\/\\\/www.ozono21.com\\\/blog\\\/medioambiente\\\/los-pajaros-invernantes-crecen\\\/#breadcrumb\",\"itemListElement\":[{\"@type\":\"ListItem\",\"position\":1,\"name\":\"Portada\",\"item\":\"https:\\\/\\\/www.ozono21.com\\\/blog\\\/\"},{\"@type\":\"ListItem\",\"position\":2,\"name\":\"Los p\u00e1jaros invernantes crecen un 26,6% en el Ebre y llegan a la cifra m\u00e1s alta desde 1972\"}]},{\"@type\":\"WebSite\",\"@id\":\"https:\\\/\\\/www.ozono21.com\\\/blog\\\/#website\",\"url\":\"https:\\\/\\\/www.ozono21.com\\\/blog\\\/\",\"name\":\"Blog Ozono21\",\"description\":\" - Blog Ozono21\",\"potentialAction\":[{\"@type\":\"SearchAction\",\"target\":{\"@type\":\"EntryPoint\",\"urlTemplate\":\"https:\\\/\\\/www.ozono21.com\\\/blog\\\/?s={search_term_string}\"},\"query-input\":{\"@type\":\"PropertyValueSpecification\",\"valueRequired\":true,\"valueName\":\"search_term_string\"}}],\"inLanguage\":\"es\"},{\"@type\":\"Person\",\"@id\":\"https:\\\/\\\/www.ozono21.com\\\/blog\\\/#\\\/schema\\\/person\\\/16639932c214a173193498aee8204d12\",\"name\":\"INVESTIGACION Ozono21\",\"image\":{\"@type\":\"ImageObject\",\"inLanguage\":\"es\",\"@id\":\"https:\\\/\\\/secure.gravatar.com\\\/avatar\\\/f00ed9ac57a3eea6b9830d73dc9f9214775648c7763edcb20475eb83509b31fd?s=96&d=mm&r=g\",\"url\":\"https:\\\/\\\/secure.gravatar.com\\\/avatar\\\/f00ed9ac57a3eea6b9830d73dc9f9214775648c7763edcb20475eb83509b31fd?s=96&d=mm&r=g\",\"contentUrl\":\"https:\\\/\\\/secure.gravatar.com\\\/avatar\\\/f00ed9ac57a3eea6b9830d73dc9f9214775648c7763edcb20475eb83509b31fd?s=96&d=mm&r=g\",\"caption\":\"INVESTIGACION Ozono21\"}}]}<\/script>\n<!-- \/ Yoast SEO plugin. -->","yoast_head_json":{"title":"Los p\u00e1jaros invernantes crecen","description":"Los p\u00e1jaros invernantes crecen un 26,6% en el Ebre y llegan a la cifra m\u00e1s alta desde 1972, seg\u00fan\u00a0censo de la\u00a0Conselleria de Medio Ambiente","robots":{"index":"index","follow":"follow","max-snippet":"max-snippet:-1","max-image-preview":"max-image-preview:large","max-video-preview":"max-video-preview:-1"},"canonical":"https:\/\/www.ozono21.com\/blog\/medioambiente\/los-pajaros-invernantes-crecen\/","og_locale":"es_ES","og_type":"article","og_title":"Los p\u00e1jaros invernantes crecen","og_description":"Los p\u00e1jaros invernantes crecen un 26,6% en el Ebre y llegan a la cifra m\u00e1s alta desde 1972, seg\u00fan\u00a0censo de la\u00a0Conselleria de Medio Ambiente","og_url":"https:\/\/www.ozono21.com\/blog\/medioambiente\/los-pajaros-invernantes-crecen\/","og_site_name":"- Blog Ozono21","article_published_time":"2008-01-29T22:10:24+00:00","article_modified_time":"2026-02-20T14:56:44+00:00","og_image":[{"width":260,"height":194,"url":"https:\/\/www.ozono21.com\/blog\/wp-content\/uploads\/2008\/01\/p\u00e1jaros-invernantes-e1454339993541.jpg","type":"image\/jpeg"}],"author":"INVESTIGACION Ozono21","twitter_misc":{"Escrito por":"INVESTIGACION Ozono21","Tiempo de lectura":"1 minuto"},"schema":{"@context":"https:\/\/schema.org","@graph":[{"@type":"Article","@id":"https:\/\/www.ozono21.com\/blog\/medioambiente\/los-pajaros-invernantes-crecen\/#article","isPartOf":{"@id":"https:\/\/www.ozono21.com\/blog\/medioambiente\/los-pajaros-invernantes-crecen\/"},"author":{"name":"INVESTIGACION Ozono21","@id":"https:\/\/www.ozono21.com\/blog\/#\/schema\/person\/16639932c214a173193498aee8204d12"},"headline":"Los p\u00e1jaros invernantes crecen un 26,6% en el Ebre y llegan a la cifra m\u00e1s alta desde 1972","datePublished":"2008-01-29T22:10:24+00:00","dateModified":"2026-02-20T14:56:44+00:00","mainEntityOfPage":{"@id":"https:\/\/www.ozono21.com\/blog\/medioambiente\/los-pajaros-invernantes-crecen\/"},"wordCount":229,"commentCount":0,"image":{"@id":"https:\/\/www.ozono21.com\/blog\/medioambiente\/los-pajaros-invernantes-crecen\/#primaryimage"},"thumbnailUrl":"https:\/\/www.ozono21.com\/blog\/wp-content\/uploads\/2008\/01\/p\u00e1jaros-invernantes-e1454339993541.jpg","keywords":["MedioAmbiente","Ozono21"],"articleSection":["Animales","MedioAmbiente"],"inLanguage":"es","potentialAction":[{"@type":"CommentAction","name":"Comment","target":["https:\/\/www.ozono21.com\/blog\/medioambiente\/los-pajaros-invernantes-crecen\/#respond"]}]},{"@type":"WebPage","@id":"https:\/\/www.ozono21.com\/blog\/medioambiente\/los-pajaros-invernantes-crecen\/","url":"https:\/\/www.ozono21.com\/blog\/medioambiente\/los-pajaros-invernantes-crecen\/","name":"Los p\u00e1jaros invernantes crecen","isPartOf":{"@id":"https:\/\/www.ozono21.com\/blog\/#website"},"primaryImageOfPage":{"@id":"https:\/\/www.ozono21.com\/blog\/medioambiente\/los-pajaros-invernantes-crecen\/#primaryimage"},"image":{"@id":"https:\/\/www.ozono21.com\/blog\/medioambiente\/los-pajaros-invernantes-crecen\/#primaryimage"},"thumbnailUrl":"https:\/\/www.ozono21.com\/blog\/wp-content\/uploads\/2008\/01\/p\u00e1jaros-invernantes-e1454339993541.jpg","datePublished":"2008-01-29T22:10:24+00:00","dateModified":"2026-02-20T14:56:44+00:00","author":{"@id":"https:\/\/www.ozono21.com\/blog\/#\/schema\/person\/16639932c214a173193498aee8204d12"},"description":"Los p\u00e1jaros invernantes crecen un 26,6% en el Ebre y llegan a la cifra m\u00e1s alta desde 1972, seg\u00fan\u00a0censo de la\u00a0Conselleria de Medio Ambiente","breadcrumb":{"@id":"https:\/\/www.ozono21.com\/blog\/medioambiente\/los-pajaros-invernantes-crecen\/#breadcrumb"},"inLanguage":"es","potentialAction":[{"@type":"ReadAction","target":["https:\/\/www.ozono21.com\/blog\/medioambiente\/los-pajaros-invernantes-crecen\/"]}]},{"@type":"ImageObject","inLanguage":"es","@id":"https:\/\/www.ozono21.com\/blog\/medioambiente\/los-pajaros-invernantes-crecen\/#primaryimage","url":"https:\/\/www.ozono21.com\/blog\/wp-content\/uploads\/2008\/01\/p\u00e1jaros-invernantes-e1454339993541.jpg","contentUrl":"https:\/\/www.ozono21.com\/blog\/wp-content\/uploads\/2008\/01\/p\u00e1jaros-invernantes-e1454339993541.jpg","width":260,"height":194},{"@type":"BreadcrumbList","@id":"https:\/\/www.ozono21.com\/blog\/medioambiente\/los-pajaros-invernantes-crecen\/#breadcrumb","itemListElement":[{"@type":"ListItem","position":1,"name":"Portada","item":"https:\/\/www.ozono21.com\/blog\/"},{"@type":"ListItem","position":2,"name":"Los p\u00e1jaros invernantes crecen un 26,6% en el Ebre y llegan a la cifra m\u00e1s alta desde 1972"}]},{"@type":"WebSite","@id":"https:\/\/www.ozono21.com\/blog\/#website","url":"https:\/\/www.ozono21.com\/blog\/","name":"Blog Ozono21","description":" - Blog Ozono21","potentialAction":[{"@type":"SearchAction","target":{"@type":"EntryPoint","urlTemplate":"https:\/\/www.ozono21.com\/blog\/?s={search_term_string}"},"query-input":{"@type":"PropertyValueSpecification","valueRequired":true,"valueName":"search_term_string"}}],"inLanguage":"es"},{"@type":"Person","@id":"https:\/\/www.ozono21.com\/blog\/#\/schema\/person\/16639932c214a173193498aee8204d12","name":"INVESTIGACION Ozono21","image":{"@type":"ImageObject","inLanguage":"es","@id":"https:\/\/secure.gravatar.com\/avatar\/f00ed9ac57a3eea6b9830d73dc9f9214775648c7763edcb20475eb83509b31fd?s=96&d=mm&r=g","url":"https:\/\/secure.gravatar.com\/avatar\/f00ed9ac57a3eea6b9830d73dc9f9214775648c7763edcb20475eb83509b31fd?s=96&d=mm&r=g","contentUrl":"https:\/\/secure.gravatar.com\/avatar\/f00ed9ac57a3eea6b9830d73dc9f9214775648c7763edcb20475eb83509b31fd?s=96&d=mm&r=g","caption":"INVESTIGACION Ozono21"}}]}},"jetpack_publicize_connections":[],"jetpack_featured_media_url":"https:\/\/www.ozono21.com\/blog\/wp-content\/uploads\/2008\/01\/p\u00e1jaros-invernantes-e1454339993541.jpg","jetpack_sharing_enabled":true,"_links":{"self":[{"href":"https:\/\/www.ozono21.com\/blog\/wp-json\/wp\/v2\/posts\/2586418","targetHints":{"allow":["GET"]}}],"collection":[{"href":"https:\/\/www.ozono21.com\/blog\/wp-json\/wp\/v2\/posts"}],"about":[{"href":"https:\/\/www.ozono21.com\/blog\/wp-json\/wp\/v2\/types\/post"}],"author":[{"embeddable":true,"href":"https:\/\/www.ozono21.com\/blog\/wp-json\/wp\/v2\/users\/1"}],"replies":[{"embeddable":true,"href":"https:\/\/www.ozono21.com\/blog\/wp-json\/wp\/v2\/comments?post=2586418"}],"version-history":[{"count":0,"href":"https:\/\/www.ozono21.com\/blog\/wp-json\/wp\/v2\/posts\/2586418\/revisions"}],"wp:featuredmedia":[{"embeddable":true,"href":"https:\/\/www.ozono21.com\/blog\/wp-json\/wp\/v2\/media\/5194514"}],"wp:attachment":[{"href":"https:\/\/www.ozono21.com\/blog\/wp-json\/wp\/v2\/media?parent=2586418"}],"wp:term":[{"taxonomy":"category","embeddable":true,"href":"https:\/\/www.ozono21.com\/blog\/wp-json\/wp\/v2\/categories?post=2586418"},{"taxonomy":"post_tag","embeddable":true,"href":"https:\/\/www.ozono21.com\/blog\/wp-json\/wp\/v2\/tags?post=2586418"}],"curies":[{"name":"wp","href":"https:\/\/api.w.org\/{rel}","templated":true}]}}