{"id":247,"date":"2009-10-17T21:14:00","date_gmt":"2009-10-17T19:14:00","guid":{"rendered":"https:\/\/www.ozono21.com\/blog\/247\/sin-categoria\/frambuesas-ecologicas\/"},"modified":"2026-02-09T16:32:33","modified_gmt":"2026-02-09T14:32:33","slug":"frambuesas-ecologicas","status":"publish","type":"post","link":"https:\/\/www.ozono21.com\/blog\/carne\/frambuesas-ecologicas\/","title":{"rendered":"FRAMBUESAS ECOLOGICAS"},"content":{"rendered":"<p style=\"text-align: justify;\">\n<h2 style=\"text-align: justify;\"><img loading=\"lazy\" decoding=\"async\" src=\"https:\/\/www.ozono21.com\/blog\/wp-content\/uploads\/2009\/10\/Frambuesas-ecol\u00f3gicas.jpg\" alt=\"FRAMBUESAS ECOLOGICAS\" width=\"205\" height=\"151\" style=\"margin: 0px 0px 0px 10px; cursor: hand; border: 0px;\" class=\"alignright\"   \/><a target=\"_blank\" title=\"Ozono para Alimentos de Cocina y FRAMBUESAS ECOLOGICAS\" href=\"https:\/\/www.ozono21.com\/sectores\/domesticos\/alimentos-cocina\/30\/\" rel=\"noopener noreferrer\"> FRAMBUESAS ECOLOGICAS<\/p>\n<p>La Comunidad de Castilla y Le\u00f3n exporta a la Uni\u00f3n Europea FRAMBUESAS ECOLOGICAS desde la comarca leonesa de La Maragater\u00eda<\/p>\n<p>La Comunidad de Castilla y Le\u00f3n exporta a diferentes puntos de la Uni\u00f3n Europea FRAMBUESAS ECOLOGICAS desde la comarca leonesa de la maragater\u00eda, tras la obtenci\u00f3n de este sello otorgado recientemente por la Junta a la cooperativa Productos Agrarios Monta\u00f1as del Teleno.<\/A><\/H2><\/P> <\/p>\n<p>Fuente: www.europapress.es Ecoticias.com (10\/05\/09)<\/p>\n<p style=\"text-align: justify;\">Bajo la marca Biorg, esta cooperativa se dedica desde hace m\u00e1s de diez a\u00f1os al cultivo de agricultura ecol\u00f3gica en especial de las FRAMBUESAS ECOLOGICAS y adem\u00e1s a la elaboraci\u00f3n de productos gourmet de alta calidad y, adem\u00e1s del sello obtenido del Consejo de Agricultura Ecol\u00f3gica de Castilla y Le\u00f3n (CAECyL), cuenta con otras certificaciones: el Sello Ecol\u00f3gico Europeo, el Sello Bio Siegel (Alemania) y el sello de Productos Artesanos de Castilla y Le\u00f3n.<\/P><\/p>\n<p style=\"text-align: justify;\"><big><strong><a title=\"Generador de OZONO para el AGUA Vitale21. Mediante este generador de Ozono para AGUA, Innumerables VENTAJAS del OZONO en el Agua, para combatir enfermedades, contagio e infecciones.\" href=\"https:\/\/www.ozono21.com\/producto\/generador-ozono-vitale21\/27\/\" target=\"_blank\" rel=\"noopener noreferrer\">La cooperativa est\u00e1 especializada en el cultivo de berries, FRAMBUESAS ECOLOGICAS, ar\u00e1ndanos y esp\u00e1rragos, adem\u00e1s de elaborar derivados de estos productos como licores, vinagres, miel, mermeladas y otras especialidades gourmet que dif\u00edcilmente se encuentran en el mercado.<\/A><\/strong><\/big><\/P><\/p>\n<p style=\"text-align: justify;\"><strong>La distinci\u00f3n de estos productos est\u00e1 determinada por la realizaci\u00f3n totalmente artesanal, con un cultivo sin bi\u00f3xidos, con abono de oveja maduro y un tipo de selecci\u00f3n manual, seg\u00fan informa la cooperativa en su p\u00e1gina web: <\/strong><\/P><\/p>\n<p style=\"text-align: justify;\">De esta manera, el trabajo realizado para la obtenci\u00f3n de los productos Biorg se basa en la escasez de maquinaria e incluye el uso de abonos org\u00e1nicos, abonos minerales de roca molida o cernada y cenizas producidas en la combusti\u00f3n de la biomasa.<\/P><\/p>\n<p style=\"text-align: justify;\">Este tipo de producci\u00f3n tiene escasa implantaci\u00f3n en Espa\u00f1a, ya que resulta muy dificultoso contar con fincas libres de biocidas; disponer de abono org\u00e1nico con la certificaci\u00f3n de calidad biol\u00f3gica en la zona, adem\u00e1s de la necesaria transformaci\u00f3n del suelo para adaptarse a este tipo de cultivo. <\/P><\/p>\n<p><big><strong>PRODUCTOS \u00abNATURALMENTE \u00daNICOS\u00bb <\/strong><\/big><\/p>\n<p style=\"text-align: justify;\">Las premisas de la cooperativa son el trabajo desde el desarrollo sostenible, la repoblaci\u00f3n de las zonas rurales despobladas por la industrializaci\u00f3n y, especialmente, por la conservaci\u00f3n del medio ambiente. <strong>\u00abEl trabajo en equipo, la investigaci\u00f3n continuada y los constantes controles de calidad con los que trabajamos s\u00f3lo pueden dar como resultado productos naturalmente \u00fanicos\u00bb,<\/strong> aseguran los responsables de la firma.<\/P><\/p>\n<p style=\"text-align: justify;\">As\u00ed, el sello Biorg est\u00e1 presente en Le\u00f3n, Madrid, Barcelona y los productos se exportan a otros puntos de la Uni\u00f3n Europea como Francia, Inglaterra, B\u00e9lgica, Alemania y Dinamarca.<\/P><\/p>\n<p style=\"text-align: justify;\"><strong>El logo de agricultura ecol\u00f3gica de la UE ofrece a los consumidores \u00abplenas garant\u00edas\u00bb de que el origen y la calidad de los alimentos y bebidas cumple los requisitos establecidos en el reglamento de agricultura ecol\u00f3gica de la UE y el sello Bio-Siegel alem\u00e1n certifica la mercanc\u00eda producida seg\u00fan los criterios del reglamento europeo sobre la producci\u00f3n agr\u00edcola ecol\u00f3gica y su indicaci\u00f3n en los productos agrarios y alimenticios. <\/strong><\/P><\/p>\n<p style=\"text-align: justify;\">Del mismo modo, estos productos cuentan con el sello del Consejo de Agricultura Ecol\u00f3gica de Castilla y Le\u00f3n y el sello de productos artesanos de Castilla y Le\u00f3n, un certificado que garantiza un proceso artesanal en la elaboraci\u00f3n de los productos para revalorizar el potencial agroalimentario del medio rural.<\/P><\/p>\n<p style=\"text-align: justify;\">La marca &#8216;Alimentos Artesanales de Castilla y Le\u00f3n&#8217; representa una garant\u00eda de adquirir un producto cualitativamente diferente por su elaboraci\u00f3n natural y artesanal, aunque s\u00f3lo est\u00e1n incluidos los licores y frescos y no el vinagre, dado que los vinos y vinagres pertenecen a otra legislaci\u00f3n de denominaciones de origen.<\/P><\/p>\n<p><big><strong>FERR\u00c1N ADRI\u00c1<\/strong><\/big><\/P><\/p>\n<p style=\"text-align: justify;\">La selecci\u00f3n y el cuidado proceso de elaboraci\u00f3n de FRAMBUESAS ECOLOGICAS y los productos de la marca Biorg han supuesto su distribuci\u00f3n a clientes como Ferr\u00e1n Adri\u00e1, nombrado &#8216;Chef n\u00famero uno del mundo&#8217; por &#8216;The Culinary Institute of America&#8217;, centro reconocido como l\u00edder en la educaci\u00f3n de las artes culinarias.<\/P><\/p>\n<p style=\"text-align: justify;\">Este \u00abartista de la gastronom\u00eda\u00bb utiliza los productos Biorg dentro de sus materias primas para confeccionar platos que son una \u00abobra de arte\u00bb. \u00abPlatillos de autor donde la calidad se une a lo saludable en manos de este genio de nuestra cocina con FRAMBUESAS ECOLOGICAS\u00bb, aseguran los responsables de la fiema en su web.<\/P\n\n\n\n<p style=\"text-align: justify;\">Del mismo modo, Biorg est\u00e1 presente en el Ecomercado del Conde Luna de Le\u00f3n los primeros s\u00e1bados de cada mes, donde se ofrecen productos ecol\u00f3gicos y de comercio justo.<\/P><\/p>\n<table border=\"3\" cellspacing=\"0\" cellpadding=\"0\">\n<tbody>\n<tr>\n<td bgcolor=\"#3b7cff\" height=\"25\" width=\"600\" align=\"center\"><strong><a title=\"Actualidad de OZONO\" href=\"https:\/\/www.ozono21.com\/actualidad\" target=\"_blank\" rel=\"noopener noreferrer\"><img loading=\"lazy\" decoding=\"async\" src=\"https:\/\/www.ozono21.com\/blog\/wp-content\/uploads\/2014\/06\/Noticias-Relacionadas.png\" alt=\"Noticias Relacionadas\" width=\"600\" height=\"25\" border=\"0\" \/><\/a><\/strong>\n<\/td>\n<\/tr>\n<\/tbody>\n<\/table>\n<p><big><\/p>\n<table border=\"0\" cellspacing=\"0\" cellpadding=\"0\">\n<tbody>\n<tr>\n<td width=\"150\" height=\"150\" ><a title=\"FRAMBUESAS ECOLOGICAS \" href=\"https:\/\/www.ozono21.com\/blog\/?s=FRAMBUESAS\" target=\"_blank\" rel=\"noopener noreferrer\"><img loading=\"lazy\" decoding=\"async\" src=\"https:\/\/www.ozono21.com\/blog\/wp-content\/uploads\/2009\/10\/Frambuesas-ecol\u00f3gicas.jpg\" alt=\"FRAMBUESAS ECOLOGICAS\" width=\"145\" height=\"145\" class=\"alignright size-full wp-image-5207224\"  style=\"margin: 10px 10px 0px 0px; cursor: hand; border: 0px;\" border=\"0\" \/><\/a><\/td>\n<td width=\"300\" height=\"150\" style=\"text-align: left; vertical-align: middle;\"><strong><a title=\"FRAMBUESAS ECOLOGICAS \" href=\"https:\/\/www.ozono21.com\/blog\/?s=FRAMBUESAS\" target=\"_blank\" rel=\"noopener noreferrer\">FRAMBUESAS ECOLOGICAS <\/a><\/strong><\/li>\n<\/td>\n<\/tr>\n<\/tbody>\n<\/table>\n<p><\/big><\/p>\n<table border=\"3\" cellspacing=\"0\" cellpadding=\"0\">\n<tbody>\n<tr>\n<td bgcolor=\"#3b7cff\" height=\"25\" width=\"600\" align=\"center\"><strong><a title=\"Videos YouTube\" target=\"_blank\" href=\"https:\/\/www.youtube.com\/user\/ozono21\/videos?sort=p&amp;view=0&amp;flow=grid\" rel=\"noopener noreferrer\"><img loading=\"lazy\" decoding=\"async\" border=\"0\" alt=\"Videos Youtube\" width=\"600\" height=\"25\" src=\"\/blog\/wp-content\/uploads\/2014\/06\/Videos-Youtube.png\" \/><\/a><\/strong><\/td>\n<\/tr>\n<\/tbody>\n<\/table>\n<p>&nbsp;<\/p>\n<p style=\"text-align: center;\"><iframe loading=\"lazy\" width=\"632\" height=\"480\" src=\"https:\/\/www.youtube.com\/embed\/QdkDOKOOJIg\" frameborder=\"0\" allow=\"accelerometer; autoplay; encrypted-media; gyroscope; picture-in-picture\" allowfullscreen><\/iframe><\/p>\n<div class=\"pvc_clear\"><\/div>\n<p id=\"pvc_stats_247\" class=\"pvc_stats total_only  \" data-element-id=\"247\" style=\"\"><i class=\"pvc-stats-icon small\" aria-hidden=\"true\"><svg aria-hidden=\"true\" focusable=\"false\" data-prefix=\"far\" data-icon=\"chart-bar\" role=\"img\" xmlns=\"http:\/\/www.w3.org\/2000\/svg\" viewBox=\"0 0 512 512\" class=\"svg-inline--fa fa-chart-bar fa-w-16 fa-2x\"><path fill=\"currentColor\" d=\"M396.8 352h22.4c6.4 0 12.8-6.4 12.8-12.8V108.8c0-6.4-6.4-12.8-12.8-12.8h-22.4c-6.4 0-12.8 6.4-12.8 12.8v230.4c0 6.4 6.4 12.8 12.8 12.8zm-192 0h22.4c6.4 0 12.8-6.4 12.8-12.8V140.8c0-6.4-6.4-12.8-12.8-12.8h-22.4c-6.4 0-12.8 6.4-12.8 12.8v198.4c0 6.4 6.4 12.8 12.8 12.8zm96 0h22.4c6.4 0 12.8-6.4 12.8-12.8V204.8c0-6.4-6.4-12.8-12.8-12.8h-22.4c-6.4 0-12.8 6.4-12.8 12.8v134.4c0 6.4 6.4 12.8 12.8 12.8zM496 400H48V80c0-8.84-7.16-16-16-16H16C7.16 64 0 71.16 0 80v336c0 17.67 14.33 32 32 32h464c8.84 0 16-7.16 16-16v-16c0-8.84-7.16-16-16-16zm-387.2-48h22.4c6.4 0 12.8-6.4 12.8-12.8v-70.4c0-6.4-6.4-12.8-12.8-12.8h-22.4c-6.4 0-12.8 6.4-12.8 12.8v70.4c0 6.4 6.4 12.8 12.8 12.8z\" class=\"\"><\/path><\/svg><\/i> <img loading=\"lazy\" decoding=\"async\" width=\"16\" height=\"16\" alt=\"Loading\" src=\"https:\/\/www.ozono21.com\/blog\/wp-content\/plugins\/page-views-count\/ajax-loader-2x.gif\" border=0 \/><\/p>\n<div class=\"pvc_clear\"><\/div>\n","protected":false},"excerpt":{"rendered":"<p>FRAMBUESAS ECOLOGICAS La Comunidad de Castilla y Le\u00f3n exporta a la Uni\u00f3n Europea FRAMBUESAS ECOLOGICAS desde la comarca leonesa de La Maragater\u00eda La Comunidad de Castilla y Le\u00f3n exporta a diferentes puntos de la Uni\u00f3n Europea FRAMBUESAS ECOLOGICAS desde la &hellip; <a href=\"https:\/\/www.ozono21.com\/blog\/carne\/frambuesas-ecologicas\/\">Sigue leyendo <span class=\"meta-nav\">&rarr;<\/span><\/a><\/p>\n<div class=\"pvc_clear\"><\/div>\n<p id=\"pvc_stats_247\" class=\"pvc_stats total_only  \" data-element-id=\"247\" style=\"\"><i class=\"pvc-stats-icon small\" aria-hidden=\"true\"><svg aria-hidden=\"true\" focusable=\"false\" data-prefix=\"far\" data-icon=\"chart-bar\" role=\"img\" xmlns=\"http:\/\/www.w3.org\/2000\/svg\" viewBox=\"0 0 512 512\" class=\"svg-inline--fa fa-chart-bar fa-w-16 fa-2x\"><path fill=\"currentColor\" d=\"M396.8 352h22.4c6.4 0 12.8-6.4 12.8-12.8V108.8c0-6.4-6.4-12.8-12.8-12.8h-22.4c-6.4 0-12.8 6.4-12.8 12.8v230.4c0 6.4 6.4 12.8 12.8 12.8zm-192 0h22.4c6.4 0 12.8-6.4 12.8-12.8V140.8c0-6.4-6.4-12.8-12.8-12.8h-22.4c-6.4 0-12.8 6.4-12.8 12.8v198.4c0 6.4 6.4 12.8 12.8 12.8zm96 0h22.4c6.4 0 12.8-6.4 12.8-12.8V204.8c0-6.4-6.4-12.8-12.8-12.8h-22.4c-6.4 0-12.8 6.4-12.8 12.8v134.4c0 6.4 6.4 12.8 12.8 12.8zM496 400H48V80c0-8.84-7.16-16-16-16H16C7.16 64 0 71.16 0 80v336c0 17.67 14.33 32 32 32h464c8.84 0 16-7.16 16-16v-16c0-8.84-7.16-16-16-16zm-387.2-48h22.4c6.4 0 12.8-6.4 12.8-12.8v-70.4c0-6.4-6.4-12.8-12.8-12.8h-22.4c-6.4 0-12.8 6.4-12.8 12.8v70.4c0 6.4 6.4 12.8 12.8 12.8z\" class=\"\"><\/path><\/svg><\/i> <img loading=\"lazy\" decoding=\"async\" width=\"16\" height=\"16\" alt=\"Loading\" src=\"https:\/\/www.ozono21.com\/blog\/wp-content\/plugins\/page-views-count\/ajax-loader-2x.gif\" border=0 \/><\/p>\n<div class=\"pvc_clear\"><\/div>\n","protected":false},"author":1,"featured_media":5208437,"comment_status":"open","ping_status":"open","sticky":false,"template":"","format":"standard","meta":{"_exactmetrics_skip_tracking":false,"_exactmetrics_sitenote_active":false,"_exactmetrics_sitenote_note":"","_exactmetrics_sitenote_category":0,"_jetpack_memberships_contains_paid_content":false,"footnotes":"","jetpack_publicize_message":"","jetpack_publicize_feature_enabled":true,"jetpack_social_post_already_shared":false,"jetpack_social_options":{"image_generator_settings":{"template":"highway","default_image_id":0,"font":"","enabled":false},"version":2}},"categories":[34,38],"tags":[79,37],"class_list":["post-247","post","type-post","status-publish","format-standard","has-post-thumbnail","hentry","category-carne","category-ecologico-2","tag-carne","tag-ecologico"],"a3_pvc":{"activated":true,"total_views":4162,"today_views":0},"yoast_head":"<!-- This site is optimized with the Yoast SEO plugin v27.4 - https:\/\/yoast.com\/product\/yoast-seo-wordpress\/ -->\n<title>FRAMBUESAS ECOLOGICAS con OZONO<\/title>\n<meta name=\"description\" content=\"FRAMBUESAS ECOLOGICAS con OZONO. Comunidad de Castilla y Le\u00f3n exporta a la UE FRAMBUESAS ECOLOGICAS desde la comarca leonesa La Maragater\u00eda\" \/>\n<meta name=\"robots\" content=\"index, follow, max-snippet:-1, max-image-preview:large, max-video-preview:-1\" \/>\n<link rel=\"canonical\" href=\"https:\/\/www.ozono21.com\/blog\/carne\/frambuesas-ecologicas\/\" \/>\n<meta property=\"og:locale\" content=\"es_ES\" \/>\n<meta property=\"og:type\" content=\"article\" \/>\n<meta property=\"og:title\" content=\"FRAMBUESAS ECOLOGICAS con OZONO\" \/>\n<meta property=\"og:description\" content=\"FRAMBUESAS ECOLOGICAS con OZONO. Comunidad de Castilla y Le\u00f3n exporta a la UE FRAMBUESAS ECOLOGICAS desde la comarca leonesa La Maragater\u00eda\" \/>\n<meta property=\"og:url\" content=\"https:\/\/www.ozono21.com\/blog\/carne\/frambuesas-ecologicas\/\" \/>\n<meta property=\"og:site_name\" content=\"- Blog Ozono21\" \/>\n<meta property=\"article:published_time\" content=\"2009-10-17T19:14:00+00:00\" \/>\n<meta property=\"article:modified_time\" content=\"2026-02-09T14:32:33+00:00\" \/>\n<meta property=\"og:image\" content=\"https:\/\/www.ozono21.com\/blog\/wp-content\/uploads\/2009\/10\/Frambuesas-ecol\u00f3gicas-e1457911974575.jpg\" \/>\n\t<meta property=\"og:image:width\" content=\"225\" \/>\n\t<meta property=\"og:image:height\" content=\"225\" \/>\n\t<meta property=\"og:image:type\" content=\"image\/jpeg\" \/>\n<meta name=\"author\" content=\"INVESTIGACION Ozono21\" \/>\n<meta name=\"twitter:label1\" content=\"Escrito por\" \/>\n\t<meta name=\"twitter:data1\" content=\"INVESTIGACION Ozono21\" \/>\n\t<meta name=\"twitter:label2\" content=\"Tiempo de lectura\" \/>\n\t<meta name=\"twitter:data2\" content=\"4 minutos\" \/>\n<script type=\"application\/ld+json\" class=\"yoast-schema-graph\">{\"@context\":\"https:\\\/\\\/schema.org\",\"@graph\":[{\"@type\":\"Article\",\"@id\":\"https:\\\/\\\/www.ozono21.com\\\/blog\\\/carne\\\/frambuesas-ecologicas\\\/#article\",\"isPartOf\":{\"@id\":\"https:\\\/\\\/www.ozono21.com\\\/blog\\\/carne\\\/frambuesas-ecologicas\\\/\"},\"author\":{\"name\":\"INVESTIGACION Ozono21\",\"@id\":\"https:\\\/\\\/www.ozono21.com\\\/blog\\\/#\\\/schema\\\/person\\\/16639932c214a173193498aee8204d12\"},\"headline\":\"FRAMBUESAS ECOLOGICAS\",\"datePublished\":\"2009-10-17T19:14:00+00:00\",\"dateModified\":\"2026-02-09T14:32:33+00:00\",\"mainEntityOfPage\":{\"@id\":\"https:\\\/\\\/www.ozono21.com\\\/blog\\\/carne\\\/frambuesas-ecologicas\\\/\"},\"wordCount\":750,\"commentCount\":0,\"image\":{\"@id\":\"https:\\\/\\\/www.ozono21.com\\\/blog\\\/carne\\\/frambuesas-ecologicas\\\/#primaryimage\"},\"thumbnailUrl\":\"https:\\\/\\\/www.ozono21.com\\\/blog\\\/wp-content\\\/uploads\\\/2009\\\/10\\\/Frambuesas-ecol\u00f3gicas-e1457911974575.jpg\",\"keywords\":[\"Carne\",\"Ecol\u00f3gico\"],\"articleSection\":[\"Carne\",\"Ecol\u00f3gico\"],\"inLanguage\":\"es\",\"potentialAction\":[{\"@type\":\"CommentAction\",\"name\":\"Comment\",\"target\":[\"https:\\\/\\\/www.ozono21.com\\\/blog\\\/carne\\\/frambuesas-ecologicas\\\/#respond\"]}]},{\"@type\":\"WebPage\",\"@id\":\"https:\\\/\\\/www.ozono21.com\\\/blog\\\/carne\\\/frambuesas-ecologicas\\\/\",\"url\":\"https:\\\/\\\/www.ozono21.com\\\/blog\\\/carne\\\/frambuesas-ecologicas\\\/\",\"name\":\"FRAMBUESAS ECOLOGICAS con OZONO\",\"isPartOf\":{\"@id\":\"https:\\\/\\\/www.ozono21.com\\\/blog\\\/#website\"},\"primaryImageOfPage\":{\"@id\":\"https:\\\/\\\/www.ozono21.com\\\/blog\\\/carne\\\/frambuesas-ecologicas\\\/#primaryimage\"},\"image\":{\"@id\":\"https:\\\/\\\/www.ozono21.com\\\/blog\\\/carne\\\/frambuesas-ecologicas\\\/#primaryimage\"},\"thumbnailUrl\":\"https:\\\/\\\/www.ozono21.com\\\/blog\\\/wp-content\\\/uploads\\\/2009\\\/10\\\/Frambuesas-ecol\u00f3gicas-e1457911974575.jpg\",\"datePublished\":\"2009-10-17T19:14:00+00:00\",\"dateModified\":\"2026-02-09T14:32:33+00:00\",\"author\":{\"@id\":\"https:\\\/\\\/www.ozono21.com\\\/blog\\\/#\\\/schema\\\/person\\\/16639932c214a173193498aee8204d12\"},\"description\":\"FRAMBUESAS ECOLOGICAS con OZONO. Comunidad de Castilla y Le\u00f3n exporta a la UE FRAMBUESAS ECOLOGICAS desde la comarca leonesa La Maragater\u00eda\",\"breadcrumb\":{\"@id\":\"https:\\\/\\\/www.ozono21.com\\\/blog\\\/carne\\\/frambuesas-ecologicas\\\/#breadcrumb\"},\"inLanguage\":\"es\",\"potentialAction\":[{\"@type\":\"ReadAction\",\"target\":[\"https:\\\/\\\/www.ozono21.com\\\/blog\\\/carne\\\/frambuesas-ecologicas\\\/\"]}]},{\"@type\":\"ImageObject\",\"inLanguage\":\"es\",\"@id\":\"https:\\\/\\\/www.ozono21.com\\\/blog\\\/carne\\\/frambuesas-ecologicas\\\/#primaryimage\",\"url\":\"https:\\\/\\\/www.ozono21.com\\\/blog\\\/wp-content\\\/uploads\\\/2009\\\/10\\\/Frambuesas-ecol\u00f3gicas-e1457911974575.jpg\",\"contentUrl\":\"https:\\\/\\\/www.ozono21.com\\\/blog\\\/wp-content\\\/uploads\\\/2009\\\/10\\\/Frambuesas-ecol\u00f3gicas-e1457911974575.jpg\",\"width\":225,\"height\":225},{\"@type\":\"BreadcrumbList\",\"@id\":\"https:\\\/\\\/www.ozono21.com\\\/blog\\\/carne\\\/frambuesas-ecologicas\\\/#breadcrumb\",\"itemListElement\":[{\"@type\":\"ListItem\",\"position\":1,\"name\":\"Portada\",\"item\":\"https:\\\/\\\/www.ozono21.com\\\/blog\\\/\"},{\"@type\":\"ListItem\",\"position\":2,\"name\":\"FRAMBUESAS ECOLOGICAS\"}]},{\"@type\":\"WebSite\",\"@id\":\"https:\\\/\\\/www.ozono21.com\\\/blog\\\/#website\",\"url\":\"https:\\\/\\\/www.ozono21.com\\\/blog\\\/\",\"name\":\"Blog Ozono21\",\"description\":\" - Blog Ozono21\",\"potentialAction\":[{\"@type\":\"SearchAction\",\"target\":{\"@type\":\"EntryPoint\",\"urlTemplate\":\"https:\\\/\\\/www.ozono21.com\\\/blog\\\/?s={search_term_string}\"},\"query-input\":{\"@type\":\"PropertyValueSpecification\",\"valueRequired\":true,\"valueName\":\"search_term_string\"}}],\"inLanguage\":\"es\"},{\"@type\":\"Person\",\"@id\":\"https:\\\/\\\/www.ozono21.com\\\/blog\\\/#\\\/schema\\\/person\\\/16639932c214a173193498aee8204d12\",\"name\":\"INVESTIGACION Ozono21\",\"image\":{\"@type\":\"ImageObject\",\"inLanguage\":\"es\",\"@id\":\"https:\\\/\\\/secure.gravatar.com\\\/avatar\\\/f00ed9ac57a3eea6b9830d73dc9f9214775648c7763edcb20475eb83509b31fd?s=96&d=mm&r=g\",\"url\":\"https:\\\/\\\/secure.gravatar.com\\\/avatar\\\/f00ed9ac57a3eea6b9830d73dc9f9214775648c7763edcb20475eb83509b31fd?s=96&d=mm&r=g\",\"contentUrl\":\"https:\\\/\\\/secure.gravatar.com\\\/avatar\\\/f00ed9ac57a3eea6b9830d73dc9f9214775648c7763edcb20475eb83509b31fd?s=96&d=mm&r=g\",\"caption\":\"INVESTIGACION Ozono21\"}}]}<\/script>\n<!-- \/ Yoast SEO plugin. -->","yoast_head_json":{"title":"FRAMBUESAS ECOLOGICAS con OZONO","description":"FRAMBUESAS ECOLOGICAS con OZONO. Comunidad de Castilla y Le\u00f3n exporta a la UE FRAMBUESAS ECOLOGICAS desde la comarca leonesa La Maragater\u00eda","robots":{"index":"index","follow":"follow","max-snippet":"max-snippet:-1","max-image-preview":"max-image-preview:large","max-video-preview":"max-video-preview:-1"},"canonical":"https:\/\/www.ozono21.com\/blog\/carne\/frambuesas-ecologicas\/","og_locale":"es_ES","og_type":"article","og_title":"FRAMBUESAS ECOLOGICAS con OZONO","og_description":"FRAMBUESAS ECOLOGICAS con OZONO. Comunidad de Castilla y Le\u00f3n exporta a la UE FRAMBUESAS ECOLOGICAS desde la comarca leonesa La Maragater\u00eda","og_url":"https:\/\/www.ozono21.com\/blog\/carne\/frambuesas-ecologicas\/","og_site_name":"- Blog Ozono21","article_published_time":"2009-10-17T19:14:00+00:00","article_modified_time":"2026-02-09T14:32:33+00:00","og_image":[{"width":225,"height":225,"url":"https:\/\/www.ozono21.com\/blog\/wp-content\/uploads\/2009\/10\/Frambuesas-ecol\u00f3gicas-e1457911974575.jpg","type":"image\/jpeg"}],"author":"INVESTIGACION Ozono21","twitter_misc":{"Escrito por":"INVESTIGACION Ozono21","Tiempo de lectura":"4 minutos"},"schema":{"@context":"https:\/\/schema.org","@graph":[{"@type":"Article","@id":"https:\/\/www.ozono21.com\/blog\/carne\/frambuesas-ecologicas\/#article","isPartOf":{"@id":"https:\/\/www.ozono21.com\/blog\/carne\/frambuesas-ecologicas\/"},"author":{"name":"INVESTIGACION Ozono21","@id":"https:\/\/www.ozono21.com\/blog\/#\/schema\/person\/16639932c214a173193498aee8204d12"},"headline":"FRAMBUESAS ECOLOGICAS","datePublished":"2009-10-17T19:14:00+00:00","dateModified":"2026-02-09T14:32:33+00:00","mainEntityOfPage":{"@id":"https:\/\/www.ozono21.com\/blog\/carne\/frambuesas-ecologicas\/"},"wordCount":750,"commentCount":0,"image":{"@id":"https:\/\/www.ozono21.com\/blog\/carne\/frambuesas-ecologicas\/#primaryimage"},"thumbnailUrl":"https:\/\/www.ozono21.com\/blog\/wp-content\/uploads\/2009\/10\/Frambuesas-ecol\u00f3gicas-e1457911974575.jpg","keywords":["Carne","Ecol\u00f3gico"],"articleSection":["Carne","Ecol\u00f3gico"],"inLanguage":"es","potentialAction":[{"@type":"CommentAction","name":"Comment","target":["https:\/\/www.ozono21.com\/blog\/carne\/frambuesas-ecologicas\/#respond"]}]},{"@type":"WebPage","@id":"https:\/\/www.ozono21.com\/blog\/carne\/frambuesas-ecologicas\/","url":"https:\/\/www.ozono21.com\/blog\/carne\/frambuesas-ecologicas\/","name":"FRAMBUESAS ECOLOGICAS con OZONO","isPartOf":{"@id":"https:\/\/www.ozono21.com\/blog\/#website"},"primaryImageOfPage":{"@id":"https:\/\/www.ozono21.com\/blog\/carne\/frambuesas-ecologicas\/#primaryimage"},"image":{"@id":"https:\/\/www.ozono21.com\/blog\/carne\/frambuesas-ecologicas\/#primaryimage"},"thumbnailUrl":"https:\/\/www.ozono21.com\/blog\/wp-content\/uploads\/2009\/10\/Frambuesas-ecol\u00f3gicas-e1457911974575.jpg","datePublished":"2009-10-17T19:14:00+00:00","dateModified":"2026-02-09T14:32:33+00:00","author":{"@id":"https:\/\/www.ozono21.com\/blog\/#\/schema\/person\/16639932c214a173193498aee8204d12"},"description":"FRAMBUESAS ECOLOGICAS con OZONO. Comunidad de Castilla y Le\u00f3n exporta a la UE FRAMBUESAS ECOLOGICAS desde la comarca leonesa La Maragater\u00eda","breadcrumb":{"@id":"https:\/\/www.ozono21.com\/blog\/carne\/frambuesas-ecologicas\/#breadcrumb"},"inLanguage":"es","potentialAction":[{"@type":"ReadAction","target":["https:\/\/www.ozono21.com\/blog\/carne\/frambuesas-ecologicas\/"]}]},{"@type":"ImageObject","inLanguage":"es","@id":"https:\/\/www.ozono21.com\/blog\/carne\/frambuesas-ecologicas\/#primaryimage","url":"https:\/\/www.ozono21.com\/blog\/wp-content\/uploads\/2009\/10\/Frambuesas-ecol\u00f3gicas-e1457911974575.jpg","contentUrl":"https:\/\/www.ozono21.com\/blog\/wp-content\/uploads\/2009\/10\/Frambuesas-ecol\u00f3gicas-e1457911974575.jpg","width":225,"height":225},{"@type":"BreadcrumbList","@id":"https:\/\/www.ozono21.com\/blog\/carne\/frambuesas-ecologicas\/#breadcrumb","itemListElement":[{"@type":"ListItem","position":1,"name":"Portada","item":"https:\/\/www.ozono21.com\/blog\/"},{"@type":"ListItem","position":2,"name":"FRAMBUESAS ECOLOGICAS"}]},{"@type":"WebSite","@id":"https:\/\/www.ozono21.com\/blog\/#website","url":"https:\/\/www.ozono21.com\/blog\/","name":"Blog Ozono21","description":" - Blog Ozono21","potentialAction":[{"@type":"SearchAction","target":{"@type":"EntryPoint","urlTemplate":"https:\/\/www.ozono21.com\/blog\/?s={search_term_string}"},"query-input":{"@type":"PropertyValueSpecification","valueRequired":true,"valueName":"search_term_string"}}],"inLanguage":"es"},{"@type":"Person","@id":"https:\/\/www.ozono21.com\/blog\/#\/schema\/person\/16639932c214a173193498aee8204d12","name":"INVESTIGACION Ozono21","image":{"@type":"ImageObject","inLanguage":"es","@id":"https:\/\/secure.gravatar.com\/avatar\/f00ed9ac57a3eea6b9830d73dc9f9214775648c7763edcb20475eb83509b31fd?s=96&d=mm&r=g","url":"https:\/\/secure.gravatar.com\/avatar\/f00ed9ac57a3eea6b9830d73dc9f9214775648c7763edcb20475eb83509b31fd?s=96&d=mm&r=g","contentUrl":"https:\/\/secure.gravatar.com\/avatar\/f00ed9ac57a3eea6b9830d73dc9f9214775648c7763edcb20475eb83509b31fd?s=96&d=mm&r=g","caption":"INVESTIGACION Ozono21"}}]}},"jetpack_publicize_connections":[],"jetpack_featured_media_url":"https:\/\/www.ozono21.com\/blog\/wp-content\/uploads\/2009\/10\/Frambuesas-ecol\u00f3gicas-e1457911974575.jpg","jetpack_sharing_enabled":true,"_links":{"self":[{"href":"https:\/\/www.ozono21.com\/blog\/wp-json\/wp\/v2\/posts\/247","targetHints":{"allow":["GET"]}}],"collection":[{"href":"https:\/\/www.ozono21.com\/blog\/wp-json\/wp\/v2\/posts"}],"about":[{"href":"https:\/\/www.ozono21.com\/blog\/wp-json\/wp\/v2\/types\/post"}],"author":[{"embeddable":true,"href":"https:\/\/www.ozono21.com\/blog\/wp-json\/wp\/v2\/users\/1"}],"replies":[{"embeddable":true,"href":"https:\/\/www.ozono21.com\/blog\/wp-json\/wp\/v2\/comments?post=247"}],"version-history":[{"count":0,"href":"https:\/\/www.ozono21.com\/blog\/wp-json\/wp\/v2\/posts\/247\/revisions"}],"wp:featuredmedia":[{"embeddable":true,"href":"https:\/\/www.ozono21.com\/blog\/wp-json\/wp\/v2\/media\/5208437"}],"wp:attachment":[{"href":"https:\/\/www.ozono21.com\/blog\/wp-json\/wp\/v2\/media?parent=247"}],"wp:term":[{"taxonomy":"category","embeddable":true,"href":"https:\/\/www.ozono21.com\/blog\/wp-json\/wp\/v2\/categories?post=247"},{"taxonomy":"post_tag","embeddable":true,"href":"https:\/\/www.ozono21.com\/blog\/wp-json\/wp\/v2\/tags?post=247"}],"curies":[{"name":"wp","href":"https:\/\/api.w.org\/{rel}","templated":true}]}}