{"id":1583124,"date":"2007-03-04T18:57:12","date_gmt":"2007-03-04T19:57:12","guid":{"rendered":"https:\/\/www.ozono21.com\/blog\/1583124\/sin-categoria\/han-muerto-tres-en-cinco-dias\/"},"modified":"2026-02-20T20:01:15","modified_gmt":"2026-02-20T18:01:15","slug":"bebes-muerto-tres-en-cinco-dias","status":"publish","type":"post","link":"https:\/\/www.ozono21.com\/blog\/salud\/bebes-muerto-tres-en-cinco-dias\/","title":{"rendered":"BEBES HAN MUERTO TRES EN CINCO D\u00cdAS"},"content":{"rendered":"<p style=\"text-align: justify;\">\n<h2 style=\"text-align: justify;\"><strong><img loading=\"lazy\" decoding=\"async\"  class=\"alignright\"  style=\"margin: 40px 0px 40px 0px; cursor: hand; border: 0px;\"  title=\"Madre Bebe\" src=\"https:\/\/www.ozono21.com\/blog\/wp-content\/uploads\/2007\/03\/madre-bebe.jpg\" alt=\"  BEBES  \" width=\"222\" height=\"171\" \/><a title=\"Ozono21 Salud y Bienestar\" href=\"https:\/\/www.ozono21.com\/sectores-pagina\/empresariales\/salud-bienestar-belleza\/7\/\" target=\"_blank\" rel=\"noopener noreferrer\"> El Hospital 12 de Octubre confirma la gravedad de un cuarto BEBES rematuro.<\/a><\/strong><\/h2>\n<p><\/P><\/p>\n<p style=\"text-align: justify;\"><strong><a title=\"Ozono21 Salud y Bienestar\" href=\"https:\/\/www.ozono21.com\/sectores-pagina\/empresariales\/salud-bienestar-belleza\/7\/\" target=\"_blank\" rel=\"noopener noreferrer\"> \u201cLos familiares de uno de los  BEBES  muertos est\u00e1n indignados y piden explicaciones al centro\u201d<\/a><\/strong><\/P><\/p>\n<p style=\"text-align: justify;\"><strong><a title=\"Ozono21 Salud y Bienestar\" href=\"https:\/\/www.ozono21.com\/sectores-pagina\/empresariales\/salud-bienestar-belleza\/7\/\" target=\"_blank\" rel=\"noopener noreferrer\"> El director gerente del Hospital 12 de Octubre de Madrid, Joaqu\u00edn Mart\u00ednez, ha confirmado que un cuarto de BEBES prematuros que fue atendido en el Servicio de Neonatolog\u00eda del centro se encuentra grave despu\u00e9s de que entre los d\u00edas 26 de febrero y 2 de marzo otros tres fallecieran al resultar infectados con una bacteria denominada &#8216;klebsiella pneumoniae&#8217;.<\/a><\/strong><\/P><\/p>\n<p>EUROPA PRESS (04\/03\/2007) MADRID<\/P><\/p>\n<p style=\"text-align: justify;\">Mart\u00ednez explic\u00f3 en rueda de prensa que los BEBES est\u00e1n colonizados por la misma bacteria, que se encuentra en su piel con \u00absospecha de infecci\u00f3n a\u00fan no confirmada\u00bb.<\/p>\n<p style=\"text-align: justify;\"><strong>Seg\u00fan dijo, la bacteria, de car\u00e1cter hospitalario y propia de cuidados prolongados, \u00abconlleva gran mortalidad en el caso de pacientes con patolog\u00edas graves, tal y como ocurre en determinados ni\u00f1os prematuros\u00bb.<\/strong><\/p>\n<p style=\"text-align: justify;\">La Asociaci\u00f3n el Defensor del Paciente ha pedido al fiscal Jefe de Madrid, Manuel Moix, que abra una investigaci\u00f3n sobre la muerte de los tres  BEBES , de la que inform\u00f3 EL MUNDO.<\/p>\n<p style=\"text-align: justify;\">De acuerdo con un comunicado distribuido por el hospital, el primer ni\u00f1o, fallecido el pasado 26 de febrero, naci\u00f3 a las 28 semanas de edad con 1.090 gramos de peso y padec\u00eda graves patolog\u00edas propias de su prematuridad por las que estaba ingresado en el servicio de neonatolog\u00eda del hospital.<\/p>\n<p style=\"text-align: justify;\"><strong>El diagn\u00f3stico de su autopsia fue shock s\u00e9ptico (infecci\u00f3n generalizada) por klebsiella.<\/strong> Otros dos ni\u00f1os prematuros ingresados en el mismo servicio del hospital fallecieron el pasado d\u00eda 2 de marzo por la misma causa.<\/p>\n<p style=\"text-align: justify;\"><strong>\u00abEste tipo de bacterias son muy listas y van aprendiendo\u00bb, explic\u00f3 la jefa del servicio de Neonatolog\u00eda, Carmen Pay\u00e1s. \u00abEst\u00e1n siempre en las UVIs neonatales; el problema es que van aprendiendo a hacerse resistente a los antibi\u00f3ticos que utilizamos normalmente, van adquiriendo cada vez m\u00e1s fuerza, y, entonces, pues de vez en cuanto surge una bacteria que tiene m\u00e1s capacidad de hacer da\u00f1o\u00bb, indic\u00f3.<\/strong><\/p>\n<p style=\"text-align: justify;\">Los familiares de uno de los BEBES se han mostrado \u00abindignados\u00bb por las escasas explicaciones dadas por el centro sobre la causa de la muerte de su hijo y por no ser avisados de que hab\u00eda una bacteria hospitalaria.<\/p>\n<p style=\"text-align: justify;\">El ecuatoriano Angel Marcelo explic\u00f3 que su hijo estaba \u00abfabuloso\u00bb durante sus primeras horas de vida, e incluso al d\u00eda siguiente de su nacimiento le fue retirado el ox\u00edgeno porque respiraba solo, pero pocos d\u00edas despu\u00e9s empez\u00f3 a echar sangre por la boca, hasta que finalmente muri\u00f3.<\/p>\n<p style=\"text-align: justify;\"><big><strong><a title=\"OZONO21 es siempre SALUD\" href=\"https:\/\/www.ozono21.com\/productos-ozono\" target=\"_blank\" rel=\"noopener noreferrer\">Traslados a otros centros<\/A><\/strong><\/big><\/P><\/p>\n<p style=\"text-align: justify;\">A ra\u00edz de la confirmaci\u00f3n de la causa de muerte de el primer de los BEBES , el Servicio de Neonatolog\u00eda puso en funcionamiento las medidas contempladas en el protocolo del Servicio de Medicina Preventiva del mismo hospital para el control y prevenci\u00f3n de los efectos de la bacteria, entre las que se incluye el traslado a otros centros de los casos de embarazo patol\u00f3gico ingresados y de aquellas embarazadas que lleguen a Urgencias con alg\u00fan factor de riesgo.<\/p>\n<p style=\"text-align: justify;\">Asimismo, <strong>el hospital ha establecido dos zonas estructurales totalmente diferenciadas, una para los ni\u00f1os que han estado en contacto con la bacteria y otra para los considerados \u00ablimpios\u00bb. <\/strong>Con este mismo fin, se ha separado a los m\u00e9dicos y enfermeras en dos grupos, una para la atenci\u00f3n de la zona en la que presumiblemente est\u00e1 presente la bacteria y otro para la zona no contaminada.<\/p>\n<p style=\"text-align: justify;\">Para todo ello se ha incrementado tanto el personal m\u00e9dico como de enfermer\u00eda de este servicio, reforz\u00e1ndose espec\u00edficamente el personal de guardia en tardes y noches. Tambi\u00e9n, con el objeto de tratar de mantener aislados a los ni\u00f1os que han podido ser colonizados por la bacteria, se han limitado las visitas de los m\u00e9dicos especialistas de otros servicios y se han restringido las visitas de familiares.<\/p>\n<p style=\"text-align: justify;\">Adem\u00e1s, el hospital asegura en el comunicado que se han tomado <strong>medidas higi\u00e9nico-sanitarias estrictas<\/strong>, tanto para los profesionales como para los padres de los ni\u00f1os ingresados, y se han puesto en marcha medidas espec\u00edficas de limpieza de todo el material.<\/p>\n<p style=\"text-align: justify;\">Seg\u00fan explic\u00f3 la jefa del servicio de Neonatolog\u00eda, actualmente hay ingresados en el servicio 25 BEBES y \u00abtodos\u00bb presentan alg\u00fan tipo de patolog\u00eda \u00abde base\u00bb anterior a la presencia de la bacteria. \u00abNing\u00fan ni\u00f1o que est\u00e1 en una UVI ingresado en un servicio de Neonatolog\u00eda est\u00e1 perfectamente, porque si est\u00e1n perfectamente est\u00e1n con sus madres. Partimos de una poblaci\u00f3n de alto riesgo\u00bb, apunt\u00f3.<\/p>\n<table border=\"3\" cellspacing=\"0\" cellpadding=\"0\">\n<tbody>\n<tr>\n<td bgcolor=\"#3b7cff\" height=\"25\" width=\"600\" align=\"center\"><strong><a title=\"Actualidad ACCION del OZONO\" href=\"https:\/\/www.ozono21.com\/actualidad-interna\/accion-del-ozono\/423\/\" target=\"_blank\" rel=\"noopener noreferrer\"><img loading=\"lazy\" decoding=\"async\" src=\"https:\/\/www.ozono21.com\/blog\/wp-content\/uploads\/2014\/06\/Noticias-Relacionadas.png\" alt=\"Noticias Relacionadas\" width=\"600\" height=\"25\" border=\"0\" \/><\/a><\/strong>\n<\/td>\n<\/tr>\n<\/tbody>\n<\/table>\n<p><big><\/p>\n<ul>\n<li><strong><a title=\"OZONO elimina en las Guarder\u00edas los OLORES \"infantiles\"\" href=\"https:\/\/www.ozono21.com\/actualidad-interna\/ozono-elimina-guarderias-olores-infantiles\/343\/\" target=\"_blank\" rel=\"noopener noreferrer\">OZONO elimina en las Guarder\u00edas los OLORES \u00abinfantiles\u00bb<\/a><\/strong><\/li>\n<li><strong><a title=\"El aire contaminado perjudica el desarrollo cerebral infantil\" href=\"https:\/\/www.ozono21.com\/actualidad-interna\/el-aire-contaminado-perjudica-desarrollo-cerebral-infantil\/94\/\" target=\"_blank\" rel=\"noopener noreferrer\">El aire contaminado perjudica el desarrollo cerebral infantil<\/a><\/strong><\/li>\n<li><strong><a title=\" El 30% de las enfermedades infantiles se debe a factores medioambientales\" href=\"https:\/\/www.ozono21.com\/actualidad-interna\/el-30-enfermedades-infantiles-se-debe-factores-medioambientales\/81\/\" target=\"_blank\" rel=\"noopener noreferrer\"> El 30% de las enfermedades infantiles se debe a factores medioambientales<\/a><\/strong><\/li>\n<li><strong><a title=\"Neurot\u00f3xicos Medioambientales en la salud de la infancia\" href=\"https:\/\/www.ozono21.com\/actualidad-interna\/neurotoxicos-medioambientales-salud-infancia\/35\/\" target=\"_blank\" rel=\"noopener noreferrer\">Neurot\u00f3xicos Medioambientales en la salud de la infancia<\/a><\/strong><\/li>\n<li><strong><a title=\"La infancia constituye uno de los grupos poblacionales de mayor riesgo para los contaminantes medioambientales\" href=\"https:\/\/www.ozono21.com\/actualidad-interna\/la-infancia-constituye-uno-grupos-poblacionales-mayor-riesgo-para-contaminantes-medioambientales\/15\/\" target=\"_blank\" rel=\"noopener noreferrer\">La infancia constituye uno de los grupos poblacionales de mayor riesgo para los contaminantes medioambientales<\/a><\/strong><\/li>\n<\/ul>\n<p><\/big><\/p>\n<table border=\"3\" cellspacing=\"0\" cellpadding=\"0\">\n<tbody>\n<tr>\n<td bgcolor=\"#3b7cff\" height=\"25\" width=\"600\" align=\"center\"><strong><a title=\"Videos YouTube\" target=\"_blank\" href=\"https:\/\/www.youtube.com\/user\/ozono21\/videos?sort=p&amp;view=0&amp;flow=grid\" rel=\"noopener noreferrer\"><img loading=\"lazy\" decoding=\"async\" src=\"https:\/\/www.ozono21.com\/blog\/wp-content\/uploads\/2014\/06\/Videos-Youtube.png\" alt=\"Videos Youtube\" width=\"600\" height=\"25\" border=\"0\" \/><\/a><\/strong>\n<\/td>\n<\/tr>\n<\/tbody>\n<\/table>\n<div class=\"pvc_clear\"><\/div>\n<p id=\"pvc_stats_1583124\" class=\"pvc_stats total_only  \" data-element-id=\"1583124\" style=\"\"><i class=\"pvc-stats-icon small\" aria-hidden=\"true\"><svg aria-hidden=\"true\" focusable=\"false\" data-prefix=\"far\" data-icon=\"chart-bar\" role=\"img\" xmlns=\"http:\/\/www.w3.org\/2000\/svg\" viewBox=\"0 0 512 512\" class=\"svg-inline--fa fa-chart-bar fa-w-16 fa-2x\"><path fill=\"currentColor\" d=\"M396.8 352h22.4c6.4 0 12.8-6.4 12.8-12.8V108.8c0-6.4-6.4-12.8-12.8-12.8h-22.4c-6.4 0-12.8 6.4-12.8 12.8v230.4c0 6.4 6.4 12.8 12.8 12.8zm-192 0h22.4c6.4 0 12.8-6.4 12.8-12.8V140.8c0-6.4-6.4-12.8-12.8-12.8h-22.4c-6.4 0-12.8 6.4-12.8 12.8v198.4c0 6.4 6.4 12.8 12.8 12.8zm96 0h22.4c6.4 0 12.8-6.4 12.8-12.8V204.8c0-6.4-6.4-12.8-12.8-12.8h-22.4c-6.4 0-12.8 6.4-12.8 12.8v134.4c0 6.4 6.4 12.8 12.8 12.8zM496 400H48V80c0-8.84-7.16-16-16-16H16C7.16 64 0 71.16 0 80v336c0 17.67 14.33 32 32 32h464c8.84 0 16-7.16 16-16v-16c0-8.84-7.16-16-16-16zm-387.2-48h22.4c6.4 0 12.8-6.4 12.8-12.8v-70.4c0-6.4-6.4-12.8-12.8-12.8h-22.4c-6.4 0-12.8 6.4-12.8 12.8v70.4c0 6.4 6.4 12.8 12.8 12.8z\" class=\"\"><\/path><\/svg><\/i> <img loading=\"lazy\" decoding=\"async\" width=\"16\" height=\"16\" alt=\"Loading\" src=\"https:\/\/www.ozono21.com\/blog\/wp-content\/plugins\/page-views-count\/ajax-loader-2x.gif\" border=0 \/><\/p>\n<div class=\"pvc_clear\"><\/div>\n","protected":false},"excerpt":{"rendered":"<p>El Hospital 12 de Octubre confirma la gravedad de un cuarto BEBES rematuro. \u201cLos familiares de uno de los BEBES muertos est\u00e1n indignados y piden explicaciones al centro\u201d El director gerente del Hospital 12 de Octubre de Madrid, Joaqu\u00edn Mart\u00ednez, &hellip; <a href=\"https:\/\/www.ozono21.com\/blog\/salud\/bebes-muerto-tres-en-cinco-dias\/\">Sigue leyendo <span class=\"meta-nav\">&rarr;<\/span><\/a><\/p>\n<div class=\"pvc_clear\"><\/div>\n<p id=\"pvc_stats_1583124\" class=\"pvc_stats total_only  \" data-element-id=\"1583124\" style=\"\"><i class=\"pvc-stats-icon small\" aria-hidden=\"true\"><svg aria-hidden=\"true\" focusable=\"false\" data-prefix=\"far\" data-icon=\"chart-bar\" role=\"img\" xmlns=\"http:\/\/www.w3.org\/2000\/svg\" viewBox=\"0 0 512 512\" class=\"svg-inline--fa fa-chart-bar fa-w-16 fa-2x\"><path fill=\"currentColor\" d=\"M396.8 352h22.4c6.4 0 12.8-6.4 12.8-12.8V108.8c0-6.4-6.4-12.8-12.8-12.8h-22.4c-6.4 0-12.8 6.4-12.8 12.8v230.4c0 6.4 6.4 12.8 12.8 12.8zm-192 0h22.4c6.4 0 12.8-6.4 12.8-12.8V140.8c0-6.4-6.4-12.8-12.8-12.8h-22.4c-6.4 0-12.8 6.4-12.8 12.8v198.4c0 6.4 6.4 12.8 12.8 12.8zm96 0h22.4c6.4 0 12.8-6.4 12.8-12.8V204.8c0-6.4-6.4-12.8-12.8-12.8h-22.4c-6.4 0-12.8 6.4-12.8 12.8v134.4c0 6.4 6.4 12.8 12.8 12.8zM496 400H48V80c0-8.84-7.16-16-16-16H16C7.16 64 0 71.16 0 80v336c0 17.67 14.33 32 32 32h464c8.84 0 16-7.16 16-16v-16c0-8.84-7.16-16-16-16zm-387.2-48h22.4c6.4 0 12.8-6.4 12.8-12.8v-70.4c0-6.4-6.4-12.8-12.8-12.8h-22.4c-6.4 0-12.8 6.4-12.8 12.8v70.4c0 6.4 6.4 12.8 12.8 12.8z\" class=\"\"><\/path><\/svg><\/i> <img loading=\"lazy\" decoding=\"async\" width=\"16\" height=\"16\" alt=\"Loading\" src=\"https:\/\/www.ozono21.com\/blog\/wp-content\/plugins\/page-views-count\/ajax-loader-2x.gif\" border=0 \/><\/p>\n<div class=\"pvc_clear\"><\/div>\n","protected":false},"author":1,"featured_media":5214770,"comment_status":"open","ping_status":"open","sticky":false,"template":"","format":"standard","meta":{"_exactmetrics_skip_tracking":false,"_exactmetrics_sitenote_active":false,"_exactmetrics_sitenote_note":"","_exactmetrics_sitenote_category":0,"_jetpack_memberships_contains_paid_content":false,"footnotes":"","jetpack_publicize_message":"","jetpack_publicize_feature_enabled":true,"jetpack_social_post_already_shared":false,"jetpack_social_options":{"image_generator_settings":{"template":"highway","default_image_id":0,"font":"","enabled":false},"version":2}},"categories":[14,7],"tags":[],"class_list":["post-1583124","post","type-post","status-publish","format-standard","has-post-thumbnail","hentry","category-ozono","category-salud"],"a3_pvc":{"activated":true,"total_views":4405,"today_views":0},"yoast_head":"<!-- This site is optimized with the Yoast SEO plugin v27.5 - https:\/\/yoast.com\/product\/yoast-seo-wordpress\/ -->\n<title>BEBES MUERTO TRES EN CINCO D\u00cdAS<\/title>\n<meta name=\"description\" content=\"BEBES HAN MUERTO TRES EN CINCO D\u00cdAS. Hospital 12 de Octubre gravedad de un cuarto de BEBES rematuro, con las muertes que se han producido.\" \/>\n<meta name=\"robots\" content=\"index, follow, max-snippet:-1, max-image-preview:large, max-video-preview:-1\" \/>\n<link rel=\"canonical\" href=\"https:\/\/www.ozono21.com\/blog\/salud\/bebes-muerto-tres-en-cinco-dias\/\" \/>\n<meta property=\"og:locale\" content=\"es_ES\" \/>\n<meta property=\"og:type\" content=\"article\" \/>\n<meta property=\"og:title\" content=\"BEBES MUERTO TRES EN CINCO D\u00cdAS\" \/>\n<meta property=\"og:description\" content=\"BEBES HAN MUERTO TRES EN CINCO D\u00cdAS. Hospital 12 de Octubre gravedad de un cuarto de BEBES rematuro, con las muertes que se han producido.\" \/>\n<meta property=\"og:url\" content=\"https:\/\/www.ozono21.com\/blog\/salud\/bebes-muerto-tres-en-cinco-dias\/\" \/>\n<meta property=\"og:site_name\" content=\"- Blog Ozono21\" \/>\n<meta property=\"article:published_time\" content=\"2007-03-04T19:57:12+00:00\" \/>\n<meta property=\"article:modified_time\" content=\"2026-02-20T18:01:15+00:00\" \/>\n<meta property=\"og:image\" content=\"https:\/\/www.ozono21.com\/blog\/wp-content\/uploads\/2007\/03\/bebes-queridos.jpg\" \/>\n\t<meta property=\"og:image:width\" content=\"233\" \/>\n\t<meta property=\"og:image:height\" content=\"217\" \/>\n\t<meta property=\"og:image:type\" content=\"image\/jpeg\" \/>\n<meta name=\"author\" content=\"INVESTIGACION Ozono21\" \/>\n<meta name=\"twitter:label1\" content=\"Escrito por\" \/>\n\t<meta name=\"twitter:data1\" content=\"INVESTIGACION Ozono21\" \/>\n\t<meta name=\"twitter:label2\" content=\"Tiempo de lectura\" \/>\n\t<meta name=\"twitter:data2\" content=\"4 minutos\" \/>\n<script type=\"application\/ld+json\" class=\"yoast-schema-graph\">{\"@context\":\"https:\\\/\\\/schema.org\",\"@graph\":[{\"@type\":\"Article\",\"@id\":\"https:\\\/\\\/www.ozono21.com\\\/blog\\\/salud\\\/bebes-muerto-tres-en-cinco-dias\\\/#article\",\"isPartOf\":{\"@id\":\"https:\\\/\\\/www.ozono21.com\\\/blog\\\/salud\\\/bebes-muerto-tres-en-cinco-dias\\\/\"},\"author\":{\"name\":\"INVESTIGACION Ozono21\",\"@id\":\"https:\\\/\\\/www.ozono21.com\\\/blog\\\/#\\\/schema\\\/person\\\/16639932c214a173193498aee8204d12\"},\"headline\":\"BEBES HAN MUERTO TRES EN CINCO D\u00cdAS\",\"datePublished\":\"2007-03-04T19:57:12+00:00\",\"dateModified\":\"2026-02-20T18:01:15+00:00\",\"mainEntityOfPage\":{\"@id\":\"https:\\\/\\\/www.ozono21.com\\\/blog\\\/salud\\\/bebes-muerto-tres-en-cinco-dias\\\/\"},\"wordCount\":847,\"commentCount\":0,\"image\":{\"@id\":\"https:\\\/\\\/www.ozono21.com\\\/blog\\\/salud\\\/bebes-muerto-tres-en-cinco-dias\\\/#primaryimage\"},\"thumbnailUrl\":\"https:\\\/\\\/www.ozono21.com\\\/blog\\\/wp-content\\\/uploads\\\/2007\\\/03\\\/bebes-queridos.jpg\",\"articleSection\":[\"OZONO\",\"Salud\"],\"inLanguage\":\"es\",\"potentialAction\":[{\"@type\":\"CommentAction\",\"name\":\"Comment\",\"target\":[\"https:\\\/\\\/www.ozono21.com\\\/blog\\\/salud\\\/bebes-muerto-tres-en-cinco-dias\\\/#respond\"]}]},{\"@type\":\"WebPage\",\"@id\":\"https:\\\/\\\/www.ozono21.com\\\/blog\\\/salud\\\/bebes-muerto-tres-en-cinco-dias\\\/\",\"url\":\"https:\\\/\\\/www.ozono21.com\\\/blog\\\/salud\\\/bebes-muerto-tres-en-cinco-dias\\\/\",\"name\":\"BEBES MUERTO TRES EN CINCO D\u00cdAS\",\"isPartOf\":{\"@id\":\"https:\\\/\\\/www.ozono21.com\\\/blog\\\/#website\"},\"primaryImageOfPage\":{\"@id\":\"https:\\\/\\\/www.ozono21.com\\\/blog\\\/salud\\\/bebes-muerto-tres-en-cinco-dias\\\/#primaryimage\"},\"image\":{\"@id\":\"https:\\\/\\\/www.ozono21.com\\\/blog\\\/salud\\\/bebes-muerto-tres-en-cinco-dias\\\/#primaryimage\"},\"thumbnailUrl\":\"https:\\\/\\\/www.ozono21.com\\\/blog\\\/wp-content\\\/uploads\\\/2007\\\/03\\\/bebes-queridos.jpg\",\"datePublished\":\"2007-03-04T19:57:12+00:00\",\"dateModified\":\"2026-02-20T18:01:15+00:00\",\"author\":{\"@id\":\"https:\\\/\\\/www.ozono21.com\\\/blog\\\/#\\\/schema\\\/person\\\/16639932c214a173193498aee8204d12\"},\"description\":\"BEBES HAN MUERTO TRES EN CINCO D\u00cdAS. Hospital 12 de Octubre gravedad de un cuarto de BEBES rematuro, con las muertes que se han producido.\",\"breadcrumb\":{\"@id\":\"https:\\\/\\\/www.ozono21.com\\\/blog\\\/salud\\\/bebes-muerto-tres-en-cinco-dias\\\/#breadcrumb\"},\"inLanguage\":\"es\",\"potentialAction\":[{\"@type\":\"ReadAction\",\"target\":[\"https:\\\/\\\/www.ozono21.com\\\/blog\\\/salud\\\/bebes-muerto-tres-en-cinco-dias\\\/\"]}]},{\"@type\":\"ImageObject\",\"inLanguage\":\"es\",\"@id\":\"https:\\\/\\\/www.ozono21.com\\\/blog\\\/salud\\\/bebes-muerto-tres-en-cinco-dias\\\/#primaryimage\",\"url\":\"https:\\\/\\\/www.ozono21.com\\\/blog\\\/wp-content\\\/uploads\\\/2007\\\/03\\\/bebes-queridos.jpg\",\"contentUrl\":\"https:\\\/\\\/www.ozono21.com\\\/blog\\\/wp-content\\\/uploads\\\/2007\\\/03\\\/bebes-queridos.jpg\",\"width\":233,\"height\":217},{\"@type\":\"BreadcrumbList\",\"@id\":\"https:\\\/\\\/www.ozono21.com\\\/blog\\\/salud\\\/bebes-muerto-tres-en-cinco-dias\\\/#breadcrumb\",\"itemListElement\":[{\"@type\":\"ListItem\",\"position\":1,\"name\":\"Portada\",\"item\":\"https:\\\/\\\/www.ozono21.com\\\/blog\\\/\"},{\"@type\":\"ListItem\",\"position\":2,\"name\":\"BEBES HAN MUERTO TRES EN CINCO D\u00cdAS\"}]},{\"@type\":\"WebSite\",\"@id\":\"https:\\\/\\\/www.ozono21.com\\\/blog\\\/#website\",\"url\":\"https:\\\/\\\/www.ozono21.com\\\/blog\\\/\",\"name\":\"Blog Ozono21\",\"description\":\" - Blog Ozono21\",\"potentialAction\":[{\"@type\":\"SearchAction\",\"target\":{\"@type\":\"EntryPoint\",\"urlTemplate\":\"https:\\\/\\\/www.ozono21.com\\\/blog\\\/?s={search_term_string}\"},\"query-input\":{\"@type\":\"PropertyValueSpecification\",\"valueRequired\":true,\"valueName\":\"search_term_string\"}}],\"inLanguage\":\"es\"},{\"@type\":\"Person\",\"@id\":\"https:\\\/\\\/www.ozono21.com\\\/blog\\\/#\\\/schema\\\/person\\\/16639932c214a173193498aee8204d12\",\"name\":\"INVESTIGACION Ozono21\",\"image\":{\"@type\":\"ImageObject\",\"inLanguage\":\"es\",\"@id\":\"https:\\\/\\\/secure.gravatar.com\\\/avatar\\\/f00ed9ac57a3eea6b9830d73dc9f9214775648c7763edcb20475eb83509b31fd?s=96&d=mm&r=g\",\"url\":\"https:\\\/\\\/secure.gravatar.com\\\/avatar\\\/f00ed9ac57a3eea6b9830d73dc9f9214775648c7763edcb20475eb83509b31fd?s=96&d=mm&r=g\",\"contentUrl\":\"https:\\\/\\\/secure.gravatar.com\\\/avatar\\\/f00ed9ac57a3eea6b9830d73dc9f9214775648c7763edcb20475eb83509b31fd?s=96&d=mm&r=g\",\"caption\":\"INVESTIGACION Ozono21\"}}]}<\/script>\n<!-- \/ Yoast SEO plugin. -->","yoast_head_json":{"title":"BEBES MUERTO TRES EN CINCO D\u00cdAS","description":"BEBES HAN MUERTO TRES EN CINCO D\u00cdAS. Hospital 12 de Octubre gravedad de un cuarto de BEBES rematuro, con las muertes que se han producido.","robots":{"index":"index","follow":"follow","max-snippet":"max-snippet:-1","max-image-preview":"max-image-preview:large","max-video-preview":"max-video-preview:-1"},"canonical":"https:\/\/www.ozono21.com\/blog\/salud\/bebes-muerto-tres-en-cinco-dias\/","og_locale":"es_ES","og_type":"article","og_title":"BEBES MUERTO TRES EN CINCO D\u00cdAS","og_description":"BEBES HAN MUERTO TRES EN CINCO D\u00cdAS. Hospital 12 de Octubre gravedad de un cuarto de BEBES rematuro, con las muertes que se han producido.","og_url":"https:\/\/www.ozono21.com\/blog\/salud\/bebes-muerto-tres-en-cinco-dias\/","og_site_name":"- Blog Ozono21","article_published_time":"2007-03-04T19:57:12+00:00","article_modified_time":"2026-02-20T18:01:15+00:00","og_image":[{"width":233,"height":217,"url":"https:\/\/www.ozono21.com\/blog\/wp-content\/uploads\/2007\/03\/bebes-queridos.jpg","type":"image\/jpeg"}],"author":"INVESTIGACION Ozono21","twitter_misc":{"Escrito por":"INVESTIGACION Ozono21","Tiempo de lectura":"4 minutos"},"schema":{"@context":"https:\/\/schema.org","@graph":[{"@type":"Article","@id":"https:\/\/www.ozono21.com\/blog\/salud\/bebes-muerto-tres-en-cinco-dias\/#article","isPartOf":{"@id":"https:\/\/www.ozono21.com\/blog\/salud\/bebes-muerto-tres-en-cinco-dias\/"},"author":{"name":"INVESTIGACION Ozono21","@id":"https:\/\/www.ozono21.com\/blog\/#\/schema\/person\/16639932c214a173193498aee8204d12"},"headline":"BEBES HAN MUERTO TRES EN CINCO D\u00cdAS","datePublished":"2007-03-04T19:57:12+00:00","dateModified":"2026-02-20T18:01:15+00:00","mainEntityOfPage":{"@id":"https:\/\/www.ozono21.com\/blog\/salud\/bebes-muerto-tres-en-cinco-dias\/"},"wordCount":847,"commentCount":0,"image":{"@id":"https:\/\/www.ozono21.com\/blog\/salud\/bebes-muerto-tres-en-cinco-dias\/#primaryimage"},"thumbnailUrl":"https:\/\/www.ozono21.com\/blog\/wp-content\/uploads\/2007\/03\/bebes-queridos.jpg","articleSection":["OZONO","Salud"],"inLanguage":"es","potentialAction":[{"@type":"CommentAction","name":"Comment","target":["https:\/\/www.ozono21.com\/blog\/salud\/bebes-muerto-tres-en-cinco-dias\/#respond"]}]},{"@type":"WebPage","@id":"https:\/\/www.ozono21.com\/blog\/salud\/bebes-muerto-tres-en-cinco-dias\/","url":"https:\/\/www.ozono21.com\/blog\/salud\/bebes-muerto-tres-en-cinco-dias\/","name":"BEBES MUERTO TRES EN CINCO D\u00cdAS","isPartOf":{"@id":"https:\/\/www.ozono21.com\/blog\/#website"},"primaryImageOfPage":{"@id":"https:\/\/www.ozono21.com\/blog\/salud\/bebes-muerto-tres-en-cinco-dias\/#primaryimage"},"image":{"@id":"https:\/\/www.ozono21.com\/blog\/salud\/bebes-muerto-tres-en-cinco-dias\/#primaryimage"},"thumbnailUrl":"https:\/\/www.ozono21.com\/blog\/wp-content\/uploads\/2007\/03\/bebes-queridos.jpg","datePublished":"2007-03-04T19:57:12+00:00","dateModified":"2026-02-20T18:01:15+00:00","author":{"@id":"https:\/\/www.ozono21.com\/blog\/#\/schema\/person\/16639932c214a173193498aee8204d12"},"description":"BEBES HAN MUERTO TRES EN CINCO D\u00cdAS. Hospital 12 de Octubre gravedad de un cuarto de BEBES rematuro, con las muertes que se han producido.","breadcrumb":{"@id":"https:\/\/www.ozono21.com\/blog\/salud\/bebes-muerto-tres-en-cinco-dias\/#breadcrumb"},"inLanguage":"es","potentialAction":[{"@type":"ReadAction","target":["https:\/\/www.ozono21.com\/blog\/salud\/bebes-muerto-tres-en-cinco-dias\/"]}]},{"@type":"ImageObject","inLanguage":"es","@id":"https:\/\/www.ozono21.com\/blog\/salud\/bebes-muerto-tres-en-cinco-dias\/#primaryimage","url":"https:\/\/www.ozono21.com\/blog\/wp-content\/uploads\/2007\/03\/bebes-queridos.jpg","contentUrl":"https:\/\/www.ozono21.com\/blog\/wp-content\/uploads\/2007\/03\/bebes-queridos.jpg","width":233,"height":217},{"@type":"BreadcrumbList","@id":"https:\/\/www.ozono21.com\/blog\/salud\/bebes-muerto-tres-en-cinco-dias\/#breadcrumb","itemListElement":[{"@type":"ListItem","position":1,"name":"Portada","item":"https:\/\/www.ozono21.com\/blog\/"},{"@type":"ListItem","position":2,"name":"BEBES HAN MUERTO TRES EN CINCO D\u00cdAS"}]},{"@type":"WebSite","@id":"https:\/\/www.ozono21.com\/blog\/#website","url":"https:\/\/www.ozono21.com\/blog\/","name":"Blog Ozono21","description":" - Blog Ozono21","potentialAction":[{"@type":"SearchAction","target":{"@type":"EntryPoint","urlTemplate":"https:\/\/www.ozono21.com\/blog\/?s={search_term_string}"},"query-input":{"@type":"PropertyValueSpecification","valueRequired":true,"valueName":"search_term_string"}}],"inLanguage":"es"},{"@type":"Person","@id":"https:\/\/www.ozono21.com\/blog\/#\/schema\/person\/16639932c214a173193498aee8204d12","name":"INVESTIGACION Ozono21","image":{"@type":"ImageObject","inLanguage":"es","@id":"https:\/\/secure.gravatar.com\/avatar\/f00ed9ac57a3eea6b9830d73dc9f9214775648c7763edcb20475eb83509b31fd?s=96&d=mm&r=g","url":"https:\/\/secure.gravatar.com\/avatar\/f00ed9ac57a3eea6b9830d73dc9f9214775648c7763edcb20475eb83509b31fd?s=96&d=mm&r=g","contentUrl":"https:\/\/secure.gravatar.com\/avatar\/f00ed9ac57a3eea6b9830d73dc9f9214775648c7763edcb20475eb83509b31fd?s=96&d=mm&r=g","caption":"INVESTIGACION Ozono21"}}]}},"jetpack_publicize_connections":[],"jetpack_featured_media_url":"https:\/\/www.ozono21.com\/blog\/wp-content\/uploads\/2007\/03\/bebes-queridos.jpg","jetpack_sharing_enabled":true,"_links":{"self":[{"href":"https:\/\/www.ozono21.com\/blog\/wp-json\/wp\/v2\/posts\/1583124","targetHints":{"allow":["GET"]}}],"collection":[{"href":"https:\/\/www.ozono21.com\/blog\/wp-json\/wp\/v2\/posts"}],"about":[{"href":"https:\/\/www.ozono21.com\/blog\/wp-json\/wp\/v2\/types\/post"}],"author":[{"embeddable":true,"href":"https:\/\/www.ozono21.com\/blog\/wp-json\/wp\/v2\/users\/1"}],"replies":[{"embeddable":true,"href":"https:\/\/www.ozono21.com\/blog\/wp-json\/wp\/v2\/comments?post=1583124"}],"version-history":[{"count":0,"href":"https:\/\/www.ozono21.com\/blog\/wp-json\/wp\/v2\/posts\/1583124\/revisions"}],"wp:featuredmedia":[{"embeddable":true,"href":"https:\/\/www.ozono21.com\/blog\/wp-json\/wp\/v2\/media\/5214770"}],"wp:attachment":[{"href":"https:\/\/www.ozono21.com\/blog\/wp-json\/wp\/v2\/media?parent=1583124"}],"wp:term":[{"taxonomy":"category","embeddable":true,"href":"https:\/\/www.ozono21.com\/blog\/wp-json\/wp\/v2\/categories?post=1583124"},{"taxonomy":"post_tag","embeddable":true,"href":"https:\/\/www.ozono21.com\/blog\/wp-json\/wp\/v2\/tags?post=1583124"}],"curies":[{"name":"wp","href":"https:\/\/api.w.org\/{rel}","templated":true}]}}